{"id":956470,"date":"2025-11-27T18:59:27","date_gmt":"2025-11-27T21:59:27","guid":{"rendered":"https:\/\/bahiaeconomica.com.br\/wp\/?p=956470"},"modified":"2025-11-27T18:00:58","modified_gmt":"2025-11-27T21:00:58","slug":"congresso-aprova-credito-de-r-42-bi-para-previdencia-e-bolsa-familia","status":"publish","type":"post","link":"https:\/\/bahiaeconomica.com.br\/wp\/2025\/11\/27\/congresso-aprova-credito-de-r-42-bi-para-previdencia-e-bolsa-familia\/","title":{"rendered":"CONGRESSO APROVA CR\u00c9DITO DE R$ 42 BI PARA PREVID\u00caNCIA E BOLSA FAM\u00cdLIA"},"content":{"rendered":"<p>Os deputados e senadores aprovaram, nesta quinta-feira (27), dois projetos de lei do Congresso Nacional (PLN), de autoria do Executivo. O PLN 14\/2025 abre cr\u00e9dito suplementar de R$ 42,2 bilh\u00f5es para Seguridade Social e para o Minist\u00e9rio do Desenvolvimento e Assist\u00eancia Social, Fam\u00edlia e Combate \u00e0 Fome.<\/p>\n<p>Segundo o governo, o dinheiro adicional \u00e9 necess\u00e1rio para honrar compromissos deste ano para programas de benef\u00edcios previdenci\u00e1rios e Bolsa Fam\u00edlia. Dos R$ 42 bilh\u00f5es previstos, 52% v\u00e3o para Seguridade Social e 47% para a assist\u00eancia social.<\/p>\n<p>Na mesma sess\u00e3o, o Congresso Nacional ainda aprovou o PLN 31 de 2025, que aumenta em 8,6 mil o n\u00famero de cargos efetivos no Minist\u00e9rio da Educa\u00e7\u00e3o (MEC). Essa proposta tamb\u00e9m contempla ajustes salariais de cargos e cria\u00e7\u00e3o de fun\u00e7\u00f5es comissionadas para as for\u00e7as de seguran\u00e7a do Distrito Federal e do Superior Tribunal de Justi\u00e7a (TSJ).<\/p>\n<p>A deputada federal Erika Kokay (PT-DF) comemorou a aprova\u00e7\u00e3o do PLN 31 dizendo que o projeto valoriza a seguran\u00e7a e a popula\u00e7\u00e3o da capital do pa\u00eds.<\/p>\n<p>\u201cO PLN que vai assegurar que os acordos que foram feitos na mesa de negocia\u00e7\u00e3o com a Pol\u00edcia Militar, o Corpo de Bombeiros e a Pol\u00edcia Civil do Distrito Federal possam ter lastro or\u00e7ament\u00e1rio\u201d, explicou.<\/p>\n<p>Por outro lado, o senador Rog\u00e9rio Marinho (PL-RN) criticou trecho da proposta do governo que estabelece recursos de opera\u00e7\u00f5es de cr\u00e9dito para suplementa\u00e7\u00e3o do Bolsa Fam\u00edlia e Previd\u00eancia a serem incorporados no or\u00e7amento da Uni\u00e3o por decreto presidencial.<\/p>\n<p>Para ele, a medida elevar\u00e1 a d\u00edvida p\u00fablica em busca de R$ 12 bilh\u00f5es a mais para o Bolsa de Fam\u00edlia. \u201cO governo prop\u00f5e que esse recurso seja incorporado ao or\u00e7amento da Uni\u00e3o atrav\u00e9s de decreto, ou seja, vai permitir literalmente um cheque em branco sem aquiesc\u00eancia, sem anu\u00eancia, sem a fiscaliza\u00e7\u00e3o do Legislativo Federal\u201d, acrescentou.<\/p>\n<p>Foto:\u00a0Lula Marques\/Ag\u00eancia Brasil.<\/p>\n","protected":false},"excerpt":{"rendered":"<p>Os deputados e senadores aprovaram, nesta quinta-feira (27), dois projetos de lei do Congresso Nacional (PLN), de autoria do Executivo. O PLN 14\/2025 abre cr\u00e9dito suplementar de R$ 42,2 bilh\u00f5es para Seguridade Social e para o Minist\u00e9rio do Desenvolvimento e Assist\u00eancia Social, Fam\u00edlia e Combate \u00e0 Fome. Segundo o governo, o dinheiro adicional \u00e9 necess\u00e1rio [&hellip;]<\/p>\n","protected":false},"author":15,"featured_media":956471,"comment_status":"closed","ping_status":"closed","sticky":false,"template":"","format":"standard","meta":[],"categories":[14,3],"tags":[],"acf":[],"yoast_head":"<!-- This site is optimized with the Yoast SEO plugin v20.8 - https:\/\/yoast.com\/wordpress\/plugins\/seo\/ -->\n<title>CONGRESSO APROVA CR\u00c9DITO DE R$ 42 BI PARA PREVID\u00caNCIA E BOLSA FAM\u00cdLIA - Bahia Economica<\/title>\n<meta name=\"description\" content=\"O maior portal de Economia da Bahia DESTAQUE DO DIA, ECONOMIA \/ POL\u00cdTICA Bahia Economica\" \/>\n<meta name=\"robots\" content=\"index, follow, max-snippet:-1, max-image-preview:large, max-video-preview:-1\" \/>\n<link rel=\"canonical\" href=\"https:\/\/bahiaeconomica.com.br\/wp\/2025\/11\/27\/congresso-aprova-credito-de-r-42-bi-para-previdencia-e-bolsa-familia\/\" \/>\n<meta property=\"og:locale\" content=\"pt_BR\" \/>\n<meta property=\"og:type\" content=\"article\" \/>\n<meta property=\"og:title\" content=\"CONGRESSO APROVA CR\u00c9DITO DE R$ 42 BI PARA PREVID\u00caNCIA E BOLSA FAM\u00cdLIA - Bahia Economica\" \/>\n<meta property=\"og:description\" content=\"O maior portal de Economia da Bahia DESTAQUE DO DIA, ECONOMIA \/ POL\u00cdTICA Bahia Economica\" \/>\n<meta property=\"og:url\" content=\"https:\/\/bahiaeconomica.com.br\/wp\/2025\/11\/27\/congresso-aprova-credito-de-r-42-bi-para-previdencia-e-bolsa-familia\/\" \/>\n<meta property=\"og:site_name\" content=\"Bahia Economica\" \/>\n<meta property=\"article:publisher\" content=\"https:\/\/www.facebook.com\/bahiaeconomica\" \/>\n<meta property=\"article:published_time\" content=\"2025-11-27T21:59:27+00:00\" \/>\n<meta property=\"article:modified_time\" content=\"2025-11-27T21:00:58+00:00\" \/>\n<meta property=\"og:image\" content=\"https:\/\/bahiaeconomica.com.br\/wp\/wp-content\/uploads\/2025\/11\/0d9a1083.webp\" \/>\n\t<meta property=\"og:image:width\" content=\"1170\" \/>\n\t<meta property=\"og:image:height\" content=\"700\" \/>\n\t<meta property=\"og:image:type\" content=\"image\/webp\" \/>\n<meta name=\"author\" content=\"VICTORIA ISABEL\" \/>\n<meta name=\"twitter:card\" content=\"summary_large_image\" \/>\n<meta name=\"twitter:label1\" content=\"Escrito por\" \/>\n\t<meta name=\"twitter:data1\" content=\"VICTORIA ISABEL\" \/>\n\t<meta name=\"twitter:label2\" content=\"Est. tempo de leitura\" \/>\n\t<meta name=\"twitter:data2\" content=\"2 minutos\" \/>\n<script type=\"application\/ld+json\" class=\"yoast-schema-graph\">{\"@context\":\"https:\/\/schema.org\",\"@graph\":[{\"@type\":\"Article\",\"@id\":\"https:\/\/bahiaeconomica.com.br\/wp\/2025\/11\/27\/congresso-aprova-credito-de-r-42-bi-para-previdencia-e-bolsa-familia\/#article\",\"isPartOf\":{\"@id\":\"https:\/\/bahiaeconomica.com.br\/wp\/2025\/11\/27\/congresso-aprova-credito-de-r-42-bi-para-previdencia-e-bolsa-familia\/\"},\"author\":{\"name\":\"VICTORIA ISABEL\",\"@id\":\"https:\/\/bahiaeconomica.com.br\/wp\/#\/schema\/person\/b719ce0fb1c09f3c7a00d9243ced4a6f\"},\"headline\":\"CONGRESSO APROVA CR\u00c9DITO DE R$ 42 BI PARA PREVID\u00caNCIA E BOLSA FAM\u00cdLIA\",\"datePublished\":\"2025-11-27T21:59:27+00:00\",\"dateModified\":\"2025-11-27T21:00:58+00:00\",\"mainEntityOfPage\":{\"@id\":\"https:\/\/bahiaeconomica.com.br\/wp\/2025\/11\/27\/congresso-aprova-credito-de-r-42-bi-para-previdencia-e-bolsa-familia\/\"},\"wordCount\":352,\"publisher\":{\"@id\":\"https:\/\/bahiaeconomica.com.br\/wp\/#organization\"},\"articleSection\":[\"DESTAQUE DO DIA\",\"ECONOMIA \/ POL\u00cdTICA\"],\"inLanguage\":\"pt-BR\"},{\"@type\":\"WebPage\",\"@id\":\"https:\/\/bahiaeconomica.com.br\/wp\/2025\/11\/27\/congresso-aprova-credito-de-r-42-bi-para-previdencia-e-bolsa-familia\/\",\"url\":\"https:\/\/bahiaeconomica.com.br\/wp\/2025\/11\/27\/congresso-aprova-credito-de-r-42-bi-para-previdencia-e-bolsa-familia\/\",\"name\":\"CONGRESSO APROVA CR\u00c9DITO DE R$ 42 BI PARA PREVID\u00caNCIA E BOLSA FAM\u00cdLIA - Bahia Economica\",\"isPartOf\":{\"@id\":\"https:\/\/bahiaeconomica.com.br\/wp\/#website\"},\"datePublished\":\"2025-11-27T21:59:27+00:00\",\"dateModified\":\"2025-11-27T21:00:58+00:00\",\"description\":\"O maior portal de Economia da Bahia DESTAQUE DO DIA, ECONOMIA \/ POL\u00cdTICA Bahia Economica\",\"breadcrumb\":{\"@id\":\"https:\/\/bahiaeconomica.com.br\/wp\/2025\/11\/27\/congresso-aprova-credito-de-r-42-bi-para-previdencia-e-bolsa-familia\/#breadcrumb\"},\"inLanguage\":\"pt-BR\",\"potentialAction\":[{\"@type\":\"ReadAction\",\"target\":[\"https:\/\/bahiaeconomica.com.br\/wp\/2025\/11\/27\/congresso-aprova-credito-de-r-42-bi-para-previdencia-e-bolsa-familia\/\"]}]},{\"@type\":\"BreadcrumbList\",\"@id\":\"https:\/\/bahiaeconomica.com.br\/wp\/2025\/11\/27\/congresso-aprova-credito-de-r-42-bi-para-previdencia-e-bolsa-familia\/#breadcrumb\",\"itemListElement\":[{\"@type\":\"ListItem\",\"position\":1,\"name\":\"In\u00edcio\",\"item\":\"https:\/\/bahiaeconomica.com.br\/wp\/\"},{\"@type\":\"ListItem\",\"position\":2,\"name\":\"CONGRESSO APROVA CR\u00c9DITO DE R$ 42 BI PARA PREVID\u00caNCIA E BOLSA FAM\u00cdLIA\"}]},{\"@type\":\"WebSite\",\"@id\":\"https:\/\/bahiaeconomica.com.br\/wp\/#website\",\"url\":\"https:\/\/bahiaeconomica.com.br\/wp\/\",\"name\":\"Bahia Economica\",\"description\":\"O maior portal de Economia da Bahia\",\"publisher\":{\"@id\":\"https:\/\/bahiaeconomica.com.br\/wp\/#organization\"},\"potentialAction\":[{\"@type\":\"SearchAction\",\"target\":{\"@type\":\"EntryPoint\",\"urlTemplate\":\"https:\/\/bahiaeconomica.com.br\/wp\/?s={search_term_string}\"},\"query-input\":\"required name=search_term_string\"}],\"inLanguage\":\"pt-BR\"},{\"@type\":\"Organization\",\"@id\":\"https:\/\/bahiaeconomica.com.br\/wp\/#organization\",\"name\":\"Bahia Econ\u00f4mica\",\"url\":\"https:\/\/bahiaeconomica.com.br\/wp\/\",\"logo\":{\"@type\":\"ImageObject\",\"inLanguage\":\"pt-BR\",\"@id\":\"https:\/\/bahiaeconomica.com.br\/wp\/#\/schema\/logo\/image\/\",\"url\":\"https:\/\/bahiaeconomica.com.br\/wp\/wp-content\/uploads\/2020\/12\/cropped-BE.png\",\"contentUrl\":\"https:\/\/bahiaeconomica.com.br\/wp\/wp-content\/uploads\/2020\/12\/cropped-BE.png\",\"width\":512,\"height\":512,\"caption\":\"Bahia Econ\u00f4mica\"},\"image\":{\"@id\":\"https:\/\/bahiaeconomica.com.br\/wp\/#\/schema\/logo\/image\/\"},\"sameAs\":[\"https:\/\/www.facebook.com\/bahiaeconomica\"]},{\"@type\":\"Person\",\"@id\":\"https:\/\/bahiaeconomica.com.br\/wp\/#\/schema\/person\/b719ce0fb1c09f3c7a00d9243ced4a6f\",\"name\":\"VICTORIA ISABEL\",\"sameAs\":[\"http:\/\/www.bahiaeconomica.com.br\"],\"url\":\"https:\/\/bahiaeconomica.com.br\/wp\/author\/victoria-isabel\/\"}]}<\/script>\n<!-- \/ Yoast SEO plugin. -->","yoast_head_json":{"title":"CONGRESSO APROVA CR\u00c9DITO DE R$ 42 BI PARA PREVID\u00caNCIA E BOLSA FAM\u00cdLIA - Bahia Economica","description":"O maior portal de Economia da Bahia DESTAQUE DO DIA, ECONOMIA \/ POL\u00cdTICA Bahia Economica","robots":{"index":"index","follow":"follow","max-snippet":"max-snippet:-1","max-image-preview":"max-image-preview:large","max-video-preview":"max-video-preview:-1"},"canonical":"https:\/\/bahiaeconomica.com.br\/wp\/2025\/11\/27\/congresso-aprova-credito-de-r-42-bi-para-previdencia-e-bolsa-familia\/","og_locale":"pt_BR","og_type":"article","og_title":"CONGRESSO APROVA CR\u00c9DITO DE R$ 42 BI PARA PREVID\u00caNCIA E BOLSA FAM\u00cdLIA - Bahia Economica","og_description":"O maior portal de Economia da Bahia DESTAQUE DO DIA, ECONOMIA \/ POL\u00cdTICA Bahia Economica","og_url":"https:\/\/bahiaeconomica.com.br\/wp\/2025\/11\/27\/congresso-aprova-credito-de-r-42-bi-para-previdencia-e-bolsa-familia\/","og_site_name":"Bahia Economica","article_publisher":"https:\/\/www.facebook.com\/bahiaeconomica","article_published_time":"2025-11-27T21:59:27+00:00","article_modified_time":"2025-11-27T21:00:58+00:00","og_image":[{"width":1170,"height":700,"url":"https:\/\/bahiaeconomica.com.br\/wp\/wp-content\/uploads\/2025\/11\/0d9a1083.webp","type":"image\/webp"}],"author":"VICTORIA ISABEL","twitter_card":"summary_large_image","twitter_misc":{"Escrito por":"VICTORIA ISABEL","Est. tempo de leitura":"2 minutos"},"schema":{"@context":"https:\/\/schema.org","@graph":[{"@type":"Article","@id":"https:\/\/bahiaeconomica.com.br\/wp\/2025\/11\/27\/congresso-aprova-credito-de-r-42-bi-para-previdencia-e-bolsa-familia\/#article","isPartOf":{"@id":"https:\/\/bahiaeconomica.com.br\/wp\/2025\/11\/27\/congresso-aprova-credito-de-r-42-bi-para-previdencia-e-bolsa-familia\/"},"author":{"name":"VICTORIA ISABEL","@id":"https:\/\/bahiaeconomica.com.br\/wp\/#\/schema\/person\/b719ce0fb1c09f3c7a00d9243ced4a6f"},"headline":"CONGRESSO APROVA CR\u00c9DITO DE R$ 42 BI PARA PREVID\u00caNCIA E BOLSA FAM\u00cdLIA","datePublished":"2025-11-27T21:59:27+00:00","dateModified":"2025-11-27T21:00:58+00:00","mainEntityOfPage":{"@id":"https:\/\/bahiaeconomica.com.br\/wp\/2025\/11\/27\/congresso-aprova-credito-de-r-42-bi-para-previdencia-e-bolsa-familia\/"},"wordCount":352,"publisher":{"@id":"https:\/\/bahiaeconomica.com.br\/wp\/#organization"},"articleSection":["DESTAQUE DO DIA","ECONOMIA \/ POL\u00cdTICA"],"inLanguage":"pt-BR"},{"@type":"WebPage","@id":"https:\/\/bahiaeconomica.com.br\/wp\/2025\/11\/27\/congresso-aprova-credito-de-r-42-bi-para-previdencia-e-bolsa-familia\/","url":"https:\/\/bahiaeconomica.com.br\/wp\/2025\/11\/27\/congresso-aprova-credito-de-r-42-bi-para-previdencia-e-bolsa-familia\/","name":"CONGRESSO APROVA CR\u00c9DITO DE R$ 42 BI PARA PREVID\u00caNCIA E BOLSA FAM\u00cdLIA - Bahia Economica","isPartOf":{"@id":"https:\/\/bahiaeconomica.com.br\/wp\/#website"},"datePublished":"2025-11-27T21:59:27+00:00","dateModified":"2025-11-27T21:00:58+00:00","description":"O maior portal de Economia da Bahia DESTAQUE DO DIA, ECONOMIA \/ POL\u00cdTICA Bahia Economica","breadcrumb":{"@id":"https:\/\/bahiaeconomica.com.br\/wp\/2025\/11\/27\/congresso-aprova-credito-de-r-42-bi-para-previdencia-e-bolsa-familia\/#breadcrumb"},"inLanguage":"pt-BR","potentialAction":[{"@type":"ReadAction","target":["https:\/\/bahiaeconomica.com.br\/wp\/2025\/11\/27\/congresso-aprova-credito-de-r-42-bi-para-previdencia-e-bolsa-familia\/"]}]},{"@type":"BreadcrumbList","@id":"https:\/\/bahiaeconomica.com.br\/wp\/2025\/11\/27\/congresso-aprova-credito-de-r-42-bi-para-previdencia-e-bolsa-familia\/#breadcrumb","itemListElement":[{"@type":"ListItem","position":1,"name":"In\u00edcio","item":"https:\/\/bahiaeconomica.com.br\/wp\/"},{"@type":"ListItem","position":2,"name":"CONGRESSO APROVA CR\u00c9DITO DE R$ 42 BI PARA PREVID\u00caNCIA E BOLSA FAM\u00cdLIA"}]},{"@type":"WebSite","@id":"https:\/\/bahiaeconomica.com.br\/wp\/#website","url":"https:\/\/bahiaeconomica.com.br\/wp\/","name":"Bahia Economica","description":"O maior portal de Economia da Bahia","publisher":{"@id":"https:\/\/bahiaeconomica.com.br\/wp\/#organization"},"potentialAction":[{"@type":"SearchAction","target":{"@type":"EntryPoint","urlTemplate":"https:\/\/bahiaeconomica.com.br\/wp\/?s={search_term_string}"},"query-input":"required name=search_term_string"}],"inLanguage":"pt-BR"},{"@type":"Organization","@id":"https:\/\/bahiaeconomica.com.br\/wp\/#organization","name":"Bahia Econ\u00f4mica","url":"https:\/\/bahiaeconomica.com.br\/wp\/","logo":{"@type":"ImageObject","inLanguage":"pt-BR","@id":"https:\/\/bahiaeconomica.com.br\/wp\/#\/schema\/logo\/image\/","url":"https:\/\/bahiaeconomica.com.br\/wp\/wp-content\/uploads\/2020\/12\/cropped-BE.png","contentUrl":"https:\/\/bahiaeconomica.com.br\/wp\/wp-content\/uploads\/2020\/12\/cropped-BE.png","width":512,"height":512,"caption":"Bahia Econ\u00f4mica"},"image":{"@id":"https:\/\/bahiaeconomica.com.br\/wp\/#\/schema\/logo\/image\/"},"sameAs":["https:\/\/www.facebook.com\/bahiaeconomica"]},{"@type":"Person","@id":"https:\/\/bahiaeconomica.com.br\/wp\/#\/schema\/person\/b719ce0fb1c09f3c7a00d9243ced4a6f","name":"VICTORIA ISABEL","sameAs":["http:\/\/www.bahiaeconomica.com.br"],"url":"https:\/\/bahiaeconomica.com.br\/wp\/author\/victoria-isabel\/"}]}},"views":23,"_links":{"self":[{"href":"https:\/\/bahiaeconomica.com.br\/wp\/wp-json\/wp\/v2\/posts\/956470"}],"collection":[{"href":"https:\/\/bahiaeconomica.com.br\/wp\/wp-json\/wp\/v2\/posts"}],"about":[{"href":"https:\/\/bahiaeconomica.com.br\/wp\/wp-json\/wp\/v2\/types\/post"}],"author":[{"embeddable":true,"href":"https:\/\/bahiaeconomica.com.br\/wp\/wp-json\/wp\/v2\/users\/15"}],"replies":[{"embeddable":true,"href":"https:\/\/bahiaeconomica.com.br\/wp\/wp-json\/wp\/v2\/comments?post=956470"}],"version-history":[{"count":1,"href":"https:\/\/bahiaeconomica.com.br\/wp\/wp-json\/wp\/v2\/posts\/956470\/revisions"}],"predecessor-version":[{"id":956479,"href":"https:\/\/bahiaeconomica.com.br\/wp\/wp-json\/wp\/v2\/posts\/956470\/revisions\/956479"}],"wp:featuredmedia":[{"embeddable":true,"href":"https:\/\/bahiaeconomica.com.br\/wp\/wp-json\/wp\/v2\/media\/956471"}],"wp:attachment":[{"href":"https:\/\/bahiaeconomica.com.br\/wp\/wp-json\/wp\/v2\/media?parent=956470"}],"wp:term":[{"taxonomy":"category","embeddable":true,"href":"https:\/\/bahiaeconomica.com.br\/wp\/wp-json\/wp\/v2\/categories?post=956470"},{"taxonomy":"post_tag","embeddable":true,"href":"https:\/\/bahiaeconomica.com.br\/wp\/wp-json\/wp\/v2\/tags?post=956470"}],"curies":[{"name":"wp","href":"https:\/\/api.w.org\/{rel}","templated":true}]}}