{"id":956384,"date":"2025-11-27T14:25:00","date_gmt":"2025-11-27T17:25:00","guid":{"rendered":"https:\/\/bahiaeconomica.com.br\/wp\/?p=956384"},"modified":"2025-11-27T14:25:00","modified_gmt":"2025-11-27T17:25:00","slug":"audiencia-de-extradicao-de-zambelli-na-italia-e-adiada","status":"publish","type":"post","link":"https:\/\/bahiaeconomica.com.br\/wp\/2025\/11\/27\/audiencia-de-extradicao-de-zambelli-na-italia-e-adiada\/","title":{"rendered":"AUDI\u00caNCIA DE EXTRADI\u00c7\u00c3O DE ZAMBELLI NA IT\u00c1LIA \u00c9 ADIADA"},"content":{"rendered":"<p>A Justi\u00e7a italiana adiou a audi\u00eancia que analisaria o pedido de extradi\u00e7\u00e3o da deputada federal Carla Zambelli (PL-SP) para o Brasil. Inicialmente prevista para \u00e0s 9h (hor\u00e1rio de Bras\u00edlia) desta quinta-feira, 27, a sess\u00e3o foi remarcada para o dia 4 de dezembro, segundo a assessoria da parlamentar.<\/p>\n<p>Zambelli est\u00e1 presa na It\u00e1lia, para onde fugiu pouco depois do Supremo Tribunal Federal (STF) determinar sua pris\u00e3o, em junho. Ap\u00f3s a fuga, o ministro Alexandre de Moraes determinou que a Advocacia-Geral da Uni\u00e3o (AGU) tomasse as provid\u00eancias necess\u00e1rias para que a parlamentar fosse extraditada para o Brasil. A AGU representa o governo brasileiro na a\u00e7\u00e3o na Justi\u00e7a do pa\u00eds europeu.<\/p>\n<p>O processo tramita na Corte de Apela\u00e7\u00e3o de Roma. Independentemente da decis\u00e3o, tanto a defesa da deputada, quanto o Minist\u00e9rio P\u00fablico italiano, que apresentou parecer favor\u00e1vel \u00e0 extradi\u00e7\u00e3o, podem recorrer \u00e0 Corte de Cassa\u00e7\u00e3o. A palavra final sobre a extradi\u00e7\u00e3o de Zambelli caber\u00e1 ao Minist\u00e9rio da Justi\u00e7a italiano. Atualmente, a It\u00e1lia \u00e9 governada pela primeira-ministra Giorgia Meloni, l\u00edder do partido de direita radical Fratelli d\u2019Italia (Irm\u00e3os da It\u00e1lia).<\/p>\n<p>Zambelli foi condenada duas vezes pelo STF. Na primeira a\u00e7\u00e3o foi sentenciada a dez anos de pris\u00e3o por invas\u00e3o de sistemas do Conselho Nacional de Justi\u00e7a (CNJ) e falsidade ideol\u00f3gica, em conluio com o hacker Walter Delgatti Neto, que afirmou ter sido contratado por ela para inserir documentos falsos no sistema, entre eles, um mandado de pris\u00e3o contra Moraes. Foi ap\u00f3s essa senten\u00e7a que a parlamentar deixou o Pa\u00eds e acabou presa na It\u00e1lia, em a\u00e7\u00e3o conjunta entre a Pol\u00edcia Federal e autoridades italianas.<\/p>\n<p>Na segunda condena\u00e7\u00e3o, o STF imp\u00f4s pena de cinco anos e tr\u00eas meses, em regime inicial semiaberto, pelos crimes de porte ilegal de arma de fogo e constrangimento ilegal, com perda do mandato ap\u00f3s o tr\u00e2nsito em julgado.<\/p>\n<p>Fonte: Estad\u00e3o Conte\u00fado<\/p>\n<p>Foto: Reprodu\u00e7\u00e3o<\/p>\n","protected":false},"excerpt":{"rendered":"<p>A Justi\u00e7a italiana adiou a audi\u00eancia que analisaria o pedido de extradi\u00e7\u00e3o da deputada federal Carla Zambelli (PL-SP) para o Brasil. Inicialmente prevista para \u00e0s 9h (hor\u00e1rio de Bras\u00edlia) desta quinta-feira, 27, a sess\u00e3o foi remarcada para o dia 4 de dezembro, segundo a assessoria da parlamentar. Zambelli est\u00e1 presa na It\u00e1lia, para onde fugiu [&hellip;]<\/p>\n","protected":false},"author":24,"featured_media":921637,"comment_status":"closed","ping_status":"closed","sticky":false,"template":"","format":"standard","meta":[],"categories":[14601],"tags":[3288,409,10097],"acf":[],"yoast_head":"<!-- This site is optimized with the Yoast SEO plugin v20.8 - https:\/\/yoast.com\/wordpress\/plugins\/seo\/ -->\n<title>AUDI\u00caNCIA DE EXTRADI\u00c7\u00c3O DE ZAMBELLI NA IT\u00c1LIA \u00c9 ADIADA - Bahia Economica A Justi\u00e7a italiana adiou a audi\u00eancia que analisaria o pedido de extradi\u00e7\u00e3o da deputada federal Carla Zambelli (PL-SP) para o Brasil<\/title>\n<meta name=\"description\" content=\"O maior portal de Economia da Bahia Pol\u00edtica Bahia Economica A Justi\u00e7a italiana adiou a audi\u00eancia que analisaria o pedido de extradi\u00e7\u00e3o da deputada federal Carla Zambelli (PL-SP) para o Brasil\" \/>\n<meta name=\"robots\" content=\"index, follow, max-snippet:-1, max-image-preview:large, max-video-preview:-1\" \/>\n<link rel=\"canonical\" href=\"https:\/\/bahiaeconomica.com.br\/wp\/2025\/11\/27\/audiencia-de-extradicao-de-zambelli-na-italia-e-adiada\/\" \/>\n<meta property=\"og:locale\" content=\"pt_BR\" \/>\n<meta property=\"og:type\" content=\"article\" \/>\n<meta property=\"og:title\" content=\"AUDI\u00caNCIA DE EXTRADI\u00c7\u00c3O DE ZAMBELLI NA IT\u00c1LIA \u00c9 ADIADA - Bahia Economica A Justi\u00e7a italiana adiou a audi\u00eancia que analisaria o pedido de extradi\u00e7\u00e3o da deputada federal Carla Zambelli (PL-SP) para o Brasil\" \/>\n<meta property=\"og:description\" content=\"O maior portal de Economia da Bahia Pol\u00edtica Bahia Economica A Justi\u00e7a italiana adiou a audi\u00eancia que analisaria o pedido de extradi\u00e7\u00e3o da deputada federal Carla Zambelli (PL-SP) para o Brasil\" \/>\n<meta property=\"og:url\" content=\"https:\/\/bahiaeconomica.com.br\/wp\/2025\/11\/27\/audiencia-de-extradicao-de-zambelli-na-italia-e-adiada\/\" \/>\n<meta property=\"og:site_name\" content=\"Bahia Economica\" \/>\n<meta property=\"article:publisher\" content=\"https:\/\/www.facebook.com\/bahiaeconomica\" \/>\n<meta property=\"article:published_time\" content=\"2025-11-27T17:25:00+00:00\" \/>\n<meta property=\"og:image\" content=\"https:\/\/bahiaeconomica.com.br\/wp\/wp-content\/uploads\/2025\/07\/iAt4GpMY-CARLA-ZAMBELLI-1024x613-1.webp\" \/>\n\t<meta property=\"og:image:width\" content=\"1024\" \/>\n\t<meta property=\"og:image:height\" content=\"613\" \/>\n\t<meta property=\"og:image:type\" content=\"image\/webp\" \/>\n<meta name=\"author\" content=\"VICTOR OLIVEIRA\" \/>\n<meta name=\"twitter:card\" content=\"summary_large_image\" \/>\n<meta name=\"twitter:label1\" content=\"Escrito por\" \/>\n\t<meta name=\"twitter:data1\" content=\"VICTOR OLIVEIRA\" \/>\n\t<meta name=\"twitter:label2\" content=\"Est. tempo de leitura\" \/>\n\t<meta name=\"twitter:data2\" content=\"2 minutos\" \/>\n<script type=\"application\/ld+json\" class=\"yoast-schema-graph\">{\"@context\":\"https:\/\/schema.org\",\"@graph\":[{\"@type\":\"Article\",\"@id\":\"https:\/\/bahiaeconomica.com.br\/wp\/2025\/11\/27\/audiencia-de-extradicao-de-zambelli-na-italia-e-adiada\/#article\",\"isPartOf\":{\"@id\":\"https:\/\/bahiaeconomica.com.br\/wp\/2025\/11\/27\/audiencia-de-extradicao-de-zambelli-na-italia-e-adiada\/\"},\"author\":{\"name\":\"VICTOR OLIVEIRA\",\"@id\":\"https:\/\/bahiaeconomica.com.br\/wp\/#\/schema\/person\/a17956d0e1112b626f403fb06b8129a9\"},\"headline\":\"AUDI\u00caNCIA DE EXTRADI\u00c7\u00c3O DE ZAMBELLI NA IT\u00c1LIA \u00c9 ADIADA\",\"datePublished\":\"2025-11-27T17:25:00+00:00\",\"dateModified\":\"2025-11-27T17:25:00+00:00\",\"mainEntityOfPage\":{\"@id\":\"https:\/\/bahiaeconomica.com.br\/wp\/2025\/11\/27\/audiencia-de-extradicao-de-zambelli-na-italia-e-adiada\/\"},\"wordCount\":359,\"publisher\":{\"@id\":\"https:\/\/bahiaeconomica.com.br\/wp\/#organization\"},\"keywords\":[\"audi\u00eancia\",\"justi\u00e7a\",\"zambelli\"],\"articleSection\":[\"Pol\u00edtica\"],\"inLanguage\":\"pt-BR\"},{\"@type\":\"WebPage\",\"@id\":\"https:\/\/bahiaeconomica.com.br\/wp\/2025\/11\/27\/audiencia-de-extradicao-de-zambelli-na-italia-e-adiada\/\",\"url\":\"https:\/\/bahiaeconomica.com.br\/wp\/2025\/11\/27\/audiencia-de-extradicao-de-zambelli-na-italia-e-adiada\/\",\"name\":\"AUDI\u00caNCIA DE EXTRADI\u00c7\u00c3O DE ZAMBELLI NA IT\u00c1LIA \u00c9 ADIADA - Bahia Economica A Justi\u00e7a italiana adiou a audi\u00eancia que analisaria o pedido de extradi\u00e7\u00e3o da deputada federal Carla Zambelli (PL-SP) para o Brasil\",\"isPartOf\":{\"@id\":\"https:\/\/bahiaeconomica.com.br\/wp\/#website\"},\"datePublished\":\"2025-11-27T17:25:00+00:00\",\"dateModified\":\"2025-11-27T17:25:00+00:00\",\"description\":\"O maior portal de Economia da Bahia Pol\u00edtica Bahia Economica A Justi\u00e7a italiana adiou a audi\u00eancia que analisaria o pedido de extradi\u00e7\u00e3o da deputada federal Carla Zambelli (PL-SP) para o Brasil\",\"breadcrumb\":{\"@id\":\"https:\/\/bahiaeconomica.com.br\/wp\/2025\/11\/27\/audiencia-de-extradicao-de-zambelli-na-italia-e-adiada\/#breadcrumb\"},\"inLanguage\":\"pt-BR\",\"potentialAction\":[{\"@type\":\"ReadAction\",\"target\":[\"https:\/\/bahiaeconomica.com.br\/wp\/2025\/11\/27\/audiencia-de-extradicao-de-zambelli-na-italia-e-adiada\/\"]}]},{\"@type\":\"BreadcrumbList\",\"@id\":\"https:\/\/bahiaeconomica.com.br\/wp\/2025\/11\/27\/audiencia-de-extradicao-de-zambelli-na-italia-e-adiada\/#breadcrumb\",\"itemListElement\":[{\"@type\":\"ListItem\",\"position\":1,\"name\":\"In\u00edcio\",\"item\":\"https:\/\/bahiaeconomica.com.br\/wp\/\"},{\"@type\":\"ListItem\",\"position\":2,\"name\":\"AUDI\u00caNCIA DE EXTRADI\u00c7\u00c3O DE ZAMBELLI NA IT\u00c1LIA \u00c9 ADIADA\"}]},{\"@type\":\"WebSite\",\"@id\":\"https:\/\/bahiaeconomica.com.br\/wp\/#website\",\"url\":\"https:\/\/bahiaeconomica.com.br\/wp\/\",\"name\":\"Bahia Economica\",\"description\":\"O maior portal de Economia da Bahia\",\"publisher\":{\"@id\":\"https:\/\/bahiaeconomica.com.br\/wp\/#organization\"},\"potentialAction\":[{\"@type\":\"SearchAction\",\"target\":{\"@type\":\"EntryPoint\",\"urlTemplate\":\"https:\/\/bahiaeconomica.com.br\/wp\/?s={search_term_string}\"},\"query-input\":\"required name=search_term_string\"}],\"inLanguage\":\"pt-BR\"},{\"@type\":\"Organization\",\"@id\":\"https:\/\/bahiaeconomica.com.br\/wp\/#organization\",\"name\":\"Bahia Econ\u00f4mica\",\"url\":\"https:\/\/bahiaeconomica.com.br\/wp\/\",\"logo\":{\"@type\":\"ImageObject\",\"inLanguage\":\"pt-BR\",\"@id\":\"https:\/\/bahiaeconomica.com.br\/wp\/#\/schema\/logo\/image\/\",\"url\":\"https:\/\/bahiaeconomica.com.br\/wp\/wp-content\/uploads\/2020\/12\/cropped-BE.png\",\"contentUrl\":\"https:\/\/bahiaeconomica.com.br\/wp\/wp-content\/uploads\/2020\/12\/cropped-BE.png\",\"width\":512,\"height\":512,\"caption\":\"Bahia Econ\u00f4mica\"},\"image\":{\"@id\":\"https:\/\/bahiaeconomica.com.br\/wp\/#\/schema\/logo\/image\/\"},\"sameAs\":[\"https:\/\/www.facebook.com\/bahiaeconomica\"]},{\"@type\":\"Person\",\"@id\":\"https:\/\/bahiaeconomica.com.br\/wp\/#\/schema\/person\/a17956d0e1112b626f403fb06b8129a9\",\"name\":\"VICTOR OLIVEIRA\",\"sameAs\":[\"http:\/\/www.bahiaeconomica.com.br\"],\"url\":\"https:\/\/bahiaeconomica.com.br\/wp\/author\/victor-oliveira\/\"}]}<\/script>\n<!-- \/ Yoast SEO plugin. -->","yoast_head_json":{"title":"AUDI\u00caNCIA DE EXTRADI\u00c7\u00c3O DE ZAMBELLI NA IT\u00c1LIA \u00c9 ADIADA - Bahia Economica A Justi\u00e7a italiana adiou a audi\u00eancia que analisaria o pedido de extradi\u00e7\u00e3o da deputada federal Carla Zambelli (PL-SP) para o Brasil","description":"O maior portal de Economia da Bahia Pol\u00edtica Bahia Economica A Justi\u00e7a italiana adiou a audi\u00eancia que analisaria o pedido de extradi\u00e7\u00e3o da deputada federal Carla Zambelli (PL-SP) para o Brasil","robots":{"index":"index","follow":"follow","max-snippet":"max-snippet:-1","max-image-preview":"max-image-preview:large","max-video-preview":"max-video-preview:-1"},"canonical":"https:\/\/bahiaeconomica.com.br\/wp\/2025\/11\/27\/audiencia-de-extradicao-de-zambelli-na-italia-e-adiada\/","og_locale":"pt_BR","og_type":"article","og_title":"AUDI\u00caNCIA DE EXTRADI\u00c7\u00c3O DE ZAMBELLI NA IT\u00c1LIA \u00c9 ADIADA - Bahia Economica A Justi\u00e7a italiana adiou a audi\u00eancia que analisaria o pedido de extradi\u00e7\u00e3o da deputada federal Carla Zambelli (PL-SP) para o Brasil","og_description":"O maior portal de Economia da Bahia Pol\u00edtica Bahia Economica A Justi\u00e7a italiana adiou a audi\u00eancia que analisaria o pedido de extradi\u00e7\u00e3o da deputada federal Carla Zambelli (PL-SP) para o Brasil","og_url":"https:\/\/bahiaeconomica.com.br\/wp\/2025\/11\/27\/audiencia-de-extradicao-de-zambelli-na-italia-e-adiada\/","og_site_name":"Bahia Economica","article_publisher":"https:\/\/www.facebook.com\/bahiaeconomica","article_published_time":"2025-11-27T17:25:00+00:00","og_image":[{"width":1024,"height":613,"url":"https:\/\/bahiaeconomica.com.br\/wp\/wp-content\/uploads\/2025\/07\/iAt4GpMY-CARLA-ZAMBELLI-1024x613-1.webp","type":"image\/webp"}],"author":"VICTOR OLIVEIRA","twitter_card":"summary_large_image","twitter_misc":{"Escrito por":"VICTOR OLIVEIRA","Est. tempo de leitura":"2 minutos"},"schema":{"@context":"https:\/\/schema.org","@graph":[{"@type":"Article","@id":"https:\/\/bahiaeconomica.com.br\/wp\/2025\/11\/27\/audiencia-de-extradicao-de-zambelli-na-italia-e-adiada\/#article","isPartOf":{"@id":"https:\/\/bahiaeconomica.com.br\/wp\/2025\/11\/27\/audiencia-de-extradicao-de-zambelli-na-italia-e-adiada\/"},"author":{"name":"VICTOR OLIVEIRA","@id":"https:\/\/bahiaeconomica.com.br\/wp\/#\/schema\/person\/a17956d0e1112b626f403fb06b8129a9"},"headline":"AUDI\u00caNCIA DE EXTRADI\u00c7\u00c3O DE ZAMBELLI NA IT\u00c1LIA \u00c9 ADIADA","datePublished":"2025-11-27T17:25:00+00:00","dateModified":"2025-11-27T17:25:00+00:00","mainEntityOfPage":{"@id":"https:\/\/bahiaeconomica.com.br\/wp\/2025\/11\/27\/audiencia-de-extradicao-de-zambelli-na-italia-e-adiada\/"},"wordCount":359,"publisher":{"@id":"https:\/\/bahiaeconomica.com.br\/wp\/#organization"},"keywords":["audi\u00eancia","justi\u00e7a","zambelli"],"articleSection":["Pol\u00edtica"],"inLanguage":"pt-BR"},{"@type":"WebPage","@id":"https:\/\/bahiaeconomica.com.br\/wp\/2025\/11\/27\/audiencia-de-extradicao-de-zambelli-na-italia-e-adiada\/","url":"https:\/\/bahiaeconomica.com.br\/wp\/2025\/11\/27\/audiencia-de-extradicao-de-zambelli-na-italia-e-adiada\/","name":"AUDI\u00caNCIA DE EXTRADI\u00c7\u00c3O DE ZAMBELLI NA IT\u00c1LIA \u00c9 ADIADA - Bahia Economica A Justi\u00e7a italiana adiou a audi\u00eancia que analisaria o pedido de extradi\u00e7\u00e3o da deputada federal Carla Zambelli (PL-SP) para o Brasil","isPartOf":{"@id":"https:\/\/bahiaeconomica.com.br\/wp\/#website"},"datePublished":"2025-11-27T17:25:00+00:00","dateModified":"2025-11-27T17:25:00+00:00","description":"O maior portal de Economia da Bahia Pol\u00edtica Bahia Economica A Justi\u00e7a italiana adiou a audi\u00eancia que analisaria o pedido de extradi\u00e7\u00e3o da deputada federal Carla Zambelli (PL-SP) para o Brasil","breadcrumb":{"@id":"https:\/\/bahiaeconomica.com.br\/wp\/2025\/11\/27\/audiencia-de-extradicao-de-zambelli-na-italia-e-adiada\/#breadcrumb"},"inLanguage":"pt-BR","potentialAction":[{"@type":"ReadAction","target":["https:\/\/bahiaeconomica.com.br\/wp\/2025\/11\/27\/audiencia-de-extradicao-de-zambelli-na-italia-e-adiada\/"]}]},{"@type":"BreadcrumbList","@id":"https:\/\/bahiaeconomica.com.br\/wp\/2025\/11\/27\/audiencia-de-extradicao-de-zambelli-na-italia-e-adiada\/#breadcrumb","itemListElement":[{"@type":"ListItem","position":1,"name":"In\u00edcio","item":"https:\/\/bahiaeconomica.com.br\/wp\/"},{"@type":"ListItem","position":2,"name":"AUDI\u00caNCIA DE EXTRADI\u00c7\u00c3O DE ZAMBELLI NA IT\u00c1LIA \u00c9 ADIADA"}]},{"@type":"WebSite","@id":"https:\/\/bahiaeconomica.com.br\/wp\/#website","url":"https:\/\/bahiaeconomica.com.br\/wp\/","name":"Bahia Economica","description":"O maior portal de Economia da Bahia","publisher":{"@id":"https:\/\/bahiaeconomica.com.br\/wp\/#organization"},"potentialAction":[{"@type":"SearchAction","target":{"@type":"EntryPoint","urlTemplate":"https:\/\/bahiaeconomica.com.br\/wp\/?s={search_term_string}"},"query-input":"required name=search_term_string"}],"inLanguage":"pt-BR"},{"@type":"Organization","@id":"https:\/\/bahiaeconomica.com.br\/wp\/#organization","name":"Bahia Econ\u00f4mica","url":"https:\/\/bahiaeconomica.com.br\/wp\/","logo":{"@type":"ImageObject","inLanguage":"pt-BR","@id":"https:\/\/bahiaeconomica.com.br\/wp\/#\/schema\/logo\/image\/","url":"https:\/\/bahiaeconomica.com.br\/wp\/wp-content\/uploads\/2020\/12\/cropped-BE.png","contentUrl":"https:\/\/bahiaeconomica.com.br\/wp\/wp-content\/uploads\/2020\/12\/cropped-BE.png","width":512,"height":512,"caption":"Bahia Econ\u00f4mica"},"image":{"@id":"https:\/\/bahiaeconomica.com.br\/wp\/#\/schema\/logo\/image\/"},"sameAs":["https:\/\/www.facebook.com\/bahiaeconomica"]},{"@type":"Person","@id":"https:\/\/bahiaeconomica.com.br\/wp\/#\/schema\/person\/a17956d0e1112b626f403fb06b8129a9","name":"VICTOR OLIVEIRA","sameAs":["http:\/\/www.bahiaeconomica.com.br"],"url":"https:\/\/bahiaeconomica.com.br\/wp\/author\/victor-oliveira\/"}]}},"views":2,"_links":{"self":[{"href":"https:\/\/bahiaeconomica.com.br\/wp\/wp-json\/wp\/v2\/posts\/956384"}],"collection":[{"href":"https:\/\/bahiaeconomica.com.br\/wp\/wp-json\/wp\/v2\/posts"}],"about":[{"href":"https:\/\/bahiaeconomica.com.br\/wp\/wp-json\/wp\/v2\/types\/post"}],"author":[{"embeddable":true,"href":"https:\/\/bahiaeconomica.com.br\/wp\/wp-json\/wp\/v2\/users\/24"}],"replies":[{"embeddable":true,"href":"https:\/\/bahiaeconomica.com.br\/wp\/wp-json\/wp\/v2\/comments?post=956384"}],"version-history":[{"count":1,"href":"https:\/\/bahiaeconomica.com.br\/wp\/wp-json\/wp\/v2\/posts\/956384\/revisions"}],"predecessor-version":[{"id":956388,"href":"https:\/\/bahiaeconomica.com.br\/wp\/wp-json\/wp\/v2\/posts\/956384\/revisions\/956388"}],"wp:featuredmedia":[{"embeddable":true,"href":"https:\/\/bahiaeconomica.com.br\/wp\/wp-json\/wp\/v2\/media\/921637"}],"wp:attachment":[{"href":"https:\/\/bahiaeconomica.com.br\/wp\/wp-json\/wp\/v2\/media?parent=956384"}],"wp:term":[{"taxonomy":"category","embeddable":true,"href":"https:\/\/bahiaeconomica.com.br\/wp\/wp-json\/wp\/v2\/categories?post=956384"},{"taxonomy":"post_tag","embeddable":true,"href":"https:\/\/bahiaeconomica.com.br\/wp\/wp-json\/wp\/v2\/tags?post=956384"}],"curies":[{"name":"wp","href":"https:\/\/api.w.org\/{rel}","templated":true}]}}