{"id":955920,"date":"2025-11-26T10:52:39","date_gmt":"2025-11-26T13:52:39","guid":{"rendered":"https:\/\/bahiaeconomica.com.br\/wp\/?p=955920"},"modified":"2025-11-26T10:52:39","modified_gmt":"2025-11-26T13:52:39","slug":"luxemburgo-anuncia-aposentadoria-como-tecnico-e-explica-motivo","status":"publish","type":"post","link":"https:\/\/bahiaeconomica.com.br\/wp\/2025\/11\/26\/luxemburgo-anuncia-aposentadoria-como-tecnico-e-explica-motivo\/","title":{"rendered":"LUXEMBURGO ANUNCIA APOSENTADORIA COMO T\u00c9CNICO E EXPLICA MOTIVO"},"content":{"rendered":"<p data-start=\"184\" data-end=\"518\">O t\u00e9cnico Vanderlei Luxemburgo anunciou oficialmente sua aposentadoria do futebol profissional, encerrando uma carreira de mais de tr\u00eas d\u00e9cadas marcada por t\u00edtulos e passagens por grandes clubes do Brasil. Em entrevista coletiva, ele explicou que a decis\u00e3o foi motivada pelo desejo de se dedicar \u00e0 fam\u00edlia e cuidar da pr\u00f3pria sa\u00fade.<\/p>\n<p data-start=\"520\" data-end=\"718\">\u201cChegou o momento de priorizar minha vida pessoal e estar mais pr\u00f3ximo de quem amo. O futebol sempre ter\u00e1 meu carinho, mas minha rotina intensa exigia um pre\u00e7o alto\u201d, disse Luxemburgo, de 71 anos.<\/p>\n<p data-start=\"720\" data-end=\"1026\">Ao longo de sua carreira, Luxemburgo comandou equipes como Real Madrid, Palmeiras, Santos, Flamengo e Vasco, al\u00e9m de ter passado pela Sele\u00e7\u00e3o Brasileira. O treinador afirmou que n\u00e3o descarta atuar em projetos de forma\u00e7\u00e3o de jovens talentos ou consultorias, mas que n\u00e3o pretende voltar ao comando de clubes no momento.<\/p>\n<p data-start=\"1028\" data-end=\"1237\">A aposentadoria de Luxemburgo encerra um cap\u00edtulo importante do futebol brasileiro, marcado por conquistas expressivas e por uma carreira reconhecida pela experi\u00eancia e pela lideran\u00e7a dentro e fora de campo.<\/p>\n<p data-start=\"1028\" data-end=\"1237\">(Foto: Peter Leone\/O Fotografico\/Gazeta Press)<\/p>\n","protected":false},"excerpt":{"rendered":"<p>O t\u00e9cnico Vanderlei Luxemburgo anunciou oficialmente sua aposentadoria do futebol profissional, encerrando uma carreira de mais de tr\u00eas d\u00e9cadas marcada por t\u00edtulos e passagens por grandes clubes do Brasil. Em entrevista coletiva, ele explicou que a decis\u00e3o foi motivada pelo desejo de se dedicar \u00e0 fam\u00edlia e cuidar da pr\u00f3pria sa\u00fade. \u201cChegou o momento de [&hellip;]<\/p>\n","protected":false},"author":30,"featured_media":955922,"comment_status":"closed","ping_status":"closed","sticky":false,"template":"","format":"standard","meta":[],"categories":[4486],"tags":[2614,753,1527,1181],"acf":[],"yoast_head":"<!-- This site is optimized with the Yoast SEO plugin v20.8 - https:\/\/yoast.com\/wordpress\/plugins\/seo\/ -->\n<title>LUXEMBURGO ANUNCIA APOSENTADORIA COMO T\u00c9CNICO E EXPLICA MOTIVO - Bahia Economica<\/title>\n<meta name=\"description\" content=\"O maior portal de Economia da Bahia Esporte Bahia Economica\" \/>\n<meta name=\"robots\" content=\"index, follow, max-snippet:-1, max-image-preview:large, max-video-preview:-1\" \/>\n<link rel=\"canonical\" href=\"https:\/\/bahiaeconomica.com.br\/wp\/2025\/11\/26\/luxemburgo-anuncia-aposentadoria-como-tecnico-e-explica-motivo\/\" \/>\n<meta property=\"og:locale\" content=\"pt_BR\" \/>\n<meta property=\"og:type\" content=\"article\" \/>\n<meta property=\"og:title\" content=\"LUXEMBURGO ANUNCIA APOSENTADORIA COMO T\u00c9CNICO E EXPLICA MOTIVO - Bahia Economica\" \/>\n<meta property=\"og:description\" content=\"O maior portal de Economia da Bahia Esporte Bahia Economica\" \/>\n<meta property=\"og:url\" content=\"https:\/\/bahiaeconomica.com.br\/wp\/2025\/11\/26\/luxemburgo-anuncia-aposentadoria-como-tecnico-e-explica-motivo\/\" \/>\n<meta property=\"og:site_name\" content=\"Bahia Economica\" \/>\n<meta property=\"article:publisher\" content=\"https:\/\/www.facebook.com\/bahiaeconomica\" \/>\n<meta property=\"article:published_time\" content=\"2025-11-26T13:52:39+00:00\" \/>\n<meta property=\"og:image\" content=\"https:\/\/bahiaeconomica.com.br\/wp\/wp-content\/uploads\/2025\/11\/20251116-132319_1941582_3103-scaled-aspect-ratio-512-320.webp\" \/>\n\t<meta property=\"og:image:width\" content=\"950\" \/>\n\t<meta property=\"og:image:height\" content=\"593\" \/>\n\t<meta property=\"og:image:type\" content=\"image\/webp\" \/>\n<meta name=\"author\" content=\"Igor Lima\" \/>\n<meta name=\"twitter:card\" content=\"summary_large_image\" \/>\n<meta name=\"twitter:label1\" content=\"Escrito por\" \/>\n\t<meta name=\"twitter:data1\" content=\"Igor Lima\" \/>\n\t<meta name=\"twitter:label2\" content=\"Est. tempo de leitura\" \/>\n\t<meta name=\"twitter:data2\" content=\"1 minuto\" \/>\n<script type=\"application\/ld+json\" class=\"yoast-schema-graph\">{\"@context\":\"https:\/\/schema.org\",\"@graph\":[{\"@type\":\"Article\",\"@id\":\"https:\/\/bahiaeconomica.com.br\/wp\/2025\/11\/26\/luxemburgo-anuncia-aposentadoria-como-tecnico-e-explica-motivo\/#article\",\"isPartOf\":{\"@id\":\"https:\/\/bahiaeconomica.com.br\/wp\/2025\/11\/26\/luxemburgo-anuncia-aposentadoria-como-tecnico-e-explica-motivo\/\"},\"author\":{\"name\":\"Igor Lima\",\"@id\":\"https:\/\/bahiaeconomica.com.br\/wp\/#\/schema\/person\/23d69cf5269928c69c6577aa8c98e537\"},\"headline\":\"LUXEMBURGO ANUNCIA APOSENTADORIA COMO T\u00c9CNICO E EXPLICA MOTIVO\",\"datePublished\":\"2025-11-26T13:52:39+00:00\",\"dateModified\":\"2025-11-26T13:52:39+00:00\",\"mainEntityOfPage\":{\"@id\":\"https:\/\/bahiaeconomica.com.br\/wp\/2025\/11\/26\/luxemburgo-anuncia-aposentadoria-como-tecnico-e-explica-motivo\/\"},\"wordCount\":197,\"publisher\":{\"@id\":\"https:\/\/bahiaeconomica.com.br\/wp\/#organization\"},\"keywords\":[\"aposentadoria\",\"brasileira\",\"futebol\",\"preco\"],\"articleSection\":[\"Esporte\"],\"inLanguage\":\"pt-BR\"},{\"@type\":\"WebPage\",\"@id\":\"https:\/\/bahiaeconomica.com.br\/wp\/2025\/11\/26\/luxemburgo-anuncia-aposentadoria-como-tecnico-e-explica-motivo\/\",\"url\":\"https:\/\/bahiaeconomica.com.br\/wp\/2025\/11\/26\/luxemburgo-anuncia-aposentadoria-como-tecnico-e-explica-motivo\/\",\"name\":\"LUXEMBURGO ANUNCIA APOSENTADORIA COMO T\u00c9CNICO E EXPLICA MOTIVO - Bahia Economica\",\"isPartOf\":{\"@id\":\"https:\/\/bahiaeconomica.com.br\/wp\/#website\"},\"datePublished\":\"2025-11-26T13:52:39+00:00\",\"dateModified\":\"2025-11-26T13:52:39+00:00\",\"description\":\"O maior portal de Economia da Bahia Esporte Bahia Economica\",\"breadcrumb\":{\"@id\":\"https:\/\/bahiaeconomica.com.br\/wp\/2025\/11\/26\/luxemburgo-anuncia-aposentadoria-como-tecnico-e-explica-motivo\/#breadcrumb\"},\"inLanguage\":\"pt-BR\",\"potentialAction\":[{\"@type\":\"ReadAction\",\"target\":[\"https:\/\/bahiaeconomica.com.br\/wp\/2025\/11\/26\/luxemburgo-anuncia-aposentadoria-como-tecnico-e-explica-motivo\/\"]}]},{\"@type\":\"BreadcrumbList\",\"@id\":\"https:\/\/bahiaeconomica.com.br\/wp\/2025\/11\/26\/luxemburgo-anuncia-aposentadoria-como-tecnico-e-explica-motivo\/#breadcrumb\",\"itemListElement\":[{\"@type\":\"ListItem\",\"position\":1,\"name\":\"In\u00edcio\",\"item\":\"https:\/\/bahiaeconomica.com.br\/wp\/\"},{\"@type\":\"ListItem\",\"position\":2,\"name\":\"LUXEMBURGO ANUNCIA APOSENTADORIA COMO T\u00c9CNICO E EXPLICA MOTIVO\"}]},{\"@type\":\"WebSite\",\"@id\":\"https:\/\/bahiaeconomica.com.br\/wp\/#website\",\"url\":\"https:\/\/bahiaeconomica.com.br\/wp\/\",\"name\":\"Bahia Economica\",\"description\":\"O maior portal de Economia da Bahia\",\"publisher\":{\"@id\":\"https:\/\/bahiaeconomica.com.br\/wp\/#organization\"},\"potentialAction\":[{\"@type\":\"SearchAction\",\"target\":{\"@type\":\"EntryPoint\",\"urlTemplate\":\"https:\/\/bahiaeconomica.com.br\/wp\/?s={search_term_string}\"},\"query-input\":\"required name=search_term_string\"}],\"inLanguage\":\"pt-BR\"},{\"@type\":\"Organization\",\"@id\":\"https:\/\/bahiaeconomica.com.br\/wp\/#organization\",\"name\":\"Bahia Econ\u00f4mica\",\"url\":\"https:\/\/bahiaeconomica.com.br\/wp\/\",\"logo\":{\"@type\":\"ImageObject\",\"inLanguage\":\"pt-BR\",\"@id\":\"https:\/\/bahiaeconomica.com.br\/wp\/#\/schema\/logo\/image\/\",\"url\":\"https:\/\/bahiaeconomica.com.br\/wp\/wp-content\/uploads\/2020\/12\/cropped-BE.png\",\"contentUrl\":\"https:\/\/bahiaeconomica.com.br\/wp\/wp-content\/uploads\/2020\/12\/cropped-BE.png\",\"width\":512,\"height\":512,\"caption\":\"Bahia Econ\u00f4mica\"},\"image\":{\"@id\":\"https:\/\/bahiaeconomica.com.br\/wp\/#\/schema\/logo\/image\/\"},\"sameAs\":[\"https:\/\/www.facebook.com\/bahiaeconomica\"]},{\"@type\":\"Person\",\"@id\":\"https:\/\/bahiaeconomica.com.br\/wp\/#\/schema\/person\/23d69cf5269928c69c6577aa8c98e537\",\"name\":\"Igor Lima\",\"sameAs\":[\"http:\/\/www.bahiaeconomica.com.br\"],\"url\":\"https:\/\/bahiaeconomica.com.br\/wp\/author\/igor-lima\/\"}]}<\/script>\n<!-- \/ Yoast SEO plugin. -->","yoast_head_json":{"title":"LUXEMBURGO ANUNCIA APOSENTADORIA COMO T\u00c9CNICO E EXPLICA MOTIVO - Bahia Economica","description":"O maior portal de Economia da Bahia Esporte Bahia Economica","robots":{"index":"index","follow":"follow","max-snippet":"max-snippet:-1","max-image-preview":"max-image-preview:large","max-video-preview":"max-video-preview:-1"},"canonical":"https:\/\/bahiaeconomica.com.br\/wp\/2025\/11\/26\/luxemburgo-anuncia-aposentadoria-como-tecnico-e-explica-motivo\/","og_locale":"pt_BR","og_type":"article","og_title":"LUXEMBURGO ANUNCIA APOSENTADORIA COMO T\u00c9CNICO E EXPLICA MOTIVO - Bahia Economica","og_description":"O maior portal de Economia da Bahia Esporte Bahia Economica","og_url":"https:\/\/bahiaeconomica.com.br\/wp\/2025\/11\/26\/luxemburgo-anuncia-aposentadoria-como-tecnico-e-explica-motivo\/","og_site_name":"Bahia Economica","article_publisher":"https:\/\/www.facebook.com\/bahiaeconomica","article_published_time":"2025-11-26T13:52:39+00:00","og_image":[{"width":950,"height":593,"url":"https:\/\/bahiaeconomica.com.br\/wp\/wp-content\/uploads\/2025\/11\/20251116-132319_1941582_3103-scaled-aspect-ratio-512-320.webp","type":"image\/webp"}],"author":"Igor Lima","twitter_card":"summary_large_image","twitter_misc":{"Escrito por":"Igor Lima","Est. tempo de leitura":"1 minuto"},"schema":{"@context":"https:\/\/schema.org","@graph":[{"@type":"Article","@id":"https:\/\/bahiaeconomica.com.br\/wp\/2025\/11\/26\/luxemburgo-anuncia-aposentadoria-como-tecnico-e-explica-motivo\/#article","isPartOf":{"@id":"https:\/\/bahiaeconomica.com.br\/wp\/2025\/11\/26\/luxemburgo-anuncia-aposentadoria-como-tecnico-e-explica-motivo\/"},"author":{"name":"Igor Lima","@id":"https:\/\/bahiaeconomica.com.br\/wp\/#\/schema\/person\/23d69cf5269928c69c6577aa8c98e537"},"headline":"LUXEMBURGO ANUNCIA APOSENTADORIA COMO T\u00c9CNICO E EXPLICA MOTIVO","datePublished":"2025-11-26T13:52:39+00:00","dateModified":"2025-11-26T13:52:39+00:00","mainEntityOfPage":{"@id":"https:\/\/bahiaeconomica.com.br\/wp\/2025\/11\/26\/luxemburgo-anuncia-aposentadoria-como-tecnico-e-explica-motivo\/"},"wordCount":197,"publisher":{"@id":"https:\/\/bahiaeconomica.com.br\/wp\/#organization"},"keywords":["aposentadoria","brasileira","futebol","preco"],"articleSection":["Esporte"],"inLanguage":"pt-BR"},{"@type":"WebPage","@id":"https:\/\/bahiaeconomica.com.br\/wp\/2025\/11\/26\/luxemburgo-anuncia-aposentadoria-como-tecnico-e-explica-motivo\/","url":"https:\/\/bahiaeconomica.com.br\/wp\/2025\/11\/26\/luxemburgo-anuncia-aposentadoria-como-tecnico-e-explica-motivo\/","name":"LUXEMBURGO ANUNCIA APOSENTADORIA COMO T\u00c9CNICO E EXPLICA MOTIVO - Bahia Economica","isPartOf":{"@id":"https:\/\/bahiaeconomica.com.br\/wp\/#website"},"datePublished":"2025-11-26T13:52:39+00:00","dateModified":"2025-11-26T13:52:39+00:00","description":"O maior portal de Economia da Bahia Esporte Bahia Economica","breadcrumb":{"@id":"https:\/\/bahiaeconomica.com.br\/wp\/2025\/11\/26\/luxemburgo-anuncia-aposentadoria-como-tecnico-e-explica-motivo\/#breadcrumb"},"inLanguage":"pt-BR","potentialAction":[{"@type":"ReadAction","target":["https:\/\/bahiaeconomica.com.br\/wp\/2025\/11\/26\/luxemburgo-anuncia-aposentadoria-como-tecnico-e-explica-motivo\/"]}]},{"@type":"BreadcrumbList","@id":"https:\/\/bahiaeconomica.com.br\/wp\/2025\/11\/26\/luxemburgo-anuncia-aposentadoria-como-tecnico-e-explica-motivo\/#breadcrumb","itemListElement":[{"@type":"ListItem","position":1,"name":"In\u00edcio","item":"https:\/\/bahiaeconomica.com.br\/wp\/"},{"@type":"ListItem","position":2,"name":"LUXEMBURGO ANUNCIA APOSENTADORIA COMO T\u00c9CNICO E EXPLICA MOTIVO"}]},{"@type":"WebSite","@id":"https:\/\/bahiaeconomica.com.br\/wp\/#website","url":"https:\/\/bahiaeconomica.com.br\/wp\/","name":"Bahia Economica","description":"O maior portal de Economia da Bahia","publisher":{"@id":"https:\/\/bahiaeconomica.com.br\/wp\/#organization"},"potentialAction":[{"@type":"SearchAction","target":{"@type":"EntryPoint","urlTemplate":"https:\/\/bahiaeconomica.com.br\/wp\/?s={search_term_string}"},"query-input":"required name=search_term_string"}],"inLanguage":"pt-BR"},{"@type":"Organization","@id":"https:\/\/bahiaeconomica.com.br\/wp\/#organization","name":"Bahia Econ\u00f4mica","url":"https:\/\/bahiaeconomica.com.br\/wp\/","logo":{"@type":"ImageObject","inLanguage":"pt-BR","@id":"https:\/\/bahiaeconomica.com.br\/wp\/#\/schema\/logo\/image\/","url":"https:\/\/bahiaeconomica.com.br\/wp\/wp-content\/uploads\/2020\/12\/cropped-BE.png","contentUrl":"https:\/\/bahiaeconomica.com.br\/wp\/wp-content\/uploads\/2020\/12\/cropped-BE.png","width":512,"height":512,"caption":"Bahia Econ\u00f4mica"},"image":{"@id":"https:\/\/bahiaeconomica.com.br\/wp\/#\/schema\/logo\/image\/"},"sameAs":["https:\/\/www.facebook.com\/bahiaeconomica"]},{"@type":"Person","@id":"https:\/\/bahiaeconomica.com.br\/wp\/#\/schema\/person\/23d69cf5269928c69c6577aa8c98e537","name":"Igor Lima","sameAs":["http:\/\/www.bahiaeconomica.com.br"],"url":"https:\/\/bahiaeconomica.com.br\/wp\/author\/igor-lima\/"}]}},"views":42,"_links":{"self":[{"href":"https:\/\/bahiaeconomica.com.br\/wp\/wp-json\/wp\/v2\/posts\/955920"}],"collection":[{"href":"https:\/\/bahiaeconomica.com.br\/wp\/wp-json\/wp\/v2\/posts"}],"about":[{"href":"https:\/\/bahiaeconomica.com.br\/wp\/wp-json\/wp\/v2\/types\/post"}],"author":[{"embeddable":true,"href":"https:\/\/bahiaeconomica.com.br\/wp\/wp-json\/wp\/v2\/users\/30"}],"replies":[{"embeddable":true,"href":"https:\/\/bahiaeconomica.com.br\/wp\/wp-json\/wp\/v2\/comments?post=955920"}],"version-history":[{"count":1,"href":"https:\/\/bahiaeconomica.com.br\/wp\/wp-json\/wp\/v2\/posts\/955920\/revisions"}],"predecessor-version":[{"id":955923,"href":"https:\/\/bahiaeconomica.com.br\/wp\/wp-json\/wp\/v2\/posts\/955920\/revisions\/955923"}],"wp:featuredmedia":[{"embeddable":true,"href":"https:\/\/bahiaeconomica.com.br\/wp\/wp-json\/wp\/v2\/media\/955922"}],"wp:attachment":[{"href":"https:\/\/bahiaeconomica.com.br\/wp\/wp-json\/wp\/v2\/media?parent=955920"}],"wp:term":[{"taxonomy":"category","embeddable":true,"href":"https:\/\/bahiaeconomica.com.br\/wp\/wp-json\/wp\/v2\/categories?post=955920"},{"taxonomy":"post_tag","embeddable":true,"href":"https:\/\/bahiaeconomica.com.br\/wp\/wp-json\/wp\/v2\/tags?post=955920"}],"curies":[{"name":"wp","href":"https:\/\/api.w.org\/{rel}","templated":true}]}}