{"id":955675,"date":"2025-11-25T16:27:32","date_gmt":"2025-11-25T19:27:32","guid":{"rendered":"https:\/\/bahiaeconomica.com.br\/wp\/?p=955675"},"modified":"2025-11-25T16:27:32","modified_gmt":"2025-11-25T19:27:32","slug":"com-emprego-e-transferencia-de-renda-rendimento-sobe-70-e-pobreza-cai-ao-piso-em-30-anos","status":"publish","type":"post","link":"https:\/\/bahiaeconomica.com.br\/wp\/2025\/11\/25\/com-emprego-e-transferencia-de-renda-rendimento-sobe-70-e-pobreza-cai-ao-piso-em-30-anos\/","title":{"rendered":"COM EMPREGO E TRANSFER\u00caNCIA DE RENDA, RENDIMENTO SOBE 70% E POBREZA CAI AO PISO EM 30 ANOS"},"content":{"rendered":"<p>Em tr\u00eas d\u00e9cadas, a renda m\u00e9dia dos brasileiros cresceu cerca de 70%. A fatia da popula\u00e7\u00e3o sobrevivendo em situa\u00e7\u00e3o de pobreza extrema baixou de 25% em 1995 para 4,8% em 2024, e a fatia na pobreza caiu de 61,2% para 26,8%, ambas em pisos hist\u00f3ricos. Os avan\u00e7os foram turbinados pelo aquecimento do mercado de trabalho e pela expans\u00e3o e maior efic\u00e1cia de programas de transfer\u00eancia de renda.<\/p>\n<p>Os dados s\u00e3o da nota t\u00e9cnica \u201cPobreza e desigualdade no Brasil no curto e no longo prazo\u201d, divulgada nesta ter\u00e7a-feira, 25, pelo Instituto de Pesquisa Econ\u00f4mica Aplicada (Ipea). O estudo analisa as mudan\u00e7as na distribui\u00e7\u00e3o de renda no Pa\u00eds entre 1995 e 2024, tendo como base informa\u00e7\u00f5es de pesquisas domiciliares do Instituto Brasileiro de Geografia e Estat\u00edstica (IBGE).<\/p>\n<p>\u201cNo longo prazo, os indicadores de renda, desigualdade e pobreza apresentaram avan\u00e7os expressivos, embora o progresso tenha se concentrado em apenas dois per\u00edodos: os anos entre 2003 e 2014 e a retomada p\u00f3s-pandemia, entre 2021 e 2024.<\/p>\n<p>Ainda assim, o Brasil registrou, em 2024, os melhores n\u00fameros da s\u00e9rie hist\u00f3rica das pesquisas domiciliares. Por meio de decomposi\u00e7\u00f5es, mostramos que os ganhos distributivos dos \u00faltimos anos foram impulsionados, em igual medida, pelo aquecimento do mercado de trabalho e pela expans\u00e3o das transfer\u00eancias assistenciais, que se tornaram mais efetivas no combate \u00e0 pobreza e \u00e0 desigualdade\u201d, ressaltaram os pesquisadores Pedro Ferreira de Souza e Marcos Hecksher, na nota do Ipea.<\/p>\n<p>O coeficiente de Gini da renda domiciliar per capita de todas as fontes \u2013 indicador que mede a desigualdade de renda, numa escala de 0 a 100, em que, quanto mais perto de 100 o resultado, maior \u00e9 a concentra\u00e7\u00e3o de riqueza \u2013 recuou quase 18% em tr\u00eas d\u00e9cadas, passando de 61,5 em 1995 para 50,4 em 2024.<\/p>\n<p>O estudo usou como refer\u00eancia as linhas de pobreza e extrema pobreza calculadas pelo Banco Mundial. A pobreza extrema \u00e9 caracterizada por uma renda familiar per capita dispon\u00edvel inferior a US$ 3 por dia, o equivalente a um rendimento m\u00e9dio mensal de R$ 267 por pessoa em 2024, na convers\u00e3o pelo m\u00e9todo de Paridade de Poder de Compra (PPC) \u2013 que n\u00e3o leva em conta a cota\u00e7\u00e3o da taxa de c\u00e2mbio de mercado, mas o valor necess\u00e1rio para comprar a mesma quantidade de bens e servi\u00e7os no mercado interno de cada pa\u00eds em compara\u00e7\u00e3o com o mercado nos Estados Unidos. J\u00e1 a popula\u00e7\u00e3o que vive abaixo da linha de pobreza \u00e9 aquela com renda dispon\u00edvel de US$ 8,30 por dia, o equivalente a R$ 738 mensais por pessoa em valores m\u00e9dios de 2024.<\/p>\n<p>\u201cA combina\u00e7\u00e3o recente de crescimento econ\u00f4mico e menor desigualdade produziu progresso consider\u00e1vel contra a pobreza, que alcan\u00e7ou em 2024 o menor patamar da s\u00e9rie hist\u00f3rica\u201d, apontaram os pesquisadores do Ipea. \u201cPara as duas linhas, a r\u00e1pida redu\u00e7\u00e3o da pobreza desde o pior momento da pandemia decorreu da combina\u00e7\u00e3o virtuosa dos dois efeitos, isto \u00e9, do crescimento da renda m\u00e9dia e da redu\u00e7\u00e3o da desigualdade de renda entre 2021 e 2024.\u201d<\/p>\n<p>A renda domiciliar per capita subiu 69,2% em tr\u00eas d\u00e9cadas, de R$ 1.191 em 1995 para R$ 2.015 em 2024.<\/p>\n<p>\u201cA recupera\u00e7\u00e3o da renda m\u00e9dia nos \u00faltimos anos acompanhou a do PIB (Produto Interno Bruto) per capita, que voltou a crescer mais no Brasil do que no resto do mundo em 2022, 2023 e 2024, o que n\u00e3o ocorria desde 2013\u201d, observou a nota.<\/p>\n<p>O emprego aquecido e o maior alcance das pol\u00edticas de transfer\u00eancia de renda foram \u201cigualmente importantes para esse excelente desempenho dos indicadores sociais nos \u00faltimos anos\u201d, apontaram os pesquisadores.<\/p>\n<p>&nbsp;<\/p>\n<p>\u201cOs avan\u00e7os p\u00f3s-pandemia est\u00e3o associados a uma revers\u00e3o no mercado de trabalho, que voltou a contribuir de forma decisiva para a redu\u00e7\u00e3o da desigualdade e da pobreza, e \u00e0 expans\u00e3o das transfer\u00eancias assistenciais. No entanto, como o ciclo de expans\u00e3o do PBF (Programa Bolsa Fam\u00edlia) terminou, a contribui\u00e7\u00e3o din\u00e2mica da assist\u00eancia social perdeu f\u00f4lego no bi\u00eanio 023\/2024, refletindo somente mudan\u00e7as marginais na focaliza\u00e7\u00e3o dos benef\u00edcios e sobretudo a expans\u00e3o mais recente do BPC (Benef\u00edcio de Presta\u00e7\u00e3o Continuada), cujas transfer\u00eancias s\u00e3o infelizmente mal captadas pela PNADC (Pesquisa Nacional por Amostra de Domic\u00edlios Cont\u00ednua, do IBGE)\u201d.<\/p>\n<p>Houve melhora consider\u00e1vel no Coeficiente de Gini no p\u00f3s-pandemia, uma queda de 3,9 pontos entre 2021 e 2024: 49% dessa redu\u00e7\u00e3o da desigualdade partiu do aquecimento do mercado de trabalho e 44% das transfer\u00eancias de renda.<\/p>\n<p>\u201cOs benef\u00edcios previdenci\u00e1rios e as outras rendas desempenharam papel apenas residual. Esse padr\u00e3o muda se olharmos apenas para o \u00faltimo bi\u00eanio da s\u00e9rie: cerca de metade da redu\u00e7\u00e3o de 1,2 ponto de Gini continua associada ao mercado de trabalho, mas a contribui\u00e7\u00e3o das transfer\u00eancias assistenciais foi bem menor (-0,2 ponto de Gini, ou 16% da queda), ficando atr\u00e1s dos benef\u00edcios previdenci\u00e1rios (-0,3 ponto, ou 22%)\u201d, frisou o estudo.<\/p>\n<p>O levantamento estima que o ritmo de melhora dos indicadores sociais possa arrefecer nos pr\u00f3ximos anos, diante do fim do ciclo recente de expans\u00e3o das transfer\u00eancias assistenciais. Nesse cen\u00e1rio, os avan\u00e7os ficariam mais dependentes da evolu\u00e7\u00e3o do mercado de trabalho.<\/p>\n<p>\u201cTodos os nossos resultados foram obtidos com base em pesquisas domiciliares, que s\u00e3o a melhor fonte para o monitoramento anual da distribui\u00e7\u00e3o de renda, mas tamb\u00e9m possuem limita\u00e7\u00f5es bem conhecidas. Por um lado, pesquisas domiciliares mundo afora tendem a subestimar os montantes transferidos por benef\u00edcios assistenciais, e isso ocorre tamb\u00e9m no Brasil. Por outro, essas pesquisas subestimam fortemente os rendimentos dos mais ricos. N\u00e3o fizemos nenhum ajuste para mitigar esses problemas devido \u00e0 falta de informa\u00e7\u00f5es e de m\u00e9todos amplamente aceitos. O aprimoramento das estat\u00edsticas sobre a distribui\u00e7\u00e3o de renda \u00e9 um desafio premente n\u00e3o s\u00f3 para o Brasil, mas tamb\u00e9m mundo afora\u201d, ponderaram os autores.<\/p>\n<p>Fonte: Estad\u00e3o Conte\u00fado<\/p>\n<p>Foto: Reprodu\u00e7\u00e3o<\/p>\n","protected":false},"excerpt":{"rendered":"<p>Em tr\u00eas d\u00e9cadas, a renda m\u00e9dia dos brasileiros cresceu cerca de 70%. A fatia da popula\u00e7\u00e3o sobrevivendo em situa\u00e7\u00e3o de pobreza extrema baixou de 25% em 1995 para 4,8% em 2024, e a fatia na pobreza caiu de 61,2% para 26,8%, ambas em pisos hist\u00f3ricos. Os avan\u00e7os foram turbinados pelo aquecimento do mercado de trabalho [&hellip;]<\/p>\n","protected":false},"author":24,"featured_media":947041,"comment_status":"closed","ping_status":"closed","sticky":false,"template":"","format":"standard","meta":[],"categories":[3],"tags":[174,1988,920],"acf":[],"yoast_head":"<!-- This site is optimized with the Yoast SEO plugin v20.8 - https:\/\/yoast.com\/wordpress\/plugins\/seo\/ -->\n<title>COM EMPREGO E TRANSFER\u00caNCIA DE RENDA, RENDIMENTO SOBE 70% E POBREZA CAI AO PISO EM 30 ANOS - Bahia Economica Em tr\u00eas d\u00e9cadas, a renda m\u00e9dia dos brasileiros cresceu cerca de 70%. A fatia da popula\u00e7\u00e3o sobrevivendo em situa\u00e7\u00e3o de pobreza extrema baixou de 25% em 1995 para 4,8% em 2024, e a fatia na pobreza caiu de 61,2% para 26,8%, ambas em pisos hist\u00f3ricos.<\/title>\n<meta name=\"description\" content=\"O maior portal de Economia da Bahia ECONOMIA \/ POL\u00cdTICA Bahia Economica Em tr\u00eas d\u00e9cadas, a renda m\u00e9dia dos brasileiros cresceu cerca de 70%. A fatia da popula\u00e7\u00e3o sobrevivendo em situa\u00e7\u00e3o de pobreza extrema baixou de 25% em 1995 para 4,8% em 2024, e a fatia na pobreza caiu de 61,2% para 26,8%, ambas em pisos hist\u00f3ricos.\" \/>\n<meta name=\"robots\" content=\"index, follow, max-snippet:-1, max-image-preview:large, max-video-preview:-1\" \/>\n<link rel=\"canonical\" href=\"https:\/\/bahiaeconomica.com.br\/wp\/2025\/11\/25\/com-emprego-e-transferencia-de-renda-rendimento-sobe-70-e-pobreza-cai-ao-piso-em-30-anos\/\" \/>\n<meta property=\"og:locale\" content=\"pt_BR\" \/>\n<meta property=\"og:type\" content=\"article\" \/>\n<meta property=\"og:title\" content=\"COM EMPREGO E TRANSFER\u00caNCIA DE RENDA, RENDIMENTO SOBE 70% E POBREZA CAI AO PISO EM 30 ANOS - Bahia Economica Em tr\u00eas d\u00e9cadas, a renda m\u00e9dia dos brasileiros cresceu cerca de 70%. A fatia da popula\u00e7\u00e3o sobrevivendo em situa\u00e7\u00e3o de pobreza extrema baixou de 25% em 1995 para 4,8% em 2024, e a fatia na pobreza caiu de 61,2% para 26,8%, ambas em pisos hist\u00f3ricos.\" \/>\n<meta property=\"og:description\" content=\"O maior portal de Economia da Bahia ECONOMIA \/ POL\u00cdTICA Bahia Economica Em tr\u00eas d\u00e9cadas, a renda m\u00e9dia dos brasileiros cresceu cerca de 70%. A fatia da popula\u00e7\u00e3o sobrevivendo em situa\u00e7\u00e3o de pobreza extrema baixou de 25% em 1995 para 4,8% em 2024, e a fatia na pobreza caiu de 61,2% para 26,8%, ambas em pisos hist\u00f3ricos.\" \/>\n<meta property=\"og:url\" content=\"https:\/\/bahiaeconomica.com.br\/wp\/2025\/11\/25\/com-emprego-e-transferencia-de-renda-rendimento-sobe-70-e-pobreza-cai-ao-piso-em-30-anos\/\" \/>\n<meta property=\"og:site_name\" content=\"Bahia Economica\" \/>\n<meta property=\"article:publisher\" content=\"https:\/\/www.facebook.com\/bahiaeconomica\" \/>\n<meta property=\"article:published_time\" content=\"2025-11-25T19:27:32+00:00\" \/>\n<meta property=\"og:image\" content=\"https:\/\/bahiaeconomica.com.br\/wp\/wp-content\/uploads\/2025\/10\/carteira_de_trabalho-1.webp\" \/>\n\t<meta property=\"og:image:width\" content=\"1170\" \/>\n\t<meta property=\"og:image:height\" content=\"700\" \/>\n\t<meta property=\"og:image:type\" content=\"image\/webp\" \/>\n<meta name=\"author\" content=\"VICTOR OLIVEIRA\" \/>\n<meta name=\"twitter:card\" content=\"summary_large_image\" \/>\n<meta name=\"twitter:label1\" content=\"Escrito por\" \/>\n\t<meta name=\"twitter:data1\" content=\"VICTOR OLIVEIRA\" \/>\n\t<meta name=\"twitter:label2\" content=\"Est. tempo de leitura\" \/>\n\t<meta name=\"twitter:data2\" content=\"6 minutos\" \/>\n<script type=\"application\/ld+json\" class=\"yoast-schema-graph\">{\"@context\":\"https:\/\/schema.org\",\"@graph\":[{\"@type\":\"Article\",\"@id\":\"https:\/\/bahiaeconomica.com.br\/wp\/2025\/11\/25\/com-emprego-e-transferencia-de-renda-rendimento-sobe-70-e-pobreza-cai-ao-piso-em-30-anos\/#article\",\"isPartOf\":{\"@id\":\"https:\/\/bahiaeconomica.com.br\/wp\/2025\/11\/25\/com-emprego-e-transferencia-de-renda-rendimento-sobe-70-e-pobreza-cai-ao-piso-em-30-anos\/\"},\"author\":{\"name\":\"VICTOR OLIVEIRA\",\"@id\":\"https:\/\/bahiaeconomica.com.br\/wp\/#\/schema\/person\/a17956d0e1112b626f403fb06b8129a9\"},\"headline\":\"COM EMPREGO E TRANSFER\u00caNCIA DE RENDA, RENDIMENTO SOBE 70% E POBREZA CAI AO PISO EM 30 ANOS\",\"datePublished\":\"2025-11-25T19:27:32+00:00\",\"dateModified\":\"2025-11-25T19:27:32+00:00\",\"mainEntityOfPage\":{\"@id\":\"https:\/\/bahiaeconomica.com.br\/wp\/2025\/11\/25\/com-emprego-e-transferencia-de-renda-rendimento-sobe-70-e-pobreza-cai-ao-piso-em-30-anos\/\"},\"wordCount\":1016,\"publisher\":{\"@id\":\"https:\/\/bahiaeconomica.com.br\/wp\/#organization\"},\"keywords\":[\"emprego\",\"pobreza\",\"queda\"],\"articleSection\":[\"ECONOMIA \/ POL\u00cdTICA\"],\"inLanguage\":\"pt-BR\"},{\"@type\":\"WebPage\",\"@id\":\"https:\/\/bahiaeconomica.com.br\/wp\/2025\/11\/25\/com-emprego-e-transferencia-de-renda-rendimento-sobe-70-e-pobreza-cai-ao-piso-em-30-anos\/\",\"url\":\"https:\/\/bahiaeconomica.com.br\/wp\/2025\/11\/25\/com-emprego-e-transferencia-de-renda-rendimento-sobe-70-e-pobreza-cai-ao-piso-em-30-anos\/\",\"name\":\"COM EMPREGO E TRANSFER\u00caNCIA DE RENDA, RENDIMENTO SOBE 70% E POBREZA CAI AO PISO EM 30 ANOS - Bahia Economica Em tr\u00eas d\u00e9cadas, a renda m\u00e9dia dos brasileiros cresceu cerca de 70%. A fatia da popula\u00e7\u00e3o sobrevivendo em situa\u00e7\u00e3o de pobreza extrema baixou de 25% em 1995 para 4,8% em 2024, e a fatia na pobreza caiu de 61,2% para 26,8%, ambas em pisos hist\u00f3ricos.\",\"isPartOf\":{\"@id\":\"https:\/\/bahiaeconomica.com.br\/wp\/#website\"},\"datePublished\":\"2025-11-25T19:27:32+00:00\",\"dateModified\":\"2025-11-25T19:27:32+00:00\",\"description\":\"O maior portal de Economia da Bahia ECONOMIA \/ POL\u00cdTICA Bahia Economica Em tr\u00eas d\u00e9cadas, a renda m\u00e9dia dos brasileiros cresceu cerca de 70%. A fatia da popula\u00e7\u00e3o sobrevivendo em situa\u00e7\u00e3o de pobreza extrema baixou de 25% em 1995 para 4,8% em 2024, e a fatia na pobreza caiu de 61,2% para 26,8%, ambas em pisos hist\u00f3ricos.\",\"breadcrumb\":{\"@id\":\"https:\/\/bahiaeconomica.com.br\/wp\/2025\/11\/25\/com-emprego-e-transferencia-de-renda-rendimento-sobe-70-e-pobreza-cai-ao-piso-em-30-anos\/#breadcrumb\"},\"inLanguage\":\"pt-BR\",\"potentialAction\":[{\"@type\":\"ReadAction\",\"target\":[\"https:\/\/bahiaeconomica.com.br\/wp\/2025\/11\/25\/com-emprego-e-transferencia-de-renda-rendimento-sobe-70-e-pobreza-cai-ao-piso-em-30-anos\/\"]}]},{\"@type\":\"BreadcrumbList\",\"@id\":\"https:\/\/bahiaeconomica.com.br\/wp\/2025\/11\/25\/com-emprego-e-transferencia-de-renda-rendimento-sobe-70-e-pobreza-cai-ao-piso-em-30-anos\/#breadcrumb\",\"itemListElement\":[{\"@type\":\"ListItem\",\"position\":1,\"name\":\"In\u00edcio\",\"item\":\"https:\/\/bahiaeconomica.com.br\/wp\/\"},{\"@type\":\"ListItem\",\"position\":2,\"name\":\"COM EMPREGO E TRANSFER\u00caNCIA DE RENDA, RENDIMENTO SOBE 70% E POBREZA CAI AO PISO EM 30 ANOS\"}]},{\"@type\":\"WebSite\",\"@id\":\"https:\/\/bahiaeconomica.com.br\/wp\/#website\",\"url\":\"https:\/\/bahiaeconomica.com.br\/wp\/\",\"name\":\"Bahia Economica\",\"description\":\"O maior portal de Economia da Bahia\",\"publisher\":{\"@id\":\"https:\/\/bahiaeconomica.com.br\/wp\/#organization\"},\"potentialAction\":[{\"@type\":\"SearchAction\",\"target\":{\"@type\":\"EntryPoint\",\"urlTemplate\":\"https:\/\/bahiaeconomica.com.br\/wp\/?s={search_term_string}\"},\"query-input\":\"required name=search_term_string\"}],\"inLanguage\":\"pt-BR\"},{\"@type\":\"Organization\",\"@id\":\"https:\/\/bahiaeconomica.com.br\/wp\/#organization\",\"name\":\"Bahia Econ\u00f4mica\",\"url\":\"https:\/\/bahiaeconomica.com.br\/wp\/\",\"logo\":{\"@type\":\"ImageObject\",\"inLanguage\":\"pt-BR\",\"@id\":\"https:\/\/bahiaeconomica.com.br\/wp\/#\/schema\/logo\/image\/\",\"url\":\"https:\/\/bahiaeconomica.com.br\/wp\/wp-content\/uploads\/2020\/12\/cropped-BE.png\",\"contentUrl\":\"https:\/\/bahiaeconomica.com.br\/wp\/wp-content\/uploads\/2020\/12\/cropped-BE.png\",\"width\":512,\"height\":512,\"caption\":\"Bahia Econ\u00f4mica\"},\"image\":{\"@id\":\"https:\/\/bahiaeconomica.com.br\/wp\/#\/schema\/logo\/image\/\"},\"sameAs\":[\"https:\/\/www.facebook.com\/bahiaeconomica\"]},{\"@type\":\"Person\",\"@id\":\"https:\/\/bahiaeconomica.com.br\/wp\/#\/schema\/person\/a17956d0e1112b626f403fb06b8129a9\",\"name\":\"VICTOR OLIVEIRA\",\"sameAs\":[\"http:\/\/www.bahiaeconomica.com.br\"],\"url\":\"https:\/\/bahiaeconomica.com.br\/wp\/author\/victor-oliveira\/\"}]}<\/script>\n<!-- \/ Yoast SEO plugin. -->","yoast_head_json":{"title":"COM EMPREGO E TRANSFER\u00caNCIA DE RENDA, RENDIMENTO SOBE 70% E POBREZA CAI AO PISO EM 30 ANOS - Bahia Economica Em tr\u00eas d\u00e9cadas, a renda m\u00e9dia dos brasileiros cresceu cerca de 70%. A fatia da popula\u00e7\u00e3o sobrevivendo em situa\u00e7\u00e3o de pobreza extrema baixou de 25% em 1995 para 4,8% em 2024, e a fatia na pobreza caiu de 61,2% para 26,8%, ambas em pisos hist\u00f3ricos.","description":"O maior portal de Economia da Bahia ECONOMIA \/ POL\u00cdTICA Bahia Economica Em tr\u00eas d\u00e9cadas, a renda m\u00e9dia dos brasileiros cresceu cerca de 70%. A fatia da popula\u00e7\u00e3o sobrevivendo em situa\u00e7\u00e3o de pobreza extrema baixou de 25% em 1995 para 4,8% em 2024, e a fatia na pobreza caiu de 61,2% para 26,8%, ambas em pisos hist\u00f3ricos.","robots":{"index":"index","follow":"follow","max-snippet":"max-snippet:-1","max-image-preview":"max-image-preview:large","max-video-preview":"max-video-preview:-1"},"canonical":"https:\/\/bahiaeconomica.com.br\/wp\/2025\/11\/25\/com-emprego-e-transferencia-de-renda-rendimento-sobe-70-e-pobreza-cai-ao-piso-em-30-anos\/","og_locale":"pt_BR","og_type":"article","og_title":"COM EMPREGO E TRANSFER\u00caNCIA DE RENDA, RENDIMENTO SOBE 70% E POBREZA CAI AO PISO EM 30 ANOS - Bahia Economica Em tr\u00eas d\u00e9cadas, a renda m\u00e9dia dos brasileiros cresceu cerca de 70%. A fatia da popula\u00e7\u00e3o sobrevivendo em situa\u00e7\u00e3o de pobreza extrema baixou de 25% em 1995 para 4,8% em 2024, e a fatia na pobreza caiu de 61,2% para 26,8%, ambas em pisos hist\u00f3ricos.","og_description":"O maior portal de Economia da Bahia ECONOMIA \/ POL\u00cdTICA Bahia Economica Em tr\u00eas d\u00e9cadas, a renda m\u00e9dia dos brasileiros cresceu cerca de 70%. A fatia da popula\u00e7\u00e3o sobrevivendo em situa\u00e7\u00e3o de pobreza extrema baixou de 25% em 1995 para 4,8% em 2024, e a fatia na pobreza caiu de 61,2% para 26,8%, ambas em pisos hist\u00f3ricos.","og_url":"https:\/\/bahiaeconomica.com.br\/wp\/2025\/11\/25\/com-emprego-e-transferencia-de-renda-rendimento-sobe-70-e-pobreza-cai-ao-piso-em-30-anos\/","og_site_name":"Bahia Economica","article_publisher":"https:\/\/www.facebook.com\/bahiaeconomica","article_published_time":"2025-11-25T19:27:32+00:00","og_image":[{"width":1170,"height":700,"url":"https:\/\/bahiaeconomica.com.br\/wp\/wp-content\/uploads\/2025\/10\/carteira_de_trabalho-1.webp","type":"image\/webp"}],"author":"VICTOR OLIVEIRA","twitter_card":"summary_large_image","twitter_misc":{"Escrito por":"VICTOR OLIVEIRA","Est. tempo de leitura":"6 minutos"},"schema":{"@context":"https:\/\/schema.org","@graph":[{"@type":"Article","@id":"https:\/\/bahiaeconomica.com.br\/wp\/2025\/11\/25\/com-emprego-e-transferencia-de-renda-rendimento-sobe-70-e-pobreza-cai-ao-piso-em-30-anos\/#article","isPartOf":{"@id":"https:\/\/bahiaeconomica.com.br\/wp\/2025\/11\/25\/com-emprego-e-transferencia-de-renda-rendimento-sobe-70-e-pobreza-cai-ao-piso-em-30-anos\/"},"author":{"name":"VICTOR OLIVEIRA","@id":"https:\/\/bahiaeconomica.com.br\/wp\/#\/schema\/person\/a17956d0e1112b626f403fb06b8129a9"},"headline":"COM EMPREGO E TRANSFER\u00caNCIA DE RENDA, RENDIMENTO SOBE 70% E POBREZA CAI AO PISO EM 30 ANOS","datePublished":"2025-11-25T19:27:32+00:00","dateModified":"2025-11-25T19:27:32+00:00","mainEntityOfPage":{"@id":"https:\/\/bahiaeconomica.com.br\/wp\/2025\/11\/25\/com-emprego-e-transferencia-de-renda-rendimento-sobe-70-e-pobreza-cai-ao-piso-em-30-anos\/"},"wordCount":1016,"publisher":{"@id":"https:\/\/bahiaeconomica.com.br\/wp\/#organization"},"keywords":["emprego","pobreza","queda"],"articleSection":["ECONOMIA \/ POL\u00cdTICA"],"inLanguage":"pt-BR"},{"@type":"WebPage","@id":"https:\/\/bahiaeconomica.com.br\/wp\/2025\/11\/25\/com-emprego-e-transferencia-de-renda-rendimento-sobe-70-e-pobreza-cai-ao-piso-em-30-anos\/","url":"https:\/\/bahiaeconomica.com.br\/wp\/2025\/11\/25\/com-emprego-e-transferencia-de-renda-rendimento-sobe-70-e-pobreza-cai-ao-piso-em-30-anos\/","name":"COM EMPREGO E TRANSFER\u00caNCIA DE RENDA, RENDIMENTO SOBE 70% E POBREZA CAI AO PISO EM 30 ANOS - Bahia Economica Em tr\u00eas d\u00e9cadas, a renda m\u00e9dia dos brasileiros cresceu cerca de 70%. A fatia da popula\u00e7\u00e3o sobrevivendo em situa\u00e7\u00e3o de pobreza extrema baixou de 25% em 1995 para 4,8% em 2024, e a fatia na pobreza caiu de 61,2% para 26,8%, ambas em pisos hist\u00f3ricos.","isPartOf":{"@id":"https:\/\/bahiaeconomica.com.br\/wp\/#website"},"datePublished":"2025-11-25T19:27:32+00:00","dateModified":"2025-11-25T19:27:32+00:00","description":"O maior portal de Economia da Bahia ECONOMIA \/ POL\u00cdTICA Bahia Economica Em tr\u00eas d\u00e9cadas, a renda m\u00e9dia dos brasileiros cresceu cerca de 70%. A fatia da popula\u00e7\u00e3o sobrevivendo em situa\u00e7\u00e3o de pobreza extrema baixou de 25% em 1995 para 4,8% em 2024, e a fatia na pobreza caiu de 61,2% para 26,8%, ambas em pisos hist\u00f3ricos.","breadcrumb":{"@id":"https:\/\/bahiaeconomica.com.br\/wp\/2025\/11\/25\/com-emprego-e-transferencia-de-renda-rendimento-sobe-70-e-pobreza-cai-ao-piso-em-30-anos\/#breadcrumb"},"inLanguage":"pt-BR","potentialAction":[{"@type":"ReadAction","target":["https:\/\/bahiaeconomica.com.br\/wp\/2025\/11\/25\/com-emprego-e-transferencia-de-renda-rendimento-sobe-70-e-pobreza-cai-ao-piso-em-30-anos\/"]}]},{"@type":"BreadcrumbList","@id":"https:\/\/bahiaeconomica.com.br\/wp\/2025\/11\/25\/com-emprego-e-transferencia-de-renda-rendimento-sobe-70-e-pobreza-cai-ao-piso-em-30-anos\/#breadcrumb","itemListElement":[{"@type":"ListItem","position":1,"name":"In\u00edcio","item":"https:\/\/bahiaeconomica.com.br\/wp\/"},{"@type":"ListItem","position":2,"name":"COM EMPREGO E TRANSFER\u00caNCIA DE RENDA, RENDIMENTO SOBE 70% E POBREZA CAI AO PISO EM 30 ANOS"}]},{"@type":"WebSite","@id":"https:\/\/bahiaeconomica.com.br\/wp\/#website","url":"https:\/\/bahiaeconomica.com.br\/wp\/","name":"Bahia Economica","description":"O maior portal de Economia da Bahia","publisher":{"@id":"https:\/\/bahiaeconomica.com.br\/wp\/#organization"},"potentialAction":[{"@type":"SearchAction","target":{"@type":"EntryPoint","urlTemplate":"https:\/\/bahiaeconomica.com.br\/wp\/?s={search_term_string}"},"query-input":"required name=search_term_string"}],"inLanguage":"pt-BR"},{"@type":"Organization","@id":"https:\/\/bahiaeconomica.com.br\/wp\/#organization","name":"Bahia Econ\u00f4mica","url":"https:\/\/bahiaeconomica.com.br\/wp\/","logo":{"@type":"ImageObject","inLanguage":"pt-BR","@id":"https:\/\/bahiaeconomica.com.br\/wp\/#\/schema\/logo\/image\/","url":"https:\/\/bahiaeconomica.com.br\/wp\/wp-content\/uploads\/2020\/12\/cropped-BE.png","contentUrl":"https:\/\/bahiaeconomica.com.br\/wp\/wp-content\/uploads\/2020\/12\/cropped-BE.png","width":512,"height":512,"caption":"Bahia Econ\u00f4mica"},"image":{"@id":"https:\/\/bahiaeconomica.com.br\/wp\/#\/schema\/logo\/image\/"},"sameAs":["https:\/\/www.facebook.com\/bahiaeconomica"]},{"@type":"Person","@id":"https:\/\/bahiaeconomica.com.br\/wp\/#\/schema\/person\/a17956d0e1112b626f403fb06b8129a9","name":"VICTOR OLIVEIRA","sameAs":["http:\/\/www.bahiaeconomica.com.br"],"url":"https:\/\/bahiaeconomica.com.br\/wp\/author\/victor-oliveira\/"}]}},"views":4,"_links":{"self":[{"href":"https:\/\/bahiaeconomica.com.br\/wp\/wp-json\/wp\/v2\/posts\/955675"}],"collection":[{"href":"https:\/\/bahiaeconomica.com.br\/wp\/wp-json\/wp\/v2\/posts"}],"about":[{"href":"https:\/\/bahiaeconomica.com.br\/wp\/wp-json\/wp\/v2\/types\/post"}],"author":[{"embeddable":true,"href":"https:\/\/bahiaeconomica.com.br\/wp\/wp-json\/wp\/v2\/users\/24"}],"replies":[{"embeddable":true,"href":"https:\/\/bahiaeconomica.com.br\/wp\/wp-json\/wp\/v2\/comments?post=955675"}],"version-history":[{"count":1,"href":"https:\/\/bahiaeconomica.com.br\/wp\/wp-json\/wp\/v2\/posts\/955675\/revisions"}],"predecessor-version":[{"id":955677,"href":"https:\/\/bahiaeconomica.com.br\/wp\/wp-json\/wp\/v2\/posts\/955675\/revisions\/955677"}],"wp:featuredmedia":[{"embeddable":true,"href":"https:\/\/bahiaeconomica.com.br\/wp\/wp-json\/wp\/v2\/media\/947041"}],"wp:attachment":[{"href":"https:\/\/bahiaeconomica.com.br\/wp\/wp-json\/wp\/v2\/media?parent=955675"}],"wp:term":[{"taxonomy":"category","embeddable":true,"href":"https:\/\/bahiaeconomica.com.br\/wp\/wp-json\/wp\/v2\/categories?post=955675"},{"taxonomy":"post_tag","embeddable":true,"href":"https:\/\/bahiaeconomica.com.br\/wp\/wp-json\/wp\/v2\/tags?post=955675"}],"curies":[{"name":"wp","href":"https:\/\/api.w.org\/{rel}","templated":true}]}}