{"id":955406,"date":"2025-11-25T09:20:59","date_gmt":"2025-11-25T12:20:59","guid":{"rendered":"https:\/\/bahiaeconomica.com.br\/wp\/?p=955406"},"modified":"2025-11-25T09:16:12","modified_gmt":"2025-11-25T12:16:12","slug":"proposta-do-governo-do-estado-para-reestruturacao-do-planserv-e-insuficiente-diz-sindicato","status":"publish","type":"post","link":"https:\/\/bahiaeconomica.com.br\/wp\/2025\/11\/25\/proposta-do-governo-do-estado-para-reestruturacao-do-planserv-e-insuficiente-diz-sindicato\/","title":{"rendered":"PROPOSTA DO GOVERNO DO ESTADO PARA REESTRUTURA\u00c7\u00c3O DO PLANSERV \u00c9 INSUFICIENTE, DIZ SINDICATO"},"content":{"rendered":"<p>A proposta de reestrutura\u00e7\u00e3o do Planserv, o plano de sa\u00fade dos servidores estaduais baianos, segue sendo debatida pelo governo e entidades sindicais. No in\u00edcio deste m\u00eas, o Estado apresentou um plano que tem como principal mudan\u00e7a a fixa\u00e7\u00e3o de um percentual \u00fanico para os benefici\u00e1rios. A medida, no entanto, \u00e9 insuficiente para resolver os problemas da assist\u00eancia, segundo servidores. As entidades sindicais t\u00eam discutido contrapropostas para serem apresentadas ao governo. O Sindicato dos Servidores do Poder Judici\u00e1rio do Estado da Bahia (Sinpojud) \u00e9 uma delas. Em nota p\u00fablica, a diretoria afirma que as medidas apresentadas pelo governo n\u00e3o devem garantir a melhoria do servi\u00e7o.<\/p>\n<p>&#8220;As entidades ressaltaram que reconhecem a necessidade de uma reestrutura\u00e7\u00e3o do Planserv, diante dos desafios acumulados ao longo dos anos. No entanto, avaliaram que a proposta apresentada pelo governo \u00e9 insuficiente frente \u00e0 complexidade da situa\u00e7\u00e3o e \u00e0s demandas da categoria&#8221;, afirmam. As rodadas de negocia\u00e7\u00e3o que t\u00eam como foco mudan\u00e7as na forma de cobran\u00e7a do plano continuam nesta semana. No primeiro encontro entre membros do governo e sindicatos, foi apresentada a proposta de fixa\u00e7\u00e3o de um percentual de 6,5% para todos os servidores. O plano, se colocado em pr\u00e1tica, muda a forma do c\u00e1lculo das mensalidades em vigor atualmente. O plano inclui ainda um valor m\u00ednimo de mensalidade, no valor de R$ 120, e teto para a contribui\u00e7\u00e3o, no valor de R$ 1,2 mil.<\/p>\n<p>Os servidores temem o aumento dos custos, sendo que a assist\u00eancia em sa\u00fade \u00e9 cada vez mais prec\u00e1ria. Alguns deles projetam que benefici\u00e1rios poder\u00e3o ter a contribui\u00e7\u00e3o aumentada em mais de 50%, caso a proposta avance. Em meio \u00e0s discuss\u00f5es, uma manifesta\u00e7\u00e3o foi convocada por servidores contra o sucateamento do Planserv. O encontro vai acontecer na quinta-feira (27), em frente ao Hospital de Brotas, em Salvador, \u00e0s 9h30. Durante a primeira reuni\u00e3o, foi dito aos servidores que cerca de 130 mil usu\u00e1rios ser\u00e3o beneficiados com as novas medidas. O quantitativo representa 26% do total de benefici\u00e1rios do plano, que \u00e9 de 500 mil, segundo o pr\u00f3prio governo. Tamb\u00e9m foi apresentado o plano para aumento da contribui\u00e7\u00e3o do Estado.<\/p>\n<p>De acordo com o projeto, o governo aumentaria em 1% a sua contribui\u00e7\u00e3o at\u00e9 2027, sendo 0,5% em 2026 e o restante no ano seguinte.\u00a0 Entre 2015 a 2018, a contribui\u00e7\u00e3o do governo estadual para o plano de sa\u00fade dos servidores caiu de 5% para 2%. H\u00e1 dois anos, o governador Jer\u00f4nimo Rodrigues (PT) reajustou o valor pago para 0,5% &#8211; percentual considerado insatisfat\u00f3rio para conter as despesas da assist\u00eancia. As contas do plano fecharam em 2024 no vermelho pelo segundo ano consecutivo. De acordo com os dados do Portal da Transpar\u00eancia da Bahia, o rombo no ano passado foi de R$ 198 milh\u00f5es. A receita foi de R$ 2 bilh\u00f5es, enquanto a despesa foi na ordem de R$ 2.2 bilh\u00f5es. (Correio)<\/p>\n<p>Cr\u00e9dito: Amanda Palma\/Arquivo CORREIO<\/p>\n","protected":false},"excerpt":{"rendered":"<p>A proposta de reestrutura\u00e7\u00e3o do Planserv, o plano de sa\u00fade dos servidores estaduais baianos, segue sendo debatida pelo governo e entidades sindicais. No in\u00edcio deste m\u00eas, o Estado apresentou um plano que tem como principal mudan\u00e7a a fixa\u00e7\u00e3o de um percentual \u00fanico para os benefici\u00e1rios. A medida, no entanto, \u00e9 insuficiente para resolver os problemas [&hellip;]<\/p>\n","protected":false},"author":8,"featured_media":955407,"comment_status":"closed","ping_status":"closed","sticky":false,"template":"","format":"standard","meta":[],"categories":[3,21],"tags":[85,52,3902,58],"acf":[],"yoast_head":"<!-- This site is optimized with the Yoast SEO plugin v20.8 - https:\/\/yoast.com\/wordpress\/plugins\/seo\/ -->\n<title>PROPOSTA DO GOVERNO DO ESTADO PARA REESTRUTURA\u00c7\u00c3O DO PLANSERV \u00c9 INSUFICIENTE, DIZ SINDICATO - Bahia Economica<\/title>\n<meta name=\"description\" content=\"O maior portal de Economia da Bahia ECONOMIA \/ POL\u00cdTICA, Sa\u00fade \/ Educa\u00e7\u00e3o Bahia Economica\" \/>\n<meta name=\"robots\" content=\"index, follow, max-snippet:-1, max-image-preview:large, max-video-preview:-1\" \/>\n<link rel=\"canonical\" href=\"https:\/\/bahiaeconomica.com.br\/wp\/2025\/11\/25\/proposta-do-governo-do-estado-para-reestruturacao-do-planserv-e-insuficiente-diz-sindicato\/\" \/>\n<meta property=\"og:locale\" content=\"pt_BR\" \/>\n<meta property=\"og:type\" content=\"article\" \/>\n<meta property=\"og:title\" content=\"PROPOSTA DO GOVERNO DO ESTADO PARA REESTRUTURA\u00c7\u00c3O DO PLANSERV \u00c9 INSUFICIENTE, DIZ SINDICATO - Bahia Economica\" \/>\n<meta property=\"og:description\" content=\"O maior portal de Economia da Bahia ECONOMIA \/ POL\u00cdTICA, Sa\u00fade \/ Educa\u00e7\u00e3o Bahia Economica\" \/>\n<meta property=\"og:url\" content=\"https:\/\/bahiaeconomica.com.br\/wp\/2025\/11\/25\/proposta-do-governo-do-estado-para-reestruturacao-do-planserv-e-insuficiente-diz-sindicato\/\" \/>\n<meta property=\"og:site_name\" content=\"Bahia Economica\" \/>\n<meta property=\"article:publisher\" content=\"https:\/\/www.facebook.com\/bahiaeconomica\" \/>\n<meta property=\"article:published_time\" content=\"2025-11-25T12:20:59+00:00\" \/>\n<meta property=\"article:modified_time\" content=\"2025-11-25T12:16:12+00:00\" \/>\n<meta property=\"og:image\" content=\"https:\/\/bahiaeconomica.com.br\/wp\/wp-content\/uploads\/2025\/11\/planserv-1937195-article.jpg\" \/>\n\t<meta property=\"og:image:width\" content=\"601\" \/>\n\t<meta property=\"og:image:height\" content=\"338\" \/>\n\t<meta property=\"og:image:type\" content=\"image\/jpeg\" \/>\n<meta name=\"author\" content=\"JP\" \/>\n<meta name=\"twitter:card\" content=\"summary_large_image\" \/>\n<meta name=\"twitter:label1\" content=\"Escrito por\" \/>\n\t<meta name=\"twitter:data1\" content=\"JP\" \/>\n\t<meta name=\"twitter:label2\" content=\"Est. tempo de leitura\" \/>\n\t<meta name=\"twitter:data2\" content=\"3 minutos\" \/>\n<script type=\"application\/ld+json\" class=\"yoast-schema-graph\">{\"@context\":\"https:\/\/schema.org\",\"@graph\":[{\"@type\":\"Article\",\"@id\":\"https:\/\/bahiaeconomica.com.br\/wp\/2025\/11\/25\/proposta-do-governo-do-estado-para-reestruturacao-do-planserv-e-insuficiente-diz-sindicato\/#article\",\"isPartOf\":{\"@id\":\"https:\/\/bahiaeconomica.com.br\/wp\/2025\/11\/25\/proposta-do-governo-do-estado-para-reestruturacao-do-planserv-e-insuficiente-diz-sindicato\/\"},\"author\":{\"name\":\"JP\",\"@id\":\"https:\/\/bahiaeconomica.com.br\/wp\/#\/schema\/person\/c86d3a3f8960425a0f9d0e5245991f4e\"},\"headline\":\"PROPOSTA DO GOVERNO DO ESTADO PARA REESTRUTURA\u00c7\u00c3O DO PLANSERV \u00c9 INSUFICIENTE, DIZ SINDICATO\",\"datePublished\":\"2025-11-25T12:20:59+00:00\",\"dateModified\":\"2025-11-25T12:16:12+00:00\",\"mainEntityOfPage\":{\"@id\":\"https:\/\/bahiaeconomica.com.br\/wp\/2025\/11\/25\/proposta-do-governo-do-estado-para-reestruturacao-do-planserv-e-insuficiente-diz-sindicato\/\"},\"wordCount\":510,\"publisher\":{\"@id\":\"https:\/\/bahiaeconomica.com.br\/wp\/#organization\"},\"keywords\":[\"Bahia\",\"Brasil\",\"planserv\",\"sa\u00fade\"],\"articleSection\":[\"ECONOMIA \/ POL\u00cdTICA\",\"Sa\u00fade \/ Educa\u00e7\u00e3o\"],\"inLanguage\":\"pt-BR\"},{\"@type\":\"WebPage\",\"@id\":\"https:\/\/bahiaeconomica.com.br\/wp\/2025\/11\/25\/proposta-do-governo-do-estado-para-reestruturacao-do-planserv-e-insuficiente-diz-sindicato\/\",\"url\":\"https:\/\/bahiaeconomica.com.br\/wp\/2025\/11\/25\/proposta-do-governo-do-estado-para-reestruturacao-do-planserv-e-insuficiente-diz-sindicato\/\",\"name\":\"PROPOSTA DO GOVERNO DO ESTADO PARA REESTRUTURA\u00c7\u00c3O DO PLANSERV \u00c9 INSUFICIENTE, DIZ SINDICATO - Bahia Economica\",\"isPartOf\":{\"@id\":\"https:\/\/bahiaeconomica.com.br\/wp\/#website\"},\"datePublished\":\"2025-11-25T12:20:59+00:00\",\"dateModified\":\"2025-11-25T12:16:12+00:00\",\"description\":\"O maior portal de Economia da Bahia ECONOMIA \/ POL\u00cdTICA, Sa\u00fade \/ Educa\u00e7\u00e3o Bahia Economica\",\"breadcrumb\":{\"@id\":\"https:\/\/bahiaeconomica.com.br\/wp\/2025\/11\/25\/proposta-do-governo-do-estado-para-reestruturacao-do-planserv-e-insuficiente-diz-sindicato\/#breadcrumb\"},\"inLanguage\":\"pt-BR\",\"potentialAction\":[{\"@type\":\"ReadAction\",\"target\":[\"https:\/\/bahiaeconomica.com.br\/wp\/2025\/11\/25\/proposta-do-governo-do-estado-para-reestruturacao-do-planserv-e-insuficiente-diz-sindicato\/\"]}]},{\"@type\":\"BreadcrumbList\",\"@id\":\"https:\/\/bahiaeconomica.com.br\/wp\/2025\/11\/25\/proposta-do-governo-do-estado-para-reestruturacao-do-planserv-e-insuficiente-diz-sindicato\/#breadcrumb\",\"itemListElement\":[{\"@type\":\"ListItem\",\"position\":1,\"name\":\"In\u00edcio\",\"item\":\"https:\/\/bahiaeconomica.com.br\/wp\/\"},{\"@type\":\"ListItem\",\"position\":2,\"name\":\"PROPOSTA DO GOVERNO DO ESTADO PARA REESTRUTURA\u00c7\u00c3O DO PLANSERV \u00c9 INSUFICIENTE, DIZ SINDICATO\"}]},{\"@type\":\"WebSite\",\"@id\":\"https:\/\/bahiaeconomica.com.br\/wp\/#website\",\"url\":\"https:\/\/bahiaeconomica.com.br\/wp\/\",\"name\":\"Bahia Economica\",\"description\":\"O maior portal de Economia da Bahia\",\"publisher\":{\"@id\":\"https:\/\/bahiaeconomica.com.br\/wp\/#organization\"},\"potentialAction\":[{\"@type\":\"SearchAction\",\"target\":{\"@type\":\"EntryPoint\",\"urlTemplate\":\"https:\/\/bahiaeconomica.com.br\/wp\/?s={search_term_string}\"},\"query-input\":\"required name=search_term_string\"}],\"inLanguage\":\"pt-BR\"},{\"@type\":\"Organization\",\"@id\":\"https:\/\/bahiaeconomica.com.br\/wp\/#organization\",\"name\":\"Bahia Econ\u00f4mica\",\"url\":\"https:\/\/bahiaeconomica.com.br\/wp\/\",\"logo\":{\"@type\":\"ImageObject\",\"inLanguage\":\"pt-BR\",\"@id\":\"https:\/\/bahiaeconomica.com.br\/wp\/#\/schema\/logo\/image\/\",\"url\":\"https:\/\/bahiaeconomica.com.br\/wp\/wp-content\/uploads\/2020\/12\/cropped-BE.png\",\"contentUrl\":\"https:\/\/bahiaeconomica.com.br\/wp\/wp-content\/uploads\/2020\/12\/cropped-BE.png\",\"width\":512,\"height\":512,\"caption\":\"Bahia Econ\u00f4mica\"},\"image\":{\"@id\":\"https:\/\/bahiaeconomica.com.br\/wp\/#\/schema\/logo\/image\/\"},\"sameAs\":[\"https:\/\/www.facebook.com\/bahiaeconomica\"]},{\"@type\":\"Person\",\"@id\":\"https:\/\/bahiaeconomica.com.br\/wp\/#\/schema\/person\/c86d3a3f8960425a0f9d0e5245991f4e\",\"name\":\"JP\",\"sameAs\":[\"https:\/\/bahiaeconomica.com.br\/wp\/beta\/\"],\"url\":\"https:\/\/bahiaeconomica.com.br\/wp\/author\/jp\/\"}]}<\/script>\n<!-- \/ Yoast SEO plugin. -->","yoast_head_json":{"title":"PROPOSTA DO GOVERNO DO ESTADO PARA REESTRUTURA\u00c7\u00c3O DO PLANSERV \u00c9 INSUFICIENTE, DIZ SINDICATO - Bahia Economica","description":"O maior portal de Economia da Bahia ECONOMIA \/ POL\u00cdTICA, Sa\u00fade \/ Educa\u00e7\u00e3o Bahia Economica","robots":{"index":"index","follow":"follow","max-snippet":"max-snippet:-1","max-image-preview":"max-image-preview:large","max-video-preview":"max-video-preview:-1"},"canonical":"https:\/\/bahiaeconomica.com.br\/wp\/2025\/11\/25\/proposta-do-governo-do-estado-para-reestruturacao-do-planserv-e-insuficiente-diz-sindicato\/","og_locale":"pt_BR","og_type":"article","og_title":"PROPOSTA DO GOVERNO DO ESTADO PARA REESTRUTURA\u00c7\u00c3O DO PLANSERV \u00c9 INSUFICIENTE, DIZ SINDICATO - Bahia Economica","og_description":"O maior portal de Economia da Bahia ECONOMIA \/ POL\u00cdTICA, Sa\u00fade \/ Educa\u00e7\u00e3o Bahia Economica","og_url":"https:\/\/bahiaeconomica.com.br\/wp\/2025\/11\/25\/proposta-do-governo-do-estado-para-reestruturacao-do-planserv-e-insuficiente-diz-sindicato\/","og_site_name":"Bahia Economica","article_publisher":"https:\/\/www.facebook.com\/bahiaeconomica","article_published_time":"2025-11-25T12:20:59+00:00","article_modified_time":"2025-11-25T12:16:12+00:00","og_image":[{"width":601,"height":338,"url":"https:\/\/bahiaeconomica.com.br\/wp\/wp-content\/uploads\/2025\/11\/planserv-1937195-article.jpg","type":"image\/jpeg"}],"author":"JP","twitter_card":"summary_large_image","twitter_misc":{"Escrito por":"JP","Est. tempo de leitura":"3 minutos"},"schema":{"@context":"https:\/\/schema.org","@graph":[{"@type":"Article","@id":"https:\/\/bahiaeconomica.com.br\/wp\/2025\/11\/25\/proposta-do-governo-do-estado-para-reestruturacao-do-planserv-e-insuficiente-diz-sindicato\/#article","isPartOf":{"@id":"https:\/\/bahiaeconomica.com.br\/wp\/2025\/11\/25\/proposta-do-governo-do-estado-para-reestruturacao-do-planserv-e-insuficiente-diz-sindicato\/"},"author":{"name":"JP","@id":"https:\/\/bahiaeconomica.com.br\/wp\/#\/schema\/person\/c86d3a3f8960425a0f9d0e5245991f4e"},"headline":"PROPOSTA DO GOVERNO DO ESTADO PARA REESTRUTURA\u00c7\u00c3O DO PLANSERV \u00c9 INSUFICIENTE, DIZ SINDICATO","datePublished":"2025-11-25T12:20:59+00:00","dateModified":"2025-11-25T12:16:12+00:00","mainEntityOfPage":{"@id":"https:\/\/bahiaeconomica.com.br\/wp\/2025\/11\/25\/proposta-do-governo-do-estado-para-reestruturacao-do-planserv-e-insuficiente-diz-sindicato\/"},"wordCount":510,"publisher":{"@id":"https:\/\/bahiaeconomica.com.br\/wp\/#organization"},"keywords":["Bahia","Brasil","planserv","sa\u00fade"],"articleSection":["ECONOMIA \/ POL\u00cdTICA","Sa\u00fade \/ Educa\u00e7\u00e3o"],"inLanguage":"pt-BR"},{"@type":"WebPage","@id":"https:\/\/bahiaeconomica.com.br\/wp\/2025\/11\/25\/proposta-do-governo-do-estado-para-reestruturacao-do-planserv-e-insuficiente-diz-sindicato\/","url":"https:\/\/bahiaeconomica.com.br\/wp\/2025\/11\/25\/proposta-do-governo-do-estado-para-reestruturacao-do-planserv-e-insuficiente-diz-sindicato\/","name":"PROPOSTA DO GOVERNO DO ESTADO PARA REESTRUTURA\u00c7\u00c3O DO PLANSERV \u00c9 INSUFICIENTE, DIZ SINDICATO - Bahia Economica","isPartOf":{"@id":"https:\/\/bahiaeconomica.com.br\/wp\/#website"},"datePublished":"2025-11-25T12:20:59+00:00","dateModified":"2025-11-25T12:16:12+00:00","description":"O maior portal de Economia da Bahia ECONOMIA \/ POL\u00cdTICA, Sa\u00fade \/ Educa\u00e7\u00e3o Bahia Economica","breadcrumb":{"@id":"https:\/\/bahiaeconomica.com.br\/wp\/2025\/11\/25\/proposta-do-governo-do-estado-para-reestruturacao-do-planserv-e-insuficiente-diz-sindicato\/#breadcrumb"},"inLanguage":"pt-BR","potentialAction":[{"@type":"ReadAction","target":["https:\/\/bahiaeconomica.com.br\/wp\/2025\/11\/25\/proposta-do-governo-do-estado-para-reestruturacao-do-planserv-e-insuficiente-diz-sindicato\/"]}]},{"@type":"BreadcrumbList","@id":"https:\/\/bahiaeconomica.com.br\/wp\/2025\/11\/25\/proposta-do-governo-do-estado-para-reestruturacao-do-planserv-e-insuficiente-diz-sindicato\/#breadcrumb","itemListElement":[{"@type":"ListItem","position":1,"name":"In\u00edcio","item":"https:\/\/bahiaeconomica.com.br\/wp\/"},{"@type":"ListItem","position":2,"name":"PROPOSTA DO GOVERNO DO ESTADO PARA REESTRUTURA\u00c7\u00c3O DO PLANSERV \u00c9 INSUFICIENTE, DIZ SINDICATO"}]},{"@type":"WebSite","@id":"https:\/\/bahiaeconomica.com.br\/wp\/#website","url":"https:\/\/bahiaeconomica.com.br\/wp\/","name":"Bahia Economica","description":"O maior portal de Economia da Bahia","publisher":{"@id":"https:\/\/bahiaeconomica.com.br\/wp\/#organization"},"potentialAction":[{"@type":"SearchAction","target":{"@type":"EntryPoint","urlTemplate":"https:\/\/bahiaeconomica.com.br\/wp\/?s={search_term_string}"},"query-input":"required name=search_term_string"}],"inLanguage":"pt-BR"},{"@type":"Organization","@id":"https:\/\/bahiaeconomica.com.br\/wp\/#organization","name":"Bahia Econ\u00f4mica","url":"https:\/\/bahiaeconomica.com.br\/wp\/","logo":{"@type":"ImageObject","inLanguage":"pt-BR","@id":"https:\/\/bahiaeconomica.com.br\/wp\/#\/schema\/logo\/image\/","url":"https:\/\/bahiaeconomica.com.br\/wp\/wp-content\/uploads\/2020\/12\/cropped-BE.png","contentUrl":"https:\/\/bahiaeconomica.com.br\/wp\/wp-content\/uploads\/2020\/12\/cropped-BE.png","width":512,"height":512,"caption":"Bahia Econ\u00f4mica"},"image":{"@id":"https:\/\/bahiaeconomica.com.br\/wp\/#\/schema\/logo\/image\/"},"sameAs":["https:\/\/www.facebook.com\/bahiaeconomica"]},{"@type":"Person","@id":"https:\/\/bahiaeconomica.com.br\/wp\/#\/schema\/person\/c86d3a3f8960425a0f9d0e5245991f4e","name":"JP","sameAs":["https:\/\/bahiaeconomica.com.br\/wp\/beta\/"],"url":"https:\/\/bahiaeconomica.com.br\/wp\/author\/jp\/"}]}},"views":39,"_links":{"self":[{"href":"https:\/\/bahiaeconomica.com.br\/wp\/wp-json\/wp\/v2\/posts\/955406"}],"collection":[{"href":"https:\/\/bahiaeconomica.com.br\/wp\/wp-json\/wp\/v2\/posts"}],"about":[{"href":"https:\/\/bahiaeconomica.com.br\/wp\/wp-json\/wp\/v2\/types\/post"}],"author":[{"embeddable":true,"href":"https:\/\/bahiaeconomica.com.br\/wp\/wp-json\/wp\/v2\/users\/8"}],"replies":[{"embeddable":true,"href":"https:\/\/bahiaeconomica.com.br\/wp\/wp-json\/wp\/v2\/comments?post=955406"}],"version-history":[{"count":1,"href":"https:\/\/bahiaeconomica.com.br\/wp\/wp-json\/wp\/v2\/posts\/955406\/revisions"}],"predecessor-version":[{"id":955408,"href":"https:\/\/bahiaeconomica.com.br\/wp\/wp-json\/wp\/v2\/posts\/955406\/revisions\/955408"}],"wp:featuredmedia":[{"embeddable":true,"href":"https:\/\/bahiaeconomica.com.br\/wp\/wp-json\/wp\/v2\/media\/955407"}],"wp:attachment":[{"href":"https:\/\/bahiaeconomica.com.br\/wp\/wp-json\/wp\/v2\/media?parent=955406"}],"wp:term":[{"taxonomy":"category","embeddable":true,"href":"https:\/\/bahiaeconomica.com.br\/wp\/wp-json\/wp\/v2\/categories?post=955406"},{"taxonomy":"post_tag","embeddable":true,"href":"https:\/\/bahiaeconomica.com.br\/wp\/wp-json\/wp\/v2\/tags?post=955406"}],"curies":[{"name":"wp","href":"https:\/\/api.w.org\/{rel}","templated":true}]}}