{"id":954866,"date":"2025-11-21T18:32:30","date_gmt":"2025-11-21T21:32:30","guid":{"rendered":"https:\/\/bahiaeconomica.com.br\/wp\/?p=954866"},"modified":"2025-11-21T17:55:13","modified_gmt":"2025-11-21T20:55:13","slug":"metro-prepara-operacao-especial-para-jogo-do-bahia-contra-vasco-na-arena-fonte-nova","status":"publish","type":"post","link":"https:\/\/bahiaeconomica.com.br\/wp\/2025\/11\/21\/metro-prepara-operacao-especial-para-jogo-do-bahia-contra-vasco-na-arena-fonte-nova\/","title":{"rendered":"METR\u00d4 PREPARA OPERA\u00c7\u00c3O ESPECIAL PARA JOGO DO BAHIA CONTRA VASCO NA ARENA FONTE NOVA"},"content":{"rendered":"<p>O Metr\u00f4 Bahia realiza mais uma opera\u00e7\u00e3o especial para os torcedores que v\u00e3o assistir \u00e0 partida entre Bahia e Vasco, neste domingo (23), na Arena Fonte Nova. A partida ter\u00e1 in\u00edcio \u00e0s 16h.<\/p>\n<p>A Esta\u00e7\u00e3o Campo da P\u00f3lvora, a mais pr\u00f3xima do est\u00e1dio, contar\u00e1 com refor\u00e7o no quadro de Agentes de Atendimento e Seguran\u00e7a (AAS).<\/p>\n<p>Al\u00e9m disso, a concession\u00e1ria ampliar\u00e1 a quantidade de viagens dos trens conforme a demanda. \u201cNosso objetivo \u00e9 garantir que os torcedores tenham uma experi\u00eancia segura no sistema metrovi\u00e1rio, com uma opera\u00e7\u00e3o eficiente, equipes refor\u00e7adas e mais viagens para agilizar o deslocamento at\u00e9 o est\u00e1dio e o retorno para casa\u201d, afirma Cleone Garcia, Gerente de Esta\u00e7\u00f5es e Terminais da concession\u00e1ria.<\/p>\n","protected":false},"excerpt":{"rendered":"<p>O Metr\u00f4 Bahia realiza mais uma opera\u00e7\u00e3o especial para os torcedores que v\u00e3o assistir \u00e0 partida entre Bahia e Vasco, neste domingo (23), na Arena Fonte Nova. A partida ter\u00e1 in\u00edcio \u00e0s 16h. A Esta\u00e7\u00e3o Campo da P\u00f3lvora, a mais pr\u00f3xima do est\u00e1dio, contar\u00e1 com refor\u00e7o no quadro de Agentes de Atendimento e Seguran\u00e7a (AAS). [&hellip;]<\/p>\n","protected":false},"author":22,"featured_media":813927,"comment_status":"closed","ping_status":"closed","sticky":false,"template":"","format":"standard","meta":[],"categories":[5],"tags":[85,5207,1437,1527,843,1053,1343,1077],"acf":[],"yoast_head":"<!-- This site is optimized with the Yoast SEO plugin v20.8 - https:\/\/yoast.com\/wordpress\/plugins\/seo\/ -->\n<title>METR\u00d4 PREPARA OPERA\u00c7\u00c3O ESPECIAL PARA JOGO DO BAHIA CONTRA VASCO NA ARENA FONTE NOVA - Bahia Economica<\/title>\n<meta name=\"description\" content=\"O maior portal de Economia da Bahia MUNIC\u00cdPIOS Bahia Economica\" \/>\n<meta name=\"robots\" content=\"index, follow, max-snippet:-1, max-image-preview:large, max-video-preview:-1\" \/>\n<link rel=\"canonical\" href=\"https:\/\/bahiaeconomica.com.br\/wp\/2025\/11\/21\/metro-prepara-operacao-especial-para-jogo-do-bahia-contra-vasco-na-arena-fonte-nova\/\" \/>\n<meta property=\"og:locale\" content=\"pt_BR\" \/>\n<meta property=\"og:type\" content=\"article\" \/>\n<meta property=\"og:title\" content=\"METR\u00d4 PREPARA OPERA\u00c7\u00c3O ESPECIAL PARA JOGO DO BAHIA CONTRA VASCO NA ARENA FONTE NOVA - Bahia Economica\" \/>\n<meta property=\"og:description\" content=\"O maior portal de Economia da Bahia MUNIC\u00cdPIOS Bahia Economica\" \/>\n<meta property=\"og:url\" content=\"https:\/\/bahiaeconomica.com.br\/wp\/2025\/11\/21\/metro-prepara-operacao-especial-para-jogo-do-bahia-contra-vasco-na-arena-fonte-nova\/\" \/>\n<meta property=\"og:site_name\" content=\"Bahia Economica\" \/>\n<meta property=\"article:publisher\" content=\"https:\/\/www.facebook.com\/bahiaeconomica\" \/>\n<meta property=\"article:published_time\" content=\"2025-11-21T21:32:30+00:00\" \/>\n<meta property=\"article:modified_time\" content=\"2025-11-21T20:55:13+00:00\" \/>\n<meta property=\"og:image\" content=\"https:\/\/bahiaeconomica.com.br\/wp\/wp-content\/uploads\/2024\/04\/CCR-Metro-Bahia-3-1-2048x1365-1.webp\" \/>\n\t<meta property=\"og:image:width\" content=\"2048\" \/>\n\t<meta property=\"og:image:height\" content=\"1365\" \/>\n\t<meta property=\"og:image:type\" content=\"image\/webp\" \/>\n<meta name=\"author\" content=\"Matheus Souza\" \/>\n<meta name=\"twitter:card\" content=\"summary_large_image\" \/>\n<meta name=\"twitter:label1\" content=\"Escrito por\" \/>\n\t<meta name=\"twitter:data1\" content=\"Matheus Souza\" \/>\n\t<meta name=\"twitter:label2\" content=\"Est. tempo de leitura\" \/>\n\t<meta name=\"twitter:data2\" content=\"1 minuto\" \/>\n<script type=\"application\/ld+json\" class=\"yoast-schema-graph\">{\"@context\":\"https:\/\/schema.org\",\"@graph\":[{\"@type\":\"Article\",\"@id\":\"https:\/\/bahiaeconomica.com.br\/wp\/2025\/11\/21\/metro-prepara-operacao-especial-para-jogo-do-bahia-contra-vasco-na-arena-fonte-nova\/#article\",\"isPartOf\":{\"@id\":\"https:\/\/bahiaeconomica.com.br\/wp\/2025\/11\/21\/metro-prepara-operacao-especial-para-jogo-do-bahia-contra-vasco-na-arena-fonte-nova\/\"},\"author\":{\"name\":\"Matheus Souza\",\"@id\":\"https:\/\/bahiaeconomica.com.br\/wp\/#\/schema\/person\/3304d50cfd32353c7d08c39066638997\"},\"headline\":\"METR\u00d4 PREPARA OPERA\u00c7\u00c3O ESPECIAL PARA JOGO DO BAHIA CONTRA VASCO NA ARENA FONTE NOVA\",\"datePublished\":\"2025-11-21T21:32:30+00:00\",\"dateModified\":\"2025-11-21T20:55:13+00:00\",\"mainEntityOfPage\":{\"@id\":\"https:\/\/bahiaeconomica.com.br\/wp\/2025\/11\/21\/metro-prepara-operacao-especial-para-jogo-do-bahia-contra-vasco-na-arena-fonte-nova\/\"},\"wordCount\":144,\"publisher\":{\"@id\":\"https:\/\/bahiaeconomica.com.br\/wp\/#organization\"},\"keywords\":[\"Bahia\",\"Especial\",\"fonte nova\",\"futebol\",\"jogo\",\"Metr\u00f4\",\"opera\u00e7\u00e3o\",\"vasco\"],\"articleSection\":[\"MUNIC\u00cdPIOS\"],\"inLanguage\":\"pt-BR\"},{\"@type\":\"WebPage\",\"@id\":\"https:\/\/bahiaeconomica.com.br\/wp\/2025\/11\/21\/metro-prepara-operacao-especial-para-jogo-do-bahia-contra-vasco-na-arena-fonte-nova\/\",\"url\":\"https:\/\/bahiaeconomica.com.br\/wp\/2025\/11\/21\/metro-prepara-operacao-especial-para-jogo-do-bahia-contra-vasco-na-arena-fonte-nova\/\",\"name\":\"METR\u00d4 PREPARA OPERA\u00c7\u00c3O ESPECIAL PARA JOGO DO BAHIA CONTRA VASCO NA ARENA FONTE NOVA - Bahia Economica\",\"isPartOf\":{\"@id\":\"https:\/\/bahiaeconomica.com.br\/wp\/#website\"},\"datePublished\":\"2025-11-21T21:32:30+00:00\",\"dateModified\":\"2025-11-21T20:55:13+00:00\",\"description\":\"O maior portal de Economia da Bahia MUNIC\u00cdPIOS Bahia Economica\",\"breadcrumb\":{\"@id\":\"https:\/\/bahiaeconomica.com.br\/wp\/2025\/11\/21\/metro-prepara-operacao-especial-para-jogo-do-bahia-contra-vasco-na-arena-fonte-nova\/#breadcrumb\"},\"inLanguage\":\"pt-BR\",\"potentialAction\":[{\"@type\":\"ReadAction\",\"target\":[\"https:\/\/bahiaeconomica.com.br\/wp\/2025\/11\/21\/metro-prepara-operacao-especial-para-jogo-do-bahia-contra-vasco-na-arena-fonte-nova\/\"]}]},{\"@type\":\"BreadcrumbList\",\"@id\":\"https:\/\/bahiaeconomica.com.br\/wp\/2025\/11\/21\/metro-prepara-operacao-especial-para-jogo-do-bahia-contra-vasco-na-arena-fonte-nova\/#breadcrumb\",\"itemListElement\":[{\"@type\":\"ListItem\",\"position\":1,\"name\":\"In\u00edcio\",\"item\":\"https:\/\/bahiaeconomica.com.br\/wp\/\"},{\"@type\":\"ListItem\",\"position\":2,\"name\":\"METR\u00d4 PREPARA OPERA\u00c7\u00c3O ESPECIAL PARA JOGO DO BAHIA CONTRA VASCO NA ARENA FONTE NOVA\"}]},{\"@type\":\"WebSite\",\"@id\":\"https:\/\/bahiaeconomica.com.br\/wp\/#website\",\"url\":\"https:\/\/bahiaeconomica.com.br\/wp\/\",\"name\":\"Bahia Economica\",\"description\":\"O maior portal de Economia da Bahia\",\"publisher\":{\"@id\":\"https:\/\/bahiaeconomica.com.br\/wp\/#organization\"},\"potentialAction\":[{\"@type\":\"SearchAction\",\"target\":{\"@type\":\"EntryPoint\",\"urlTemplate\":\"https:\/\/bahiaeconomica.com.br\/wp\/?s={search_term_string}\"},\"query-input\":\"required name=search_term_string\"}],\"inLanguage\":\"pt-BR\"},{\"@type\":\"Organization\",\"@id\":\"https:\/\/bahiaeconomica.com.br\/wp\/#organization\",\"name\":\"Bahia Econ\u00f4mica\",\"url\":\"https:\/\/bahiaeconomica.com.br\/wp\/\",\"logo\":{\"@type\":\"ImageObject\",\"inLanguage\":\"pt-BR\",\"@id\":\"https:\/\/bahiaeconomica.com.br\/wp\/#\/schema\/logo\/image\/\",\"url\":\"https:\/\/bahiaeconomica.com.br\/wp\/wp-content\/uploads\/2020\/12\/cropped-BE.png\",\"contentUrl\":\"https:\/\/bahiaeconomica.com.br\/wp\/wp-content\/uploads\/2020\/12\/cropped-BE.png\",\"width\":512,\"height\":512,\"caption\":\"Bahia Econ\u00f4mica\"},\"image\":{\"@id\":\"https:\/\/bahiaeconomica.com.br\/wp\/#\/schema\/logo\/image\/\"},\"sameAs\":[\"https:\/\/www.facebook.com\/bahiaeconomica\"]},{\"@type\":\"Person\",\"@id\":\"https:\/\/bahiaeconomica.com.br\/wp\/#\/schema\/person\/3304d50cfd32353c7d08c39066638997\",\"name\":\"Matheus Souza\",\"sameAs\":[\"http:\/\/www.bahiaeconomica.com.br\"],\"url\":\"https:\/\/bahiaeconomica.com.br\/wp\/author\/matheus-souza\/\"}]}<\/script>\n<!-- \/ Yoast SEO plugin. -->","yoast_head_json":{"title":"METR\u00d4 PREPARA OPERA\u00c7\u00c3O ESPECIAL PARA JOGO DO BAHIA CONTRA VASCO NA ARENA FONTE NOVA - Bahia Economica","description":"O maior portal de Economia da Bahia MUNIC\u00cdPIOS Bahia Economica","robots":{"index":"index","follow":"follow","max-snippet":"max-snippet:-1","max-image-preview":"max-image-preview:large","max-video-preview":"max-video-preview:-1"},"canonical":"https:\/\/bahiaeconomica.com.br\/wp\/2025\/11\/21\/metro-prepara-operacao-especial-para-jogo-do-bahia-contra-vasco-na-arena-fonte-nova\/","og_locale":"pt_BR","og_type":"article","og_title":"METR\u00d4 PREPARA OPERA\u00c7\u00c3O ESPECIAL PARA JOGO DO BAHIA CONTRA VASCO NA ARENA FONTE NOVA - Bahia Economica","og_description":"O maior portal de Economia da Bahia MUNIC\u00cdPIOS Bahia Economica","og_url":"https:\/\/bahiaeconomica.com.br\/wp\/2025\/11\/21\/metro-prepara-operacao-especial-para-jogo-do-bahia-contra-vasco-na-arena-fonte-nova\/","og_site_name":"Bahia Economica","article_publisher":"https:\/\/www.facebook.com\/bahiaeconomica","article_published_time":"2025-11-21T21:32:30+00:00","article_modified_time":"2025-11-21T20:55:13+00:00","og_image":[{"width":2048,"height":1365,"url":"https:\/\/bahiaeconomica.com.br\/wp\/wp-content\/uploads\/2024\/04\/CCR-Metro-Bahia-3-1-2048x1365-1.webp","type":"image\/webp"}],"author":"Matheus Souza","twitter_card":"summary_large_image","twitter_misc":{"Escrito por":"Matheus Souza","Est. tempo de leitura":"1 minuto"},"schema":{"@context":"https:\/\/schema.org","@graph":[{"@type":"Article","@id":"https:\/\/bahiaeconomica.com.br\/wp\/2025\/11\/21\/metro-prepara-operacao-especial-para-jogo-do-bahia-contra-vasco-na-arena-fonte-nova\/#article","isPartOf":{"@id":"https:\/\/bahiaeconomica.com.br\/wp\/2025\/11\/21\/metro-prepara-operacao-especial-para-jogo-do-bahia-contra-vasco-na-arena-fonte-nova\/"},"author":{"name":"Matheus Souza","@id":"https:\/\/bahiaeconomica.com.br\/wp\/#\/schema\/person\/3304d50cfd32353c7d08c39066638997"},"headline":"METR\u00d4 PREPARA OPERA\u00c7\u00c3O ESPECIAL PARA JOGO DO BAHIA CONTRA VASCO NA ARENA FONTE NOVA","datePublished":"2025-11-21T21:32:30+00:00","dateModified":"2025-11-21T20:55:13+00:00","mainEntityOfPage":{"@id":"https:\/\/bahiaeconomica.com.br\/wp\/2025\/11\/21\/metro-prepara-operacao-especial-para-jogo-do-bahia-contra-vasco-na-arena-fonte-nova\/"},"wordCount":144,"publisher":{"@id":"https:\/\/bahiaeconomica.com.br\/wp\/#organization"},"keywords":["Bahia","Especial","fonte nova","futebol","jogo","Metr\u00f4","opera\u00e7\u00e3o","vasco"],"articleSection":["MUNIC\u00cdPIOS"],"inLanguage":"pt-BR"},{"@type":"WebPage","@id":"https:\/\/bahiaeconomica.com.br\/wp\/2025\/11\/21\/metro-prepara-operacao-especial-para-jogo-do-bahia-contra-vasco-na-arena-fonte-nova\/","url":"https:\/\/bahiaeconomica.com.br\/wp\/2025\/11\/21\/metro-prepara-operacao-especial-para-jogo-do-bahia-contra-vasco-na-arena-fonte-nova\/","name":"METR\u00d4 PREPARA OPERA\u00c7\u00c3O ESPECIAL PARA JOGO DO BAHIA CONTRA VASCO NA ARENA FONTE NOVA - Bahia Economica","isPartOf":{"@id":"https:\/\/bahiaeconomica.com.br\/wp\/#website"},"datePublished":"2025-11-21T21:32:30+00:00","dateModified":"2025-11-21T20:55:13+00:00","description":"O maior portal de Economia da Bahia MUNIC\u00cdPIOS Bahia Economica","breadcrumb":{"@id":"https:\/\/bahiaeconomica.com.br\/wp\/2025\/11\/21\/metro-prepara-operacao-especial-para-jogo-do-bahia-contra-vasco-na-arena-fonte-nova\/#breadcrumb"},"inLanguage":"pt-BR","potentialAction":[{"@type":"ReadAction","target":["https:\/\/bahiaeconomica.com.br\/wp\/2025\/11\/21\/metro-prepara-operacao-especial-para-jogo-do-bahia-contra-vasco-na-arena-fonte-nova\/"]}]},{"@type":"BreadcrumbList","@id":"https:\/\/bahiaeconomica.com.br\/wp\/2025\/11\/21\/metro-prepara-operacao-especial-para-jogo-do-bahia-contra-vasco-na-arena-fonte-nova\/#breadcrumb","itemListElement":[{"@type":"ListItem","position":1,"name":"In\u00edcio","item":"https:\/\/bahiaeconomica.com.br\/wp\/"},{"@type":"ListItem","position":2,"name":"METR\u00d4 PREPARA OPERA\u00c7\u00c3O ESPECIAL PARA JOGO DO BAHIA CONTRA VASCO NA ARENA FONTE NOVA"}]},{"@type":"WebSite","@id":"https:\/\/bahiaeconomica.com.br\/wp\/#website","url":"https:\/\/bahiaeconomica.com.br\/wp\/","name":"Bahia Economica","description":"O maior portal de Economia da Bahia","publisher":{"@id":"https:\/\/bahiaeconomica.com.br\/wp\/#organization"},"potentialAction":[{"@type":"SearchAction","target":{"@type":"EntryPoint","urlTemplate":"https:\/\/bahiaeconomica.com.br\/wp\/?s={search_term_string}"},"query-input":"required name=search_term_string"}],"inLanguage":"pt-BR"},{"@type":"Organization","@id":"https:\/\/bahiaeconomica.com.br\/wp\/#organization","name":"Bahia Econ\u00f4mica","url":"https:\/\/bahiaeconomica.com.br\/wp\/","logo":{"@type":"ImageObject","inLanguage":"pt-BR","@id":"https:\/\/bahiaeconomica.com.br\/wp\/#\/schema\/logo\/image\/","url":"https:\/\/bahiaeconomica.com.br\/wp\/wp-content\/uploads\/2020\/12\/cropped-BE.png","contentUrl":"https:\/\/bahiaeconomica.com.br\/wp\/wp-content\/uploads\/2020\/12\/cropped-BE.png","width":512,"height":512,"caption":"Bahia Econ\u00f4mica"},"image":{"@id":"https:\/\/bahiaeconomica.com.br\/wp\/#\/schema\/logo\/image\/"},"sameAs":["https:\/\/www.facebook.com\/bahiaeconomica"]},{"@type":"Person","@id":"https:\/\/bahiaeconomica.com.br\/wp\/#\/schema\/person\/3304d50cfd32353c7d08c39066638997","name":"Matheus Souza","sameAs":["http:\/\/www.bahiaeconomica.com.br"],"url":"https:\/\/bahiaeconomica.com.br\/wp\/author\/matheus-souza\/"}]}},"views":10,"_links":{"self":[{"href":"https:\/\/bahiaeconomica.com.br\/wp\/wp-json\/wp\/v2\/posts\/954866"}],"collection":[{"href":"https:\/\/bahiaeconomica.com.br\/wp\/wp-json\/wp\/v2\/posts"}],"about":[{"href":"https:\/\/bahiaeconomica.com.br\/wp\/wp-json\/wp\/v2\/types\/post"}],"author":[{"embeddable":true,"href":"https:\/\/bahiaeconomica.com.br\/wp\/wp-json\/wp\/v2\/users\/22"}],"replies":[{"embeddable":true,"href":"https:\/\/bahiaeconomica.com.br\/wp\/wp-json\/wp\/v2\/comments?post=954866"}],"version-history":[{"count":1,"href":"https:\/\/bahiaeconomica.com.br\/wp\/wp-json\/wp\/v2\/posts\/954866\/revisions"}],"predecessor-version":[{"id":954882,"href":"https:\/\/bahiaeconomica.com.br\/wp\/wp-json\/wp\/v2\/posts\/954866\/revisions\/954882"}],"wp:featuredmedia":[{"embeddable":true,"href":"https:\/\/bahiaeconomica.com.br\/wp\/wp-json\/wp\/v2\/media\/813927"}],"wp:attachment":[{"href":"https:\/\/bahiaeconomica.com.br\/wp\/wp-json\/wp\/v2\/media?parent=954866"}],"wp:term":[{"taxonomy":"category","embeddable":true,"href":"https:\/\/bahiaeconomica.com.br\/wp\/wp-json\/wp\/v2\/categories?post=954866"},{"taxonomy":"post_tag","embeddable":true,"href":"https:\/\/bahiaeconomica.com.br\/wp\/wp-json\/wp\/v2\/tags?post=954866"}],"curies":[{"name":"wp","href":"https:\/\/api.w.org\/{rel}","templated":true}]}}