{"id":954524,"date":"2025-11-21T10:00:31","date_gmt":"2025-11-21T13:00:31","guid":{"rendered":"https:\/\/bahiaeconomica.com.br\/wp\/?p=954524"},"modified":"2025-11-21T09:25:13","modified_gmt":"2025-11-21T12:25:13","slug":"secretario-felipe-freitas-lamenta-desmonte-do-pl-antifaccao-e-espera-que-o-senado-reforce-o-combate-ao-crime","status":"publish","type":"post","link":"https:\/\/bahiaeconomica.com.br\/wp\/2025\/11\/21\/secretario-felipe-freitas-lamenta-desmonte-do-pl-antifaccao-e-espera-que-o-senado-reforce-o-combate-ao-crime\/","title":{"rendered":"SECRET\u00c1RIO FELIPE FREITAS LAMENTA DESMONTE DO PL ANTIFAC\u00c7\u00c3O E ESPERA QUE O SENADO REFORCE O COMBATE AO CRIME"},"content":{"rendered":"<p>O Secret\u00e1rio de Justi\u00e7a e Direitos Humanos da Bahia, Felipe Freitas, manifestou profunda preocupa\u00e7\u00e3o com as mudan\u00e7as introduzidas pelo relator no Projeto de Lei (PL) Antifac\u00e7\u00e3o na C\u00e2mara dos Deputados. Freitas classificou a decis\u00e3o como uma &#8220;p\u00e9ssima not\u00edcia para o povo brasileiro&#8221;, afirmando que a vers\u00e3o aprovada representa um retrocesso no combate efetivo ao crime organizado e \u00e0 viol\u00eancia no pa\u00eds.<\/p>\n<p>Segundo o secret\u00e1rio, a oposi\u00e7\u00e3o optou pela &#8220;bravata&#8221; ao desidratar a proposta original do governo do Brasil que tratava do tema. A avalia\u00e7\u00e3o cr\u00edtica de Freitas destaca o receio de que a legisla\u00e7\u00e3o, tal como aprovada, falhe em cumprir o objetivo de desmantelar grupos criminosos, fragilizando as ferramentas estatais para a seguran\u00e7a p\u00fablica.<\/p>\n<p>&#8220;Infelizmente a extrema direita do Brasil, sob a lideran\u00e7a dos bolsonaristas, escolheu um caminho que fragiliza o enfrentamento ao crime e que nos p\u00f5e a perguntar: a quem interessa fragilizar a pol\u00edcia federal? A quem interessa retirar poderes da receita federal, que combate os crimes financeiros que s\u00e3o praticados pelas fac\u00e7\u00f5es junto ao crime organizado?&#8221;, indagou.<\/p>\n<p>A expectativa do secret\u00e1rio \u00e9 de recompor a proposta do presidente Lula no Senado, e avan\u00e7ar no combate ao crime com intelig\u00eancia e participa\u00e7\u00e3o efetiva do governo federal. &#8220;Tenho esperan\u00e7a de que o senado reponha a proposta e ou\u00e7a aquilo que a sociedade quer: leis mais duras contra o crime e, ao mesmo tempo, respeito \u00e0s leis e garantia dos direitos humanos&#8221;, finalizou.<\/p>\n","protected":false},"excerpt":{"rendered":"<p>O Secret\u00e1rio de Justi\u00e7a e Direitos Humanos da Bahia, Felipe Freitas, manifestou profunda preocupa\u00e7\u00e3o com as mudan\u00e7as introduzidas pelo relator no Projeto de Lei (PL) Antifac\u00e7\u00e3o na C\u00e2mara dos Deputados. Freitas classificou a decis\u00e3o como uma &#8220;p\u00e9ssima not\u00edcia para o povo brasileiro&#8221;, afirmando que a vers\u00e3o aprovada representa um retrocesso no combate efetivo ao crime [&hellip;]<\/p>\n","protected":false},"author":8,"featured_media":954525,"comment_status":"closed","ping_status":"closed","sticky":false,"template":"","format":"standard","meta":[],"categories":[14601],"tags":[85,1038],"acf":[],"yoast_head":"<!-- This site is optimized with the Yoast SEO plugin v20.8 - https:\/\/yoast.com\/wordpress\/plugins\/seo\/ -->\n<title>SECRET\u00c1RIO FELIPE FREITAS LAMENTA DESMONTE DO PL ANTIFAC\u00c7\u00c3O E ESPERA QUE O SENADO REFORCE O COMBATE AO CRIME - Bahia Economica<\/title>\n<meta name=\"description\" content=\"O maior portal de Economia da Bahia Pol\u00edtica Bahia Economica O Secret\u00e1rio de Justi\u00e7a e Direitos Humanos da Bahia, Felipe Freitas\" \/>\n<meta name=\"robots\" content=\"index, follow, max-snippet:-1, max-image-preview:large, max-video-preview:-1\" \/>\n<link rel=\"canonical\" href=\"https:\/\/bahiaeconomica.com.br\/wp\/2025\/11\/21\/secretario-felipe-freitas-lamenta-desmonte-do-pl-antifaccao-e-espera-que-o-senado-reforce-o-combate-ao-crime\/\" \/>\n<meta property=\"og:locale\" content=\"pt_BR\" \/>\n<meta property=\"og:type\" content=\"article\" \/>\n<meta property=\"og:title\" content=\"SECRET\u00c1RIO FELIPE FREITAS LAMENTA DESMONTE DO PL ANTIFAC\u00c7\u00c3O E ESPERA QUE O SENADO REFORCE O COMBATE AO CRIME - Bahia Economica\" \/>\n<meta property=\"og:description\" content=\"O maior portal de Economia da Bahia Pol\u00edtica Bahia Economica O Secret\u00e1rio de Justi\u00e7a e Direitos Humanos da Bahia, Felipe Freitas\" \/>\n<meta property=\"og:url\" content=\"https:\/\/bahiaeconomica.com.br\/wp\/2025\/11\/21\/secretario-felipe-freitas-lamenta-desmonte-do-pl-antifaccao-e-espera-que-o-senado-reforce-o-combate-ao-crime\/\" \/>\n<meta property=\"og:site_name\" content=\"Bahia Economica\" \/>\n<meta property=\"article:publisher\" content=\"https:\/\/www.facebook.com\/bahiaeconomica\" \/>\n<meta property=\"article:published_time\" content=\"2025-11-21T13:00:31+00:00\" \/>\n<meta property=\"article:modified_time\" content=\"2025-11-21T12:25:13+00:00\" \/>\n<meta property=\"og:image\" content=\"https:\/\/bahiaeconomica.com.br\/wp\/wp-content\/uploads\/2025\/11\/IMAGEM_NOTICIA_0-1.jpg\" \/>\n\t<meta property=\"og:image:width\" content=\"1200\" \/>\n\t<meta property=\"og:image:height\" content=\"800\" \/>\n\t<meta property=\"og:image:type\" content=\"image\/jpeg\" \/>\n<meta name=\"author\" content=\"JP\" \/>\n<meta name=\"twitter:card\" content=\"summary_large_image\" \/>\n<meta name=\"twitter:label1\" content=\"Escrito por\" \/>\n\t<meta name=\"twitter:data1\" content=\"JP\" \/>\n\t<meta name=\"twitter:label2\" content=\"Est. tempo de leitura\" \/>\n\t<meta name=\"twitter:data2\" content=\"2 minutos\" \/>\n<script type=\"application\/ld+json\" class=\"yoast-schema-graph\">{\"@context\":\"https:\/\/schema.org\",\"@graph\":[{\"@type\":\"Article\",\"@id\":\"https:\/\/bahiaeconomica.com.br\/wp\/2025\/11\/21\/secretario-felipe-freitas-lamenta-desmonte-do-pl-antifaccao-e-espera-que-o-senado-reforce-o-combate-ao-crime\/#article\",\"isPartOf\":{\"@id\":\"https:\/\/bahiaeconomica.com.br\/wp\/2025\/11\/21\/secretario-felipe-freitas-lamenta-desmonte-do-pl-antifaccao-e-espera-que-o-senado-reforce-o-combate-ao-crime\/\"},\"author\":{\"name\":\"JP\",\"@id\":\"https:\/\/bahiaeconomica.com.br\/wp\/#\/schema\/person\/c86d3a3f8960425a0f9d0e5245991f4e\"},\"headline\":\"SECRET\u00c1RIO FELIPE FREITAS LAMENTA DESMONTE DO PL ANTIFAC\u00c7\u00c3O E ESPERA QUE O SENADO REFORCE O COMBATE AO CRIME\",\"datePublished\":\"2025-11-21T13:00:31+00:00\",\"dateModified\":\"2025-11-21T12:25:13+00:00\",\"mainEntityOfPage\":{\"@id\":\"https:\/\/bahiaeconomica.com.br\/wp\/2025\/11\/21\/secretario-felipe-freitas-lamenta-desmonte-do-pl-antifaccao-e-espera-que-o-senado-reforce-o-combate-ao-crime\/\"},\"wordCount\":281,\"publisher\":{\"@id\":\"https:\/\/bahiaeconomica.com.br\/wp\/#organization\"},\"keywords\":[\"Bahia\",\"secret\u00e1rio\"],\"articleSection\":[\"Pol\u00edtica\"],\"inLanguage\":\"pt-BR\"},{\"@type\":\"WebPage\",\"@id\":\"https:\/\/bahiaeconomica.com.br\/wp\/2025\/11\/21\/secretario-felipe-freitas-lamenta-desmonte-do-pl-antifaccao-e-espera-que-o-senado-reforce-o-combate-ao-crime\/\",\"url\":\"https:\/\/bahiaeconomica.com.br\/wp\/2025\/11\/21\/secretario-felipe-freitas-lamenta-desmonte-do-pl-antifaccao-e-espera-que-o-senado-reforce-o-combate-ao-crime\/\",\"name\":\"SECRET\u00c1RIO FELIPE FREITAS LAMENTA DESMONTE DO PL ANTIFAC\u00c7\u00c3O E ESPERA QUE O SENADO REFORCE O COMBATE AO CRIME - Bahia Economica\",\"isPartOf\":{\"@id\":\"https:\/\/bahiaeconomica.com.br\/wp\/#website\"},\"datePublished\":\"2025-11-21T13:00:31+00:00\",\"dateModified\":\"2025-11-21T12:25:13+00:00\",\"description\":\"O maior portal de Economia da Bahia Pol\u00edtica Bahia Economica O Secret\u00e1rio de Justi\u00e7a e Direitos Humanos da Bahia, Felipe Freitas\",\"breadcrumb\":{\"@id\":\"https:\/\/bahiaeconomica.com.br\/wp\/2025\/11\/21\/secretario-felipe-freitas-lamenta-desmonte-do-pl-antifaccao-e-espera-que-o-senado-reforce-o-combate-ao-crime\/#breadcrumb\"},\"inLanguage\":\"pt-BR\",\"potentialAction\":[{\"@type\":\"ReadAction\",\"target\":[\"https:\/\/bahiaeconomica.com.br\/wp\/2025\/11\/21\/secretario-felipe-freitas-lamenta-desmonte-do-pl-antifaccao-e-espera-que-o-senado-reforce-o-combate-ao-crime\/\"]}]},{\"@type\":\"BreadcrumbList\",\"@id\":\"https:\/\/bahiaeconomica.com.br\/wp\/2025\/11\/21\/secretario-felipe-freitas-lamenta-desmonte-do-pl-antifaccao-e-espera-que-o-senado-reforce-o-combate-ao-crime\/#breadcrumb\",\"itemListElement\":[{\"@type\":\"ListItem\",\"position\":1,\"name\":\"In\u00edcio\",\"item\":\"https:\/\/bahiaeconomica.com.br\/wp\/\"},{\"@type\":\"ListItem\",\"position\":2,\"name\":\"SECRET\u00c1RIO FELIPE FREITAS LAMENTA DESMONTE DO PL ANTIFAC\u00c7\u00c3O E ESPERA QUE O SENADO REFORCE O COMBATE AO CRIME\"}]},{\"@type\":\"WebSite\",\"@id\":\"https:\/\/bahiaeconomica.com.br\/wp\/#website\",\"url\":\"https:\/\/bahiaeconomica.com.br\/wp\/\",\"name\":\"Bahia Economica\",\"description\":\"O maior portal de Economia da Bahia\",\"publisher\":{\"@id\":\"https:\/\/bahiaeconomica.com.br\/wp\/#organization\"},\"potentialAction\":[{\"@type\":\"SearchAction\",\"target\":{\"@type\":\"EntryPoint\",\"urlTemplate\":\"https:\/\/bahiaeconomica.com.br\/wp\/?s={search_term_string}\"},\"query-input\":\"required name=search_term_string\"}],\"inLanguage\":\"pt-BR\"},{\"@type\":\"Organization\",\"@id\":\"https:\/\/bahiaeconomica.com.br\/wp\/#organization\",\"name\":\"Bahia Econ\u00f4mica\",\"url\":\"https:\/\/bahiaeconomica.com.br\/wp\/\",\"logo\":{\"@type\":\"ImageObject\",\"inLanguage\":\"pt-BR\",\"@id\":\"https:\/\/bahiaeconomica.com.br\/wp\/#\/schema\/logo\/image\/\",\"url\":\"https:\/\/bahiaeconomica.com.br\/wp\/wp-content\/uploads\/2020\/12\/cropped-BE.png\",\"contentUrl\":\"https:\/\/bahiaeconomica.com.br\/wp\/wp-content\/uploads\/2020\/12\/cropped-BE.png\",\"width\":512,\"height\":512,\"caption\":\"Bahia Econ\u00f4mica\"},\"image\":{\"@id\":\"https:\/\/bahiaeconomica.com.br\/wp\/#\/schema\/logo\/image\/\"},\"sameAs\":[\"https:\/\/www.facebook.com\/bahiaeconomica\"]},{\"@type\":\"Person\",\"@id\":\"https:\/\/bahiaeconomica.com.br\/wp\/#\/schema\/person\/c86d3a3f8960425a0f9d0e5245991f4e\",\"name\":\"JP\",\"sameAs\":[\"https:\/\/bahiaeconomica.com.br\/wp\/beta\/\"],\"url\":\"https:\/\/bahiaeconomica.com.br\/wp\/author\/jp\/\"}]}<\/script>\n<!-- \/ Yoast SEO plugin. -->","yoast_head_json":{"title":"SECRET\u00c1RIO FELIPE FREITAS LAMENTA DESMONTE DO PL ANTIFAC\u00c7\u00c3O E ESPERA QUE O SENADO REFORCE O COMBATE AO CRIME - Bahia Economica","description":"O maior portal de Economia da Bahia Pol\u00edtica Bahia Economica O Secret\u00e1rio de Justi\u00e7a e Direitos Humanos da Bahia, Felipe Freitas","robots":{"index":"index","follow":"follow","max-snippet":"max-snippet:-1","max-image-preview":"max-image-preview:large","max-video-preview":"max-video-preview:-1"},"canonical":"https:\/\/bahiaeconomica.com.br\/wp\/2025\/11\/21\/secretario-felipe-freitas-lamenta-desmonte-do-pl-antifaccao-e-espera-que-o-senado-reforce-o-combate-ao-crime\/","og_locale":"pt_BR","og_type":"article","og_title":"SECRET\u00c1RIO FELIPE FREITAS LAMENTA DESMONTE DO PL ANTIFAC\u00c7\u00c3O E ESPERA QUE O SENADO REFORCE O COMBATE AO CRIME - Bahia Economica","og_description":"O maior portal de Economia da Bahia Pol\u00edtica Bahia Economica O Secret\u00e1rio de Justi\u00e7a e Direitos Humanos da Bahia, Felipe Freitas","og_url":"https:\/\/bahiaeconomica.com.br\/wp\/2025\/11\/21\/secretario-felipe-freitas-lamenta-desmonte-do-pl-antifaccao-e-espera-que-o-senado-reforce-o-combate-ao-crime\/","og_site_name":"Bahia Economica","article_publisher":"https:\/\/www.facebook.com\/bahiaeconomica","article_published_time":"2025-11-21T13:00:31+00:00","article_modified_time":"2025-11-21T12:25:13+00:00","og_image":[{"width":1200,"height":800,"url":"https:\/\/bahiaeconomica.com.br\/wp\/wp-content\/uploads\/2025\/11\/IMAGEM_NOTICIA_0-1.jpg","type":"image\/jpeg"}],"author":"JP","twitter_card":"summary_large_image","twitter_misc":{"Escrito por":"JP","Est. tempo de leitura":"2 minutos"},"schema":{"@context":"https:\/\/schema.org","@graph":[{"@type":"Article","@id":"https:\/\/bahiaeconomica.com.br\/wp\/2025\/11\/21\/secretario-felipe-freitas-lamenta-desmonte-do-pl-antifaccao-e-espera-que-o-senado-reforce-o-combate-ao-crime\/#article","isPartOf":{"@id":"https:\/\/bahiaeconomica.com.br\/wp\/2025\/11\/21\/secretario-felipe-freitas-lamenta-desmonte-do-pl-antifaccao-e-espera-que-o-senado-reforce-o-combate-ao-crime\/"},"author":{"name":"JP","@id":"https:\/\/bahiaeconomica.com.br\/wp\/#\/schema\/person\/c86d3a3f8960425a0f9d0e5245991f4e"},"headline":"SECRET\u00c1RIO FELIPE FREITAS LAMENTA DESMONTE DO PL ANTIFAC\u00c7\u00c3O E ESPERA QUE O SENADO REFORCE O COMBATE AO CRIME","datePublished":"2025-11-21T13:00:31+00:00","dateModified":"2025-11-21T12:25:13+00:00","mainEntityOfPage":{"@id":"https:\/\/bahiaeconomica.com.br\/wp\/2025\/11\/21\/secretario-felipe-freitas-lamenta-desmonte-do-pl-antifaccao-e-espera-que-o-senado-reforce-o-combate-ao-crime\/"},"wordCount":281,"publisher":{"@id":"https:\/\/bahiaeconomica.com.br\/wp\/#organization"},"keywords":["Bahia","secret\u00e1rio"],"articleSection":["Pol\u00edtica"],"inLanguage":"pt-BR"},{"@type":"WebPage","@id":"https:\/\/bahiaeconomica.com.br\/wp\/2025\/11\/21\/secretario-felipe-freitas-lamenta-desmonte-do-pl-antifaccao-e-espera-que-o-senado-reforce-o-combate-ao-crime\/","url":"https:\/\/bahiaeconomica.com.br\/wp\/2025\/11\/21\/secretario-felipe-freitas-lamenta-desmonte-do-pl-antifaccao-e-espera-que-o-senado-reforce-o-combate-ao-crime\/","name":"SECRET\u00c1RIO FELIPE FREITAS LAMENTA DESMONTE DO PL ANTIFAC\u00c7\u00c3O E ESPERA QUE O SENADO REFORCE O COMBATE AO CRIME - Bahia Economica","isPartOf":{"@id":"https:\/\/bahiaeconomica.com.br\/wp\/#website"},"datePublished":"2025-11-21T13:00:31+00:00","dateModified":"2025-11-21T12:25:13+00:00","description":"O maior portal de Economia da Bahia Pol\u00edtica Bahia Economica O Secret\u00e1rio de Justi\u00e7a e Direitos Humanos da Bahia, Felipe Freitas","breadcrumb":{"@id":"https:\/\/bahiaeconomica.com.br\/wp\/2025\/11\/21\/secretario-felipe-freitas-lamenta-desmonte-do-pl-antifaccao-e-espera-que-o-senado-reforce-o-combate-ao-crime\/#breadcrumb"},"inLanguage":"pt-BR","potentialAction":[{"@type":"ReadAction","target":["https:\/\/bahiaeconomica.com.br\/wp\/2025\/11\/21\/secretario-felipe-freitas-lamenta-desmonte-do-pl-antifaccao-e-espera-que-o-senado-reforce-o-combate-ao-crime\/"]}]},{"@type":"BreadcrumbList","@id":"https:\/\/bahiaeconomica.com.br\/wp\/2025\/11\/21\/secretario-felipe-freitas-lamenta-desmonte-do-pl-antifaccao-e-espera-que-o-senado-reforce-o-combate-ao-crime\/#breadcrumb","itemListElement":[{"@type":"ListItem","position":1,"name":"In\u00edcio","item":"https:\/\/bahiaeconomica.com.br\/wp\/"},{"@type":"ListItem","position":2,"name":"SECRET\u00c1RIO FELIPE FREITAS LAMENTA DESMONTE DO PL ANTIFAC\u00c7\u00c3O E ESPERA QUE O SENADO REFORCE O COMBATE AO CRIME"}]},{"@type":"WebSite","@id":"https:\/\/bahiaeconomica.com.br\/wp\/#website","url":"https:\/\/bahiaeconomica.com.br\/wp\/","name":"Bahia Economica","description":"O maior portal de Economia da Bahia","publisher":{"@id":"https:\/\/bahiaeconomica.com.br\/wp\/#organization"},"potentialAction":[{"@type":"SearchAction","target":{"@type":"EntryPoint","urlTemplate":"https:\/\/bahiaeconomica.com.br\/wp\/?s={search_term_string}"},"query-input":"required name=search_term_string"}],"inLanguage":"pt-BR"},{"@type":"Organization","@id":"https:\/\/bahiaeconomica.com.br\/wp\/#organization","name":"Bahia Econ\u00f4mica","url":"https:\/\/bahiaeconomica.com.br\/wp\/","logo":{"@type":"ImageObject","inLanguage":"pt-BR","@id":"https:\/\/bahiaeconomica.com.br\/wp\/#\/schema\/logo\/image\/","url":"https:\/\/bahiaeconomica.com.br\/wp\/wp-content\/uploads\/2020\/12\/cropped-BE.png","contentUrl":"https:\/\/bahiaeconomica.com.br\/wp\/wp-content\/uploads\/2020\/12\/cropped-BE.png","width":512,"height":512,"caption":"Bahia Econ\u00f4mica"},"image":{"@id":"https:\/\/bahiaeconomica.com.br\/wp\/#\/schema\/logo\/image\/"},"sameAs":["https:\/\/www.facebook.com\/bahiaeconomica"]},{"@type":"Person","@id":"https:\/\/bahiaeconomica.com.br\/wp\/#\/schema\/person\/c86d3a3f8960425a0f9d0e5245991f4e","name":"JP","sameAs":["https:\/\/bahiaeconomica.com.br\/wp\/beta\/"],"url":"https:\/\/bahiaeconomica.com.br\/wp\/author\/jp\/"}]}},"views":8,"_links":{"self":[{"href":"https:\/\/bahiaeconomica.com.br\/wp\/wp-json\/wp\/v2\/posts\/954524"}],"collection":[{"href":"https:\/\/bahiaeconomica.com.br\/wp\/wp-json\/wp\/v2\/posts"}],"about":[{"href":"https:\/\/bahiaeconomica.com.br\/wp\/wp-json\/wp\/v2\/types\/post"}],"author":[{"embeddable":true,"href":"https:\/\/bahiaeconomica.com.br\/wp\/wp-json\/wp\/v2\/users\/8"}],"replies":[{"embeddable":true,"href":"https:\/\/bahiaeconomica.com.br\/wp\/wp-json\/wp\/v2\/comments?post=954524"}],"version-history":[{"count":1,"href":"https:\/\/bahiaeconomica.com.br\/wp\/wp-json\/wp\/v2\/posts\/954524\/revisions"}],"predecessor-version":[{"id":954526,"href":"https:\/\/bahiaeconomica.com.br\/wp\/wp-json\/wp\/v2\/posts\/954524\/revisions\/954526"}],"wp:featuredmedia":[{"embeddable":true,"href":"https:\/\/bahiaeconomica.com.br\/wp\/wp-json\/wp\/v2\/media\/954525"}],"wp:attachment":[{"href":"https:\/\/bahiaeconomica.com.br\/wp\/wp-json\/wp\/v2\/media?parent=954524"}],"wp:term":[{"taxonomy":"category","embeddable":true,"href":"https:\/\/bahiaeconomica.com.br\/wp\/wp-json\/wp\/v2\/categories?post=954524"},{"taxonomy":"post_tag","embeddable":true,"href":"https:\/\/bahiaeconomica.com.br\/wp\/wp-json\/wp\/v2\/tags?post=954524"}],"curies":[{"name":"wp","href":"https:\/\/api.w.org\/{rel}","templated":true}]}}