{"id":954128,"date":"2025-11-19T05:00:40","date_gmt":"2025-11-19T08:00:40","guid":{"rendered":"https:\/\/bahiaeconomica.com.br\/wp\/?p=954128"},"modified":"2025-11-19T13:03:22","modified_gmt":"2025-11-19T16:03:22","slug":"festival-salvador-capital-afro-dias-21-e-22-de-novembro","status":"publish","type":"post","link":"https:\/\/bahiaeconomica.com.br\/wp\/2025\/11\/19\/festival-salvador-capital-afro-dias-21-e-22-de-novembro\/","title":{"rendered":"FESTIVAL SALVADOR CAPITAL AFRO DIAS 21 E 22 DE NOVEMBRO"},"content":{"rendered":"<p>O Festival Salvador Capital Afro 2025 segue firme em sua quarta edi\u00e7\u00e3o e chega a um dos momentos mais vibrantes nos dias 21 e 22 de novembro, com uma programa\u00e7\u00e3o intensa no Com\u00e9rcio e no Curuzu. Ser\u00e3o dois dias dedicados a debates, m\u00fasica urbana, gastronomia afro-diasp\u00f3rica, comunica\u00e7\u00e3o perif\u00e9rica e inova\u00e7\u00e3o, marcando o centro da cidade como um grande territ\u00f3rio de circula\u00e7\u00e3o de saberes, experi\u00eancias e cria\u00e7\u00e3o negra.<\/p>\n<p>As atividades comp\u00f5em o eixo tem\u00e1tico desta edi\u00e7\u00e3o, \u201cTerrit\u00f3rios em Rede, Ra\u00edzes em Movimento\u201d, que conecta bairros, profissionais, coletivos e linguagens art\u00edsticas. Ap\u00f3s as a\u00e7\u00f5es no Com\u00e9rcio, o Festival segue para mais uma parada no dia 27\/11, na Ilha de Mar\u00e9.<\/p>\n<p>O dia 21 inicia \u00e0s 10h com o painel \u201cA Heran\u00e7a Afro-Brasileira nas Artes Visuais\u201d, reunindo Renan Benedito, Mayara Ferr\u00e3o e Ayrson Her\u00e1clito, sob media\u00e7\u00e3o de C\u00edntia Guedes. O encontro discute mem\u00f3ria, resist\u00eancia e as visualidades que formam a arte afro contempor\u00e2nea. \u00c0 tarde, o painel \u201cCorpos que dan\u00e7am ra\u00edzes, coreografando futuros\u201d re\u00fane Tonho Mat\u00e9ria, Gisele Soares, Puma Camill\u00ea e Monica Anjos, com media\u00e7\u00e3o de Monica Santana, dialogando sobre dan\u00e7a, corpo pol\u00edtico, moda afro e novas express\u00f5es das artes do movimento.<\/p>\n<p>Ainda no dia 21, a Cidade da M\u00fasica da Bahia abre espa\u00e7o para o p\u00fablico interagir na din\u00e2mica Batalha de Rap\/Trap, promovendo uma viv\u00eancia imersiva nos g\u00eaneros urbanos que t\u00eam expandido a cena musical baiana. Na Casa das Hist\u00f3rias, acontece a roda \u201cDo Tambor ao Streaming: m\u00fasica negra que ecoa no mundo\u201d, mediada por Beatriz Nascimento, com A Dama, Nadjane e Zamba, conectando ancestralidade, inova\u00e7\u00e3o e circula\u00e7\u00e3o internacional da m\u00fasica afro-brasileira.<\/p>\n<p>O dia 22 abre com o painel \u201cVozes Negras\u201d, \u00e0s 10h, no Audit\u00f3rio Makota Valdina, com curadoria da Lista Preta. Participam Nati Junqueira, Math Power e Anderson Simpl\u00edcio, com media\u00e7\u00e3o de Alexandre Santana, discutindo o papel da comunica\u00e7\u00e3o digital como ferramenta de fortalecimento das periferias.<\/p>\n<p>Na Casa das Hist\u00f3rias, das 11h \u00e0s 12h30, o painel \u201cSabores da di\u00e1spora: cozinhar \u00e9 tamb\u00e9m resistir\u201d re\u00fane Ruth Martins, Ramatoulaye Konat\u00e9, Jorge Washington e Mariana de Jesus, discutindo a gastronomia afro-baiana como pot\u00eancia criativa, mem\u00f3ria e patrim\u00f4nio.<\/p>\n<p>&nbsp;<\/p>\n<p>\u00c0 tarde, o Audit\u00f3rio Makota Valdina recebe o Inventivos Talks, das 14h \u00e0s 17h30, com conversas sobre inova\u00e7\u00e3o, empreendedorismo negro e criatividade. \u00c0 noite, o Festival segue para o Curuzu, onde o Il\u00ea Aiy\u00ea realiza o Novembro Azeviche, \u00e0s 21h, na Senzala do Barro Preto. A atra\u00e7\u00e3o da noite \u00e9 Band\u2019Aiy\u00ea e convidados, em uma grande celebra\u00e7\u00e3o da ancestralidade e da for\u00e7a do primeiro bloco afro do Brasil.<\/p>\n<p>&nbsp;<\/p>\n<p>SERVI\u00c7O \u2014 Dias 21 e 22 de novembro<\/p>\n<p>\ud83d\udccd Com\u00e9rcio \u2014 Audit\u00f3rio Makota Valdina, Casa das Hist\u00f3rias, Cidade da M\u00fasica<\/p>\n<p>21\/11<\/p>\n<p>* 10h \u00e0s 11h30 \u2014 A Heran\u00e7a Afro-Brasileira nas Artes Visuais<\/p>\n<p>* 14h \u00e0s 15h30 \u2014 Corpos que dan\u00e7am ra\u00edzes, coreografando futuros<\/p>\n<p>* 14h \u2014 Batalha de Rap\/Trap (Cidade da M\u00fasica da Bahia)<\/p>\n<p>* 15h \u00e0s 16h30 \u2014 Do Tambor ao Streaming (Casa das Hist\u00f3rias)<\/p>\n<p>&nbsp;<\/p>\n<p>22\/11<\/p>\n<p>* 10h \u00e0s 11h \u2014 Vozes Negras<\/p>\n<p>* 11h \u00e0s 12h30 \u2014 Sabores da Di\u00e1spora<\/p>\n<p>* 14h \u00e0s 17h30 \u2014 Inventivos Talks<\/p>\n<p>&nbsp;<\/p>\n<p>Curuzu \u2014 Il\u00ea Aiy\u00ea<\/p>\n<p>* 21h \u2014 Novembro Azeviche com Band\u2019Aiy\u00ea e convidados<\/p>\n<p>&nbsp;<\/p>\n<p>27\/11 \u2014 Ilha de Mar\u00e9<\/p>\n<p>Atividades do encerramento oficial da edi\u00e7\u00e3o 2025 do festival.<\/p>\n<p>Entrada gratuita | @salvadorcapitalafro<\/p>\n","protected":false},"excerpt":{"rendered":"<p>O Festival Salvador Capital Afro 2025 segue firme em sua quarta edi\u00e7\u00e3o e chega a um dos momentos mais vibrantes nos dias 21 e 22 de novembro, com uma programa\u00e7\u00e3o intensa no Com\u00e9rcio e no Curuzu. Ser\u00e3o dois dias dedicados a debates, m\u00fasica urbana, gastronomia afro-diasp\u00f3rica, comunica\u00e7\u00e3o perif\u00e9rica e inova\u00e7\u00e3o, marcando o centro da cidade [&hellip;]<\/p>\n","protected":false},"author":8,"featured_media":0,"comment_status":"closed","ping_status":"closed","sticky":false,"template":"","format":"standard","meta":[],"categories":[5],"tags":[],"acf":[],"yoast_head":"<!-- This site is optimized with the Yoast SEO plugin v20.8 - https:\/\/yoast.com\/wordpress\/plugins\/seo\/ -->\n<title>FESTIVAL SALVADOR CAPITAL AFRO DIAS 21 E 22 DE NOVEMBRO - Bahia Economica<\/title>\n<meta name=\"description\" content=\"O maior portal de Economia da Bahia MUNIC\u00cdPIOS Bahia Economica Festival Salvador Capital Afro movimenta o Com\u00e9rcio com dois dias de debates, m\u00fasica urbana, gastronomia e celebra\u00e7\u00e3o no Curuzu \u2014 programa\u00e7\u00e3o segue at\u00e9 27\/11\" \/>\n<meta name=\"robots\" content=\"index, follow, max-snippet:-1, max-image-preview:large, max-video-preview:-1\" \/>\n<link rel=\"canonical\" href=\"https:\/\/bahiaeconomica.com.br\/wp\/2025\/11\/19\/festival-salvador-capital-afro-dias-21-e-22-de-novembro\/\" \/>\n<meta property=\"og:locale\" content=\"pt_BR\" \/>\n<meta property=\"og:type\" content=\"article\" \/>\n<meta property=\"og:title\" content=\"FESTIVAL SALVADOR CAPITAL AFRO DIAS 21 E 22 DE NOVEMBRO - Bahia Economica\" \/>\n<meta property=\"og:description\" content=\"O maior portal de Economia da Bahia MUNIC\u00cdPIOS Bahia Economica Festival Salvador Capital Afro movimenta o Com\u00e9rcio com dois dias de debates, m\u00fasica urbana, gastronomia e celebra\u00e7\u00e3o no Curuzu \u2014 programa\u00e7\u00e3o segue at\u00e9 27\/11\" \/>\n<meta property=\"og:url\" content=\"https:\/\/bahiaeconomica.com.br\/wp\/2025\/11\/19\/festival-salvador-capital-afro-dias-21-e-22-de-novembro\/\" \/>\n<meta property=\"og:site_name\" content=\"Bahia Economica\" \/>\n<meta property=\"article:publisher\" content=\"https:\/\/www.facebook.com\/bahiaeconomica\" \/>\n<meta property=\"article:published_time\" content=\"2025-11-19T08:00:40+00:00\" \/>\n<meta property=\"article:modified_time\" content=\"2025-11-19T16:03:22+00:00\" \/>\n<meta name=\"author\" content=\"JP\" \/>\n<meta name=\"twitter:card\" content=\"summary_large_image\" \/>\n<meta name=\"twitter:label1\" content=\"Escrito por\" \/>\n\t<meta name=\"twitter:data1\" content=\"JP\" \/>\n\t<meta name=\"twitter:label2\" content=\"Est. tempo de leitura\" \/>\n\t<meta name=\"twitter:data2\" content=\"3 minutos\" \/>\n<script type=\"application\/ld+json\" class=\"yoast-schema-graph\">{\"@context\":\"https:\/\/schema.org\",\"@graph\":[{\"@type\":\"Article\",\"@id\":\"https:\/\/bahiaeconomica.com.br\/wp\/2025\/11\/19\/festival-salvador-capital-afro-dias-21-e-22-de-novembro\/#article\",\"isPartOf\":{\"@id\":\"https:\/\/bahiaeconomica.com.br\/wp\/2025\/11\/19\/festival-salvador-capital-afro-dias-21-e-22-de-novembro\/\"},\"author\":{\"name\":\"JP\",\"@id\":\"https:\/\/bahiaeconomica.com.br\/wp\/#\/schema\/person\/c86d3a3f8960425a0f9d0e5245991f4e\"},\"headline\":\"FESTIVAL SALVADOR CAPITAL AFRO DIAS 21 E 22 DE NOVEMBRO\",\"datePublished\":\"2025-11-19T08:00:40+00:00\",\"dateModified\":\"2025-11-19T16:03:22+00:00\",\"mainEntityOfPage\":{\"@id\":\"https:\/\/bahiaeconomica.com.br\/wp\/2025\/11\/19\/festival-salvador-capital-afro-dias-21-e-22-de-novembro\/\"},\"wordCount\":586,\"publisher\":{\"@id\":\"https:\/\/bahiaeconomica.com.br\/wp\/#organization\"},\"articleSection\":[\"MUNIC\u00cdPIOS\"],\"inLanguage\":\"pt-BR\"},{\"@type\":\"WebPage\",\"@id\":\"https:\/\/bahiaeconomica.com.br\/wp\/2025\/11\/19\/festival-salvador-capital-afro-dias-21-e-22-de-novembro\/\",\"url\":\"https:\/\/bahiaeconomica.com.br\/wp\/2025\/11\/19\/festival-salvador-capital-afro-dias-21-e-22-de-novembro\/\",\"name\":\"FESTIVAL SALVADOR CAPITAL AFRO DIAS 21 E 22 DE NOVEMBRO - Bahia Economica\",\"isPartOf\":{\"@id\":\"https:\/\/bahiaeconomica.com.br\/wp\/#website\"},\"datePublished\":\"2025-11-19T08:00:40+00:00\",\"dateModified\":\"2025-11-19T16:03:22+00:00\",\"description\":\"O maior portal de Economia da Bahia MUNIC\u00cdPIOS Bahia Economica Festival Salvador Capital Afro movimenta o Com\u00e9rcio com dois dias de debates, m\u00fasica urbana, gastronomia e celebra\u00e7\u00e3o no Curuzu \u2014 programa\u00e7\u00e3o segue at\u00e9 27\/11\",\"breadcrumb\":{\"@id\":\"https:\/\/bahiaeconomica.com.br\/wp\/2025\/11\/19\/festival-salvador-capital-afro-dias-21-e-22-de-novembro\/#breadcrumb\"},\"inLanguage\":\"pt-BR\",\"potentialAction\":[{\"@type\":\"ReadAction\",\"target\":[\"https:\/\/bahiaeconomica.com.br\/wp\/2025\/11\/19\/festival-salvador-capital-afro-dias-21-e-22-de-novembro\/\"]}]},{\"@type\":\"BreadcrumbList\",\"@id\":\"https:\/\/bahiaeconomica.com.br\/wp\/2025\/11\/19\/festival-salvador-capital-afro-dias-21-e-22-de-novembro\/#breadcrumb\",\"itemListElement\":[{\"@type\":\"ListItem\",\"position\":1,\"name\":\"In\u00edcio\",\"item\":\"https:\/\/bahiaeconomica.com.br\/wp\/\"},{\"@type\":\"ListItem\",\"position\":2,\"name\":\"FESTIVAL SALVADOR CAPITAL AFRO DIAS 21 E 22 DE NOVEMBRO\"}]},{\"@type\":\"WebSite\",\"@id\":\"https:\/\/bahiaeconomica.com.br\/wp\/#website\",\"url\":\"https:\/\/bahiaeconomica.com.br\/wp\/\",\"name\":\"Bahia Economica\",\"description\":\"O maior portal de Economia da Bahia\",\"publisher\":{\"@id\":\"https:\/\/bahiaeconomica.com.br\/wp\/#organization\"},\"potentialAction\":[{\"@type\":\"SearchAction\",\"target\":{\"@type\":\"EntryPoint\",\"urlTemplate\":\"https:\/\/bahiaeconomica.com.br\/wp\/?s={search_term_string}\"},\"query-input\":\"required name=search_term_string\"}],\"inLanguage\":\"pt-BR\"},{\"@type\":\"Organization\",\"@id\":\"https:\/\/bahiaeconomica.com.br\/wp\/#organization\",\"name\":\"Bahia Econ\u00f4mica\",\"url\":\"https:\/\/bahiaeconomica.com.br\/wp\/\",\"logo\":{\"@type\":\"ImageObject\",\"inLanguage\":\"pt-BR\",\"@id\":\"https:\/\/bahiaeconomica.com.br\/wp\/#\/schema\/logo\/image\/\",\"url\":\"https:\/\/bahiaeconomica.com.br\/wp\/wp-content\/uploads\/2020\/12\/cropped-BE.png\",\"contentUrl\":\"https:\/\/bahiaeconomica.com.br\/wp\/wp-content\/uploads\/2020\/12\/cropped-BE.png\",\"width\":512,\"height\":512,\"caption\":\"Bahia Econ\u00f4mica\"},\"image\":{\"@id\":\"https:\/\/bahiaeconomica.com.br\/wp\/#\/schema\/logo\/image\/\"},\"sameAs\":[\"https:\/\/www.facebook.com\/bahiaeconomica\"]},{\"@type\":\"Person\",\"@id\":\"https:\/\/bahiaeconomica.com.br\/wp\/#\/schema\/person\/c86d3a3f8960425a0f9d0e5245991f4e\",\"name\":\"JP\",\"sameAs\":[\"https:\/\/bahiaeconomica.com.br\/wp\/beta\/\"],\"url\":\"https:\/\/bahiaeconomica.com.br\/wp\/author\/jp\/\"}]}<\/script>\n<!-- \/ Yoast SEO plugin. -->","yoast_head_json":{"title":"FESTIVAL SALVADOR CAPITAL AFRO DIAS 21 E 22 DE NOVEMBRO - Bahia Economica","description":"O maior portal de Economia da Bahia MUNIC\u00cdPIOS Bahia Economica Festival Salvador Capital Afro movimenta o Com\u00e9rcio com dois dias de debates, m\u00fasica urbana, gastronomia e celebra\u00e7\u00e3o no Curuzu \u2014 programa\u00e7\u00e3o segue at\u00e9 27\/11","robots":{"index":"index","follow":"follow","max-snippet":"max-snippet:-1","max-image-preview":"max-image-preview:large","max-video-preview":"max-video-preview:-1"},"canonical":"https:\/\/bahiaeconomica.com.br\/wp\/2025\/11\/19\/festival-salvador-capital-afro-dias-21-e-22-de-novembro\/","og_locale":"pt_BR","og_type":"article","og_title":"FESTIVAL SALVADOR CAPITAL AFRO DIAS 21 E 22 DE NOVEMBRO - Bahia Economica","og_description":"O maior portal de Economia da Bahia MUNIC\u00cdPIOS Bahia Economica Festival Salvador Capital Afro movimenta o Com\u00e9rcio com dois dias de debates, m\u00fasica urbana, gastronomia e celebra\u00e7\u00e3o no Curuzu \u2014 programa\u00e7\u00e3o segue at\u00e9 27\/11","og_url":"https:\/\/bahiaeconomica.com.br\/wp\/2025\/11\/19\/festival-salvador-capital-afro-dias-21-e-22-de-novembro\/","og_site_name":"Bahia Economica","article_publisher":"https:\/\/www.facebook.com\/bahiaeconomica","article_published_time":"2025-11-19T08:00:40+00:00","article_modified_time":"2025-11-19T16:03:22+00:00","author":"JP","twitter_card":"summary_large_image","twitter_misc":{"Escrito por":"JP","Est. tempo de leitura":"3 minutos"},"schema":{"@context":"https:\/\/schema.org","@graph":[{"@type":"Article","@id":"https:\/\/bahiaeconomica.com.br\/wp\/2025\/11\/19\/festival-salvador-capital-afro-dias-21-e-22-de-novembro\/#article","isPartOf":{"@id":"https:\/\/bahiaeconomica.com.br\/wp\/2025\/11\/19\/festival-salvador-capital-afro-dias-21-e-22-de-novembro\/"},"author":{"name":"JP","@id":"https:\/\/bahiaeconomica.com.br\/wp\/#\/schema\/person\/c86d3a3f8960425a0f9d0e5245991f4e"},"headline":"FESTIVAL SALVADOR CAPITAL AFRO DIAS 21 E 22 DE NOVEMBRO","datePublished":"2025-11-19T08:00:40+00:00","dateModified":"2025-11-19T16:03:22+00:00","mainEntityOfPage":{"@id":"https:\/\/bahiaeconomica.com.br\/wp\/2025\/11\/19\/festival-salvador-capital-afro-dias-21-e-22-de-novembro\/"},"wordCount":586,"publisher":{"@id":"https:\/\/bahiaeconomica.com.br\/wp\/#organization"},"articleSection":["MUNIC\u00cdPIOS"],"inLanguage":"pt-BR"},{"@type":"WebPage","@id":"https:\/\/bahiaeconomica.com.br\/wp\/2025\/11\/19\/festival-salvador-capital-afro-dias-21-e-22-de-novembro\/","url":"https:\/\/bahiaeconomica.com.br\/wp\/2025\/11\/19\/festival-salvador-capital-afro-dias-21-e-22-de-novembro\/","name":"FESTIVAL SALVADOR CAPITAL AFRO DIAS 21 E 22 DE NOVEMBRO - Bahia Economica","isPartOf":{"@id":"https:\/\/bahiaeconomica.com.br\/wp\/#website"},"datePublished":"2025-11-19T08:00:40+00:00","dateModified":"2025-11-19T16:03:22+00:00","description":"O maior portal de Economia da Bahia MUNIC\u00cdPIOS Bahia Economica Festival Salvador Capital Afro movimenta o Com\u00e9rcio com dois dias de debates, m\u00fasica urbana, gastronomia e celebra\u00e7\u00e3o no Curuzu \u2014 programa\u00e7\u00e3o segue at\u00e9 27\/11","breadcrumb":{"@id":"https:\/\/bahiaeconomica.com.br\/wp\/2025\/11\/19\/festival-salvador-capital-afro-dias-21-e-22-de-novembro\/#breadcrumb"},"inLanguage":"pt-BR","potentialAction":[{"@type":"ReadAction","target":["https:\/\/bahiaeconomica.com.br\/wp\/2025\/11\/19\/festival-salvador-capital-afro-dias-21-e-22-de-novembro\/"]}]},{"@type":"BreadcrumbList","@id":"https:\/\/bahiaeconomica.com.br\/wp\/2025\/11\/19\/festival-salvador-capital-afro-dias-21-e-22-de-novembro\/#breadcrumb","itemListElement":[{"@type":"ListItem","position":1,"name":"In\u00edcio","item":"https:\/\/bahiaeconomica.com.br\/wp\/"},{"@type":"ListItem","position":2,"name":"FESTIVAL SALVADOR CAPITAL AFRO DIAS 21 E 22 DE NOVEMBRO"}]},{"@type":"WebSite","@id":"https:\/\/bahiaeconomica.com.br\/wp\/#website","url":"https:\/\/bahiaeconomica.com.br\/wp\/","name":"Bahia Economica","description":"O maior portal de Economia da Bahia","publisher":{"@id":"https:\/\/bahiaeconomica.com.br\/wp\/#organization"},"potentialAction":[{"@type":"SearchAction","target":{"@type":"EntryPoint","urlTemplate":"https:\/\/bahiaeconomica.com.br\/wp\/?s={search_term_string}"},"query-input":"required name=search_term_string"}],"inLanguage":"pt-BR"},{"@type":"Organization","@id":"https:\/\/bahiaeconomica.com.br\/wp\/#organization","name":"Bahia Econ\u00f4mica","url":"https:\/\/bahiaeconomica.com.br\/wp\/","logo":{"@type":"ImageObject","inLanguage":"pt-BR","@id":"https:\/\/bahiaeconomica.com.br\/wp\/#\/schema\/logo\/image\/","url":"https:\/\/bahiaeconomica.com.br\/wp\/wp-content\/uploads\/2020\/12\/cropped-BE.png","contentUrl":"https:\/\/bahiaeconomica.com.br\/wp\/wp-content\/uploads\/2020\/12\/cropped-BE.png","width":512,"height":512,"caption":"Bahia Econ\u00f4mica"},"image":{"@id":"https:\/\/bahiaeconomica.com.br\/wp\/#\/schema\/logo\/image\/"},"sameAs":["https:\/\/www.facebook.com\/bahiaeconomica"]},{"@type":"Person","@id":"https:\/\/bahiaeconomica.com.br\/wp\/#\/schema\/person\/c86d3a3f8960425a0f9d0e5245991f4e","name":"JP","sameAs":["https:\/\/bahiaeconomica.com.br\/wp\/beta\/"],"url":"https:\/\/bahiaeconomica.com.br\/wp\/author\/jp\/"}]}},"views":13,"_links":{"self":[{"href":"https:\/\/bahiaeconomica.com.br\/wp\/wp-json\/wp\/v2\/posts\/954128"}],"collection":[{"href":"https:\/\/bahiaeconomica.com.br\/wp\/wp-json\/wp\/v2\/posts"}],"about":[{"href":"https:\/\/bahiaeconomica.com.br\/wp\/wp-json\/wp\/v2\/types\/post"}],"author":[{"embeddable":true,"href":"https:\/\/bahiaeconomica.com.br\/wp\/wp-json\/wp\/v2\/users\/8"}],"replies":[{"embeddable":true,"href":"https:\/\/bahiaeconomica.com.br\/wp\/wp-json\/wp\/v2\/comments?post=954128"}],"version-history":[{"count":1,"href":"https:\/\/bahiaeconomica.com.br\/wp\/wp-json\/wp\/v2\/posts\/954128\/revisions"}],"predecessor-version":[{"id":954129,"href":"https:\/\/bahiaeconomica.com.br\/wp\/wp-json\/wp\/v2\/posts\/954128\/revisions\/954129"}],"wp:attachment":[{"href":"https:\/\/bahiaeconomica.com.br\/wp\/wp-json\/wp\/v2\/media?parent=954128"}],"wp:term":[{"taxonomy":"category","embeddable":true,"href":"https:\/\/bahiaeconomica.com.br\/wp\/wp-json\/wp\/v2\/categories?post=954128"},{"taxonomy":"post_tag","embeddable":true,"href":"https:\/\/bahiaeconomica.com.br\/wp\/wp-json\/wp\/v2\/tags?post=954128"}],"curies":[{"name":"wp","href":"https:\/\/api.w.org\/{rel}","templated":true}]}}