{"id":954058,"date":"2025-11-19T09:44:50","date_gmt":"2025-11-19T12:44:50","guid":{"rendered":"https:\/\/bahiaeconomica.com.br\/wp\/?p=954058"},"modified":"2025-11-19T09:44:50","modified_gmt":"2025-11-19T12:44:50","slug":"lighthouse-hub-promove-afroday-e-debate-economia-criativa-negra","status":"publish","type":"post","link":"https:\/\/bahiaeconomica.com.br\/wp\/2025\/11\/19\/lighthouse-hub-promove-afroday-e-debate-economia-criativa-negra\/","title":{"rendered":"LIGHTHOUSE HUB PROMOVE AFRODAY E DEBATE ECONOMIA CRIATIVA NEGRA"},"content":{"rendered":"<p>Salvador \u00e9 um dos principais centros de forma\u00e7\u00e3o cultural do Brasil. Terra de maioria negra, onde 34,1% da popula\u00e7\u00e3o se declara preta e 49,1% parda, segundo o Censo 2022, a capital baiana concentra linguagens, sensibilidades e saberes que influenciam movimentos art\u00edsticos e sociais no pa\u00eds. \u00c9 nesse cen\u00e1rio que o LightHouse Hub realiza, no dia 25 de novembro (ter\u00e7a-feira), \u00e0s 17h30, o AfroDay 2025. O encontro gratuito, na Sala de Arte CineMAM (Avenida Contorno), busca promover di\u00e1logo, troca de experi\u00eancias e conex\u00f5es entre pessoas e iniciativas que atuam no fortalecimento da economia criativa de matriz africana. As inscri\u00e7\u00f5es s\u00e3o gratuitas e as vagas s\u00e3o limitadas. Interessados podem garantir participa\u00e7\u00e3o antecipadamente pelo Sympla (https:\/\/www.sympla.com.br\/evento\/afroday-2025\/3205688).<\/p>\n<p>O AfroDay nasce com o prop\u00f3sito de reunir vozes diversas que t\u00eam impulsionado transforma\u00e7\u00f5es no campo da cultura, da inova\u00e7\u00e3o e do empreendedorismo negro. A programa\u00e7\u00e3o contar\u00e1 com pain\u00e9is tem\u00e1ticos, performances culturais e experi\u00eancias gastron\u00f4micas inspiradas em saberes ancestrais, sempre com foco em debates, constru\u00e7\u00e3o coletiva e oportunidades de networking. O evento se prop\u00f5e a ampliar visibilidade e favorecer encontros qualificados entre profissionais, criadores e lideran\u00e7as.<\/p>\n<p>Entre os participantes confirmados est\u00e3o Larissa Ribeiro Marques, mestre em Literatura, pesquisadora e fundadora do Instituto Rimax, que desenvolve m\u00e9todos de lideran\u00e7a e gest\u00e3o com base no pensamento negro; Gilmar Sampaio, bailarino, core\u00f3grafo, ma\u00eetre de bal\u00e9 e Doutor Honoris Causa com s\u00f3lida trajet\u00f3ria no Bal\u00e9 Teatro Castro Alves; e Clarindo Silva, jornalista, escritor, propriet\u00e1rio da hist\u00f3rica Cantina da Lua e uma das mais importantes vozes na defesa da cultura negra e do Centro Hist\u00f3rico de Salvador.<\/p>\n<p>Para Clarindo, o AfroDay representa um espa\u00e7o necess\u00e1rio de encontro e reflex\u00e3o: \u201c\u00c9 muito significativo participar de um evento que re\u00fane tantas trajet\u00f3rias e ideias comprometidas com a cultura e com o futuro da nossa comunidade. Quando a gente se encontra para conversar, trocar e ouvir, novas possibilidades surgem e \u00e9 isso que fortalece a caminhada de todos n\u00f3s\u201d, conta.<\/p>\n","protected":false},"excerpt":{"rendered":"<p>Salvador \u00e9 um dos principais centros de forma\u00e7\u00e3o cultural do Brasil. Terra de maioria negra, onde 34,1% da popula\u00e7\u00e3o se declara preta e 49,1% parda, segundo o Censo 2022, a capital baiana concentra linguagens, sensibilidades e saberes que influenciam movimentos art\u00edsticos e sociais no pa\u00eds. \u00c9 nesse cen\u00e1rio que o LightHouse Hub realiza, no dia [&hellip;]<\/p>\n","protected":false},"author":8,"featured_media":954059,"comment_status":"closed","ping_status":"closed","sticky":false,"template":"","format":"standard","meta":[],"categories":[5],"tags":[],"acf":[],"yoast_head":"<!-- This site is optimized with the Yoast SEO plugin v20.8 - https:\/\/yoast.com\/wordpress\/plugins\/seo\/ -->\n<title>LIGHTHOUSE HUB PROMOVE AFRODAY E DEBATE ECONOMIA CRIATIVA NEGRA - Bahia Economica<\/title>\n<meta name=\"description\" content=\"O maior portal de Economia da Bahia MUNIC\u00cdPIOS Bahia Economica Salvador \u00e9 um dos principais centros de forma\u00e7\u00e3o cultural do Brasil.\" \/>\n<meta name=\"robots\" content=\"index, follow, max-snippet:-1, max-image-preview:large, max-video-preview:-1\" \/>\n<link rel=\"canonical\" href=\"https:\/\/bahiaeconomica.com.br\/wp\/2025\/11\/19\/lighthouse-hub-promove-afroday-e-debate-economia-criativa-negra\/\" \/>\n<meta property=\"og:locale\" content=\"pt_BR\" \/>\n<meta property=\"og:type\" content=\"article\" \/>\n<meta property=\"og:title\" content=\"LIGHTHOUSE HUB PROMOVE AFRODAY E DEBATE ECONOMIA CRIATIVA NEGRA - Bahia Economica\" \/>\n<meta property=\"og:description\" content=\"O maior portal de Economia da Bahia MUNIC\u00cdPIOS Bahia Economica Salvador \u00e9 um dos principais centros de forma\u00e7\u00e3o cultural do Brasil.\" \/>\n<meta property=\"og:url\" content=\"https:\/\/bahiaeconomica.com.br\/wp\/2025\/11\/19\/lighthouse-hub-promove-afroday-e-debate-economia-criativa-negra\/\" \/>\n<meta property=\"og:site_name\" content=\"Bahia Economica\" \/>\n<meta property=\"article:publisher\" content=\"https:\/\/www.facebook.com\/bahiaeconomica\" \/>\n<meta property=\"article:published_time\" content=\"2025-11-19T12:44:50+00:00\" \/>\n<meta property=\"og:image\" content=\"https:\/\/bahiaeconomica.com.br\/wp\/wp-content\/uploads\/2025\/11\/WhatsApp-Image-2025-11-19-at-09.41.13.jpeg\" \/>\n\t<meta property=\"og:image:width\" content=\"744\" \/>\n\t<meta property=\"og:image:height\" content=\"506\" \/>\n\t<meta property=\"og:image:type\" content=\"image\/jpeg\" \/>\n<meta name=\"author\" content=\"JP\" \/>\n<meta name=\"twitter:card\" content=\"summary_large_image\" \/>\n<meta name=\"twitter:label1\" content=\"Escrito por\" \/>\n\t<meta name=\"twitter:data1\" content=\"JP\" \/>\n\t<meta name=\"twitter:label2\" content=\"Est. tempo de leitura\" \/>\n\t<meta name=\"twitter:data2\" content=\"2 minutos\" \/>\n<script type=\"application\/ld+json\" class=\"yoast-schema-graph\">{\"@context\":\"https:\/\/schema.org\",\"@graph\":[{\"@type\":\"Article\",\"@id\":\"https:\/\/bahiaeconomica.com.br\/wp\/2025\/11\/19\/lighthouse-hub-promove-afroday-e-debate-economia-criativa-negra\/#article\",\"isPartOf\":{\"@id\":\"https:\/\/bahiaeconomica.com.br\/wp\/2025\/11\/19\/lighthouse-hub-promove-afroday-e-debate-economia-criativa-negra\/\"},\"author\":{\"name\":\"JP\",\"@id\":\"https:\/\/bahiaeconomica.com.br\/wp\/#\/schema\/person\/c86d3a3f8960425a0f9d0e5245991f4e\"},\"headline\":\"LIGHTHOUSE HUB PROMOVE AFRODAY E DEBATE ECONOMIA CRIATIVA NEGRA\",\"datePublished\":\"2025-11-19T12:44:50+00:00\",\"dateModified\":\"2025-11-19T12:44:50+00:00\",\"mainEntityOfPage\":{\"@id\":\"https:\/\/bahiaeconomica.com.br\/wp\/2025\/11\/19\/lighthouse-hub-promove-afroday-e-debate-economia-criativa-negra\/\"},\"wordCount\":363,\"publisher\":{\"@id\":\"https:\/\/bahiaeconomica.com.br\/wp\/#organization\"},\"articleSection\":[\"MUNIC\u00cdPIOS\"],\"inLanguage\":\"pt-BR\"},{\"@type\":\"WebPage\",\"@id\":\"https:\/\/bahiaeconomica.com.br\/wp\/2025\/11\/19\/lighthouse-hub-promove-afroday-e-debate-economia-criativa-negra\/\",\"url\":\"https:\/\/bahiaeconomica.com.br\/wp\/2025\/11\/19\/lighthouse-hub-promove-afroday-e-debate-economia-criativa-negra\/\",\"name\":\"LIGHTHOUSE HUB PROMOVE AFRODAY E DEBATE ECONOMIA CRIATIVA NEGRA - Bahia Economica\",\"isPartOf\":{\"@id\":\"https:\/\/bahiaeconomica.com.br\/wp\/#website\"},\"datePublished\":\"2025-11-19T12:44:50+00:00\",\"dateModified\":\"2025-11-19T12:44:50+00:00\",\"description\":\"O maior portal de Economia da Bahia MUNIC\u00cdPIOS Bahia Economica Salvador \u00e9 um dos principais centros de forma\u00e7\u00e3o cultural do Brasil.\",\"breadcrumb\":{\"@id\":\"https:\/\/bahiaeconomica.com.br\/wp\/2025\/11\/19\/lighthouse-hub-promove-afroday-e-debate-economia-criativa-negra\/#breadcrumb\"},\"inLanguage\":\"pt-BR\",\"potentialAction\":[{\"@type\":\"ReadAction\",\"target\":[\"https:\/\/bahiaeconomica.com.br\/wp\/2025\/11\/19\/lighthouse-hub-promove-afroday-e-debate-economia-criativa-negra\/\"]}]},{\"@type\":\"BreadcrumbList\",\"@id\":\"https:\/\/bahiaeconomica.com.br\/wp\/2025\/11\/19\/lighthouse-hub-promove-afroday-e-debate-economia-criativa-negra\/#breadcrumb\",\"itemListElement\":[{\"@type\":\"ListItem\",\"position\":1,\"name\":\"In\u00edcio\",\"item\":\"https:\/\/bahiaeconomica.com.br\/wp\/\"},{\"@type\":\"ListItem\",\"position\":2,\"name\":\"LIGHTHOUSE HUB PROMOVE AFRODAY E DEBATE ECONOMIA CRIATIVA NEGRA\"}]},{\"@type\":\"WebSite\",\"@id\":\"https:\/\/bahiaeconomica.com.br\/wp\/#website\",\"url\":\"https:\/\/bahiaeconomica.com.br\/wp\/\",\"name\":\"Bahia Economica\",\"description\":\"O maior portal de Economia da Bahia\",\"publisher\":{\"@id\":\"https:\/\/bahiaeconomica.com.br\/wp\/#organization\"},\"potentialAction\":[{\"@type\":\"SearchAction\",\"target\":{\"@type\":\"EntryPoint\",\"urlTemplate\":\"https:\/\/bahiaeconomica.com.br\/wp\/?s={search_term_string}\"},\"query-input\":\"required name=search_term_string\"}],\"inLanguage\":\"pt-BR\"},{\"@type\":\"Organization\",\"@id\":\"https:\/\/bahiaeconomica.com.br\/wp\/#organization\",\"name\":\"Bahia Econ\u00f4mica\",\"url\":\"https:\/\/bahiaeconomica.com.br\/wp\/\",\"logo\":{\"@type\":\"ImageObject\",\"inLanguage\":\"pt-BR\",\"@id\":\"https:\/\/bahiaeconomica.com.br\/wp\/#\/schema\/logo\/image\/\",\"url\":\"https:\/\/bahiaeconomica.com.br\/wp\/wp-content\/uploads\/2020\/12\/cropped-BE.png\",\"contentUrl\":\"https:\/\/bahiaeconomica.com.br\/wp\/wp-content\/uploads\/2020\/12\/cropped-BE.png\",\"width\":512,\"height\":512,\"caption\":\"Bahia Econ\u00f4mica\"},\"image\":{\"@id\":\"https:\/\/bahiaeconomica.com.br\/wp\/#\/schema\/logo\/image\/\"},\"sameAs\":[\"https:\/\/www.facebook.com\/bahiaeconomica\"]},{\"@type\":\"Person\",\"@id\":\"https:\/\/bahiaeconomica.com.br\/wp\/#\/schema\/person\/c86d3a3f8960425a0f9d0e5245991f4e\",\"name\":\"JP\",\"sameAs\":[\"https:\/\/bahiaeconomica.com.br\/wp\/beta\/\"],\"url\":\"https:\/\/bahiaeconomica.com.br\/wp\/author\/jp\/\"}]}<\/script>\n<!-- \/ Yoast SEO plugin. -->","yoast_head_json":{"title":"LIGHTHOUSE HUB PROMOVE AFRODAY E DEBATE ECONOMIA CRIATIVA NEGRA - Bahia Economica","description":"O maior portal de Economia da Bahia MUNIC\u00cdPIOS Bahia Economica Salvador \u00e9 um dos principais centros de forma\u00e7\u00e3o cultural do Brasil.","robots":{"index":"index","follow":"follow","max-snippet":"max-snippet:-1","max-image-preview":"max-image-preview:large","max-video-preview":"max-video-preview:-1"},"canonical":"https:\/\/bahiaeconomica.com.br\/wp\/2025\/11\/19\/lighthouse-hub-promove-afroday-e-debate-economia-criativa-negra\/","og_locale":"pt_BR","og_type":"article","og_title":"LIGHTHOUSE HUB PROMOVE AFRODAY E DEBATE ECONOMIA CRIATIVA NEGRA - Bahia Economica","og_description":"O maior portal de Economia da Bahia MUNIC\u00cdPIOS Bahia Economica Salvador \u00e9 um dos principais centros de forma\u00e7\u00e3o cultural do Brasil.","og_url":"https:\/\/bahiaeconomica.com.br\/wp\/2025\/11\/19\/lighthouse-hub-promove-afroday-e-debate-economia-criativa-negra\/","og_site_name":"Bahia Economica","article_publisher":"https:\/\/www.facebook.com\/bahiaeconomica","article_published_time":"2025-11-19T12:44:50+00:00","og_image":[{"width":744,"height":506,"url":"https:\/\/bahiaeconomica.com.br\/wp\/wp-content\/uploads\/2025\/11\/WhatsApp-Image-2025-11-19-at-09.41.13.jpeg","type":"image\/jpeg"}],"author":"JP","twitter_card":"summary_large_image","twitter_misc":{"Escrito por":"JP","Est. tempo de leitura":"2 minutos"},"schema":{"@context":"https:\/\/schema.org","@graph":[{"@type":"Article","@id":"https:\/\/bahiaeconomica.com.br\/wp\/2025\/11\/19\/lighthouse-hub-promove-afroday-e-debate-economia-criativa-negra\/#article","isPartOf":{"@id":"https:\/\/bahiaeconomica.com.br\/wp\/2025\/11\/19\/lighthouse-hub-promove-afroday-e-debate-economia-criativa-negra\/"},"author":{"name":"JP","@id":"https:\/\/bahiaeconomica.com.br\/wp\/#\/schema\/person\/c86d3a3f8960425a0f9d0e5245991f4e"},"headline":"LIGHTHOUSE HUB PROMOVE AFRODAY E DEBATE ECONOMIA CRIATIVA NEGRA","datePublished":"2025-11-19T12:44:50+00:00","dateModified":"2025-11-19T12:44:50+00:00","mainEntityOfPage":{"@id":"https:\/\/bahiaeconomica.com.br\/wp\/2025\/11\/19\/lighthouse-hub-promove-afroday-e-debate-economia-criativa-negra\/"},"wordCount":363,"publisher":{"@id":"https:\/\/bahiaeconomica.com.br\/wp\/#organization"},"articleSection":["MUNIC\u00cdPIOS"],"inLanguage":"pt-BR"},{"@type":"WebPage","@id":"https:\/\/bahiaeconomica.com.br\/wp\/2025\/11\/19\/lighthouse-hub-promove-afroday-e-debate-economia-criativa-negra\/","url":"https:\/\/bahiaeconomica.com.br\/wp\/2025\/11\/19\/lighthouse-hub-promove-afroday-e-debate-economia-criativa-negra\/","name":"LIGHTHOUSE HUB PROMOVE AFRODAY E DEBATE ECONOMIA CRIATIVA NEGRA - Bahia Economica","isPartOf":{"@id":"https:\/\/bahiaeconomica.com.br\/wp\/#website"},"datePublished":"2025-11-19T12:44:50+00:00","dateModified":"2025-11-19T12:44:50+00:00","description":"O maior portal de Economia da Bahia MUNIC\u00cdPIOS Bahia Economica Salvador \u00e9 um dos principais centros de forma\u00e7\u00e3o cultural do Brasil.","breadcrumb":{"@id":"https:\/\/bahiaeconomica.com.br\/wp\/2025\/11\/19\/lighthouse-hub-promove-afroday-e-debate-economia-criativa-negra\/#breadcrumb"},"inLanguage":"pt-BR","potentialAction":[{"@type":"ReadAction","target":["https:\/\/bahiaeconomica.com.br\/wp\/2025\/11\/19\/lighthouse-hub-promove-afroday-e-debate-economia-criativa-negra\/"]}]},{"@type":"BreadcrumbList","@id":"https:\/\/bahiaeconomica.com.br\/wp\/2025\/11\/19\/lighthouse-hub-promove-afroday-e-debate-economia-criativa-negra\/#breadcrumb","itemListElement":[{"@type":"ListItem","position":1,"name":"In\u00edcio","item":"https:\/\/bahiaeconomica.com.br\/wp\/"},{"@type":"ListItem","position":2,"name":"LIGHTHOUSE HUB PROMOVE AFRODAY E DEBATE ECONOMIA CRIATIVA NEGRA"}]},{"@type":"WebSite","@id":"https:\/\/bahiaeconomica.com.br\/wp\/#website","url":"https:\/\/bahiaeconomica.com.br\/wp\/","name":"Bahia Economica","description":"O maior portal de Economia da Bahia","publisher":{"@id":"https:\/\/bahiaeconomica.com.br\/wp\/#organization"},"potentialAction":[{"@type":"SearchAction","target":{"@type":"EntryPoint","urlTemplate":"https:\/\/bahiaeconomica.com.br\/wp\/?s={search_term_string}"},"query-input":"required name=search_term_string"}],"inLanguage":"pt-BR"},{"@type":"Organization","@id":"https:\/\/bahiaeconomica.com.br\/wp\/#organization","name":"Bahia Econ\u00f4mica","url":"https:\/\/bahiaeconomica.com.br\/wp\/","logo":{"@type":"ImageObject","inLanguage":"pt-BR","@id":"https:\/\/bahiaeconomica.com.br\/wp\/#\/schema\/logo\/image\/","url":"https:\/\/bahiaeconomica.com.br\/wp\/wp-content\/uploads\/2020\/12\/cropped-BE.png","contentUrl":"https:\/\/bahiaeconomica.com.br\/wp\/wp-content\/uploads\/2020\/12\/cropped-BE.png","width":512,"height":512,"caption":"Bahia Econ\u00f4mica"},"image":{"@id":"https:\/\/bahiaeconomica.com.br\/wp\/#\/schema\/logo\/image\/"},"sameAs":["https:\/\/www.facebook.com\/bahiaeconomica"]},{"@type":"Person","@id":"https:\/\/bahiaeconomica.com.br\/wp\/#\/schema\/person\/c86d3a3f8960425a0f9d0e5245991f4e","name":"JP","sameAs":["https:\/\/bahiaeconomica.com.br\/wp\/beta\/"],"url":"https:\/\/bahiaeconomica.com.br\/wp\/author\/jp\/"}]}},"views":18,"_links":{"self":[{"href":"https:\/\/bahiaeconomica.com.br\/wp\/wp-json\/wp\/v2\/posts\/954058"}],"collection":[{"href":"https:\/\/bahiaeconomica.com.br\/wp\/wp-json\/wp\/v2\/posts"}],"about":[{"href":"https:\/\/bahiaeconomica.com.br\/wp\/wp-json\/wp\/v2\/types\/post"}],"author":[{"embeddable":true,"href":"https:\/\/bahiaeconomica.com.br\/wp\/wp-json\/wp\/v2\/users\/8"}],"replies":[{"embeddable":true,"href":"https:\/\/bahiaeconomica.com.br\/wp\/wp-json\/wp\/v2\/comments?post=954058"}],"version-history":[{"count":1,"href":"https:\/\/bahiaeconomica.com.br\/wp\/wp-json\/wp\/v2\/posts\/954058\/revisions"}],"predecessor-version":[{"id":954060,"href":"https:\/\/bahiaeconomica.com.br\/wp\/wp-json\/wp\/v2\/posts\/954058\/revisions\/954060"}],"wp:featuredmedia":[{"embeddable":true,"href":"https:\/\/bahiaeconomica.com.br\/wp\/wp-json\/wp\/v2\/media\/954059"}],"wp:attachment":[{"href":"https:\/\/bahiaeconomica.com.br\/wp\/wp-json\/wp\/v2\/media?parent=954058"}],"wp:term":[{"taxonomy":"category","embeddable":true,"href":"https:\/\/bahiaeconomica.com.br\/wp\/wp-json\/wp\/v2\/categories?post=954058"},{"taxonomy":"post_tag","embeddable":true,"href":"https:\/\/bahiaeconomica.com.br\/wp\/wp-json\/wp\/v2\/tags?post=954058"}],"curies":[{"name":"wp","href":"https:\/\/api.w.org\/{rel}","templated":true}]}}