{"id":953943,"date":"2025-11-18T15:00:47","date_gmt":"2025-11-18T18:00:47","guid":{"rendered":"https:\/\/bahiaeconomica.com.br\/wp\/?p=953943"},"modified":"2025-11-18T21:58:42","modified_gmt":"2025-11-19T00:58:42","slug":"o-partido-das-trevas-lutando-contra-o-porte-de-arma-para-profissionais-da-seguranca-privada-diz-deputado","status":"publish","type":"post","link":"https:\/\/bahiaeconomica.com.br\/wp\/2025\/11\/18\/o-partido-das-trevas-lutando-contra-o-porte-de-arma-para-profissionais-da-seguranca-privada-diz-deputado\/","title":{"rendered":"\u201cO \u2018PARTIDO DAS TREVAS\u2019 LUTANDO CONTRA O PORTE DE ARMA PARA PROFISSIONAIS DA SEGURAN\u00c7A PRIVADA\u201d, DIZ DEPUTADO"},"content":{"rendered":"<p>A reuni\u00e3o da Comiss\u00e3o de Trabalho realizada nesta ter\u00e7a-feira (18), na C\u00e2mara Federal, chamou a aten\u00e7\u00e3o das atividades na Casa Legislativa, pois o deputado federal Capit\u00e3o Alden (PL-BA) subiu o tom contra os parlamentares do Partido dos Trabalhadores (PT) que aprovaram o Requerimento de Retirada de Pauta do Projeto de Lei 2480\/2025, que reconhece nacionalmente a profiss\u00e3o de Vigilante e Agente de Seguran\u00e7a Privada como atividade de risco para fins de aquisi\u00e7\u00e3o de produtos e equipamentos destinados \u00e0 sua pr\u00f3pria seguran\u00e7a e defesa pessoal.<\/p>\n<p>A proposi\u00e7\u00e3o encontra-se com sua relatoria nas m\u00e3os do militar baiano que defende a aprova\u00e7\u00e3o do PL 2480\/2025 por entender a necessidade urgente dessas novas regras para as categorias envolvidas.<\/p>\n<p>\u201cO \u2018Partido das Trevas\u2019 (PT) lutando contra o porte de arma para profissionais da Seguran\u00e7a Privada. O nosso relat\u00f3rio do PL 2480\/2025 representa um avan\u00e7o importante para a valoriza\u00e7\u00e3o e prote\u00e7\u00e3o dos profissionais da Seguran\u00e7a Privada. A proposta autoriza o porte de arma de fogo para vigilantes e demais agentes do setor, seguindo crit\u00e9rios t\u00e9cnicos e psicol\u00f3gicos rigorosos. O PT de forma descarada conseguiu protelar a vota\u00e7\u00e3o para a pr\u00f3xima semana. Vamos com tudo aprovar o texto na semana seguinte!\u201d, afirma Alden.<\/p>\n<p>Confira abaixo a declara\u00e7\u00e3o na \u00edntegra do deputado federal Capit\u00e3o Alden sobre o tema:<\/p>\n<p>https:\/\/www.instagram.com\/reel\/DRNB7OoERtY\/?utm_source=ig_web_copy_link&#038;igsh=MzRlODBiNWFlZA==<\/p>\n","protected":false},"excerpt":{"rendered":"<p>A reuni\u00e3o da Comiss\u00e3o de Trabalho realizada nesta ter\u00e7a-feira (18), na C\u00e2mara Federal, chamou a aten\u00e7\u00e3o das atividades na Casa Legislativa, pois o deputado federal Capit\u00e3o Alden (PL-BA) subiu o tom contra os parlamentares do Partido dos Trabalhadores (PT) que aprovaram o Requerimento de Retirada de Pauta do Projeto de Lei 2480\/2025, que reconhece nacionalmente [&hellip;]<\/p>\n","protected":false},"author":8,"featured_media":953944,"comment_status":"closed","ping_status":"closed","sticky":false,"template":"","format":"standard","meta":[],"categories":[14601],"tags":[],"acf":[],"yoast_head":"<!-- This site is optimized with the Yoast SEO plugin v20.8 - https:\/\/yoast.com\/wordpress\/plugins\/seo\/ -->\n<title>\u201cO \u2018PARTIDO DAS TREVAS\u2019 LUTANDO CONTRA O PORTE DE ARMA PARA PROFISSIONAIS DA SEGURAN\u00c7A PRIVADA\u201d, DIZ DEPUTADO - Bahia Economica<\/title>\n<meta name=\"description\" content=\"O maior portal de Economia da Bahia Pol\u00edtica Bahia Economica Deputado federal \u00e9 relator de projeto que reconhece nacionalmente a Profiss\u00e3o de Vigilante e Agente de Seguran\u00e7a Privada como atividade de risco\" \/>\n<meta name=\"robots\" content=\"index, follow, max-snippet:-1, max-image-preview:large, max-video-preview:-1\" \/>\n<link rel=\"canonical\" href=\"https:\/\/bahiaeconomica.com.br\/wp\/2025\/11\/18\/o-partido-das-trevas-lutando-contra-o-porte-de-arma-para-profissionais-da-seguranca-privada-diz-deputado\/\" \/>\n<meta property=\"og:locale\" content=\"pt_BR\" \/>\n<meta property=\"og:type\" content=\"article\" \/>\n<meta property=\"og:title\" content=\"\u201cO \u2018PARTIDO DAS TREVAS\u2019 LUTANDO CONTRA O PORTE DE ARMA PARA PROFISSIONAIS DA SEGURAN\u00c7A PRIVADA\u201d, DIZ DEPUTADO - Bahia Economica\" \/>\n<meta property=\"og:description\" content=\"O maior portal de Economia da Bahia Pol\u00edtica Bahia Economica Deputado federal \u00e9 relator de projeto que reconhece nacionalmente a Profiss\u00e3o de Vigilante e Agente de Seguran\u00e7a Privada como atividade de risco\" \/>\n<meta property=\"og:url\" content=\"https:\/\/bahiaeconomica.com.br\/wp\/2025\/11\/18\/o-partido-das-trevas-lutando-contra-o-porte-de-arma-para-profissionais-da-seguranca-privada-diz-deputado\/\" \/>\n<meta property=\"og:site_name\" content=\"Bahia Economica\" \/>\n<meta property=\"article:publisher\" content=\"https:\/\/www.facebook.com\/bahiaeconomica\" \/>\n<meta property=\"article:published_time\" content=\"2025-11-18T18:00:47+00:00\" \/>\n<meta property=\"article:modified_time\" content=\"2025-11-19T00:58:42+00:00\" \/>\n<meta property=\"og:image\" content=\"https:\/\/bahiaeconomica.com.br\/wp\/wp-content\/uploads\/2025\/11\/WhatsApp-Image-2025-11-18-at-16.31.21.jpeg\" \/>\n\t<meta property=\"og:image:width\" content=\"1383\" \/>\n\t<meta property=\"og:image:height\" content=\"933\" \/>\n\t<meta property=\"og:image:type\" content=\"image\/jpeg\" \/>\n<meta name=\"author\" content=\"JP\" \/>\n<meta name=\"twitter:card\" content=\"summary_large_image\" \/>\n<meta name=\"twitter:label1\" content=\"Escrito por\" \/>\n\t<meta name=\"twitter:data1\" content=\"JP\" \/>\n\t<meta name=\"twitter:label2\" content=\"Est. tempo de leitura\" \/>\n\t<meta name=\"twitter:data2\" content=\"2 minutos\" \/>\n<script type=\"application\/ld+json\" class=\"yoast-schema-graph\">{\"@context\":\"https:\/\/schema.org\",\"@graph\":[{\"@type\":\"Article\",\"@id\":\"https:\/\/bahiaeconomica.com.br\/wp\/2025\/11\/18\/o-partido-das-trevas-lutando-contra-o-porte-de-arma-para-profissionais-da-seguranca-privada-diz-deputado\/#article\",\"isPartOf\":{\"@id\":\"https:\/\/bahiaeconomica.com.br\/wp\/2025\/11\/18\/o-partido-das-trevas-lutando-contra-o-porte-de-arma-para-profissionais-da-seguranca-privada-diz-deputado\/\"},\"author\":{\"name\":\"JP\",\"@id\":\"https:\/\/bahiaeconomica.com.br\/wp\/#\/schema\/person\/c86d3a3f8960425a0f9d0e5245991f4e\"},\"headline\":\"\u201cO \u2018PARTIDO DAS TREVAS\u2019 LUTANDO CONTRA O PORTE DE ARMA PARA PROFISSIONAIS DA SEGURAN\u00c7A PRIVADA\u201d, DIZ DEPUTADO\",\"datePublished\":\"2025-11-18T18:00:47+00:00\",\"dateModified\":\"2025-11-19T00:58:42+00:00\",\"mainEntityOfPage\":{\"@id\":\"https:\/\/bahiaeconomica.com.br\/wp\/2025\/11\/18\/o-partido-das-trevas-lutando-contra-o-porte-de-arma-para-profissionais-da-seguranca-privada-diz-deputado\/\"},\"wordCount\":266,\"publisher\":{\"@id\":\"https:\/\/bahiaeconomica.com.br\/wp\/#organization\"},\"articleSection\":[\"Pol\u00edtica\"],\"inLanguage\":\"pt-BR\"},{\"@type\":\"WebPage\",\"@id\":\"https:\/\/bahiaeconomica.com.br\/wp\/2025\/11\/18\/o-partido-das-trevas-lutando-contra-o-porte-de-arma-para-profissionais-da-seguranca-privada-diz-deputado\/\",\"url\":\"https:\/\/bahiaeconomica.com.br\/wp\/2025\/11\/18\/o-partido-das-trevas-lutando-contra-o-porte-de-arma-para-profissionais-da-seguranca-privada-diz-deputado\/\",\"name\":\"\u201cO \u2018PARTIDO DAS TREVAS\u2019 LUTANDO CONTRA O PORTE DE ARMA PARA PROFISSIONAIS DA SEGURAN\u00c7A PRIVADA\u201d, DIZ DEPUTADO - Bahia Economica\",\"isPartOf\":{\"@id\":\"https:\/\/bahiaeconomica.com.br\/wp\/#website\"},\"datePublished\":\"2025-11-18T18:00:47+00:00\",\"dateModified\":\"2025-11-19T00:58:42+00:00\",\"description\":\"O maior portal de Economia da Bahia Pol\u00edtica Bahia Economica Deputado federal \u00e9 relator de projeto que reconhece nacionalmente a Profiss\u00e3o de Vigilante e Agente de Seguran\u00e7a Privada como atividade de risco\",\"breadcrumb\":{\"@id\":\"https:\/\/bahiaeconomica.com.br\/wp\/2025\/11\/18\/o-partido-das-trevas-lutando-contra-o-porte-de-arma-para-profissionais-da-seguranca-privada-diz-deputado\/#breadcrumb\"},\"inLanguage\":\"pt-BR\",\"potentialAction\":[{\"@type\":\"ReadAction\",\"target\":[\"https:\/\/bahiaeconomica.com.br\/wp\/2025\/11\/18\/o-partido-das-trevas-lutando-contra-o-porte-de-arma-para-profissionais-da-seguranca-privada-diz-deputado\/\"]}]},{\"@type\":\"BreadcrumbList\",\"@id\":\"https:\/\/bahiaeconomica.com.br\/wp\/2025\/11\/18\/o-partido-das-trevas-lutando-contra-o-porte-de-arma-para-profissionais-da-seguranca-privada-diz-deputado\/#breadcrumb\",\"itemListElement\":[{\"@type\":\"ListItem\",\"position\":1,\"name\":\"In\u00edcio\",\"item\":\"https:\/\/bahiaeconomica.com.br\/wp\/\"},{\"@type\":\"ListItem\",\"position\":2,\"name\":\"\u201cO \u2018PARTIDO DAS TREVAS\u2019 LUTANDO CONTRA O PORTE DE ARMA PARA PROFISSIONAIS DA SEGURAN\u00c7A PRIVADA\u201d, DIZ DEPUTADO\"}]},{\"@type\":\"WebSite\",\"@id\":\"https:\/\/bahiaeconomica.com.br\/wp\/#website\",\"url\":\"https:\/\/bahiaeconomica.com.br\/wp\/\",\"name\":\"Bahia Economica\",\"description\":\"O maior portal de Economia da Bahia\",\"publisher\":{\"@id\":\"https:\/\/bahiaeconomica.com.br\/wp\/#organization\"},\"potentialAction\":[{\"@type\":\"SearchAction\",\"target\":{\"@type\":\"EntryPoint\",\"urlTemplate\":\"https:\/\/bahiaeconomica.com.br\/wp\/?s={search_term_string}\"},\"query-input\":\"required name=search_term_string\"}],\"inLanguage\":\"pt-BR\"},{\"@type\":\"Organization\",\"@id\":\"https:\/\/bahiaeconomica.com.br\/wp\/#organization\",\"name\":\"Bahia Econ\u00f4mica\",\"url\":\"https:\/\/bahiaeconomica.com.br\/wp\/\",\"logo\":{\"@type\":\"ImageObject\",\"inLanguage\":\"pt-BR\",\"@id\":\"https:\/\/bahiaeconomica.com.br\/wp\/#\/schema\/logo\/image\/\",\"url\":\"https:\/\/bahiaeconomica.com.br\/wp\/wp-content\/uploads\/2020\/12\/cropped-BE.png\",\"contentUrl\":\"https:\/\/bahiaeconomica.com.br\/wp\/wp-content\/uploads\/2020\/12\/cropped-BE.png\",\"width\":512,\"height\":512,\"caption\":\"Bahia Econ\u00f4mica\"},\"image\":{\"@id\":\"https:\/\/bahiaeconomica.com.br\/wp\/#\/schema\/logo\/image\/\"},\"sameAs\":[\"https:\/\/www.facebook.com\/bahiaeconomica\"]},{\"@type\":\"Person\",\"@id\":\"https:\/\/bahiaeconomica.com.br\/wp\/#\/schema\/person\/c86d3a3f8960425a0f9d0e5245991f4e\",\"name\":\"JP\",\"sameAs\":[\"https:\/\/bahiaeconomica.com.br\/wp\/beta\/\"],\"url\":\"https:\/\/bahiaeconomica.com.br\/wp\/author\/jp\/\"}]}<\/script>\n<!-- \/ Yoast SEO plugin. -->","yoast_head_json":{"title":"\u201cO \u2018PARTIDO DAS TREVAS\u2019 LUTANDO CONTRA O PORTE DE ARMA PARA PROFISSIONAIS DA SEGURAN\u00c7A PRIVADA\u201d, DIZ DEPUTADO - Bahia Economica","description":"O maior portal de Economia da Bahia Pol\u00edtica Bahia Economica Deputado federal \u00e9 relator de projeto que reconhece nacionalmente a Profiss\u00e3o de Vigilante e Agente de Seguran\u00e7a Privada como atividade de risco","robots":{"index":"index","follow":"follow","max-snippet":"max-snippet:-1","max-image-preview":"max-image-preview:large","max-video-preview":"max-video-preview:-1"},"canonical":"https:\/\/bahiaeconomica.com.br\/wp\/2025\/11\/18\/o-partido-das-trevas-lutando-contra-o-porte-de-arma-para-profissionais-da-seguranca-privada-diz-deputado\/","og_locale":"pt_BR","og_type":"article","og_title":"\u201cO \u2018PARTIDO DAS TREVAS\u2019 LUTANDO CONTRA O PORTE DE ARMA PARA PROFISSIONAIS DA SEGURAN\u00c7A PRIVADA\u201d, DIZ DEPUTADO - Bahia Economica","og_description":"O maior portal de Economia da Bahia Pol\u00edtica Bahia Economica Deputado federal \u00e9 relator de projeto que reconhece nacionalmente a Profiss\u00e3o de Vigilante e Agente de Seguran\u00e7a Privada como atividade de risco","og_url":"https:\/\/bahiaeconomica.com.br\/wp\/2025\/11\/18\/o-partido-das-trevas-lutando-contra-o-porte-de-arma-para-profissionais-da-seguranca-privada-diz-deputado\/","og_site_name":"Bahia Economica","article_publisher":"https:\/\/www.facebook.com\/bahiaeconomica","article_published_time":"2025-11-18T18:00:47+00:00","article_modified_time":"2025-11-19T00:58:42+00:00","og_image":[{"width":1383,"height":933,"url":"https:\/\/bahiaeconomica.com.br\/wp\/wp-content\/uploads\/2025\/11\/WhatsApp-Image-2025-11-18-at-16.31.21.jpeg","type":"image\/jpeg"}],"author":"JP","twitter_card":"summary_large_image","twitter_misc":{"Escrito por":"JP","Est. tempo de leitura":"2 minutos"},"schema":{"@context":"https:\/\/schema.org","@graph":[{"@type":"Article","@id":"https:\/\/bahiaeconomica.com.br\/wp\/2025\/11\/18\/o-partido-das-trevas-lutando-contra-o-porte-de-arma-para-profissionais-da-seguranca-privada-diz-deputado\/#article","isPartOf":{"@id":"https:\/\/bahiaeconomica.com.br\/wp\/2025\/11\/18\/o-partido-das-trevas-lutando-contra-o-porte-de-arma-para-profissionais-da-seguranca-privada-diz-deputado\/"},"author":{"name":"JP","@id":"https:\/\/bahiaeconomica.com.br\/wp\/#\/schema\/person\/c86d3a3f8960425a0f9d0e5245991f4e"},"headline":"\u201cO \u2018PARTIDO DAS TREVAS\u2019 LUTANDO CONTRA O PORTE DE ARMA PARA PROFISSIONAIS DA SEGURAN\u00c7A PRIVADA\u201d, DIZ DEPUTADO","datePublished":"2025-11-18T18:00:47+00:00","dateModified":"2025-11-19T00:58:42+00:00","mainEntityOfPage":{"@id":"https:\/\/bahiaeconomica.com.br\/wp\/2025\/11\/18\/o-partido-das-trevas-lutando-contra-o-porte-de-arma-para-profissionais-da-seguranca-privada-diz-deputado\/"},"wordCount":266,"publisher":{"@id":"https:\/\/bahiaeconomica.com.br\/wp\/#organization"},"articleSection":["Pol\u00edtica"],"inLanguage":"pt-BR"},{"@type":"WebPage","@id":"https:\/\/bahiaeconomica.com.br\/wp\/2025\/11\/18\/o-partido-das-trevas-lutando-contra-o-porte-de-arma-para-profissionais-da-seguranca-privada-diz-deputado\/","url":"https:\/\/bahiaeconomica.com.br\/wp\/2025\/11\/18\/o-partido-das-trevas-lutando-contra-o-porte-de-arma-para-profissionais-da-seguranca-privada-diz-deputado\/","name":"\u201cO \u2018PARTIDO DAS TREVAS\u2019 LUTANDO CONTRA O PORTE DE ARMA PARA PROFISSIONAIS DA SEGURAN\u00c7A PRIVADA\u201d, DIZ DEPUTADO - Bahia Economica","isPartOf":{"@id":"https:\/\/bahiaeconomica.com.br\/wp\/#website"},"datePublished":"2025-11-18T18:00:47+00:00","dateModified":"2025-11-19T00:58:42+00:00","description":"O maior portal de Economia da Bahia Pol\u00edtica Bahia Economica Deputado federal \u00e9 relator de projeto que reconhece nacionalmente a Profiss\u00e3o de Vigilante e Agente de Seguran\u00e7a Privada como atividade de risco","breadcrumb":{"@id":"https:\/\/bahiaeconomica.com.br\/wp\/2025\/11\/18\/o-partido-das-trevas-lutando-contra-o-porte-de-arma-para-profissionais-da-seguranca-privada-diz-deputado\/#breadcrumb"},"inLanguage":"pt-BR","potentialAction":[{"@type":"ReadAction","target":["https:\/\/bahiaeconomica.com.br\/wp\/2025\/11\/18\/o-partido-das-trevas-lutando-contra-o-porte-de-arma-para-profissionais-da-seguranca-privada-diz-deputado\/"]}]},{"@type":"BreadcrumbList","@id":"https:\/\/bahiaeconomica.com.br\/wp\/2025\/11\/18\/o-partido-das-trevas-lutando-contra-o-porte-de-arma-para-profissionais-da-seguranca-privada-diz-deputado\/#breadcrumb","itemListElement":[{"@type":"ListItem","position":1,"name":"In\u00edcio","item":"https:\/\/bahiaeconomica.com.br\/wp\/"},{"@type":"ListItem","position":2,"name":"\u201cO \u2018PARTIDO DAS TREVAS\u2019 LUTANDO CONTRA O PORTE DE ARMA PARA PROFISSIONAIS DA SEGURAN\u00c7A PRIVADA\u201d, DIZ DEPUTADO"}]},{"@type":"WebSite","@id":"https:\/\/bahiaeconomica.com.br\/wp\/#website","url":"https:\/\/bahiaeconomica.com.br\/wp\/","name":"Bahia Economica","description":"O maior portal de Economia da Bahia","publisher":{"@id":"https:\/\/bahiaeconomica.com.br\/wp\/#organization"},"potentialAction":[{"@type":"SearchAction","target":{"@type":"EntryPoint","urlTemplate":"https:\/\/bahiaeconomica.com.br\/wp\/?s={search_term_string}"},"query-input":"required name=search_term_string"}],"inLanguage":"pt-BR"},{"@type":"Organization","@id":"https:\/\/bahiaeconomica.com.br\/wp\/#organization","name":"Bahia Econ\u00f4mica","url":"https:\/\/bahiaeconomica.com.br\/wp\/","logo":{"@type":"ImageObject","inLanguage":"pt-BR","@id":"https:\/\/bahiaeconomica.com.br\/wp\/#\/schema\/logo\/image\/","url":"https:\/\/bahiaeconomica.com.br\/wp\/wp-content\/uploads\/2020\/12\/cropped-BE.png","contentUrl":"https:\/\/bahiaeconomica.com.br\/wp\/wp-content\/uploads\/2020\/12\/cropped-BE.png","width":512,"height":512,"caption":"Bahia Econ\u00f4mica"},"image":{"@id":"https:\/\/bahiaeconomica.com.br\/wp\/#\/schema\/logo\/image\/"},"sameAs":["https:\/\/www.facebook.com\/bahiaeconomica"]},{"@type":"Person","@id":"https:\/\/bahiaeconomica.com.br\/wp\/#\/schema\/person\/c86d3a3f8960425a0f9d0e5245991f4e","name":"JP","sameAs":["https:\/\/bahiaeconomica.com.br\/wp\/beta\/"],"url":"https:\/\/bahiaeconomica.com.br\/wp\/author\/jp\/"}]}},"views":9,"_links":{"self":[{"href":"https:\/\/bahiaeconomica.com.br\/wp\/wp-json\/wp\/v2\/posts\/953943"}],"collection":[{"href":"https:\/\/bahiaeconomica.com.br\/wp\/wp-json\/wp\/v2\/posts"}],"about":[{"href":"https:\/\/bahiaeconomica.com.br\/wp\/wp-json\/wp\/v2\/types\/post"}],"author":[{"embeddable":true,"href":"https:\/\/bahiaeconomica.com.br\/wp\/wp-json\/wp\/v2\/users\/8"}],"replies":[{"embeddable":true,"href":"https:\/\/bahiaeconomica.com.br\/wp\/wp-json\/wp\/v2\/comments?post=953943"}],"version-history":[{"count":1,"href":"https:\/\/bahiaeconomica.com.br\/wp\/wp-json\/wp\/v2\/posts\/953943\/revisions"}],"predecessor-version":[{"id":953945,"href":"https:\/\/bahiaeconomica.com.br\/wp\/wp-json\/wp\/v2\/posts\/953943\/revisions\/953945"}],"wp:featuredmedia":[{"embeddable":true,"href":"https:\/\/bahiaeconomica.com.br\/wp\/wp-json\/wp\/v2\/media\/953944"}],"wp:attachment":[{"href":"https:\/\/bahiaeconomica.com.br\/wp\/wp-json\/wp\/v2\/media?parent=953943"}],"wp:term":[{"taxonomy":"category","embeddable":true,"href":"https:\/\/bahiaeconomica.com.br\/wp\/wp-json\/wp\/v2\/categories?post=953943"},{"taxonomy":"post_tag","embeddable":true,"href":"https:\/\/bahiaeconomica.com.br\/wp\/wp-json\/wp\/v2\/tags?post=953943"}],"curies":[{"name":"wp","href":"https:\/\/api.w.org\/{rel}","templated":true}]}}