{"id":953124,"date":"2025-11-17T04:50:42","date_gmt":"2025-11-17T07:50:42","guid":{"rendered":"https:\/\/bahiaeconomica.com.br\/wp\/?p=953124"},"modified":"2025-11-16T19:06:08","modified_gmt":"2025-11-16T22:06:08","slug":"robson-esteves-logistica-reversa-e-competitividade","status":"publish","type":"post","link":"https:\/\/bahiaeconomica.com.br\/wp\/2025\/11\/17\/robson-esteves-logistica-reversa-e-competitividade\/","title":{"rendered":"ROBSON ESTEVES &#8211; LOG\u00cdSTICA REVERSA E COMPETITIVIDADE"},"content":{"rendered":"<p>\u00c0 medida que o mercado brasileiro de eletroeletr\u00f4nicos volta a crescer, surge uma oportunidade estrat\u00e9gica para as empresas: transformar o descarte de produtos em valor. A log\u00edstica reversa deixou de ser apenas uma pauta de sustentabilidade e passou a ser um diferencial competitivo, integrando a agenda de inova\u00e7\u00e3o, governan\u00e7a e novos modelos de neg\u00f3cio.<\/p>\n<p>A log\u00edstica reversa consiste na organiza\u00e7\u00e3o do fluxo de retorno de produtos e materiais ap\u00f3s o uso, possibilitando seu reaproveitamento, reciclagem ou reindustrializa\u00e7\u00e3o. Esse processo reduz a necessidade de extra\u00e7\u00e3o de mat\u00e9rias-primas, recupera valor econ\u00f4mico que antes se perdia e mitiga impactos ambientais. Inserida no cora\u00e7\u00e3o da economia circular, tornou-se um componente essencial das estrat\u00e9gias empresariais de inova\u00e7\u00e3o e governan\u00e7a.<\/p>\n<p>O Brasil enfrenta um desafio de grande escala. Lidera a gera\u00e7\u00e3o de res\u00edduos eletroeletr\u00f4nicos na Am\u00e9rica Latina, com cerca de 2,4 milh\u00f5es de toneladas por ano, segundo o\u00a0<em>Global E-waste Monitor<\/em>. Ainda assim, apenas uma pequena parte desses materiais tem destina\u00e7\u00e3o ambientalmente adequada, o que resulta em perda de valor econ\u00f4mico, desperd\u00edcio de mat\u00e9rias-primas e impactos ambientais expressivos. Enfrentar esse desafio requer a cria\u00e7\u00e3o de solu\u00e7\u00f5es integradas que conectem o mercado, a regula\u00e7\u00e3o e a sociedade em torno da economia circular.<\/p>\n<p>A participa\u00e7\u00e3o do consumidor \u00e9 determinante para o sucesso da log\u00edstica reversa. Sem ades\u00e3o nas etapas de separa\u00e7\u00e3o e entrega, os sistemas perdem efici\u00eancia. Paralelamente, o setor privado deve incorporar o design para reciclagem e desenvolver modelos de neg\u00f3cio que incentivem o retorno e o reaproveitamento de produtos. J\u00e1 as pol\u00edticas p\u00fablicas precisam estabelecer regras claras e garantir previsibilidade regulat\u00f3ria, criando um ambiente prop\u00edcio a investimentos e \u00e0 amplia\u00e7\u00e3o da infraestrutura necess\u00e1ria.<\/p>\n<p>A log\u00edstica reversa n\u00e3o \u00e9 apenas uma exig\u00eancia ambiental ou uma responsabilidade legal.<\/p>\n<p>Quando bem articulada, impulsiona a inova\u00e7\u00e3o, cria empregos e otimiza custos operacionais. Organiza\u00e7\u00f5es que adotam pr\u00e1ticas circulares elevam seu desempenho em ESG e se destacam em um cen\u00e1rio de neg\u00f3cios cada vez mais din\u00e2mico e sustent\u00e1vel.<\/p>\n<p>Transformar consumo em circularidade exige coopera\u00e7\u00e3o entre empresas, poder p\u00fablico e sociedade. A log\u00edstica reversa \u00e9 o elo que conecta esses atores e transforma prop\u00f3sito em pr\u00e1tica. Investir nesse sistema \u00e9 apostar na competitividade e em um futuro verdadeiramente sustent\u00e1vel para o nosso pa\u00eds.<\/p>\n<p>*Robson Esteves\u00a0\u2013 Presidente da\u00a0<strong>ABREE<\/strong> \u2014 Associa\u00e7\u00e3o Brasileira de Reciclagem de Eletroeletr\u00f4nicos e Eletrodom\u00e9sticos.<\/p>\n","protected":false},"excerpt":{"rendered":"<p>\u00c0 medida que o mercado brasileiro de eletroeletr\u00f4nicos volta a crescer, surge uma oportunidade estrat\u00e9gica para as empresas: transformar o descarte de produtos em valor. A log\u00edstica reversa deixou de ser apenas uma pauta de sustentabilidade e passou a ser um diferencial competitivo, integrando a agenda de inova\u00e7\u00e3o, governan\u00e7a e novos modelos de neg\u00f3cio. A [&hellip;]<\/p>\n","protected":false},"author":1,"featured_media":953127,"comment_status":"closed","ping_status":"closed","sticky":false,"template":"","format":"standard","meta":[],"categories":[22],"tags":[],"acf":[],"yoast_head":"<!-- This site is optimized with the Yoast SEO plugin v20.8 - https:\/\/yoast.com\/wordpress\/plugins\/seo\/ -->\n<title>ROBSON ESTEVES - LOG\u00cdSTICA REVERSA E COMPETITIVIDADE - Bahia Economica<\/title>\n<meta name=\"description\" content=\"O maior portal de Economia da Bahia COLUNISTAS Bahia Economica\" \/>\n<meta name=\"robots\" content=\"index, follow, max-snippet:-1, max-image-preview:large, max-video-preview:-1\" \/>\n<link rel=\"canonical\" href=\"https:\/\/bahiaeconomica.com.br\/wp\/2025\/11\/17\/robson-esteves-logistica-reversa-e-competitividade\/\" \/>\n<meta property=\"og:locale\" content=\"pt_BR\" \/>\n<meta property=\"og:type\" content=\"article\" \/>\n<meta property=\"og:title\" content=\"ROBSON ESTEVES - LOG\u00cdSTICA REVERSA E COMPETITIVIDADE - Bahia Economica\" \/>\n<meta property=\"og:description\" content=\"O maior portal de Economia da Bahia COLUNISTAS Bahia Economica\" \/>\n<meta property=\"og:url\" content=\"https:\/\/bahiaeconomica.com.br\/wp\/2025\/11\/17\/robson-esteves-logistica-reversa-e-competitividade\/\" \/>\n<meta property=\"og:site_name\" content=\"Bahia Economica\" \/>\n<meta property=\"article:publisher\" content=\"https:\/\/www.facebook.com\/bahiaeconomica\" \/>\n<meta property=\"article:published_time\" content=\"2025-11-17T07:50:42+00:00\" \/>\n<meta property=\"article:modified_time\" content=\"2025-11-16T22:06:08+00:00\" \/>\n<meta property=\"og:image\" content=\"https:\/\/bahiaeconomica.com.br\/wp\/wp-content\/uploads\/2025\/11\/IMG_5979.jpeg\" \/>\n\t<meta property=\"og:image:width\" content=\"497\" \/>\n\t<meta property=\"og:image:height\" content=\"416\" \/>\n\t<meta property=\"og:image:type\" content=\"image\/jpeg\" \/>\n<meta name=\"author\" content=\"admin\" \/>\n<meta name=\"twitter:card\" content=\"summary_large_image\" \/>\n<meta name=\"twitter:label1\" content=\"Escrito por\" \/>\n\t<meta name=\"twitter:data1\" content=\"admin\" \/>\n\t<meta name=\"twitter:label2\" content=\"Est. tempo de leitura\" \/>\n\t<meta name=\"twitter:data2\" content=\"3 minutos\" \/>\n<script type=\"application\/ld+json\" class=\"yoast-schema-graph\">{\"@context\":\"https:\/\/schema.org\",\"@graph\":[{\"@type\":\"Article\",\"@id\":\"https:\/\/bahiaeconomica.com.br\/wp\/2025\/11\/17\/robson-esteves-logistica-reversa-e-competitividade\/#article\",\"isPartOf\":{\"@id\":\"https:\/\/bahiaeconomica.com.br\/wp\/2025\/11\/17\/robson-esteves-logistica-reversa-e-competitividade\/\"},\"author\":{\"name\":\"admin\",\"@id\":\"https:\/\/bahiaeconomica.com.br\/wp\/#\/schema\/person\/cb1ab5ba96ad3d9390805381c76284ec\"},\"headline\":\"ROBSON ESTEVES &#8211; LOG\u00cdSTICA REVERSA E COMPETITIVIDADE\",\"datePublished\":\"2025-11-17T07:50:42+00:00\",\"dateModified\":\"2025-11-16T22:06:08+00:00\",\"mainEntityOfPage\":{\"@id\":\"https:\/\/bahiaeconomica.com.br\/wp\/2025\/11\/17\/robson-esteves-logistica-reversa-e-competitividade\/\"},\"wordCount\":435,\"publisher\":{\"@id\":\"https:\/\/bahiaeconomica.com.br\/wp\/#organization\"},\"articleSection\":[\"COLUNISTAS\"],\"inLanguage\":\"pt-BR\"},{\"@type\":\"WebPage\",\"@id\":\"https:\/\/bahiaeconomica.com.br\/wp\/2025\/11\/17\/robson-esteves-logistica-reversa-e-competitividade\/\",\"url\":\"https:\/\/bahiaeconomica.com.br\/wp\/2025\/11\/17\/robson-esteves-logistica-reversa-e-competitividade\/\",\"name\":\"ROBSON ESTEVES - LOG\u00cdSTICA REVERSA E COMPETITIVIDADE - Bahia Economica\",\"isPartOf\":{\"@id\":\"https:\/\/bahiaeconomica.com.br\/wp\/#website\"},\"datePublished\":\"2025-11-17T07:50:42+00:00\",\"dateModified\":\"2025-11-16T22:06:08+00:00\",\"description\":\"O maior portal de Economia da Bahia COLUNISTAS Bahia Economica\",\"breadcrumb\":{\"@id\":\"https:\/\/bahiaeconomica.com.br\/wp\/2025\/11\/17\/robson-esteves-logistica-reversa-e-competitividade\/#breadcrumb\"},\"inLanguage\":\"pt-BR\",\"potentialAction\":[{\"@type\":\"ReadAction\",\"target\":[\"https:\/\/bahiaeconomica.com.br\/wp\/2025\/11\/17\/robson-esteves-logistica-reversa-e-competitividade\/\"]}]},{\"@type\":\"BreadcrumbList\",\"@id\":\"https:\/\/bahiaeconomica.com.br\/wp\/2025\/11\/17\/robson-esteves-logistica-reversa-e-competitividade\/#breadcrumb\",\"itemListElement\":[{\"@type\":\"ListItem\",\"position\":1,\"name\":\"In\u00edcio\",\"item\":\"https:\/\/bahiaeconomica.com.br\/wp\/\"},{\"@type\":\"ListItem\",\"position\":2,\"name\":\"ROBSON ESTEVES &#8211; LOG\u00cdSTICA REVERSA E COMPETITIVIDADE\"}]},{\"@type\":\"WebSite\",\"@id\":\"https:\/\/bahiaeconomica.com.br\/wp\/#website\",\"url\":\"https:\/\/bahiaeconomica.com.br\/wp\/\",\"name\":\"Bahia Economica\",\"description\":\"O maior portal de Economia da Bahia\",\"publisher\":{\"@id\":\"https:\/\/bahiaeconomica.com.br\/wp\/#organization\"},\"potentialAction\":[{\"@type\":\"SearchAction\",\"target\":{\"@type\":\"EntryPoint\",\"urlTemplate\":\"https:\/\/bahiaeconomica.com.br\/wp\/?s={search_term_string}\"},\"query-input\":\"required name=search_term_string\"}],\"inLanguage\":\"pt-BR\"},{\"@type\":\"Organization\",\"@id\":\"https:\/\/bahiaeconomica.com.br\/wp\/#organization\",\"name\":\"Bahia Econ\u00f4mica\",\"url\":\"https:\/\/bahiaeconomica.com.br\/wp\/\",\"logo\":{\"@type\":\"ImageObject\",\"inLanguage\":\"pt-BR\",\"@id\":\"https:\/\/bahiaeconomica.com.br\/wp\/#\/schema\/logo\/image\/\",\"url\":\"https:\/\/bahiaeconomica.com.br\/wp\/wp-content\/uploads\/2020\/12\/cropped-BE.png\",\"contentUrl\":\"https:\/\/bahiaeconomica.com.br\/wp\/wp-content\/uploads\/2020\/12\/cropped-BE.png\",\"width\":512,\"height\":512,\"caption\":\"Bahia Econ\u00f4mica\"},\"image\":{\"@id\":\"https:\/\/bahiaeconomica.com.br\/wp\/#\/schema\/logo\/image\/\"},\"sameAs\":[\"https:\/\/www.facebook.com\/bahiaeconomica\"]},{\"@type\":\"Person\",\"@id\":\"https:\/\/bahiaeconomica.com.br\/wp\/#\/schema\/person\/cb1ab5ba96ad3d9390805381c76284ec\",\"name\":\"admin\",\"url\":\"https:\/\/bahiaeconomica.com.br\/wp\/author\/admin\/\"}]}<\/script>\n<!-- \/ Yoast SEO plugin. -->","yoast_head_json":{"title":"ROBSON ESTEVES - LOG\u00cdSTICA REVERSA E COMPETITIVIDADE - Bahia Economica","description":"O maior portal de Economia da Bahia COLUNISTAS Bahia Economica","robots":{"index":"index","follow":"follow","max-snippet":"max-snippet:-1","max-image-preview":"max-image-preview:large","max-video-preview":"max-video-preview:-1"},"canonical":"https:\/\/bahiaeconomica.com.br\/wp\/2025\/11\/17\/robson-esteves-logistica-reversa-e-competitividade\/","og_locale":"pt_BR","og_type":"article","og_title":"ROBSON ESTEVES - LOG\u00cdSTICA REVERSA E COMPETITIVIDADE - Bahia Economica","og_description":"O maior portal de Economia da Bahia COLUNISTAS Bahia Economica","og_url":"https:\/\/bahiaeconomica.com.br\/wp\/2025\/11\/17\/robson-esteves-logistica-reversa-e-competitividade\/","og_site_name":"Bahia Economica","article_publisher":"https:\/\/www.facebook.com\/bahiaeconomica","article_published_time":"2025-11-17T07:50:42+00:00","article_modified_time":"2025-11-16T22:06:08+00:00","og_image":[{"width":497,"height":416,"url":"https:\/\/bahiaeconomica.com.br\/wp\/wp-content\/uploads\/2025\/11\/IMG_5979.jpeg","type":"image\/jpeg"}],"author":"admin","twitter_card":"summary_large_image","twitter_misc":{"Escrito por":"admin","Est. tempo de leitura":"3 minutos"},"schema":{"@context":"https:\/\/schema.org","@graph":[{"@type":"Article","@id":"https:\/\/bahiaeconomica.com.br\/wp\/2025\/11\/17\/robson-esteves-logistica-reversa-e-competitividade\/#article","isPartOf":{"@id":"https:\/\/bahiaeconomica.com.br\/wp\/2025\/11\/17\/robson-esteves-logistica-reversa-e-competitividade\/"},"author":{"name":"admin","@id":"https:\/\/bahiaeconomica.com.br\/wp\/#\/schema\/person\/cb1ab5ba96ad3d9390805381c76284ec"},"headline":"ROBSON ESTEVES &#8211; LOG\u00cdSTICA REVERSA E COMPETITIVIDADE","datePublished":"2025-11-17T07:50:42+00:00","dateModified":"2025-11-16T22:06:08+00:00","mainEntityOfPage":{"@id":"https:\/\/bahiaeconomica.com.br\/wp\/2025\/11\/17\/robson-esteves-logistica-reversa-e-competitividade\/"},"wordCount":435,"publisher":{"@id":"https:\/\/bahiaeconomica.com.br\/wp\/#organization"},"articleSection":["COLUNISTAS"],"inLanguage":"pt-BR"},{"@type":"WebPage","@id":"https:\/\/bahiaeconomica.com.br\/wp\/2025\/11\/17\/robson-esteves-logistica-reversa-e-competitividade\/","url":"https:\/\/bahiaeconomica.com.br\/wp\/2025\/11\/17\/robson-esteves-logistica-reversa-e-competitividade\/","name":"ROBSON ESTEVES - LOG\u00cdSTICA REVERSA E COMPETITIVIDADE - Bahia Economica","isPartOf":{"@id":"https:\/\/bahiaeconomica.com.br\/wp\/#website"},"datePublished":"2025-11-17T07:50:42+00:00","dateModified":"2025-11-16T22:06:08+00:00","description":"O maior portal de Economia da Bahia COLUNISTAS Bahia Economica","breadcrumb":{"@id":"https:\/\/bahiaeconomica.com.br\/wp\/2025\/11\/17\/robson-esteves-logistica-reversa-e-competitividade\/#breadcrumb"},"inLanguage":"pt-BR","potentialAction":[{"@type":"ReadAction","target":["https:\/\/bahiaeconomica.com.br\/wp\/2025\/11\/17\/robson-esteves-logistica-reversa-e-competitividade\/"]}]},{"@type":"BreadcrumbList","@id":"https:\/\/bahiaeconomica.com.br\/wp\/2025\/11\/17\/robson-esteves-logistica-reversa-e-competitividade\/#breadcrumb","itemListElement":[{"@type":"ListItem","position":1,"name":"In\u00edcio","item":"https:\/\/bahiaeconomica.com.br\/wp\/"},{"@type":"ListItem","position":2,"name":"ROBSON ESTEVES &#8211; LOG\u00cdSTICA REVERSA E COMPETITIVIDADE"}]},{"@type":"WebSite","@id":"https:\/\/bahiaeconomica.com.br\/wp\/#website","url":"https:\/\/bahiaeconomica.com.br\/wp\/","name":"Bahia Economica","description":"O maior portal de Economia da Bahia","publisher":{"@id":"https:\/\/bahiaeconomica.com.br\/wp\/#organization"},"potentialAction":[{"@type":"SearchAction","target":{"@type":"EntryPoint","urlTemplate":"https:\/\/bahiaeconomica.com.br\/wp\/?s={search_term_string}"},"query-input":"required name=search_term_string"}],"inLanguage":"pt-BR"},{"@type":"Organization","@id":"https:\/\/bahiaeconomica.com.br\/wp\/#organization","name":"Bahia Econ\u00f4mica","url":"https:\/\/bahiaeconomica.com.br\/wp\/","logo":{"@type":"ImageObject","inLanguage":"pt-BR","@id":"https:\/\/bahiaeconomica.com.br\/wp\/#\/schema\/logo\/image\/","url":"https:\/\/bahiaeconomica.com.br\/wp\/wp-content\/uploads\/2020\/12\/cropped-BE.png","contentUrl":"https:\/\/bahiaeconomica.com.br\/wp\/wp-content\/uploads\/2020\/12\/cropped-BE.png","width":512,"height":512,"caption":"Bahia Econ\u00f4mica"},"image":{"@id":"https:\/\/bahiaeconomica.com.br\/wp\/#\/schema\/logo\/image\/"},"sameAs":["https:\/\/www.facebook.com\/bahiaeconomica"]},{"@type":"Person","@id":"https:\/\/bahiaeconomica.com.br\/wp\/#\/schema\/person\/cb1ab5ba96ad3d9390805381c76284ec","name":"admin","url":"https:\/\/bahiaeconomica.com.br\/wp\/author\/admin\/"}]}},"views":22,"_links":{"self":[{"href":"https:\/\/bahiaeconomica.com.br\/wp\/wp-json\/wp\/v2\/posts\/953124"}],"collection":[{"href":"https:\/\/bahiaeconomica.com.br\/wp\/wp-json\/wp\/v2\/posts"}],"about":[{"href":"https:\/\/bahiaeconomica.com.br\/wp\/wp-json\/wp\/v2\/types\/post"}],"author":[{"embeddable":true,"href":"https:\/\/bahiaeconomica.com.br\/wp\/wp-json\/wp\/v2\/users\/1"}],"replies":[{"embeddable":true,"href":"https:\/\/bahiaeconomica.com.br\/wp\/wp-json\/wp\/v2\/comments?post=953124"}],"version-history":[{"count":1,"href":"https:\/\/bahiaeconomica.com.br\/wp\/wp-json\/wp\/v2\/posts\/953124\/revisions"}],"predecessor-version":[{"id":953125,"href":"https:\/\/bahiaeconomica.com.br\/wp\/wp-json\/wp\/v2\/posts\/953124\/revisions\/953125"}],"wp:featuredmedia":[{"embeddable":true,"href":"https:\/\/bahiaeconomica.com.br\/wp\/wp-json\/wp\/v2\/media\/953127"}],"wp:attachment":[{"href":"https:\/\/bahiaeconomica.com.br\/wp\/wp-json\/wp\/v2\/media?parent=953124"}],"wp:term":[{"taxonomy":"category","embeddable":true,"href":"https:\/\/bahiaeconomica.com.br\/wp\/wp-json\/wp\/v2\/categories?post=953124"},{"taxonomy":"post_tag","embeddable":true,"href":"https:\/\/bahiaeconomica.com.br\/wp\/wp-json\/wp\/v2\/tags?post=953124"}],"curies":[{"name":"wp","href":"https:\/\/api.w.org\/{rel}","templated":true}]}}