{"id":953052,"date":"2025-11-14T08:10:44","date_gmt":"2025-11-14T11:10:44","guid":{"rendered":"https:\/\/bahiaeconomica.com.br\/wp\/?p=953052"},"modified":"2025-11-16T09:00:45","modified_gmt":"2025-11-16T12:00:45","slug":"feriadao-do-dia-15-veja-o-que-abre-e-fecha-em-salvador-e-rms","status":"publish","type":"post","link":"https:\/\/bahiaeconomica.com.br\/wp\/2025\/11\/14\/feriadao-do-dia-15-veja-o-que-abre-e-fecha-em-salvador-e-rms\/","title":{"rendered":"FERIAD\u00c3O DO DIA 15: VEJA O QUE ABRE E FECHA EM SALVADOR E RMS"},"content":{"rendered":"<p>O feriado da Proclama\u00e7\u00e3o da Rep\u00fablica, comemorado em 15 de novembro, cair\u00e1 em um s\u00e1bado em 2025. Por conta disso, alguns estabelecimentos ter\u00e3o funcionamento diferenciado, com hor\u00e1rios reduzidos ou fechamento total. Confira abaixo como ser\u00e1 o funcionamento dos shoppings e mercados em Salvador e na Regi\u00e3o Metropolitana ao longo do feriado:<\/p>\n<p>O que abre e fecha:<\/p>\n<ul>\n<li>Salvador Shopping<\/li>\n<li>Funcionamento: 9h \u00e0s 22h<\/li>\n<li>Salvador Norte Shopping<\/li>\n<li>Funcionamento: 9h \u00e0s 22h<\/li>\n<li>Shopping Paralela<\/li>\n<li>Lojas: 9h \u00e0s 22h<\/li>\n<li>Pra\u00e7a de alimenta\u00e7\u00e3o e lazer: 12h \u00e0s 22h<\/li>\n<\/ul>\n<p>Shopping Barra<\/p>\n<ul>\n<li>Lojas: 9h \u00e0s 22h<\/li>\n<li>Pra\u00e7a de alimenta\u00e7\u00e3o e lazer: 9h \u00e0s 22h<\/li>\n<li>Cinema: conforme programa\u00e7\u00e3o no site<\/li>\n<li>Barra Gourmet (Oliva Gourmet, Outback Steakhouse, Tokai, Camarada Camar\u00e3o, Healthy por Victoria Cintra), Madero, Mamma Jamma e Santiago Culin\u00e1ria Ib\u00e9rica (piso L4): a partir das 12h<\/li>\n<\/ul>\n<p>Parque Shopping Bahia<\/p>\n<ul>\n<li>Lojas, quiosques e pra\u00e7a de alimenta\u00e7\u00e3o: 10h \u00e0s 22h<\/li>\n<li>Alameda Gourmet: 11h \u00e0s 23h<\/li>\n<li>Shopping Bela Vista<\/li>\n<li>Funcionamento: 9h \u00e0s 22h<\/li>\n<li>Shopping Center Lapa<\/li>\n<li>Lojas, quiosques e pra\u00e7a de alimenta\u00e7\u00e3o: 9h \u00e0s 19h30<\/li>\n<li>Cinema: conforme programa\u00e7\u00e3o no site<\/li>\n<li>Estacionamento: gratuito<\/li>\n<\/ul>\n<p>Shopping Itaigara<\/p>\n<ul>\n<li>Lojas e quiosques: 9h \u00e0s 17h<\/li>\n<li>Banco do Brasil: fechado<\/li>\n<li>Shopping Paseo<\/li>\n<li>Lojas e quiosques: 9h \u00e0s 21h<\/li>\n<li>Restaurantes: a partir das 12h<\/li>\n<li>YouPlay: 9h \u00e0s 21h<\/li>\n<li>Academia Alpha Fitness: conforme programa\u00e7\u00e3o no site<\/li>\n<li>Cinema: conforme programa\u00e7\u00e3o no site<\/li>\n<li>Shopping Piedade<\/li>\n<li>Funcionamento: 10h \u00e0s 18h<\/li>\n<li>Boulevard Shopping Cama\u00e7ari<\/li>\n<li>Lojas e espa\u00e7os infantis: 9h \u00e0s 21h<\/li>\n<li>Smart Fit: 8h \u00e0s 17h<\/li>\n<li>Alimenta\u00e7\u00e3o e Magic Games: 11h \u00e0s 21h<\/li>\n<li>Farm\u00e1cia Rede Bem: 9h \u00e0s 21h<\/li>\n<li>Dipu\u00e3: 16h \u00e0s 23h<\/li>\n<li>SAC, Lot\u00e9rica, cl\u00ednicas e cart\u00f3rios: fechados<\/li>\n<li>Epic Arena: conforme programa\u00e7\u00e3o<\/li>\n<li>Cinemark: conforme programa\u00e7\u00e3o no site<\/li>\n<\/ul>\n<p>CEASA<\/p>\n<ul>\n<li>Funcionamento normal: 05h \u00e0s 13h<\/li>\n<li>Mercado Ogunj\u00e1<\/li>\n<li>Funcionamento com fechamento antecipado: 06h \u00e0s 13h<\/li>\n<li>Mercado de Paripe<\/li>\n<li>Funcionamento com fechamento antecipado: 06h \u00e0s 14h<\/li>\n<li>Mercado da Sete Portas<\/li>\n<li>Funcionamento com fechamento antecipado: 06h \u00e0s 14h<\/li>\n<li>Mercado do Rio Vermelho<\/li>\n<li>Boxes: 07h \u00e0s 14h<\/li>\n<li>Pra\u00e7a de Alimenta\u00e7\u00e3o: 07h \u00e0s 16h<\/li>\n<\/ul>\n<p>Foto: Olga Leiria \/ Ag. A TARDE<\/p>\n<p>&nbsp;<\/p>\n","protected":false},"excerpt":{"rendered":"<p>O feriado da Proclama\u00e7\u00e3o da Rep\u00fablica, comemorado em 15 de novembro, cair\u00e1 em um s\u00e1bado em 2025. Por conta disso, alguns estabelecimentos ter\u00e3o funcionamento diferenciado, com hor\u00e1rios reduzidos ou fechamento total. Confira abaixo como ser\u00e1 o funcionamento dos shoppings e mercados em Salvador e na Regi\u00e3o Metropolitana ao longo do feriado: O que abre e [&hellip;]<\/p>\n","protected":false},"author":8,"featured_media":953053,"comment_status":"closed","ping_status":"closed","sticky":false,"template":"","format":"standard","meta":[],"categories":[3],"tags":[1277,42330,42329,42328,6776,10176],"acf":[],"yoast_head":"<!-- This site is optimized with the Yoast SEO plugin v20.8 - https:\/\/yoast.com\/wordpress\/plugins\/seo\/ -->\n<title>FERIAD\u00c3O DO DIA 15: VEJA O QUE ABRE E FECHA EM SALVADOR E RMS - Bahia Economica<\/title>\n<meta name=\"description\" content=\"O maior portal de Economia da Bahia ECONOMIA \/ POL\u00cdTICA Bahia Economica O feriado da Proclama\u00e7\u00e3o da Rep\u00fablica, comemorado em 15 de novembro,\" \/>\n<meta name=\"robots\" content=\"index, follow, max-snippet:-1, max-image-preview:large, max-video-preview:-1\" \/>\n<link rel=\"canonical\" href=\"https:\/\/bahiaeconomica.com.br\/wp\/2025\/11\/14\/feriadao-do-dia-15-veja-o-que-abre-e-fecha-em-salvador-e-rms\/\" \/>\n<meta property=\"og:locale\" content=\"pt_BR\" \/>\n<meta property=\"og:type\" content=\"article\" \/>\n<meta property=\"og:title\" content=\"FERIAD\u00c3O DO DIA 15: VEJA O QUE ABRE E FECHA EM SALVADOR E RMS - Bahia Economica\" \/>\n<meta property=\"og:description\" content=\"O maior portal de Economia da Bahia ECONOMIA \/ POL\u00cdTICA Bahia Economica O feriado da Proclama\u00e7\u00e3o da Rep\u00fablica, comemorado em 15 de novembro,\" \/>\n<meta property=\"og:url\" content=\"https:\/\/bahiaeconomica.com.br\/wp\/2025\/11\/14\/feriadao-do-dia-15-veja-o-que-abre-e-fecha-em-salvador-e-rms\/\" \/>\n<meta property=\"og:site_name\" content=\"Bahia Economica\" \/>\n<meta property=\"article:publisher\" content=\"https:\/\/www.facebook.com\/bahiaeconomica\" \/>\n<meta property=\"article:published_time\" content=\"2025-11-14T11:10:44+00:00\" \/>\n<meta property=\"article:modified_time\" content=\"2025-11-16T12:00:45+00:00\" \/>\n<meta property=\"og:image\" content=\"https:\/\/bahiaeconomica.com.br\/wp\/wp-content\/uploads\/2025\/11\/Feriadao-do-dia-15-veja-o-que-abre-e-fecha-em-Salv0136856600202511141815-ScaleDownProportional.webp\" \/>\n\t<meta property=\"og:image:width\" content=\"1080\" \/>\n\t<meta property=\"og:image:height\" content=\"720\" \/>\n\t<meta property=\"og:image:type\" content=\"image\/webp\" \/>\n<meta name=\"author\" content=\"JP\" \/>\n<meta name=\"twitter:card\" content=\"summary_large_image\" \/>\n<meta name=\"twitter:label1\" content=\"Escrito por\" \/>\n\t<meta name=\"twitter:data1\" content=\"JP\" \/>\n\t<meta name=\"twitter:label2\" content=\"Est. tempo de leitura\" \/>\n\t<meta name=\"twitter:data2\" content=\"2 minutos\" \/>\n<script type=\"application\/ld+json\" class=\"yoast-schema-graph\">{\"@context\":\"https:\/\/schema.org\",\"@graph\":[{\"@type\":\"Article\",\"@id\":\"https:\/\/bahiaeconomica.com.br\/wp\/2025\/11\/14\/feriadao-do-dia-15-veja-o-que-abre-e-fecha-em-salvador-e-rms\/#article\",\"isPartOf\":{\"@id\":\"https:\/\/bahiaeconomica.com.br\/wp\/2025\/11\/14\/feriadao-do-dia-15-veja-o-que-abre-e-fecha-em-salvador-e-rms\/\"},\"author\":{\"name\":\"JP\",\"@id\":\"https:\/\/bahiaeconomica.com.br\/wp\/#\/schema\/person\/c86d3a3f8960425a0f9d0e5245991f4e\"},\"headline\":\"FERIAD\u00c3O DO DIA 15: VEJA O QUE ABRE E FECHA EM SALVADOR E RMS\",\"datePublished\":\"2025-11-14T11:10:44+00:00\",\"dateModified\":\"2025-11-16T12:00:45+00:00\",\"mainEntityOfPage\":{\"@id\":\"https:\/\/bahiaeconomica.com.br\/wp\/2025\/11\/14\/feriadao-do-dia-15-veja-o-que-abre-e-fecha-em-salvador-e-rms\/\"},\"wordCount\":366,\"publisher\":{\"@id\":\"https:\/\/bahiaeconomica.com.br\/wp\/#organization\"},\"keywords\":[\"abre\",\"da Rep\u00fablica\",\"de novembro\",\"e fecha\",\"feriad\u00e3o\",\"Proclama\u00e7\u00e3o\"],\"articleSection\":[\"ECONOMIA \/ POL\u00cdTICA\"],\"inLanguage\":\"pt-BR\"},{\"@type\":\"WebPage\",\"@id\":\"https:\/\/bahiaeconomica.com.br\/wp\/2025\/11\/14\/feriadao-do-dia-15-veja-o-que-abre-e-fecha-em-salvador-e-rms\/\",\"url\":\"https:\/\/bahiaeconomica.com.br\/wp\/2025\/11\/14\/feriadao-do-dia-15-veja-o-que-abre-e-fecha-em-salvador-e-rms\/\",\"name\":\"FERIAD\u00c3O DO DIA 15: VEJA O QUE ABRE E FECHA EM SALVADOR E RMS - Bahia Economica\",\"isPartOf\":{\"@id\":\"https:\/\/bahiaeconomica.com.br\/wp\/#website\"},\"datePublished\":\"2025-11-14T11:10:44+00:00\",\"dateModified\":\"2025-11-16T12:00:45+00:00\",\"description\":\"O maior portal de Economia da Bahia ECONOMIA \/ POL\u00cdTICA Bahia Economica O feriado da Proclama\u00e7\u00e3o da Rep\u00fablica, comemorado em 15 de novembro,\",\"breadcrumb\":{\"@id\":\"https:\/\/bahiaeconomica.com.br\/wp\/2025\/11\/14\/feriadao-do-dia-15-veja-o-que-abre-e-fecha-em-salvador-e-rms\/#breadcrumb\"},\"inLanguage\":\"pt-BR\",\"potentialAction\":[{\"@type\":\"ReadAction\",\"target\":[\"https:\/\/bahiaeconomica.com.br\/wp\/2025\/11\/14\/feriadao-do-dia-15-veja-o-que-abre-e-fecha-em-salvador-e-rms\/\"]}]},{\"@type\":\"BreadcrumbList\",\"@id\":\"https:\/\/bahiaeconomica.com.br\/wp\/2025\/11\/14\/feriadao-do-dia-15-veja-o-que-abre-e-fecha-em-salvador-e-rms\/#breadcrumb\",\"itemListElement\":[{\"@type\":\"ListItem\",\"position\":1,\"name\":\"In\u00edcio\",\"item\":\"https:\/\/bahiaeconomica.com.br\/wp\/\"},{\"@type\":\"ListItem\",\"position\":2,\"name\":\"FERIAD\u00c3O DO DIA 15: VEJA O QUE ABRE E FECHA EM SALVADOR E RMS\"}]},{\"@type\":\"WebSite\",\"@id\":\"https:\/\/bahiaeconomica.com.br\/wp\/#website\",\"url\":\"https:\/\/bahiaeconomica.com.br\/wp\/\",\"name\":\"Bahia Economica\",\"description\":\"O maior portal de Economia da Bahia\",\"publisher\":{\"@id\":\"https:\/\/bahiaeconomica.com.br\/wp\/#organization\"},\"potentialAction\":[{\"@type\":\"SearchAction\",\"target\":{\"@type\":\"EntryPoint\",\"urlTemplate\":\"https:\/\/bahiaeconomica.com.br\/wp\/?s={search_term_string}\"},\"query-input\":\"required name=search_term_string\"}],\"inLanguage\":\"pt-BR\"},{\"@type\":\"Organization\",\"@id\":\"https:\/\/bahiaeconomica.com.br\/wp\/#organization\",\"name\":\"Bahia Econ\u00f4mica\",\"url\":\"https:\/\/bahiaeconomica.com.br\/wp\/\",\"logo\":{\"@type\":\"ImageObject\",\"inLanguage\":\"pt-BR\",\"@id\":\"https:\/\/bahiaeconomica.com.br\/wp\/#\/schema\/logo\/image\/\",\"url\":\"https:\/\/bahiaeconomica.com.br\/wp\/wp-content\/uploads\/2020\/12\/cropped-BE.png\",\"contentUrl\":\"https:\/\/bahiaeconomica.com.br\/wp\/wp-content\/uploads\/2020\/12\/cropped-BE.png\",\"width\":512,\"height\":512,\"caption\":\"Bahia Econ\u00f4mica\"},\"image\":{\"@id\":\"https:\/\/bahiaeconomica.com.br\/wp\/#\/schema\/logo\/image\/\"},\"sameAs\":[\"https:\/\/www.facebook.com\/bahiaeconomica\"]},{\"@type\":\"Person\",\"@id\":\"https:\/\/bahiaeconomica.com.br\/wp\/#\/schema\/person\/c86d3a3f8960425a0f9d0e5245991f4e\",\"name\":\"JP\",\"sameAs\":[\"https:\/\/bahiaeconomica.com.br\/wp\/beta\/\"],\"url\":\"https:\/\/bahiaeconomica.com.br\/wp\/author\/jp\/\"}]}<\/script>\n<!-- \/ Yoast SEO plugin. -->","yoast_head_json":{"title":"FERIAD\u00c3O DO DIA 15: VEJA O QUE ABRE E FECHA EM SALVADOR E RMS - Bahia Economica","description":"O maior portal de Economia da Bahia ECONOMIA \/ POL\u00cdTICA Bahia Economica O feriado da Proclama\u00e7\u00e3o da Rep\u00fablica, comemorado em 15 de novembro,","robots":{"index":"index","follow":"follow","max-snippet":"max-snippet:-1","max-image-preview":"max-image-preview:large","max-video-preview":"max-video-preview:-1"},"canonical":"https:\/\/bahiaeconomica.com.br\/wp\/2025\/11\/14\/feriadao-do-dia-15-veja-o-que-abre-e-fecha-em-salvador-e-rms\/","og_locale":"pt_BR","og_type":"article","og_title":"FERIAD\u00c3O DO DIA 15: VEJA O QUE ABRE E FECHA EM SALVADOR E RMS - Bahia Economica","og_description":"O maior portal de Economia da Bahia ECONOMIA \/ POL\u00cdTICA Bahia Economica O feriado da Proclama\u00e7\u00e3o da Rep\u00fablica, comemorado em 15 de novembro,","og_url":"https:\/\/bahiaeconomica.com.br\/wp\/2025\/11\/14\/feriadao-do-dia-15-veja-o-que-abre-e-fecha-em-salvador-e-rms\/","og_site_name":"Bahia Economica","article_publisher":"https:\/\/www.facebook.com\/bahiaeconomica","article_published_time":"2025-11-14T11:10:44+00:00","article_modified_time":"2025-11-16T12:00:45+00:00","og_image":[{"width":1080,"height":720,"url":"https:\/\/bahiaeconomica.com.br\/wp\/wp-content\/uploads\/2025\/11\/Feriadao-do-dia-15-veja-o-que-abre-e-fecha-em-Salv0136856600202511141815-ScaleDownProportional.webp","type":"image\/webp"}],"author":"JP","twitter_card":"summary_large_image","twitter_misc":{"Escrito por":"JP","Est. tempo de leitura":"2 minutos"},"schema":{"@context":"https:\/\/schema.org","@graph":[{"@type":"Article","@id":"https:\/\/bahiaeconomica.com.br\/wp\/2025\/11\/14\/feriadao-do-dia-15-veja-o-que-abre-e-fecha-em-salvador-e-rms\/#article","isPartOf":{"@id":"https:\/\/bahiaeconomica.com.br\/wp\/2025\/11\/14\/feriadao-do-dia-15-veja-o-que-abre-e-fecha-em-salvador-e-rms\/"},"author":{"name":"JP","@id":"https:\/\/bahiaeconomica.com.br\/wp\/#\/schema\/person\/c86d3a3f8960425a0f9d0e5245991f4e"},"headline":"FERIAD\u00c3O DO DIA 15: VEJA O QUE ABRE E FECHA EM SALVADOR E RMS","datePublished":"2025-11-14T11:10:44+00:00","dateModified":"2025-11-16T12:00:45+00:00","mainEntityOfPage":{"@id":"https:\/\/bahiaeconomica.com.br\/wp\/2025\/11\/14\/feriadao-do-dia-15-veja-o-que-abre-e-fecha-em-salvador-e-rms\/"},"wordCount":366,"publisher":{"@id":"https:\/\/bahiaeconomica.com.br\/wp\/#organization"},"keywords":["abre","da Rep\u00fablica","de novembro","e fecha","feriad\u00e3o","Proclama\u00e7\u00e3o"],"articleSection":["ECONOMIA \/ POL\u00cdTICA"],"inLanguage":"pt-BR"},{"@type":"WebPage","@id":"https:\/\/bahiaeconomica.com.br\/wp\/2025\/11\/14\/feriadao-do-dia-15-veja-o-que-abre-e-fecha-em-salvador-e-rms\/","url":"https:\/\/bahiaeconomica.com.br\/wp\/2025\/11\/14\/feriadao-do-dia-15-veja-o-que-abre-e-fecha-em-salvador-e-rms\/","name":"FERIAD\u00c3O DO DIA 15: VEJA O QUE ABRE E FECHA EM SALVADOR E RMS - Bahia Economica","isPartOf":{"@id":"https:\/\/bahiaeconomica.com.br\/wp\/#website"},"datePublished":"2025-11-14T11:10:44+00:00","dateModified":"2025-11-16T12:00:45+00:00","description":"O maior portal de Economia da Bahia ECONOMIA \/ POL\u00cdTICA Bahia Economica O feriado da Proclama\u00e7\u00e3o da Rep\u00fablica, comemorado em 15 de novembro,","breadcrumb":{"@id":"https:\/\/bahiaeconomica.com.br\/wp\/2025\/11\/14\/feriadao-do-dia-15-veja-o-que-abre-e-fecha-em-salvador-e-rms\/#breadcrumb"},"inLanguage":"pt-BR","potentialAction":[{"@type":"ReadAction","target":["https:\/\/bahiaeconomica.com.br\/wp\/2025\/11\/14\/feriadao-do-dia-15-veja-o-que-abre-e-fecha-em-salvador-e-rms\/"]}]},{"@type":"BreadcrumbList","@id":"https:\/\/bahiaeconomica.com.br\/wp\/2025\/11\/14\/feriadao-do-dia-15-veja-o-que-abre-e-fecha-em-salvador-e-rms\/#breadcrumb","itemListElement":[{"@type":"ListItem","position":1,"name":"In\u00edcio","item":"https:\/\/bahiaeconomica.com.br\/wp\/"},{"@type":"ListItem","position":2,"name":"FERIAD\u00c3O DO DIA 15: VEJA O QUE ABRE E FECHA EM SALVADOR E RMS"}]},{"@type":"WebSite","@id":"https:\/\/bahiaeconomica.com.br\/wp\/#website","url":"https:\/\/bahiaeconomica.com.br\/wp\/","name":"Bahia Economica","description":"O maior portal de Economia da Bahia","publisher":{"@id":"https:\/\/bahiaeconomica.com.br\/wp\/#organization"},"potentialAction":[{"@type":"SearchAction","target":{"@type":"EntryPoint","urlTemplate":"https:\/\/bahiaeconomica.com.br\/wp\/?s={search_term_string}"},"query-input":"required name=search_term_string"}],"inLanguage":"pt-BR"},{"@type":"Organization","@id":"https:\/\/bahiaeconomica.com.br\/wp\/#organization","name":"Bahia Econ\u00f4mica","url":"https:\/\/bahiaeconomica.com.br\/wp\/","logo":{"@type":"ImageObject","inLanguage":"pt-BR","@id":"https:\/\/bahiaeconomica.com.br\/wp\/#\/schema\/logo\/image\/","url":"https:\/\/bahiaeconomica.com.br\/wp\/wp-content\/uploads\/2020\/12\/cropped-BE.png","contentUrl":"https:\/\/bahiaeconomica.com.br\/wp\/wp-content\/uploads\/2020\/12\/cropped-BE.png","width":512,"height":512,"caption":"Bahia Econ\u00f4mica"},"image":{"@id":"https:\/\/bahiaeconomica.com.br\/wp\/#\/schema\/logo\/image\/"},"sameAs":["https:\/\/www.facebook.com\/bahiaeconomica"]},{"@type":"Person","@id":"https:\/\/bahiaeconomica.com.br\/wp\/#\/schema\/person\/c86d3a3f8960425a0f9d0e5245991f4e","name":"JP","sameAs":["https:\/\/bahiaeconomica.com.br\/wp\/beta\/"],"url":"https:\/\/bahiaeconomica.com.br\/wp\/author\/jp\/"}]}},"views":234,"_links":{"self":[{"href":"https:\/\/bahiaeconomica.com.br\/wp\/wp-json\/wp\/v2\/posts\/953052"}],"collection":[{"href":"https:\/\/bahiaeconomica.com.br\/wp\/wp-json\/wp\/v2\/posts"}],"about":[{"href":"https:\/\/bahiaeconomica.com.br\/wp\/wp-json\/wp\/v2\/types\/post"}],"author":[{"embeddable":true,"href":"https:\/\/bahiaeconomica.com.br\/wp\/wp-json\/wp\/v2\/users\/8"}],"replies":[{"embeddable":true,"href":"https:\/\/bahiaeconomica.com.br\/wp\/wp-json\/wp\/v2\/comments?post=953052"}],"version-history":[{"count":1,"href":"https:\/\/bahiaeconomica.com.br\/wp\/wp-json\/wp\/v2\/posts\/953052\/revisions"}],"predecessor-version":[{"id":953054,"href":"https:\/\/bahiaeconomica.com.br\/wp\/wp-json\/wp\/v2\/posts\/953052\/revisions\/953054"}],"wp:featuredmedia":[{"embeddable":true,"href":"https:\/\/bahiaeconomica.com.br\/wp\/wp-json\/wp\/v2\/media\/953053"}],"wp:attachment":[{"href":"https:\/\/bahiaeconomica.com.br\/wp\/wp-json\/wp\/v2\/media?parent=953052"}],"wp:term":[{"taxonomy":"category","embeddable":true,"href":"https:\/\/bahiaeconomica.com.br\/wp\/wp-json\/wp\/v2\/categories?post=953052"},{"taxonomy":"post_tag","embeddable":true,"href":"https:\/\/bahiaeconomica.com.br\/wp\/wp-json\/wp\/v2\/tags?post=953052"}],"curies":[{"name":"wp","href":"https:\/\/api.w.org\/{rel}","templated":true}]}}