{"id":952678,"date":"2025-11-14T09:50:56","date_gmt":"2025-11-14T12:50:56","guid":{"rendered":"https:\/\/bahiaeconomica.com.br\/wp\/?p=952678"},"modified":"2025-11-14T09:40:29","modified_gmt":"2025-11-14T12:40:29","slug":"deputado-diz-que-ira-trabalhar-como-motorista-de-aplicativo-em-salvador-saiba-quem","status":"publish","type":"post","link":"https:\/\/bahiaeconomica.com.br\/wp\/2025\/11\/14\/deputado-diz-que-ira-trabalhar-como-motorista-de-aplicativo-em-salvador-saiba-quem\/","title":{"rendered":"DEPUTADO DIZ QUE IR\u00c1 TRABALHAR COMO MOTORISTA DE APLICATIVO EM SALVADOR; SAIBA QUEM"},"content":{"rendered":"<p>O deputado federal L\u00e9o Prates (PDT) anunciou que ir\u00e1 atuar como motorista de aplicativo por um dia para conhecer a rotina de profissionais que trabalham ao volante em Salvador. A a\u00e7\u00e3o est\u00e1 marcada para o dia 20 de novembro, feriado da Consci\u00eancia Negra.<\/p>\n<p>\u201cNo dia 20 de novembro vou \u00e0s ruas conhecer de perto a rotina de quem vive do volante, dos motoristas e entregadores que fazem o pa\u00eds se mover\u201d, disse o parlamentar ao comunicar a iniciativa nesta quinta-feira (13).<\/p>\n<p>Prates afirmou que a experi\u00eancia contribuir\u00e1 para a elabora\u00e7\u00e3o do relat\u00f3rio da Comiss\u00e3o Especial sobre Regulamenta\u00e7\u00e3o dos Trabalhadores por Aplicativo. \u201cEssa viv\u00eancia vai ajudar o nosso mandato a construir um relat\u00f3rio mais justo e real na Comiss\u00e3o Especial sobre Regulamenta\u00e7\u00e3o dos Trabalhadores por Aplicativo. Ontem j\u00e1 dei a largada, rodando por Salvador ao lado dos meus amigos motoristas @atan_uber e @_.claudiao, ouvindo hist\u00f3rias, desafios e aprendizados de quem est\u00e1 todos os dias na rua\u201d, acrescentou.<\/p>\n<p>Foto: Freepik<\/p>\n","protected":false},"excerpt":{"rendered":"<p>O deputado federal L\u00e9o Prates (PDT) anunciou que ir\u00e1 atuar como motorista de aplicativo por um dia para conhecer a rotina de profissionais que trabalham ao volante em Salvador. A a\u00e7\u00e3o est\u00e1 marcada para o dia 20 de novembro, feriado da Consci\u00eancia Negra. \u201cNo dia 20 de novembro vou \u00e0s ruas conhecer de perto a [&hellip;]<\/p>\n","protected":false},"author":20,"featured_media":952680,"comment_status":"closed","ping_status":"closed","sticky":false,"template":"","format":"standard","meta":[],"categories":[14601],"tags":[826,247,29697,73],"acf":[],"yoast_head":"<!-- This site is optimized with the Yoast SEO plugin v20.8 - https:\/\/yoast.com\/wordpress\/plugins\/seo\/ -->\n<title>DEPUTADO DIZ QUE IR\u00c1 TRABALHAR COMO MOTORISTA DE APLICATIVO EM SALVADOR; SAIBA QUEM - Bahia Economica<\/title>\n<meta name=\"description\" content=\"O maior portal de Economia da Bahia Pol\u00edtica Bahia Economica a\u00e7\u00e3o est\u00e1 marcada para o dia 20 de novembro,\" \/>\n<meta name=\"robots\" content=\"index, follow, max-snippet:-1, max-image-preview:large, max-video-preview:-1\" \/>\n<link rel=\"canonical\" href=\"https:\/\/bahiaeconomica.com.br\/wp\/2025\/11\/14\/deputado-diz-que-ira-trabalhar-como-motorista-de-aplicativo-em-salvador-saiba-quem\/\" \/>\n<meta property=\"og:locale\" content=\"pt_BR\" \/>\n<meta property=\"og:type\" content=\"article\" \/>\n<meta property=\"og:title\" content=\"DEPUTADO DIZ QUE IR\u00c1 TRABALHAR COMO MOTORISTA DE APLICATIVO EM SALVADOR; SAIBA QUEM - Bahia Economica\" \/>\n<meta property=\"og:description\" content=\"O maior portal de Economia da Bahia Pol\u00edtica Bahia Economica a\u00e7\u00e3o est\u00e1 marcada para o dia 20 de novembro,\" \/>\n<meta property=\"og:url\" content=\"https:\/\/bahiaeconomica.com.br\/wp\/2025\/11\/14\/deputado-diz-que-ira-trabalhar-como-motorista-de-aplicativo-em-salvador-saiba-quem\/\" \/>\n<meta property=\"og:site_name\" content=\"Bahia Economica\" \/>\n<meta property=\"article:publisher\" content=\"https:\/\/www.facebook.com\/bahiaeconomica\" \/>\n<meta property=\"article:published_time\" content=\"2025-11-14T12:50:56+00:00\" \/>\n<meta property=\"article:modified_time\" content=\"2025-11-14T12:40:29+00:00\" \/>\n<meta property=\"og:image\" content=\"https:\/\/bahiaeconomica.com.br\/wp\/wp-content\/uploads\/2025\/11\/motorista_app_freepik_widelg_widelg.jpg\" \/>\n\t<meta property=\"og:image:width\" content=\"800\" \/>\n\t<meta property=\"og:image:height\" content=\"450\" \/>\n\t<meta property=\"og:image:type\" content=\"image\/jpeg\" \/>\n<meta name=\"author\" content=\"BRUNA CARVALHO\" \/>\n<meta name=\"twitter:card\" content=\"summary_large_image\" \/>\n<meta name=\"twitter:label1\" content=\"Escrito por\" \/>\n\t<meta name=\"twitter:data1\" content=\"BRUNA CARVALHO\" \/>\n\t<meta name=\"twitter:label2\" content=\"Est. tempo de leitura\" \/>\n\t<meta name=\"twitter:data2\" content=\"1 minuto\" \/>\n<script type=\"application\/ld+json\" class=\"yoast-schema-graph\">{\"@context\":\"https:\/\/schema.org\",\"@graph\":[{\"@type\":\"Article\",\"@id\":\"https:\/\/bahiaeconomica.com.br\/wp\/2025\/11\/14\/deputado-diz-que-ira-trabalhar-como-motorista-de-aplicativo-em-salvador-saiba-quem\/#article\",\"isPartOf\":{\"@id\":\"https:\/\/bahiaeconomica.com.br\/wp\/2025\/11\/14\/deputado-diz-que-ira-trabalhar-como-motorista-de-aplicativo-em-salvador-saiba-quem\/\"},\"author\":{\"name\":\"BRUNA CARVALHO\",\"@id\":\"https:\/\/bahiaeconomica.com.br\/wp\/#\/schema\/person\/9310b0e591f5979f6f99773eac5804e6\"},\"headline\":\"DEPUTADO DIZ QUE IR\u00c1 TRABALHAR COMO MOTORISTA DE APLICATIVO EM SALVADOR; SAIBA QUEM\",\"datePublished\":\"2025-11-14T12:50:56+00:00\",\"dateModified\":\"2025-11-14T12:40:29+00:00\",\"mainEntityOfPage\":{\"@id\":\"https:\/\/bahiaeconomica.com.br\/wp\/2025\/11\/14\/deputado-diz-que-ira-trabalhar-como-motorista-de-aplicativo-em-salvador-saiba-quem\/\"},\"wordCount\":183,\"publisher\":{\"@id\":\"https:\/\/bahiaeconomica.com.br\/wp\/#organization\"},\"keywords\":[\"deputado\",\"Leo Prates\",\"motorista de aplicativo\",\"Salvador\"],\"articleSection\":[\"Pol\u00edtica\"],\"inLanguage\":\"pt-BR\"},{\"@type\":\"WebPage\",\"@id\":\"https:\/\/bahiaeconomica.com.br\/wp\/2025\/11\/14\/deputado-diz-que-ira-trabalhar-como-motorista-de-aplicativo-em-salvador-saiba-quem\/\",\"url\":\"https:\/\/bahiaeconomica.com.br\/wp\/2025\/11\/14\/deputado-diz-que-ira-trabalhar-como-motorista-de-aplicativo-em-salvador-saiba-quem\/\",\"name\":\"DEPUTADO DIZ QUE IR\u00c1 TRABALHAR COMO MOTORISTA DE APLICATIVO EM SALVADOR; SAIBA QUEM - Bahia Economica\",\"isPartOf\":{\"@id\":\"https:\/\/bahiaeconomica.com.br\/wp\/#website\"},\"datePublished\":\"2025-11-14T12:50:56+00:00\",\"dateModified\":\"2025-11-14T12:40:29+00:00\",\"description\":\"O maior portal de Economia da Bahia Pol\u00edtica Bahia Economica a\u00e7\u00e3o est\u00e1 marcada para o dia 20 de novembro,\",\"breadcrumb\":{\"@id\":\"https:\/\/bahiaeconomica.com.br\/wp\/2025\/11\/14\/deputado-diz-que-ira-trabalhar-como-motorista-de-aplicativo-em-salvador-saiba-quem\/#breadcrumb\"},\"inLanguage\":\"pt-BR\",\"potentialAction\":[{\"@type\":\"ReadAction\",\"target\":[\"https:\/\/bahiaeconomica.com.br\/wp\/2025\/11\/14\/deputado-diz-que-ira-trabalhar-como-motorista-de-aplicativo-em-salvador-saiba-quem\/\"]}]},{\"@type\":\"BreadcrumbList\",\"@id\":\"https:\/\/bahiaeconomica.com.br\/wp\/2025\/11\/14\/deputado-diz-que-ira-trabalhar-como-motorista-de-aplicativo-em-salvador-saiba-quem\/#breadcrumb\",\"itemListElement\":[{\"@type\":\"ListItem\",\"position\":1,\"name\":\"In\u00edcio\",\"item\":\"https:\/\/bahiaeconomica.com.br\/wp\/\"},{\"@type\":\"ListItem\",\"position\":2,\"name\":\"DEPUTADO DIZ QUE IR\u00c1 TRABALHAR COMO MOTORISTA DE APLICATIVO EM SALVADOR; SAIBA QUEM\"}]},{\"@type\":\"WebSite\",\"@id\":\"https:\/\/bahiaeconomica.com.br\/wp\/#website\",\"url\":\"https:\/\/bahiaeconomica.com.br\/wp\/\",\"name\":\"Bahia Economica\",\"description\":\"O maior portal de Economia da Bahia\",\"publisher\":{\"@id\":\"https:\/\/bahiaeconomica.com.br\/wp\/#organization\"},\"potentialAction\":[{\"@type\":\"SearchAction\",\"target\":{\"@type\":\"EntryPoint\",\"urlTemplate\":\"https:\/\/bahiaeconomica.com.br\/wp\/?s={search_term_string}\"},\"query-input\":\"required name=search_term_string\"}],\"inLanguage\":\"pt-BR\"},{\"@type\":\"Organization\",\"@id\":\"https:\/\/bahiaeconomica.com.br\/wp\/#organization\",\"name\":\"Bahia Econ\u00f4mica\",\"url\":\"https:\/\/bahiaeconomica.com.br\/wp\/\",\"logo\":{\"@type\":\"ImageObject\",\"inLanguage\":\"pt-BR\",\"@id\":\"https:\/\/bahiaeconomica.com.br\/wp\/#\/schema\/logo\/image\/\",\"url\":\"https:\/\/bahiaeconomica.com.br\/wp\/wp-content\/uploads\/2020\/12\/cropped-BE.png\",\"contentUrl\":\"https:\/\/bahiaeconomica.com.br\/wp\/wp-content\/uploads\/2020\/12\/cropped-BE.png\",\"width\":512,\"height\":512,\"caption\":\"Bahia Econ\u00f4mica\"},\"image\":{\"@id\":\"https:\/\/bahiaeconomica.com.br\/wp\/#\/schema\/logo\/image\/\"},\"sameAs\":[\"https:\/\/www.facebook.com\/bahiaeconomica\"]},{\"@type\":\"Person\",\"@id\":\"https:\/\/bahiaeconomica.com.br\/wp\/#\/schema\/person\/9310b0e591f5979f6f99773eac5804e6\",\"name\":\"BRUNA CARVALHO\",\"sameAs\":[\"http:\/\/www.bahiaeconomica.com.br\"],\"url\":\"https:\/\/bahiaeconomica.com.br\/wp\/author\/bruna\/\"}]}<\/script>\n<!-- \/ Yoast SEO plugin. -->","yoast_head_json":{"title":"DEPUTADO DIZ QUE IR\u00c1 TRABALHAR COMO MOTORISTA DE APLICATIVO EM SALVADOR; SAIBA QUEM - Bahia Economica","description":"O maior portal de Economia da Bahia Pol\u00edtica Bahia Economica a\u00e7\u00e3o est\u00e1 marcada para o dia 20 de novembro,","robots":{"index":"index","follow":"follow","max-snippet":"max-snippet:-1","max-image-preview":"max-image-preview:large","max-video-preview":"max-video-preview:-1"},"canonical":"https:\/\/bahiaeconomica.com.br\/wp\/2025\/11\/14\/deputado-diz-que-ira-trabalhar-como-motorista-de-aplicativo-em-salvador-saiba-quem\/","og_locale":"pt_BR","og_type":"article","og_title":"DEPUTADO DIZ QUE IR\u00c1 TRABALHAR COMO MOTORISTA DE APLICATIVO EM SALVADOR; SAIBA QUEM - Bahia Economica","og_description":"O maior portal de Economia da Bahia Pol\u00edtica Bahia Economica a\u00e7\u00e3o est\u00e1 marcada para o dia 20 de novembro,","og_url":"https:\/\/bahiaeconomica.com.br\/wp\/2025\/11\/14\/deputado-diz-que-ira-trabalhar-como-motorista-de-aplicativo-em-salvador-saiba-quem\/","og_site_name":"Bahia Economica","article_publisher":"https:\/\/www.facebook.com\/bahiaeconomica","article_published_time":"2025-11-14T12:50:56+00:00","article_modified_time":"2025-11-14T12:40:29+00:00","og_image":[{"width":800,"height":450,"url":"https:\/\/bahiaeconomica.com.br\/wp\/wp-content\/uploads\/2025\/11\/motorista_app_freepik_widelg_widelg.jpg","type":"image\/jpeg"}],"author":"BRUNA CARVALHO","twitter_card":"summary_large_image","twitter_misc":{"Escrito por":"BRUNA CARVALHO","Est. tempo de leitura":"1 minuto"},"schema":{"@context":"https:\/\/schema.org","@graph":[{"@type":"Article","@id":"https:\/\/bahiaeconomica.com.br\/wp\/2025\/11\/14\/deputado-diz-que-ira-trabalhar-como-motorista-de-aplicativo-em-salvador-saiba-quem\/#article","isPartOf":{"@id":"https:\/\/bahiaeconomica.com.br\/wp\/2025\/11\/14\/deputado-diz-que-ira-trabalhar-como-motorista-de-aplicativo-em-salvador-saiba-quem\/"},"author":{"name":"BRUNA CARVALHO","@id":"https:\/\/bahiaeconomica.com.br\/wp\/#\/schema\/person\/9310b0e591f5979f6f99773eac5804e6"},"headline":"DEPUTADO DIZ QUE IR\u00c1 TRABALHAR COMO MOTORISTA DE APLICATIVO EM SALVADOR; SAIBA QUEM","datePublished":"2025-11-14T12:50:56+00:00","dateModified":"2025-11-14T12:40:29+00:00","mainEntityOfPage":{"@id":"https:\/\/bahiaeconomica.com.br\/wp\/2025\/11\/14\/deputado-diz-que-ira-trabalhar-como-motorista-de-aplicativo-em-salvador-saiba-quem\/"},"wordCount":183,"publisher":{"@id":"https:\/\/bahiaeconomica.com.br\/wp\/#organization"},"keywords":["deputado","Leo Prates","motorista de aplicativo","Salvador"],"articleSection":["Pol\u00edtica"],"inLanguage":"pt-BR"},{"@type":"WebPage","@id":"https:\/\/bahiaeconomica.com.br\/wp\/2025\/11\/14\/deputado-diz-que-ira-trabalhar-como-motorista-de-aplicativo-em-salvador-saiba-quem\/","url":"https:\/\/bahiaeconomica.com.br\/wp\/2025\/11\/14\/deputado-diz-que-ira-trabalhar-como-motorista-de-aplicativo-em-salvador-saiba-quem\/","name":"DEPUTADO DIZ QUE IR\u00c1 TRABALHAR COMO MOTORISTA DE APLICATIVO EM SALVADOR; SAIBA QUEM - Bahia Economica","isPartOf":{"@id":"https:\/\/bahiaeconomica.com.br\/wp\/#website"},"datePublished":"2025-11-14T12:50:56+00:00","dateModified":"2025-11-14T12:40:29+00:00","description":"O maior portal de Economia da Bahia Pol\u00edtica Bahia Economica a\u00e7\u00e3o est\u00e1 marcada para o dia 20 de novembro,","breadcrumb":{"@id":"https:\/\/bahiaeconomica.com.br\/wp\/2025\/11\/14\/deputado-diz-que-ira-trabalhar-como-motorista-de-aplicativo-em-salvador-saiba-quem\/#breadcrumb"},"inLanguage":"pt-BR","potentialAction":[{"@type":"ReadAction","target":["https:\/\/bahiaeconomica.com.br\/wp\/2025\/11\/14\/deputado-diz-que-ira-trabalhar-como-motorista-de-aplicativo-em-salvador-saiba-quem\/"]}]},{"@type":"BreadcrumbList","@id":"https:\/\/bahiaeconomica.com.br\/wp\/2025\/11\/14\/deputado-diz-que-ira-trabalhar-como-motorista-de-aplicativo-em-salvador-saiba-quem\/#breadcrumb","itemListElement":[{"@type":"ListItem","position":1,"name":"In\u00edcio","item":"https:\/\/bahiaeconomica.com.br\/wp\/"},{"@type":"ListItem","position":2,"name":"DEPUTADO DIZ QUE IR\u00c1 TRABALHAR COMO MOTORISTA DE APLICATIVO EM SALVADOR; SAIBA QUEM"}]},{"@type":"WebSite","@id":"https:\/\/bahiaeconomica.com.br\/wp\/#website","url":"https:\/\/bahiaeconomica.com.br\/wp\/","name":"Bahia Economica","description":"O maior portal de Economia da Bahia","publisher":{"@id":"https:\/\/bahiaeconomica.com.br\/wp\/#organization"},"potentialAction":[{"@type":"SearchAction","target":{"@type":"EntryPoint","urlTemplate":"https:\/\/bahiaeconomica.com.br\/wp\/?s={search_term_string}"},"query-input":"required name=search_term_string"}],"inLanguage":"pt-BR"},{"@type":"Organization","@id":"https:\/\/bahiaeconomica.com.br\/wp\/#organization","name":"Bahia Econ\u00f4mica","url":"https:\/\/bahiaeconomica.com.br\/wp\/","logo":{"@type":"ImageObject","inLanguage":"pt-BR","@id":"https:\/\/bahiaeconomica.com.br\/wp\/#\/schema\/logo\/image\/","url":"https:\/\/bahiaeconomica.com.br\/wp\/wp-content\/uploads\/2020\/12\/cropped-BE.png","contentUrl":"https:\/\/bahiaeconomica.com.br\/wp\/wp-content\/uploads\/2020\/12\/cropped-BE.png","width":512,"height":512,"caption":"Bahia Econ\u00f4mica"},"image":{"@id":"https:\/\/bahiaeconomica.com.br\/wp\/#\/schema\/logo\/image\/"},"sameAs":["https:\/\/www.facebook.com\/bahiaeconomica"]},{"@type":"Person","@id":"https:\/\/bahiaeconomica.com.br\/wp\/#\/schema\/person\/9310b0e591f5979f6f99773eac5804e6","name":"BRUNA CARVALHO","sameAs":["http:\/\/www.bahiaeconomica.com.br"],"url":"https:\/\/bahiaeconomica.com.br\/wp\/author\/bruna\/"}]}},"views":34,"_links":{"self":[{"href":"https:\/\/bahiaeconomica.com.br\/wp\/wp-json\/wp\/v2\/posts\/952678"}],"collection":[{"href":"https:\/\/bahiaeconomica.com.br\/wp\/wp-json\/wp\/v2\/posts"}],"about":[{"href":"https:\/\/bahiaeconomica.com.br\/wp\/wp-json\/wp\/v2\/types\/post"}],"author":[{"embeddable":true,"href":"https:\/\/bahiaeconomica.com.br\/wp\/wp-json\/wp\/v2\/users\/20"}],"replies":[{"embeddable":true,"href":"https:\/\/bahiaeconomica.com.br\/wp\/wp-json\/wp\/v2\/comments?post=952678"}],"version-history":[{"count":1,"href":"https:\/\/bahiaeconomica.com.br\/wp\/wp-json\/wp\/v2\/posts\/952678\/revisions"}],"predecessor-version":[{"id":952705,"href":"https:\/\/bahiaeconomica.com.br\/wp\/wp-json\/wp\/v2\/posts\/952678\/revisions\/952705"}],"wp:featuredmedia":[{"embeddable":true,"href":"https:\/\/bahiaeconomica.com.br\/wp\/wp-json\/wp\/v2\/media\/952680"}],"wp:attachment":[{"href":"https:\/\/bahiaeconomica.com.br\/wp\/wp-json\/wp\/v2\/media?parent=952678"}],"wp:term":[{"taxonomy":"category","embeddable":true,"href":"https:\/\/bahiaeconomica.com.br\/wp\/wp-json\/wp\/v2\/categories?post=952678"},{"taxonomy":"post_tag","embeddable":true,"href":"https:\/\/bahiaeconomica.com.br\/wp\/wp-json\/wp\/v2\/tags?post=952678"}],"curies":[{"name":"wp","href":"https:\/\/api.w.org\/{rel}","templated":true}]}}