{"id":952297,"date":"2025-11-13T10:07:00","date_gmt":"2025-11-13T13:07:00","guid":{"rendered":"https:\/\/bahiaeconomica.com.br\/wp\/?p=952297"},"modified":"2025-11-13T10:07:00","modified_gmt":"2025-11-13T13:07:00","slug":"livro-que-mostra-como-o-martagao-se-tornou-patrimonio-dos-baianos-sera-lancado-em-18-de-novembro","status":"publish","type":"post","link":"https:\/\/bahiaeconomica.com.br\/wp\/2025\/11\/13\/livro-que-mostra-como-o-martagao-se-tornou-patrimonio-dos-baianos-sera-lancado-em-18-de-novembro\/","title":{"rendered":"LIVRO QUE MOSTRA COMO O MARTAG\u00c3O SE TORNOU PATRIM\u00d4NIO DOS BAIANOS SER\u00c1 LAN\u00c7ADO EM 18 DE NOVEMBRO"},"content":{"rendered":"<p>A import\u00e2ncia do Martag\u00e3o Gesteira para o Sistema \u00danico de Sa\u00fade (SUS) e como o hospital se tornou um patrim\u00f4nio dos baianos. Este \u00e9 o mote do livro \u201cO Hospital da minha vida\u201d, que ser\u00e1 lan\u00e7ado no pr\u00f3ximo 18 de novembro, \u00e0s 16h, no Museu Carlos e Margarida Costa Pinto. Escrita pelo cirurgi\u00e3o pedi\u00e1trico Carlos Emanuel Melo, a obra conta, a partir de fatos e mem\u00f3rias, a hist\u00f3ria de uma das principais institui\u00e7\u00f5es de sa\u00fade da Bahia, sob a \u00f3tica de quem est\u00e1 h\u00e1 25 anos na linha de frente da batalha pela causa da sa\u00fade infantojuvenil.<\/p>\n<p>\u201cQuando eu decidi escrever este livro, um dos principais objetivos era mostrar para toda a sociedade o que acontece dentro daquele hospital, porque ele \u00e9 t\u00e3o importante e o que ele representa para milhares de fam\u00edlias baianas que ali encontram acolhimento, amor, acesso \u00e0 sa\u00fade de qualidade e cura\u201d, destaca Melo, que abriu m\u00e3o dos direitos autorais. Toda a renda obtida com a venda do livro ser\u00e1 revertida para o Martag\u00e3o.<\/p>\n<p>O livro conta com ilustra\u00e7\u00f5es do artista pl\u00e1stico Elano Passos e com pref\u00e1cio do estrategista de comunica\u00e7\u00e3o e publicit\u00e1rio Nizan Guanaes, CEO da N Ideias. \u201cS\u00e3o dois nomes de peso que se somam a este projeto, que acreditam na causa defendida pelo hospital\u201d, acrescenta o m\u00e9dico. Nascido em Salvador, Melo \u00e9 cirurgi\u00e3o pedi\u00e1trico e gestor de unidades hospitalares. Formado pela Escola Bahiana de Medicina, fez resid\u00eancia em cirurgia pedi\u00e1trica e em cirurgi\u00e3 geral no SUS\/ S\u00e3o Paulo.<\/p>\n<p>Na Liga \u00c1lvaro Bahia, institui\u00e7\u00e3o filantr\u00f3pica centen\u00e1ria atuante na \u00e1rea da sa\u00fade, ocupou os cargos de diretor m\u00e9dico, superintendente e diretor presidente. Atualmente, \u00e9 superintendente geral da Liga, entidade mantenedora do Martag\u00e3o Gesteira e que est\u00e1 \u00e0 frente tamb\u00e9m do Hospital Estadual da Crian\u00e7a, em Feira de Santana, e do Hospital da Crian\u00e7a de Maring\u00e1, no Paran\u00e1.<\/p>\n<p>O lan\u00e7amento do livro, que mescla fatos importantes da hist\u00f3ria do Martag\u00e3o com fatos vivenciados pelo pr\u00f3prio autor e a sua hist\u00f3ria pessoal, integra tamb\u00e9m as comemora\u00e7\u00f5es dos 60 anos do Martag\u00e3o. A obra j\u00e1 est\u00e1 com pr\u00e9-venda pelo site da Amazon: https:\/\/www.amazon.com.br\/Hospital-minha-Carlos-Emanuel-Rocha\/dp\/652802961X.<\/p>\n<p>O Hospital &#8211; Exclusivamente pedi\u00e1trico, o Martag\u00e3o Gesteira atende crian\u00e7as e adolescentes de todo o estado da Bahia, em 27 especialidades m\u00e9dicas.\u00a0 Somente em 2024, o Martag\u00e3o foi respons\u00e1vel por mais da metade (66,7%) das cirurgias oncol\u00f3gicas em pacientes de 0 a 14 anos, por 47,9% dos tratamentos oncol\u00f3gicos; por 43,1% das cirurgias card\u00edacas e por 17,6% das cirurgias neurol\u00f3gicas no estado da Bahia. Em m\u00e9dia, por ano, o Hospital realiza mais de 500 mil atendimentos, em 27 especialidades m\u00e9dicas.<\/p>\n","protected":false},"excerpt":{"rendered":"<p>A import\u00e2ncia do Martag\u00e3o Gesteira para o Sistema \u00danico de Sa\u00fade (SUS) e como o hospital se tornou um patrim\u00f4nio dos baianos. Este \u00e9 o mote do livro \u201cO Hospital da minha vida\u201d, que ser\u00e1 lan\u00e7ado no pr\u00f3ximo 18 de novembro, \u00e0s 16h, no Museu Carlos e Margarida Costa Pinto. Escrita pelo cirurgi\u00e3o pedi\u00e1trico Carlos [&hellip;]<\/p>\n","protected":false},"author":8,"featured_media":952298,"comment_status":"closed","ping_status":"closed","sticky":false,"template":"","format":"standard","meta":[],"categories":[5],"tags":[52,213,5280],"acf":[],"yoast_head":"<!-- This site is optimized with the Yoast SEO plugin v20.8 - https:\/\/yoast.com\/wordpress\/plugins\/seo\/ -->\n<title>LIVRO QUE MOSTRA COMO O MARTAG\u00c3O SE TORNOU PATRIM\u00d4NIO DOS BAIANOS SER\u00c1 LAN\u00c7ADO EM 18 DE NOVEMBRO - Bahia Economica<\/title>\n<meta name=\"description\" content=\"O maior portal de Economia da Bahia MUNIC\u00cdPIOS Bahia Economica A import\u00e2ncia do Martag\u00e3o Gesteira para o Sistema \u00danico de Sa\u00fade (SUS)\" \/>\n<meta name=\"robots\" content=\"index, follow, max-snippet:-1, max-image-preview:large, max-video-preview:-1\" \/>\n<link rel=\"canonical\" href=\"https:\/\/bahiaeconomica.com.br\/wp\/2025\/11\/13\/livro-que-mostra-como-o-martagao-se-tornou-patrimonio-dos-baianos-sera-lancado-em-18-de-novembro\/\" \/>\n<meta property=\"og:locale\" content=\"pt_BR\" \/>\n<meta property=\"og:type\" content=\"article\" \/>\n<meta property=\"og:title\" content=\"LIVRO QUE MOSTRA COMO O MARTAG\u00c3O SE TORNOU PATRIM\u00d4NIO DOS BAIANOS SER\u00c1 LAN\u00c7ADO EM 18 DE NOVEMBRO - Bahia Economica\" \/>\n<meta property=\"og:description\" content=\"O maior portal de Economia da Bahia MUNIC\u00cdPIOS Bahia Economica A import\u00e2ncia do Martag\u00e3o Gesteira para o Sistema \u00danico de Sa\u00fade (SUS)\" \/>\n<meta property=\"og:url\" content=\"https:\/\/bahiaeconomica.com.br\/wp\/2025\/11\/13\/livro-que-mostra-como-o-martagao-se-tornou-patrimonio-dos-baianos-sera-lancado-em-18-de-novembro\/\" \/>\n<meta property=\"og:site_name\" content=\"Bahia Economica\" \/>\n<meta property=\"article:publisher\" content=\"https:\/\/www.facebook.com\/bahiaeconomica\" \/>\n<meta property=\"article:published_time\" content=\"2025-11-13T13:07:00+00:00\" \/>\n<meta property=\"og:image\" content=\"https:\/\/bahiaeconomica.com.br\/wp\/wp-content\/uploads\/2025\/11\/WhatsApp-Image-2025-11-13-at-09.30.19.jpeg\" \/>\n\t<meta property=\"og:image:width\" content=\"1280\" \/>\n\t<meta property=\"og:image:height\" content=\"960\" \/>\n\t<meta property=\"og:image:type\" content=\"image\/jpeg\" \/>\n<meta name=\"author\" content=\"JP\" \/>\n<meta name=\"twitter:card\" content=\"summary_large_image\" \/>\n<meta name=\"twitter:label1\" content=\"Escrito por\" \/>\n\t<meta name=\"twitter:data1\" content=\"JP\" \/>\n\t<meta name=\"twitter:label2\" content=\"Est. tempo de leitura\" \/>\n\t<meta name=\"twitter:data2\" content=\"3 minutos\" \/>\n<script type=\"application\/ld+json\" class=\"yoast-schema-graph\">{\"@context\":\"https:\/\/schema.org\",\"@graph\":[{\"@type\":\"Article\",\"@id\":\"https:\/\/bahiaeconomica.com.br\/wp\/2025\/11\/13\/livro-que-mostra-como-o-martagao-se-tornou-patrimonio-dos-baianos-sera-lancado-em-18-de-novembro\/#article\",\"isPartOf\":{\"@id\":\"https:\/\/bahiaeconomica.com.br\/wp\/2025\/11\/13\/livro-que-mostra-como-o-martagao-se-tornou-patrimonio-dos-baianos-sera-lancado-em-18-de-novembro\/\"},\"author\":{\"name\":\"JP\",\"@id\":\"https:\/\/bahiaeconomica.com.br\/wp\/#\/schema\/person\/c86d3a3f8960425a0f9d0e5245991f4e\"},\"headline\":\"LIVRO QUE MOSTRA COMO O MARTAG\u00c3O SE TORNOU PATRIM\u00d4NIO DOS BAIANOS SER\u00c1 LAN\u00c7ADO EM 18 DE NOVEMBRO\",\"datePublished\":\"2025-11-13T13:07:00+00:00\",\"dateModified\":\"2025-11-13T13:07:00+00:00\",\"mainEntityOfPage\":{\"@id\":\"https:\/\/bahiaeconomica.com.br\/wp\/2025\/11\/13\/livro-que-mostra-como-o-martagao-se-tornou-patrimonio-dos-baianos-sera-lancado-em-18-de-novembro\/\"},\"wordCount\":492,\"publisher\":{\"@id\":\"https:\/\/bahiaeconomica.com.br\/wp\/#organization\"},\"keywords\":[\"Brasil\",\"Economia\",\"Martag\u00e3o\"],\"articleSection\":[\"MUNIC\u00cdPIOS\"],\"inLanguage\":\"pt-BR\"},{\"@type\":\"WebPage\",\"@id\":\"https:\/\/bahiaeconomica.com.br\/wp\/2025\/11\/13\/livro-que-mostra-como-o-martagao-se-tornou-patrimonio-dos-baianos-sera-lancado-em-18-de-novembro\/\",\"url\":\"https:\/\/bahiaeconomica.com.br\/wp\/2025\/11\/13\/livro-que-mostra-como-o-martagao-se-tornou-patrimonio-dos-baianos-sera-lancado-em-18-de-novembro\/\",\"name\":\"LIVRO QUE MOSTRA COMO O MARTAG\u00c3O SE TORNOU PATRIM\u00d4NIO DOS BAIANOS SER\u00c1 LAN\u00c7ADO EM 18 DE NOVEMBRO - Bahia Economica\",\"isPartOf\":{\"@id\":\"https:\/\/bahiaeconomica.com.br\/wp\/#website\"},\"datePublished\":\"2025-11-13T13:07:00+00:00\",\"dateModified\":\"2025-11-13T13:07:00+00:00\",\"description\":\"O maior portal de Economia da Bahia MUNIC\u00cdPIOS Bahia Economica A import\u00e2ncia do Martag\u00e3o Gesteira para o Sistema \u00danico de Sa\u00fade (SUS)\",\"breadcrumb\":{\"@id\":\"https:\/\/bahiaeconomica.com.br\/wp\/2025\/11\/13\/livro-que-mostra-como-o-martagao-se-tornou-patrimonio-dos-baianos-sera-lancado-em-18-de-novembro\/#breadcrumb\"},\"inLanguage\":\"pt-BR\",\"potentialAction\":[{\"@type\":\"ReadAction\",\"target\":[\"https:\/\/bahiaeconomica.com.br\/wp\/2025\/11\/13\/livro-que-mostra-como-o-martagao-se-tornou-patrimonio-dos-baianos-sera-lancado-em-18-de-novembro\/\"]}]},{\"@type\":\"BreadcrumbList\",\"@id\":\"https:\/\/bahiaeconomica.com.br\/wp\/2025\/11\/13\/livro-que-mostra-como-o-martagao-se-tornou-patrimonio-dos-baianos-sera-lancado-em-18-de-novembro\/#breadcrumb\",\"itemListElement\":[{\"@type\":\"ListItem\",\"position\":1,\"name\":\"In\u00edcio\",\"item\":\"https:\/\/bahiaeconomica.com.br\/wp\/\"},{\"@type\":\"ListItem\",\"position\":2,\"name\":\"LIVRO QUE MOSTRA COMO O MARTAG\u00c3O SE TORNOU PATRIM\u00d4NIO DOS BAIANOS SER\u00c1 LAN\u00c7ADO EM 18 DE NOVEMBRO\"}]},{\"@type\":\"WebSite\",\"@id\":\"https:\/\/bahiaeconomica.com.br\/wp\/#website\",\"url\":\"https:\/\/bahiaeconomica.com.br\/wp\/\",\"name\":\"Bahia Economica\",\"description\":\"O maior portal de Economia da Bahia\",\"publisher\":{\"@id\":\"https:\/\/bahiaeconomica.com.br\/wp\/#organization\"},\"potentialAction\":[{\"@type\":\"SearchAction\",\"target\":{\"@type\":\"EntryPoint\",\"urlTemplate\":\"https:\/\/bahiaeconomica.com.br\/wp\/?s={search_term_string}\"},\"query-input\":\"required name=search_term_string\"}],\"inLanguage\":\"pt-BR\"},{\"@type\":\"Organization\",\"@id\":\"https:\/\/bahiaeconomica.com.br\/wp\/#organization\",\"name\":\"Bahia Econ\u00f4mica\",\"url\":\"https:\/\/bahiaeconomica.com.br\/wp\/\",\"logo\":{\"@type\":\"ImageObject\",\"inLanguage\":\"pt-BR\",\"@id\":\"https:\/\/bahiaeconomica.com.br\/wp\/#\/schema\/logo\/image\/\",\"url\":\"https:\/\/bahiaeconomica.com.br\/wp\/wp-content\/uploads\/2020\/12\/cropped-BE.png\",\"contentUrl\":\"https:\/\/bahiaeconomica.com.br\/wp\/wp-content\/uploads\/2020\/12\/cropped-BE.png\",\"width\":512,\"height\":512,\"caption\":\"Bahia Econ\u00f4mica\"},\"image\":{\"@id\":\"https:\/\/bahiaeconomica.com.br\/wp\/#\/schema\/logo\/image\/\"},\"sameAs\":[\"https:\/\/www.facebook.com\/bahiaeconomica\"]},{\"@type\":\"Person\",\"@id\":\"https:\/\/bahiaeconomica.com.br\/wp\/#\/schema\/person\/c86d3a3f8960425a0f9d0e5245991f4e\",\"name\":\"JP\",\"sameAs\":[\"https:\/\/bahiaeconomica.com.br\/wp\/beta\/\"],\"url\":\"https:\/\/bahiaeconomica.com.br\/wp\/author\/jp\/\"}]}<\/script>\n<!-- \/ Yoast SEO plugin. -->","yoast_head_json":{"title":"LIVRO QUE MOSTRA COMO O MARTAG\u00c3O SE TORNOU PATRIM\u00d4NIO DOS BAIANOS SER\u00c1 LAN\u00c7ADO EM 18 DE NOVEMBRO - Bahia Economica","description":"O maior portal de Economia da Bahia MUNIC\u00cdPIOS Bahia Economica A import\u00e2ncia do Martag\u00e3o Gesteira para o Sistema \u00danico de Sa\u00fade (SUS)","robots":{"index":"index","follow":"follow","max-snippet":"max-snippet:-1","max-image-preview":"max-image-preview:large","max-video-preview":"max-video-preview:-1"},"canonical":"https:\/\/bahiaeconomica.com.br\/wp\/2025\/11\/13\/livro-que-mostra-como-o-martagao-se-tornou-patrimonio-dos-baianos-sera-lancado-em-18-de-novembro\/","og_locale":"pt_BR","og_type":"article","og_title":"LIVRO QUE MOSTRA COMO O MARTAG\u00c3O SE TORNOU PATRIM\u00d4NIO DOS BAIANOS SER\u00c1 LAN\u00c7ADO EM 18 DE NOVEMBRO - Bahia Economica","og_description":"O maior portal de Economia da Bahia MUNIC\u00cdPIOS Bahia Economica A import\u00e2ncia do Martag\u00e3o Gesteira para o Sistema \u00danico de Sa\u00fade (SUS)","og_url":"https:\/\/bahiaeconomica.com.br\/wp\/2025\/11\/13\/livro-que-mostra-como-o-martagao-se-tornou-patrimonio-dos-baianos-sera-lancado-em-18-de-novembro\/","og_site_name":"Bahia Economica","article_publisher":"https:\/\/www.facebook.com\/bahiaeconomica","article_published_time":"2025-11-13T13:07:00+00:00","og_image":[{"width":1280,"height":960,"url":"https:\/\/bahiaeconomica.com.br\/wp\/wp-content\/uploads\/2025\/11\/WhatsApp-Image-2025-11-13-at-09.30.19.jpeg","type":"image\/jpeg"}],"author":"JP","twitter_card":"summary_large_image","twitter_misc":{"Escrito por":"JP","Est. tempo de leitura":"3 minutos"},"schema":{"@context":"https:\/\/schema.org","@graph":[{"@type":"Article","@id":"https:\/\/bahiaeconomica.com.br\/wp\/2025\/11\/13\/livro-que-mostra-como-o-martagao-se-tornou-patrimonio-dos-baianos-sera-lancado-em-18-de-novembro\/#article","isPartOf":{"@id":"https:\/\/bahiaeconomica.com.br\/wp\/2025\/11\/13\/livro-que-mostra-como-o-martagao-se-tornou-patrimonio-dos-baianos-sera-lancado-em-18-de-novembro\/"},"author":{"name":"JP","@id":"https:\/\/bahiaeconomica.com.br\/wp\/#\/schema\/person\/c86d3a3f8960425a0f9d0e5245991f4e"},"headline":"LIVRO QUE MOSTRA COMO O MARTAG\u00c3O SE TORNOU PATRIM\u00d4NIO DOS BAIANOS SER\u00c1 LAN\u00c7ADO EM 18 DE NOVEMBRO","datePublished":"2025-11-13T13:07:00+00:00","dateModified":"2025-11-13T13:07:00+00:00","mainEntityOfPage":{"@id":"https:\/\/bahiaeconomica.com.br\/wp\/2025\/11\/13\/livro-que-mostra-como-o-martagao-se-tornou-patrimonio-dos-baianos-sera-lancado-em-18-de-novembro\/"},"wordCount":492,"publisher":{"@id":"https:\/\/bahiaeconomica.com.br\/wp\/#organization"},"keywords":["Brasil","Economia","Martag\u00e3o"],"articleSection":["MUNIC\u00cdPIOS"],"inLanguage":"pt-BR"},{"@type":"WebPage","@id":"https:\/\/bahiaeconomica.com.br\/wp\/2025\/11\/13\/livro-que-mostra-como-o-martagao-se-tornou-patrimonio-dos-baianos-sera-lancado-em-18-de-novembro\/","url":"https:\/\/bahiaeconomica.com.br\/wp\/2025\/11\/13\/livro-que-mostra-como-o-martagao-se-tornou-patrimonio-dos-baianos-sera-lancado-em-18-de-novembro\/","name":"LIVRO QUE MOSTRA COMO O MARTAG\u00c3O SE TORNOU PATRIM\u00d4NIO DOS BAIANOS SER\u00c1 LAN\u00c7ADO EM 18 DE NOVEMBRO - Bahia Economica","isPartOf":{"@id":"https:\/\/bahiaeconomica.com.br\/wp\/#website"},"datePublished":"2025-11-13T13:07:00+00:00","dateModified":"2025-11-13T13:07:00+00:00","description":"O maior portal de Economia da Bahia MUNIC\u00cdPIOS Bahia Economica A import\u00e2ncia do Martag\u00e3o Gesteira para o Sistema \u00danico de Sa\u00fade (SUS)","breadcrumb":{"@id":"https:\/\/bahiaeconomica.com.br\/wp\/2025\/11\/13\/livro-que-mostra-como-o-martagao-se-tornou-patrimonio-dos-baianos-sera-lancado-em-18-de-novembro\/#breadcrumb"},"inLanguage":"pt-BR","potentialAction":[{"@type":"ReadAction","target":["https:\/\/bahiaeconomica.com.br\/wp\/2025\/11\/13\/livro-que-mostra-como-o-martagao-se-tornou-patrimonio-dos-baianos-sera-lancado-em-18-de-novembro\/"]}]},{"@type":"BreadcrumbList","@id":"https:\/\/bahiaeconomica.com.br\/wp\/2025\/11\/13\/livro-que-mostra-como-o-martagao-se-tornou-patrimonio-dos-baianos-sera-lancado-em-18-de-novembro\/#breadcrumb","itemListElement":[{"@type":"ListItem","position":1,"name":"In\u00edcio","item":"https:\/\/bahiaeconomica.com.br\/wp\/"},{"@type":"ListItem","position":2,"name":"LIVRO QUE MOSTRA COMO O MARTAG\u00c3O SE TORNOU PATRIM\u00d4NIO DOS BAIANOS SER\u00c1 LAN\u00c7ADO EM 18 DE NOVEMBRO"}]},{"@type":"WebSite","@id":"https:\/\/bahiaeconomica.com.br\/wp\/#website","url":"https:\/\/bahiaeconomica.com.br\/wp\/","name":"Bahia Economica","description":"O maior portal de Economia da Bahia","publisher":{"@id":"https:\/\/bahiaeconomica.com.br\/wp\/#organization"},"potentialAction":[{"@type":"SearchAction","target":{"@type":"EntryPoint","urlTemplate":"https:\/\/bahiaeconomica.com.br\/wp\/?s={search_term_string}"},"query-input":"required name=search_term_string"}],"inLanguage":"pt-BR"},{"@type":"Organization","@id":"https:\/\/bahiaeconomica.com.br\/wp\/#organization","name":"Bahia Econ\u00f4mica","url":"https:\/\/bahiaeconomica.com.br\/wp\/","logo":{"@type":"ImageObject","inLanguage":"pt-BR","@id":"https:\/\/bahiaeconomica.com.br\/wp\/#\/schema\/logo\/image\/","url":"https:\/\/bahiaeconomica.com.br\/wp\/wp-content\/uploads\/2020\/12\/cropped-BE.png","contentUrl":"https:\/\/bahiaeconomica.com.br\/wp\/wp-content\/uploads\/2020\/12\/cropped-BE.png","width":512,"height":512,"caption":"Bahia Econ\u00f4mica"},"image":{"@id":"https:\/\/bahiaeconomica.com.br\/wp\/#\/schema\/logo\/image\/"},"sameAs":["https:\/\/www.facebook.com\/bahiaeconomica"]},{"@type":"Person","@id":"https:\/\/bahiaeconomica.com.br\/wp\/#\/schema\/person\/c86d3a3f8960425a0f9d0e5245991f4e","name":"JP","sameAs":["https:\/\/bahiaeconomica.com.br\/wp\/beta\/"],"url":"https:\/\/bahiaeconomica.com.br\/wp\/author\/jp\/"}]}},"views":25,"_links":{"self":[{"href":"https:\/\/bahiaeconomica.com.br\/wp\/wp-json\/wp\/v2\/posts\/952297"}],"collection":[{"href":"https:\/\/bahiaeconomica.com.br\/wp\/wp-json\/wp\/v2\/posts"}],"about":[{"href":"https:\/\/bahiaeconomica.com.br\/wp\/wp-json\/wp\/v2\/types\/post"}],"author":[{"embeddable":true,"href":"https:\/\/bahiaeconomica.com.br\/wp\/wp-json\/wp\/v2\/users\/8"}],"replies":[{"embeddable":true,"href":"https:\/\/bahiaeconomica.com.br\/wp\/wp-json\/wp\/v2\/comments?post=952297"}],"version-history":[{"count":1,"href":"https:\/\/bahiaeconomica.com.br\/wp\/wp-json\/wp\/v2\/posts\/952297\/revisions"}],"predecessor-version":[{"id":952299,"href":"https:\/\/bahiaeconomica.com.br\/wp\/wp-json\/wp\/v2\/posts\/952297\/revisions\/952299"}],"wp:featuredmedia":[{"embeddable":true,"href":"https:\/\/bahiaeconomica.com.br\/wp\/wp-json\/wp\/v2\/media\/952298"}],"wp:attachment":[{"href":"https:\/\/bahiaeconomica.com.br\/wp\/wp-json\/wp\/v2\/media?parent=952297"}],"wp:term":[{"taxonomy":"category","embeddable":true,"href":"https:\/\/bahiaeconomica.com.br\/wp\/wp-json\/wp\/v2\/categories?post=952297"},{"taxonomy":"post_tag","embeddable":true,"href":"https:\/\/bahiaeconomica.com.br\/wp\/wp-json\/wp\/v2\/tags?post=952297"}],"curies":[{"name":"wp","href":"https:\/\/api.w.org\/{rel}","templated":true}]}}