{"id":952086,"date":"2025-11-12T18:40:56","date_gmt":"2025-11-12T21:40:56","guid":{"rendered":"https:\/\/bahiaeconomica.com.br\/wp\/?p=952086"},"modified":"2025-11-12T17:34:16","modified_gmt":"2025-11-12T20:34:16","slug":"iii-festival-de-ceramica-de-maragogipinho-celebra-a-forca-das-artesas-do-reconcavo-baiano","status":"publish","type":"post","link":"https:\/\/bahiaeconomica.com.br\/wp\/2025\/11\/12\/iii-festival-de-ceramica-de-maragogipinho-celebra-a-forca-das-artesas-do-reconcavo-baiano\/","title":{"rendered":"III FESTIVAL DE CER\u00c2MICA DE MARAGOGIPINHO CELEBRA A FOR\u00c7A DAS ARTES\u00c3S DO REC\u00d4NCAVO BAIANO"},"content":{"rendered":"<p>De 14 a 16 de novembro, o distrito de Maragogipinho, em Aratu\u00edpe (BA), ser\u00e1 palco do III Festival da Cer\u00e2mica, que este ano celebra o tema \u201cA For\u00e7a da Mulher no Artesanato de Maragogipinho\u201d. O evento homenageia as mulheres que, com criatividade, dedica\u00e7\u00e3o e resili\u00eancia, preservam e inovam uma das tradi\u00e7\u00f5es mais importantes do Rec\u00f4ncavo Baiano.<\/p>\n<p>O protagonismo feminino \u00e9 o fio condutor desta edi\u00e7\u00e3o, que evidencia hist\u00f3rias de mulheres que transformam o barro em arte, transmitindo saberes ancestrais de gera\u00e7\u00e3o em gera\u00e7\u00e3o. Para Caroline Rodrigues Concei\u00e7\u00e3o, de 22 anos, o artesanato \u00e9 mais do que uma fonte de renda: \u00e9 um legado familiar. \u201c\u00c9 uma sensa\u00e7\u00e3o de alegria, de gratid\u00e3o, porque a gente est\u00e1 vendo nossa cultura indo para o mundo inteiro. Eu aprendi com meus pais e hoje minha filha j\u00e1 me acompanha, quer aprender, quer fazer o que eu fa\u00e7o. \u00c9 uma riqueza que n\u00e3o podemos deixar morrer\u201d, destaca.<\/p>\n<p>O artesanato, al\u00e9m de ser uma fonte de renda, \u00e9 para muitas mulheres de Maragogipinho um legado cultural e um s\u00edmbolo de resist\u00eancia. Para Terezinha Luz, de 69 anos, o artesanato \u00e9 uma forma de conex\u00e3o com a natureza e com a pr\u00f3pria identidade. \u201cQualquer tra\u00e7o de um galho, de uma \u00e1rvore, de uma flor me inspira. Hoje, ser chamada de artes\u00e3 \u00e9 uma satisfa\u00e7\u00e3o imensa. Eu amo essa arte, essa cultura, e o curso de biojoias me fez avan\u00e7ar ainda mais. Antes, eu s\u00f3 pintava, mas agora crio pe\u00e7as e me inspiro cada vez mais\u201d, celebra.<\/p>\n<p>Neste ano, as mulheres artes\u00e3s de Maragogipinho participaram de um curso de biojoias, que trouxe novas possibilidades para a cer\u00e2mica local ao unir t\u00e9cnicas tradicionais com design contempor\u00e2neo. Durante o curso, as participantes produziram pe\u00e7as que foram apresentadas no S\u00e3o Paulo Fashion Week, um dos maiores eventos de moda do Brasil. Para Mestra Dad\u00e1, de 94 anos, irm\u00e3 de Milton Moreira, criador da Baiana Moringa &#8211; s\u00edmbolo do festival deste ano, a experi\u00eancia foi transformadora, mesmo que no in\u00edcio ela tenha hesitado em participar. \u201cNo come\u00e7o, eu disse que n\u00e3o ia participar do curso de biojoias porque j\u00e1 tinha idade. Mas a professora me disse: \u2018Isso \u00e9 para a mente, n\u00e3o tem idade.\u2019 E \u00e9 verdade. Enquanto estou trabalhando, n\u00e3o penso em mais nada. \u00c9 um al\u00edvio, uma alegria\u201d, enfatiza.<\/p>\n<p>O evento ter\u00e1 como s\u00edmbolo a pe\u00e7a \u201cBaiana Moringa\u201d, que une a cultura afro-brasileira \u00e0s t\u00e9cnicas tradicionais de cer\u00e2mica, representando a resist\u00eancia e a criatividade das mulheres artes\u00e3s. Al\u00e9m disso, o evento contar\u00e1 com feiras de artesanato e gastronomia, visitas guiadas \u00e0s olarias centen\u00e1rias e atra\u00e7\u00f5es musicais como Olodum (14\/11), Escandurras (15\/11) e Jorge Vercillo (16\/11).<\/p>\n<p>O secret\u00e1rio do Trabalho, Emprego, Renda e Esporte da Bahia, Augusto Vasconcelos, ressalta que o festival \u00e9 um exemplo de como o artesanato pode gerar oportunidades e fortalecer a economia criativa do estado.<\/p>\n<p>\u201cAs artes\u00e3s de Maragogipinho representam a for\u00e7a do trabalho, da tradi\u00e7\u00e3o e da inova\u00e7\u00e3o. S\u00e3o mulheres que transformam o barro em arte e constroem, com suas m\u00e3os, o sustento de suas fam\u00edlias e a identidade cultural do Rec\u00f4ncavo. A Setre tem o compromisso de apoiar essas iniciativas que unem cultura, gera\u00e7\u00e3o de renda e valoriza\u00e7\u00e3o do nosso povo\u201d, afirma o secret\u00e1rio.<\/p>\n<p>\u201cQuando o artesanato de Maragogipinho chega a espa\u00e7os como o S\u00e3o Paulo Fashion Week, por exemplo, estamos mostrando que a arte feita aqui, no interior da Bahia, tem valor universal. \u00c9 motivo de orgulho para todo o nosso estado\u201d, complementa.<\/p>\n<p>\u201cA homenagem \u00e0s mulheres artes\u00e3s de Maragogipinho \u00e9 mais do que justa \u2014 \u00e9 um reconhecimento da for\u00e7a criativa que molda a identidade dessa comunidade. Para al\u00e9m de burnir e pintar, elas imprimem sensibilidade, t\u00e9cnica e inven\u00e7\u00e3o ao barro, transformando o cotidiano em arte e express\u00e3o. S\u00e3o protagonistas de um legado que atravessa gera\u00e7\u00f5es e inspira o futuro do artesanato baiano. Ficamos muito felizes em celebrar essas mulheres fortes, que agora tamb\u00e9m brilham com seus acess\u00f3rios no S\u00e3o Paulo Fashion Week, levando o nome de Maragogipinho e da Bahia ao cen\u00e1rio da moda e da cultura nacional.\u201d, destacou o coordenador de fomento ao Artesanato da Bahia, Weslen Moreira.<\/p>\n<p>O Festival da Cer\u00e2mica \u00e9 realizado pelo Governo da Bahia, por meio da Secretaria do Trabalho, Emprego, Renda e Esporte (Setre) e da Coordena\u00e7\u00e3o de Fomento ao Artesanato (CFA), em parceria com a prefeitura de Aratu\u00edpe e o Turismo da Bahia, com execu\u00e7\u00e3o do Instituto Convida, Instituto Curupira e o Instituto Brasileiro do Desenvolvimento do Esporte e Cultura (IBDE).<\/p>\n<p>Programa\u00e7\u00e3o<\/p>\n<p>Dia 14\/11 (sexta-feira)<\/p>\n<p>&#8211; 09h \u00e0s 17h \u2013 Estande FLITA (Conta\u00e7\u00f5es de hist\u00f3rias, roda de conversa, Biblioteca M\u00f3vel Nelson Mandela e Sarau)<br \/>\n&#8211; 09h \u00e0s 17h \u2013 Feira Verde (Agricultura Familiar)<br \/>\n09h \u2013 Apresenta\u00e7\u00e3o Cultural (Capoeira Ra\u00edzes Negras)<br \/>\n&#8211; 10h \u00e0s 20h \u2013 Feira do Artesanato da Bahia<br \/>\n&#8211; 14h \u00e0s 16h \u2013 Abertura Oficial<br \/>\n&#8211; 14h \u2013 Apresenta\u00e7\u00e3o Cultural (Filarm\u00f4nica Lira Ceciliana)<br \/>\n&#8211; 14h \u00e0s 00h \u2013 Feira Gastron\u00f4mica<br \/>\n&#8211; 19h \u2013 Grupo de Dan\u00e7a Fest Dance<br \/>\n&#8211; 19h \u00e0s 00h \u2013 Programa\u00e7\u00e3o Musical (com atra\u00e7\u00f5es como Olodum, Geovani Santos e Milena Figueiredo)<\/p>\n<p>Dia 15\/11 (S\u00e1bado)<\/p>\n<p>&#8211; 09h \u00e0s 17h \u2013 Estande FLITA (Conta\u00e7\u00f5es de hist\u00f3rias, roda de conversa, Biblioteca M\u00f3vel Nelson Mandela e lan\u00e7amento de livro)<br \/>\n&#8211; 09h \u00e0s 17h \u2013 Feira Verde (Agricultura Familiar)<br \/>\n&#8211; 09h \u00e0s 12h \u2013 Apresenta\u00e7\u00e3o Cultural (Capoeira Mestres do Amanh\u00e3 &#8211; Orquestra P\u00e9 no Barro)<br \/>\n&#8211; 10h \u00e0s 20h \u2013 Feira do Artesanato da Bahia<br \/>\n&#8211; 10h30 \u00e0s 11h \/ 15h \u00e0s 15h30 \u2013 Visita guiada e experi\u00eancia imersiva nas olarias<br \/>\n&#8211; 14h \u00e0s 00h \u2013 Feira Gastron\u00f4mica<br \/>\n&#8211; 16h30 \u2013 Desfile Biojoias com Filarm\u00f4nica Lira Ceciliana<br \/>\n&#8211; 17h30 \u2013 Apresenta\u00e7\u00e3o Cultural (Grupo Terno do Sol)<br \/>\n&#8211; 18h \u00e0s 00h \u2013 Programa\u00e7\u00e3o Musical (com atra\u00e7\u00f5es como Escandurras, Artes\u00e3os do Samba, Rakel Alves e Raffa Santos)<\/p>\n<p>Dia 16\/11 (Domingo)<\/p>\n<p>&#8211; 09h \u00e0s 17h \u2013 Estande FLITA (Conta\u00e7\u00f5es de hist\u00f3rias, roda de conversa, Biblioteca M\u00f3vel Nelson Mandela, Sarau e lan\u00e7amento de livro)<br \/>\n&#8211; 09h \u00e0s 17h \u2013 Feira Verde (Agricultura Familiar)<br \/>\n&#8211; 09h \u00e0s 12h \u2013 Apresenta\u00e7\u00f5es Culturais (Associa\u00e7\u00e3o Maragogipinho Capoeira Nascidos do Barro &#8211; Sambadeiras)<br \/>\n&#8211; 10h \u00e0s 18h \u2013 Feira do Artesanato da Bahia<br \/>\n&#8211; 10h30 \u00e0s 11h \/ 15h \u00e0s 15h30 \u2013 Visita guiada e experi\u00eancia imersiva nas olarias<br \/>\n&#8211; 14h \u00e0s 00h \u2013 Feira Gastron\u00f4mica<br \/>\n&#8211; 16h \u00e0s 22h \u2013 Programa\u00e7\u00e3o Musical (com atra\u00e7\u00f5es como Jorge Vercillo, Astral A3 e Sinho Bernardo)<\/p>\n<p>Observa\u00e7\u00e3o: A programa\u00e7\u00e3o est\u00e1 sujeita a altera\u00e7\u00f5es.<\/p>\n<p>foto: Divulga\u00e7\u00e3o<\/p>\n","protected":false},"excerpt":{"rendered":"<p>De 14 a 16 de novembro, o distrito de Maragogipinho, em Aratu\u00edpe (BA), ser\u00e1 palco do III Festival da Cer\u00e2mica, que este ano celebra o tema \u201cA For\u00e7a da Mulher no Artesanato de Maragogipinho\u201d. O evento homenageia as mulheres que, com criatividade, dedica\u00e7\u00e3o e resili\u00eancia, preservam e inovam uma das tradi\u00e7\u00f5es mais importantes do Rec\u00f4ncavo [&hellip;]<\/p>\n","protected":false},"author":15,"featured_media":952087,"comment_status":"closed","ping_status":"closed","sticky":false,"template":"","format":"standard","meta":[],"categories":[5],"tags":[],"acf":[],"yoast_head":"<!-- This site is optimized with the Yoast SEO plugin v20.8 - https:\/\/yoast.com\/wordpress\/plugins\/seo\/ -->\n<title>III FESTIVAL DE CER\u00c2MICA DE MARAGOGIPINHO CELEBRA A FOR\u00c7A DAS ARTES\u00c3S DO REC\u00d4NCAVO BAIANO - Bahia Economica<\/title>\n<meta name=\"description\" content=\"O maior portal de Economia da Bahia MUNIC\u00cdPIOS Bahia Economica\" \/>\n<meta name=\"robots\" content=\"index, follow, max-snippet:-1, max-image-preview:large, max-video-preview:-1\" \/>\n<link rel=\"canonical\" href=\"https:\/\/bahiaeconomica.com.br\/wp\/2025\/11\/12\/iii-festival-de-ceramica-de-maragogipinho-celebra-a-forca-das-artesas-do-reconcavo-baiano\/\" \/>\n<meta property=\"og:locale\" content=\"pt_BR\" \/>\n<meta property=\"og:type\" content=\"article\" \/>\n<meta property=\"og:title\" content=\"III FESTIVAL DE CER\u00c2MICA DE MARAGOGIPINHO CELEBRA A FOR\u00c7A DAS ARTES\u00c3S DO REC\u00d4NCAVO BAIANO - Bahia Economica\" \/>\n<meta property=\"og:description\" content=\"O maior portal de Economia da Bahia MUNIC\u00cdPIOS Bahia Economica\" \/>\n<meta property=\"og:url\" content=\"https:\/\/bahiaeconomica.com.br\/wp\/2025\/11\/12\/iii-festival-de-ceramica-de-maragogipinho-celebra-a-forca-das-artesas-do-reconcavo-baiano\/\" \/>\n<meta property=\"og:site_name\" content=\"Bahia Economica\" \/>\n<meta property=\"article:publisher\" content=\"https:\/\/www.facebook.com\/bahiaeconomica\" \/>\n<meta property=\"article:published_time\" content=\"2025-11-12T21:40:56+00:00\" \/>\n<meta property=\"article:modified_time\" content=\"2025-11-12T20:34:16+00:00\" \/>\n<meta property=\"og:image\" content=\"https:\/\/bahiaeconomica.com.br\/wp\/wp-content\/uploads\/2025\/11\/WhatsApp-Image-2025-11-12-at-14.28.58.jpeg\" \/>\n\t<meta property=\"og:image:width\" content=\"1280\" \/>\n\t<meta property=\"og:image:height\" content=\"726\" \/>\n\t<meta property=\"og:image:type\" content=\"image\/jpeg\" \/>\n<meta name=\"author\" content=\"VICTORIA ISABEL\" \/>\n<meta name=\"twitter:card\" content=\"summary_large_image\" \/>\n<meta name=\"twitter:label1\" content=\"Escrito por\" \/>\n\t<meta name=\"twitter:data1\" content=\"VICTORIA ISABEL\" \/>\n\t<meta name=\"twitter:label2\" content=\"Est. tempo de leitura\" \/>\n\t<meta name=\"twitter:data2\" content=\"6 minutos\" \/>\n<script type=\"application\/ld+json\" class=\"yoast-schema-graph\">{\"@context\":\"https:\/\/schema.org\",\"@graph\":[{\"@type\":\"Article\",\"@id\":\"https:\/\/bahiaeconomica.com.br\/wp\/2025\/11\/12\/iii-festival-de-ceramica-de-maragogipinho-celebra-a-forca-das-artesas-do-reconcavo-baiano\/#article\",\"isPartOf\":{\"@id\":\"https:\/\/bahiaeconomica.com.br\/wp\/2025\/11\/12\/iii-festival-de-ceramica-de-maragogipinho-celebra-a-forca-das-artesas-do-reconcavo-baiano\/\"},\"author\":{\"name\":\"VICTORIA ISABEL\",\"@id\":\"https:\/\/bahiaeconomica.com.br\/wp\/#\/schema\/person\/b719ce0fb1c09f3c7a00d9243ced4a6f\"},\"headline\":\"III FESTIVAL DE CER\u00c2MICA DE MARAGOGIPINHO CELEBRA A FOR\u00c7A DAS ARTES\u00c3S DO REC\u00d4NCAVO BAIANO\",\"datePublished\":\"2025-11-12T21:40:56+00:00\",\"dateModified\":\"2025-11-12T20:34:16+00:00\",\"mainEntityOfPage\":{\"@id\":\"https:\/\/bahiaeconomica.com.br\/wp\/2025\/11\/12\/iii-festival-de-ceramica-de-maragogipinho-celebra-a-forca-das-artesas-do-reconcavo-baiano\/\"},\"wordCount\":1138,\"publisher\":{\"@id\":\"https:\/\/bahiaeconomica.com.br\/wp\/#organization\"},\"articleSection\":[\"MUNIC\u00cdPIOS\"],\"inLanguage\":\"pt-BR\"},{\"@type\":\"WebPage\",\"@id\":\"https:\/\/bahiaeconomica.com.br\/wp\/2025\/11\/12\/iii-festival-de-ceramica-de-maragogipinho-celebra-a-forca-das-artesas-do-reconcavo-baiano\/\",\"url\":\"https:\/\/bahiaeconomica.com.br\/wp\/2025\/11\/12\/iii-festival-de-ceramica-de-maragogipinho-celebra-a-forca-das-artesas-do-reconcavo-baiano\/\",\"name\":\"III FESTIVAL DE CER\u00c2MICA DE MARAGOGIPINHO CELEBRA A FOR\u00c7A DAS ARTES\u00c3S DO REC\u00d4NCAVO BAIANO - Bahia Economica\",\"isPartOf\":{\"@id\":\"https:\/\/bahiaeconomica.com.br\/wp\/#website\"},\"datePublished\":\"2025-11-12T21:40:56+00:00\",\"dateModified\":\"2025-11-12T20:34:16+00:00\",\"description\":\"O maior portal de Economia da Bahia MUNIC\u00cdPIOS Bahia Economica\",\"breadcrumb\":{\"@id\":\"https:\/\/bahiaeconomica.com.br\/wp\/2025\/11\/12\/iii-festival-de-ceramica-de-maragogipinho-celebra-a-forca-das-artesas-do-reconcavo-baiano\/#breadcrumb\"},\"inLanguage\":\"pt-BR\",\"potentialAction\":[{\"@type\":\"ReadAction\",\"target\":[\"https:\/\/bahiaeconomica.com.br\/wp\/2025\/11\/12\/iii-festival-de-ceramica-de-maragogipinho-celebra-a-forca-das-artesas-do-reconcavo-baiano\/\"]}]},{\"@type\":\"BreadcrumbList\",\"@id\":\"https:\/\/bahiaeconomica.com.br\/wp\/2025\/11\/12\/iii-festival-de-ceramica-de-maragogipinho-celebra-a-forca-das-artesas-do-reconcavo-baiano\/#breadcrumb\",\"itemListElement\":[{\"@type\":\"ListItem\",\"position\":1,\"name\":\"In\u00edcio\",\"item\":\"https:\/\/bahiaeconomica.com.br\/wp\/\"},{\"@type\":\"ListItem\",\"position\":2,\"name\":\"III FESTIVAL DE CER\u00c2MICA DE MARAGOGIPINHO CELEBRA A FOR\u00c7A DAS ARTES\u00c3S DO REC\u00d4NCAVO BAIANO\"}]},{\"@type\":\"WebSite\",\"@id\":\"https:\/\/bahiaeconomica.com.br\/wp\/#website\",\"url\":\"https:\/\/bahiaeconomica.com.br\/wp\/\",\"name\":\"Bahia Economica\",\"description\":\"O maior portal de Economia da Bahia\",\"publisher\":{\"@id\":\"https:\/\/bahiaeconomica.com.br\/wp\/#organization\"},\"potentialAction\":[{\"@type\":\"SearchAction\",\"target\":{\"@type\":\"EntryPoint\",\"urlTemplate\":\"https:\/\/bahiaeconomica.com.br\/wp\/?s={search_term_string}\"},\"query-input\":\"required name=search_term_string\"}],\"inLanguage\":\"pt-BR\"},{\"@type\":\"Organization\",\"@id\":\"https:\/\/bahiaeconomica.com.br\/wp\/#organization\",\"name\":\"Bahia Econ\u00f4mica\",\"url\":\"https:\/\/bahiaeconomica.com.br\/wp\/\",\"logo\":{\"@type\":\"ImageObject\",\"inLanguage\":\"pt-BR\",\"@id\":\"https:\/\/bahiaeconomica.com.br\/wp\/#\/schema\/logo\/image\/\",\"url\":\"https:\/\/bahiaeconomica.com.br\/wp\/wp-content\/uploads\/2020\/12\/cropped-BE.png\",\"contentUrl\":\"https:\/\/bahiaeconomica.com.br\/wp\/wp-content\/uploads\/2020\/12\/cropped-BE.png\",\"width\":512,\"height\":512,\"caption\":\"Bahia Econ\u00f4mica\"},\"image\":{\"@id\":\"https:\/\/bahiaeconomica.com.br\/wp\/#\/schema\/logo\/image\/\"},\"sameAs\":[\"https:\/\/www.facebook.com\/bahiaeconomica\"]},{\"@type\":\"Person\",\"@id\":\"https:\/\/bahiaeconomica.com.br\/wp\/#\/schema\/person\/b719ce0fb1c09f3c7a00d9243ced4a6f\",\"name\":\"VICTORIA ISABEL\",\"sameAs\":[\"http:\/\/www.bahiaeconomica.com.br\"],\"url\":\"https:\/\/bahiaeconomica.com.br\/wp\/author\/victoria-isabel\/\"}]}<\/script>\n<!-- \/ Yoast SEO plugin. -->","yoast_head_json":{"title":"III FESTIVAL DE CER\u00c2MICA DE MARAGOGIPINHO CELEBRA A FOR\u00c7A DAS ARTES\u00c3S DO REC\u00d4NCAVO BAIANO - Bahia Economica","description":"O maior portal de Economia da Bahia MUNIC\u00cdPIOS Bahia Economica","robots":{"index":"index","follow":"follow","max-snippet":"max-snippet:-1","max-image-preview":"max-image-preview:large","max-video-preview":"max-video-preview:-1"},"canonical":"https:\/\/bahiaeconomica.com.br\/wp\/2025\/11\/12\/iii-festival-de-ceramica-de-maragogipinho-celebra-a-forca-das-artesas-do-reconcavo-baiano\/","og_locale":"pt_BR","og_type":"article","og_title":"III FESTIVAL DE CER\u00c2MICA DE MARAGOGIPINHO CELEBRA A FOR\u00c7A DAS ARTES\u00c3S DO REC\u00d4NCAVO BAIANO - Bahia Economica","og_description":"O maior portal de Economia da Bahia MUNIC\u00cdPIOS Bahia Economica","og_url":"https:\/\/bahiaeconomica.com.br\/wp\/2025\/11\/12\/iii-festival-de-ceramica-de-maragogipinho-celebra-a-forca-das-artesas-do-reconcavo-baiano\/","og_site_name":"Bahia Economica","article_publisher":"https:\/\/www.facebook.com\/bahiaeconomica","article_published_time":"2025-11-12T21:40:56+00:00","article_modified_time":"2025-11-12T20:34:16+00:00","og_image":[{"width":1280,"height":726,"url":"https:\/\/bahiaeconomica.com.br\/wp\/wp-content\/uploads\/2025\/11\/WhatsApp-Image-2025-11-12-at-14.28.58.jpeg","type":"image\/jpeg"}],"author":"VICTORIA ISABEL","twitter_card":"summary_large_image","twitter_misc":{"Escrito por":"VICTORIA ISABEL","Est. tempo de leitura":"6 minutos"},"schema":{"@context":"https:\/\/schema.org","@graph":[{"@type":"Article","@id":"https:\/\/bahiaeconomica.com.br\/wp\/2025\/11\/12\/iii-festival-de-ceramica-de-maragogipinho-celebra-a-forca-das-artesas-do-reconcavo-baiano\/#article","isPartOf":{"@id":"https:\/\/bahiaeconomica.com.br\/wp\/2025\/11\/12\/iii-festival-de-ceramica-de-maragogipinho-celebra-a-forca-das-artesas-do-reconcavo-baiano\/"},"author":{"name":"VICTORIA ISABEL","@id":"https:\/\/bahiaeconomica.com.br\/wp\/#\/schema\/person\/b719ce0fb1c09f3c7a00d9243ced4a6f"},"headline":"III FESTIVAL DE CER\u00c2MICA DE MARAGOGIPINHO CELEBRA A FOR\u00c7A DAS ARTES\u00c3S DO REC\u00d4NCAVO BAIANO","datePublished":"2025-11-12T21:40:56+00:00","dateModified":"2025-11-12T20:34:16+00:00","mainEntityOfPage":{"@id":"https:\/\/bahiaeconomica.com.br\/wp\/2025\/11\/12\/iii-festival-de-ceramica-de-maragogipinho-celebra-a-forca-das-artesas-do-reconcavo-baiano\/"},"wordCount":1138,"publisher":{"@id":"https:\/\/bahiaeconomica.com.br\/wp\/#organization"},"articleSection":["MUNIC\u00cdPIOS"],"inLanguage":"pt-BR"},{"@type":"WebPage","@id":"https:\/\/bahiaeconomica.com.br\/wp\/2025\/11\/12\/iii-festival-de-ceramica-de-maragogipinho-celebra-a-forca-das-artesas-do-reconcavo-baiano\/","url":"https:\/\/bahiaeconomica.com.br\/wp\/2025\/11\/12\/iii-festival-de-ceramica-de-maragogipinho-celebra-a-forca-das-artesas-do-reconcavo-baiano\/","name":"III FESTIVAL DE CER\u00c2MICA DE MARAGOGIPINHO CELEBRA A FOR\u00c7A DAS ARTES\u00c3S DO REC\u00d4NCAVO BAIANO - Bahia Economica","isPartOf":{"@id":"https:\/\/bahiaeconomica.com.br\/wp\/#website"},"datePublished":"2025-11-12T21:40:56+00:00","dateModified":"2025-11-12T20:34:16+00:00","description":"O maior portal de Economia da Bahia MUNIC\u00cdPIOS Bahia Economica","breadcrumb":{"@id":"https:\/\/bahiaeconomica.com.br\/wp\/2025\/11\/12\/iii-festival-de-ceramica-de-maragogipinho-celebra-a-forca-das-artesas-do-reconcavo-baiano\/#breadcrumb"},"inLanguage":"pt-BR","potentialAction":[{"@type":"ReadAction","target":["https:\/\/bahiaeconomica.com.br\/wp\/2025\/11\/12\/iii-festival-de-ceramica-de-maragogipinho-celebra-a-forca-das-artesas-do-reconcavo-baiano\/"]}]},{"@type":"BreadcrumbList","@id":"https:\/\/bahiaeconomica.com.br\/wp\/2025\/11\/12\/iii-festival-de-ceramica-de-maragogipinho-celebra-a-forca-das-artesas-do-reconcavo-baiano\/#breadcrumb","itemListElement":[{"@type":"ListItem","position":1,"name":"In\u00edcio","item":"https:\/\/bahiaeconomica.com.br\/wp\/"},{"@type":"ListItem","position":2,"name":"III FESTIVAL DE CER\u00c2MICA DE MARAGOGIPINHO CELEBRA A FOR\u00c7A DAS ARTES\u00c3S DO REC\u00d4NCAVO BAIANO"}]},{"@type":"WebSite","@id":"https:\/\/bahiaeconomica.com.br\/wp\/#website","url":"https:\/\/bahiaeconomica.com.br\/wp\/","name":"Bahia Economica","description":"O maior portal de Economia da Bahia","publisher":{"@id":"https:\/\/bahiaeconomica.com.br\/wp\/#organization"},"potentialAction":[{"@type":"SearchAction","target":{"@type":"EntryPoint","urlTemplate":"https:\/\/bahiaeconomica.com.br\/wp\/?s={search_term_string}"},"query-input":"required name=search_term_string"}],"inLanguage":"pt-BR"},{"@type":"Organization","@id":"https:\/\/bahiaeconomica.com.br\/wp\/#organization","name":"Bahia Econ\u00f4mica","url":"https:\/\/bahiaeconomica.com.br\/wp\/","logo":{"@type":"ImageObject","inLanguage":"pt-BR","@id":"https:\/\/bahiaeconomica.com.br\/wp\/#\/schema\/logo\/image\/","url":"https:\/\/bahiaeconomica.com.br\/wp\/wp-content\/uploads\/2020\/12\/cropped-BE.png","contentUrl":"https:\/\/bahiaeconomica.com.br\/wp\/wp-content\/uploads\/2020\/12\/cropped-BE.png","width":512,"height":512,"caption":"Bahia Econ\u00f4mica"},"image":{"@id":"https:\/\/bahiaeconomica.com.br\/wp\/#\/schema\/logo\/image\/"},"sameAs":["https:\/\/www.facebook.com\/bahiaeconomica"]},{"@type":"Person","@id":"https:\/\/bahiaeconomica.com.br\/wp\/#\/schema\/person\/b719ce0fb1c09f3c7a00d9243ced4a6f","name":"VICTORIA ISABEL","sameAs":["http:\/\/www.bahiaeconomica.com.br"],"url":"https:\/\/bahiaeconomica.com.br\/wp\/author\/victoria-isabel\/"}]}},"views":19,"_links":{"self":[{"href":"https:\/\/bahiaeconomica.com.br\/wp\/wp-json\/wp\/v2\/posts\/952086"}],"collection":[{"href":"https:\/\/bahiaeconomica.com.br\/wp\/wp-json\/wp\/v2\/posts"}],"about":[{"href":"https:\/\/bahiaeconomica.com.br\/wp\/wp-json\/wp\/v2\/types\/post"}],"author":[{"embeddable":true,"href":"https:\/\/bahiaeconomica.com.br\/wp\/wp-json\/wp\/v2\/users\/15"}],"replies":[{"embeddable":true,"href":"https:\/\/bahiaeconomica.com.br\/wp\/wp-json\/wp\/v2\/comments?post=952086"}],"version-history":[{"count":1,"href":"https:\/\/bahiaeconomica.com.br\/wp\/wp-json\/wp\/v2\/posts\/952086\/revisions"}],"predecessor-version":[{"id":952088,"href":"https:\/\/bahiaeconomica.com.br\/wp\/wp-json\/wp\/v2\/posts\/952086\/revisions\/952088"}],"wp:featuredmedia":[{"embeddable":true,"href":"https:\/\/bahiaeconomica.com.br\/wp\/wp-json\/wp\/v2\/media\/952087"}],"wp:attachment":[{"href":"https:\/\/bahiaeconomica.com.br\/wp\/wp-json\/wp\/v2\/media?parent=952086"}],"wp:term":[{"taxonomy":"category","embeddable":true,"href":"https:\/\/bahiaeconomica.com.br\/wp\/wp-json\/wp\/v2\/categories?post=952086"},{"taxonomy":"post_tag","embeddable":true,"href":"https:\/\/bahiaeconomica.com.br\/wp\/wp-json\/wp\/v2\/tags?post=952086"}],"curies":[{"name":"wp","href":"https:\/\/api.w.org\/{rel}","templated":true}]}}