{"id":952046,"date":"2025-11-12T18:28:29","date_gmt":"2025-11-12T21:28:29","guid":{"rendered":"https:\/\/bahiaeconomica.com.br\/wp\/?p=952046"},"modified":"2025-11-12T16:33:45","modified_gmt":"2025-11-12T19:33:45","slug":"apenas-10-dos-moradores-das-areas-de-restricao-do-carnaval-2026-solicitaram-credenciais-para-veiculos","status":"publish","type":"post","link":"https:\/\/bahiaeconomica.com.br\/wp\/2025\/11\/12\/apenas-10-dos-moradores-das-areas-de-restricao-do-carnaval-2026-solicitaram-credenciais-para-veiculos\/","title":{"rendered":"APENAS 10% DOS MORADORES DAS \u00c1REAS DE RESTRI\u00c7\u00c3O DO CARNAVAL 2026 SOLICITARAM CREDENCIAIS PARA VE\u00cdCULOS"},"content":{"rendered":"<p>Faltando 10 dias para o fim do prazo, moradores de aproximadamente 30 mil im\u00f3veis localizados nas zonas de restri\u00e7\u00e3o de circula\u00e7\u00e3o para o Carnaval 2026 ainda n\u00e3o solicitaram as credenciais para os ve\u00edculos. O requerimento deve ser feito pelo site da Transalvador (transalvador.salvador.ba.gov.br) at\u00e9 o dia 23 de novembro. O pedido garante o recebimento do adesivo em casa.<\/p>\n<p>Desde a abertura do per\u00edodo de solicita\u00e7\u00f5es, em 1\u00ba de setembro, pouco mais de 3,4 mil moradores credenciaram ou confirmaram os dados de pelo menos um ve\u00edculo, o que representa apenas 10% do total de resid\u00eancias aptas a receber as credenciais \u2013 cada casa tem direito a at\u00e9 duas.<\/p>\n<p>Para fazer a solicita\u00e7\u00e3o, basta acessar o site da autarquia e clicar no \u00edcone &#8220;Carnaval 2026&#8221;, dispon\u00edvel na p\u00e1gina inicial.<\/p>\n<p>&#8220;\u00c9 fundamental que os moradores fa\u00e7am a solicita\u00e7\u00e3o de forma on-line. O processo \u00e9 r\u00e1pido e pr\u00e1tico. At\u00e9 o momento, percebemos que poucas pessoas solicitaram o credenciamento no nosso site. Esse formato evita filas nos postos de atendimento presencial e garante que o adesivo seja entregue diretamente em casa, sem necessidade de deslocamento&#8221;, destaca Diego Brito, superintendente da Transalvador.<\/p>\n<p>Para os moradores que j\u00e1 realizaram o cadastro em anos anteriores, o processo \u00e9 ainda mais simples: basta acessar o sistema com o mesmo login e senha, confirmar o ve\u00edculo j\u00e1 registrado, substitu\u00ed-lo ou incluir um novo autom\u00f3vel. Caso o morador com cadastro pr\u00e9vio n\u00e3o realize nenhuma dessas a\u00e7\u00f5es no site at\u00e9 a data limite, ser\u00e1 necess\u00e1rio comparecer a um dos postos f\u00edsicos \u2014 que ter\u00e3o datas e locais divulgados posteriormente \u2014 caso deseje obter uma nova credencial.<\/p>\n<p>Cadastramento \u2013 Quem n\u00e3o tem cadastro no site pode fazer virtualmente um novo registro para receber os adesivos em casa tamb\u00e9m at\u00e9 o dia 23 de novembro. Para isso, o propriet\u00e1rio do im\u00f3vel ou o inquilino dever\u00e1 informar os n\u00fameros do IPTU, do CPF\/CNPJ e o endere\u00e7o de e-mail. Cabe destacar que o n\u00famero do CPF informado dever\u00e1 ser o do propriet\u00e1rio do im\u00f3vel.<\/p>\n<p>Em seguida, o sistema enviar\u00e1 para o e-mail informado um c\u00f3digo de acesso. Ap\u00f3s isso, ao ingressar no sistema, poder\u00e3o ser informados os n\u00fameros do Renavam (que constam no documento do ve\u00edculo) e da placa do autom\u00f3vel a ser cadastrado.<\/p>\n<p>At\u00e9 o final do prazo, todos poder\u00e3o efetuar mudan\u00e7as nas placas dos ve\u00edculos. Ap\u00f3s essa data (23\/11), o procedimento s\u00f3 poder\u00e1 ser realizado em um dos postos de atendimento, mediante a troca do adesivo e a apresenta\u00e7\u00e3o do documento do novo ve\u00edculo (CRLV). O in\u00edcio do atendimento presencial e os locais onde funcionar\u00e3o esses postos ser\u00e3o divulgados futuramente.<\/p>\n<p>Cadastro fora do prazo \u2013 As credenciais s\u00f3 ser\u00e3o entregues nas resid\u00eancias dos moradores que cadastrarem as placas dos ve\u00edculos at\u00e9 23 de novembro no site da Transalvador. Quem perder o prazo ter\u00e1 que retirar as credenciais nos postos de atendimento. Para agilizar a retirada nesses pontos, mesmo ap\u00f3s a data limite, o cidad\u00e3o poder\u00e1 fazer o cadastro das placas no site, mas dever\u00e1 comparecer aos balc\u00f5es para buscar as credenciais.<\/p>\n<p>Zonas de Restri\u00e7\u00e3o \u2013 Como em anos anteriores, o Carnaval de 2026 contar\u00e1 com cinco grandes \u00e1reas de restri\u00e7\u00e3o de circula\u00e7\u00e3o de ve\u00edculos. Essas regi\u00f5es ser\u00e3o subdivididas em um total de 12 sub\u00e1reas. As credenciais s\u00e3o espec\u00edficas para cada um dos 12 locais. Os ve\u00edculos que n\u00e3o possu\u00edrem a devida libera\u00e7\u00e3o para circula\u00e7\u00e3o ou que acessarem outra subzona que n\u00e3o a de sua resid\u00eancia ser\u00e3o autuados.<\/p>\n<p>A multa para quem transitar em local e hor\u00e1rio n\u00e3o permitidos pela regulamenta\u00e7\u00e3o \u00e9 de R$ 130,16. Trata-se de uma infra\u00e7\u00e3o de natureza m\u00e9dia, prevista no art. 187, inciso I, do C\u00f3digo de Tr\u00e2nsito Brasileiro (CTB). O infrator est\u00e1 sujeito ainda a quatro pontos na CNH.<\/p>\n<p>Foto: Bruno Concha\/ Secom PMS<\/p>\n","protected":false},"excerpt":{"rendered":"<p>Faltando 10 dias para o fim do prazo, moradores de aproximadamente 30 mil im\u00f3veis localizados nas zonas de restri\u00e7\u00e3o de circula\u00e7\u00e3o para o Carnaval 2026 ainda n\u00e3o solicitaram as credenciais para os ve\u00edculos. O requerimento deve ser feito pelo site da Transalvador (transalvador.salvador.ba.gov.br) at\u00e9 o dia 23 de novembro. O pedido garante o recebimento do [&hellip;]<\/p>\n","protected":false},"author":16,"featured_media":952048,"comment_status":"closed","ping_status":"closed","sticky":false,"template":"","format":"standard","meta":[],"categories":[5],"tags":[],"acf":[],"yoast_head":"<!-- This site is optimized with the Yoast SEO plugin v20.8 - https:\/\/yoast.com\/wordpress\/plugins\/seo\/ -->\n<title>APENAS 10% DOS MORADORES DAS \u00c1REAS DE RESTRI\u00c7\u00c3O DO CARNAVAL 2026 SOLICITARAM CREDENCIAIS PARA VE\u00cdCULOS - Bahia Economica<\/title>\n<meta name=\"description\" content=\"O maior portal de Economia da Bahia MUNIC\u00cdPIOS Bahia Economica\" \/>\n<meta name=\"robots\" content=\"index, follow, max-snippet:-1, max-image-preview:large, max-video-preview:-1\" \/>\n<link rel=\"canonical\" href=\"https:\/\/bahiaeconomica.com.br\/wp\/2025\/11\/12\/apenas-10-dos-moradores-das-areas-de-restricao-do-carnaval-2026-solicitaram-credenciais-para-veiculos\/\" \/>\n<meta property=\"og:locale\" content=\"pt_BR\" \/>\n<meta property=\"og:type\" content=\"article\" \/>\n<meta property=\"og:title\" content=\"APENAS 10% DOS MORADORES DAS \u00c1REAS DE RESTRI\u00c7\u00c3O DO CARNAVAL 2026 SOLICITARAM CREDENCIAIS PARA VE\u00cdCULOS - Bahia Economica\" \/>\n<meta property=\"og:description\" content=\"O maior portal de Economia da Bahia MUNIC\u00cdPIOS Bahia Economica\" \/>\n<meta property=\"og:url\" content=\"https:\/\/bahiaeconomica.com.br\/wp\/2025\/11\/12\/apenas-10-dos-moradores-das-areas-de-restricao-do-carnaval-2026-solicitaram-credenciais-para-veiculos\/\" \/>\n<meta property=\"og:site_name\" content=\"Bahia Economica\" \/>\n<meta property=\"article:publisher\" content=\"https:\/\/www.facebook.com\/bahiaeconomica\" \/>\n<meta property=\"article:published_time\" content=\"2025-11-12T21:28:29+00:00\" \/>\n<meta property=\"article:modified_time\" content=\"2025-11-12T19:33:45+00:00\" \/>\n<meta property=\"og:image\" content=\"https:\/\/bahiaeconomica.com.br\/wp\/wp-content\/uploads\/2025\/11\/08_01_2025_Posto-Credenciamento-Moradores-Carnaval-2025_Transalvador_Fot-Bruno-Concha_Secom_Pms-11-scaled.jpg\" \/>\n\t<meta property=\"og:image:width\" content=\"2560\" \/>\n\t<meta property=\"og:image:height\" content=\"1707\" \/>\n\t<meta property=\"og:image:type\" content=\"image\/jpeg\" \/>\n<meta name=\"author\" content=\"LUIZA NASCIMENTO\" \/>\n<meta name=\"twitter:card\" content=\"summary_large_image\" \/>\n<meta name=\"twitter:label1\" content=\"Escrito por\" \/>\n\t<meta name=\"twitter:data1\" content=\"LUIZA NASCIMENTO\" \/>\n\t<meta name=\"twitter:label2\" content=\"Est. tempo de leitura\" \/>\n\t<meta name=\"twitter:data2\" content=\"4 minutos\" \/>\n<script type=\"application\/ld+json\" class=\"yoast-schema-graph\">{\"@context\":\"https:\/\/schema.org\",\"@graph\":[{\"@type\":\"Article\",\"@id\":\"https:\/\/bahiaeconomica.com.br\/wp\/2025\/11\/12\/apenas-10-dos-moradores-das-areas-de-restricao-do-carnaval-2026-solicitaram-credenciais-para-veiculos\/#article\",\"isPartOf\":{\"@id\":\"https:\/\/bahiaeconomica.com.br\/wp\/2025\/11\/12\/apenas-10-dos-moradores-das-areas-de-restricao-do-carnaval-2026-solicitaram-credenciais-para-veiculos\/\"},\"author\":{\"name\":\"LUIZA NASCIMENTO\",\"@id\":\"https:\/\/bahiaeconomica.com.br\/wp\/#\/schema\/person\/18273ac0fe04bfd4e7b101bf17d40152\"},\"headline\":\"APENAS 10% DOS MORADORES DAS \u00c1REAS DE RESTRI\u00c7\u00c3O DO CARNAVAL 2026 SOLICITARAM CREDENCIAIS PARA VE\u00cdCULOS\",\"datePublished\":\"2025-11-12T21:28:29+00:00\",\"dateModified\":\"2025-11-12T19:33:45+00:00\",\"mainEntityOfPage\":{\"@id\":\"https:\/\/bahiaeconomica.com.br\/wp\/2025\/11\/12\/apenas-10-dos-moradores-das-areas-de-restricao-do-carnaval-2026-solicitaram-credenciais-para-veiculos\/\"},\"wordCount\":687,\"publisher\":{\"@id\":\"https:\/\/bahiaeconomica.com.br\/wp\/#organization\"},\"articleSection\":[\"MUNIC\u00cdPIOS\"],\"inLanguage\":\"pt-BR\"},{\"@type\":\"WebPage\",\"@id\":\"https:\/\/bahiaeconomica.com.br\/wp\/2025\/11\/12\/apenas-10-dos-moradores-das-areas-de-restricao-do-carnaval-2026-solicitaram-credenciais-para-veiculos\/\",\"url\":\"https:\/\/bahiaeconomica.com.br\/wp\/2025\/11\/12\/apenas-10-dos-moradores-das-areas-de-restricao-do-carnaval-2026-solicitaram-credenciais-para-veiculos\/\",\"name\":\"APENAS 10% DOS MORADORES DAS \u00c1REAS DE RESTRI\u00c7\u00c3O DO CARNAVAL 2026 SOLICITARAM CREDENCIAIS PARA VE\u00cdCULOS - Bahia Economica\",\"isPartOf\":{\"@id\":\"https:\/\/bahiaeconomica.com.br\/wp\/#website\"},\"datePublished\":\"2025-11-12T21:28:29+00:00\",\"dateModified\":\"2025-11-12T19:33:45+00:00\",\"description\":\"O maior portal de Economia da Bahia MUNIC\u00cdPIOS Bahia Economica\",\"breadcrumb\":{\"@id\":\"https:\/\/bahiaeconomica.com.br\/wp\/2025\/11\/12\/apenas-10-dos-moradores-das-areas-de-restricao-do-carnaval-2026-solicitaram-credenciais-para-veiculos\/#breadcrumb\"},\"inLanguage\":\"pt-BR\",\"potentialAction\":[{\"@type\":\"ReadAction\",\"target\":[\"https:\/\/bahiaeconomica.com.br\/wp\/2025\/11\/12\/apenas-10-dos-moradores-das-areas-de-restricao-do-carnaval-2026-solicitaram-credenciais-para-veiculos\/\"]}]},{\"@type\":\"BreadcrumbList\",\"@id\":\"https:\/\/bahiaeconomica.com.br\/wp\/2025\/11\/12\/apenas-10-dos-moradores-das-areas-de-restricao-do-carnaval-2026-solicitaram-credenciais-para-veiculos\/#breadcrumb\",\"itemListElement\":[{\"@type\":\"ListItem\",\"position\":1,\"name\":\"In\u00edcio\",\"item\":\"https:\/\/bahiaeconomica.com.br\/wp\/\"},{\"@type\":\"ListItem\",\"position\":2,\"name\":\"APENAS 10% DOS MORADORES DAS \u00c1REAS DE RESTRI\u00c7\u00c3O DO CARNAVAL 2026 SOLICITARAM CREDENCIAIS PARA VE\u00cdCULOS\"}]},{\"@type\":\"WebSite\",\"@id\":\"https:\/\/bahiaeconomica.com.br\/wp\/#website\",\"url\":\"https:\/\/bahiaeconomica.com.br\/wp\/\",\"name\":\"Bahia Economica\",\"description\":\"O maior portal de Economia da Bahia\",\"publisher\":{\"@id\":\"https:\/\/bahiaeconomica.com.br\/wp\/#organization\"},\"potentialAction\":[{\"@type\":\"SearchAction\",\"target\":{\"@type\":\"EntryPoint\",\"urlTemplate\":\"https:\/\/bahiaeconomica.com.br\/wp\/?s={search_term_string}\"},\"query-input\":\"required name=search_term_string\"}],\"inLanguage\":\"pt-BR\"},{\"@type\":\"Organization\",\"@id\":\"https:\/\/bahiaeconomica.com.br\/wp\/#organization\",\"name\":\"Bahia Econ\u00f4mica\",\"url\":\"https:\/\/bahiaeconomica.com.br\/wp\/\",\"logo\":{\"@type\":\"ImageObject\",\"inLanguage\":\"pt-BR\",\"@id\":\"https:\/\/bahiaeconomica.com.br\/wp\/#\/schema\/logo\/image\/\",\"url\":\"https:\/\/bahiaeconomica.com.br\/wp\/wp-content\/uploads\/2020\/12\/cropped-BE.png\",\"contentUrl\":\"https:\/\/bahiaeconomica.com.br\/wp\/wp-content\/uploads\/2020\/12\/cropped-BE.png\",\"width\":512,\"height\":512,\"caption\":\"Bahia Econ\u00f4mica\"},\"image\":{\"@id\":\"https:\/\/bahiaeconomica.com.br\/wp\/#\/schema\/logo\/image\/\"},\"sameAs\":[\"https:\/\/www.facebook.com\/bahiaeconomica\"]},{\"@type\":\"Person\",\"@id\":\"https:\/\/bahiaeconomica.com.br\/wp\/#\/schema\/person\/18273ac0fe04bfd4e7b101bf17d40152\",\"name\":\"LUIZA NASCIMENTO\",\"sameAs\":[\"http:\/\/www.bahiaeconomica.com.br\"],\"url\":\"https:\/\/bahiaeconomica.com.br\/wp\/author\/luiza-nascimento\/\"}]}<\/script>\n<!-- \/ Yoast SEO plugin. -->","yoast_head_json":{"title":"APENAS 10% DOS MORADORES DAS \u00c1REAS DE RESTRI\u00c7\u00c3O DO CARNAVAL 2026 SOLICITARAM CREDENCIAIS PARA VE\u00cdCULOS - Bahia Economica","description":"O maior portal de Economia da Bahia MUNIC\u00cdPIOS Bahia Economica","robots":{"index":"index","follow":"follow","max-snippet":"max-snippet:-1","max-image-preview":"max-image-preview:large","max-video-preview":"max-video-preview:-1"},"canonical":"https:\/\/bahiaeconomica.com.br\/wp\/2025\/11\/12\/apenas-10-dos-moradores-das-areas-de-restricao-do-carnaval-2026-solicitaram-credenciais-para-veiculos\/","og_locale":"pt_BR","og_type":"article","og_title":"APENAS 10% DOS MORADORES DAS \u00c1REAS DE RESTRI\u00c7\u00c3O DO CARNAVAL 2026 SOLICITARAM CREDENCIAIS PARA VE\u00cdCULOS - Bahia Economica","og_description":"O maior portal de Economia da Bahia MUNIC\u00cdPIOS Bahia Economica","og_url":"https:\/\/bahiaeconomica.com.br\/wp\/2025\/11\/12\/apenas-10-dos-moradores-das-areas-de-restricao-do-carnaval-2026-solicitaram-credenciais-para-veiculos\/","og_site_name":"Bahia Economica","article_publisher":"https:\/\/www.facebook.com\/bahiaeconomica","article_published_time":"2025-11-12T21:28:29+00:00","article_modified_time":"2025-11-12T19:33:45+00:00","og_image":[{"width":2560,"height":1707,"url":"https:\/\/bahiaeconomica.com.br\/wp\/wp-content\/uploads\/2025\/11\/08_01_2025_Posto-Credenciamento-Moradores-Carnaval-2025_Transalvador_Fot-Bruno-Concha_Secom_Pms-11-scaled.jpg","type":"image\/jpeg"}],"author":"LUIZA NASCIMENTO","twitter_card":"summary_large_image","twitter_misc":{"Escrito por":"LUIZA NASCIMENTO","Est. tempo de leitura":"4 minutos"},"schema":{"@context":"https:\/\/schema.org","@graph":[{"@type":"Article","@id":"https:\/\/bahiaeconomica.com.br\/wp\/2025\/11\/12\/apenas-10-dos-moradores-das-areas-de-restricao-do-carnaval-2026-solicitaram-credenciais-para-veiculos\/#article","isPartOf":{"@id":"https:\/\/bahiaeconomica.com.br\/wp\/2025\/11\/12\/apenas-10-dos-moradores-das-areas-de-restricao-do-carnaval-2026-solicitaram-credenciais-para-veiculos\/"},"author":{"name":"LUIZA NASCIMENTO","@id":"https:\/\/bahiaeconomica.com.br\/wp\/#\/schema\/person\/18273ac0fe04bfd4e7b101bf17d40152"},"headline":"APENAS 10% DOS MORADORES DAS \u00c1REAS DE RESTRI\u00c7\u00c3O DO CARNAVAL 2026 SOLICITARAM CREDENCIAIS PARA VE\u00cdCULOS","datePublished":"2025-11-12T21:28:29+00:00","dateModified":"2025-11-12T19:33:45+00:00","mainEntityOfPage":{"@id":"https:\/\/bahiaeconomica.com.br\/wp\/2025\/11\/12\/apenas-10-dos-moradores-das-areas-de-restricao-do-carnaval-2026-solicitaram-credenciais-para-veiculos\/"},"wordCount":687,"publisher":{"@id":"https:\/\/bahiaeconomica.com.br\/wp\/#organization"},"articleSection":["MUNIC\u00cdPIOS"],"inLanguage":"pt-BR"},{"@type":"WebPage","@id":"https:\/\/bahiaeconomica.com.br\/wp\/2025\/11\/12\/apenas-10-dos-moradores-das-areas-de-restricao-do-carnaval-2026-solicitaram-credenciais-para-veiculos\/","url":"https:\/\/bahiaeconomica.com.br\/wp\/2025\/11\/12\/apenas-10-dos-moradores-das-areas-de-restricao-do-carnaval-2026-solicitaram-credenciais-para-veiculos\/","name":"APENAS 10% DOS MORADORES DAS \u00c1REAS DE RESTRI\u00c7\u00c3O DO CARNAVAL 2026 SOLICITARAM CREDENCIAIS PARA VE\u00cdCULOS - Bahia Economica","isPartOf":{"@id":"https:\/\/bahiaeconomica.com.br\/wp\/#website"},"datePublished":"2025-11-12T21:28:29+00:00","dateModified":"2025-11-12T19:33:45+00:00","description":"O maior portal de Economia da Bahia MUNIC\u00cdPIOS Bahia Economica","breadcrumb":{"@id":"https:\/\/bahiaeconomica.com.br\/wp\/2025\/11\/12\/apenas-10-dos-moradores-das-areas-de-restricao-do-carnaval-2026-solicitaram-credenciais-para-veiculos\/#breadcrumb"},"inLanguage":"pt-BR","potentialAction":[{"@type":"ReadAction","target":["https:\/\/bahiaeconomica.com.br\/wp\/2025\/11\/12\/apenas-10-dos-moradores-das-areas-de-restricao-do-carnaval-2026-solicitaram-credenciais-para-veiculos\/"]}]},{"@type":"BreadcrumbList","@id":"https:\/\/bahiaeconomica.com.br\/wp\/2025\/11\/12\/apenas-10-dos-moradores-das-areas-de-restricao-do-carnaval-2026-solicitaram-credenciais-para-veiculos\/#breadcrumb","itemListElement":[{"@type":"ListItem","position":1,"name":"In\u00edcio","item":"https:\/\/bahiaeconomica.com.br\/wp\/"},{"@type":"ListItem","position":2,"name":"APENAS 10% DOS MORADORES DAS \u00c1REAS DE RESTRI\u00c7\u00c3O DO CARNAVAL 2026 SOLICITARAM CREDENCIAIS PARA VE\u00cdCULOS"}]},{"@type":"WebSite","@id":"https:\/\/bahiaeconomica.com.br\/wp\/#website","url":"https:\/\/bahiaeconomica.com.br\/wp\/","name":"Bahia Economica","description":"O maior portal de Economia da Bahia","publisher":{"@id":"https:\/\/bahiaeconomica.com.br\/wp\/#organization"},"potentialAction":[{"@type":"SearchAction","target":{"@type":"EntryPoint","urlTemplate":"https:\/\/bahiaeconomica.com.br\/wp\/?s={search_term_string}"},"query-input":"required name=search_term_string"}],"inLanguage":"pt-BR"},{"@type":"Organization","@id":"https:\/\/bahiaeconomica.com.br\/wp\/#organization","name":"Bahia Econ\u00f4mica","url":"https:\/\/bahiaeconomica.com.br\/wp\/","logo":{"@type":"ImageObject","inLanguage":"pt-BR","@id":"https:\/\/bahiaeconomica.com.br\/wp\/#\/schema\/logo\/image\/","url":"https:\/\/bahiaeconomica.com.br\/wp\/wp-content\/uploads\/2020\/12\/cropped-BE.png","contentUrl":"https:\/\/bahiaeconomica.com.br\/wp\/wp-content\/uploads\/2020\/12\/cropped-BE.png","width":512,"height":512,"caption":"Bahia Econ\u00f4mica"},"image":{"@id":"https:\/\/bahiaeconomica.com.br\/wp\/#\/schema\/logo\/image\/"},"sameAs":["https:\/\/www.facebook.com\/bahiaeconomica"]},{"@type":"Person","@id":"https:\/\/bahiaeconomica.com.br\/wp\/#\/schema\/person\/18273ac0fe04bfd4e7b101bf17d40152","name":"LUIZA NASCIMENTO","sameAs":["http:\/\/www.bahiaeconomica.com.br"],"url":"https:\/\/bahiaeconomica.com.br\/wp\/author\/luiza-nascimento\/"}]}},"views":3,"_links":{"self":[{"href":"https:\/\/bahiaeconomica.com.br\/wp\/wp-json\/wp\/v2\/posts\/952046"}],"collection":[{"href":"https:\/\/bahiaeconomica.com.br\/wp\/wp-json\/wp\/v2\/posts"}],"about":[{"href":"https:\/\/bahiaeconomica.com.br\/wp\/wp-json\/wp\/v2\/types\/post"}],"author":[{"embeddable":true,"href":"https:\/\/bahiaeconomica.com.br\/wp\/wp-json\/wp\/v2\/users\/16"}],"replies":[{"embeddable":true,"href":"https:\/\/bahiaeconomica.com.br\/wp\/wp-json\/wp\/v2\/comments?post=952046"}],"version-history":[{"count":1,"href":"https:\/\/bahiaeconomica.com.br\/wp\/wp-json\/wp\/v2\/posts\/952046\/revisions"}],"predecessor-version":[{"id":952049,"href":"https:\/\/bahiaeconomica.com.br\/wp\/wp-json\/wp\/v2\/posts\/952046\/revisions\/952049"}],"wp:featuredmedia":[{"embeddable":true,"href":"https:\/\/bahiaeconomica.com.br\/wp\/wp-json\/wp\/v2\/media\/952048"}],"wp:attachment":[{"href":"https:\/\/bahiaeconomica.com.br\/wp\/wp-json\/wp\/v2\/media?parent=952046"}],"wp:term":[{"taxonomy":"category","embeddable":true,"href":"https:\/\/bahiaeconomica.com.br\/wp\/wp-json\/wp\/v2\/categories?post=952046"},{"taxonomy":"post_tag","embeddable":true,"href":"https:\/\/bahiaeconomica.com.br\/wp\/wp-json\/wp\/v2\/tags?post=952046"}],"curies":[{"name":"wp","href":"https:\/\/api.w.org\/{rel}","templated":true}]}}