{"id":948886,"date":"2025-10-31T18:40:22","date_gmt":"2025-10-31T21:40:22","guid":{"rendered":"https:\/\/bahiaeconomica.com.br\/wp\/?p=948886"},"modified":"2025-10-31T18:40:22","modified_gmt":"2025-10-31T21:40:22","slug":"haddad-governador-do-rio-precisa-se-envolver-porque-devedor-contumaz-esta-envolvido-no-crime","status":"publish","type":"post","link":"https:\/\/bahiaeconomica.com.br\/wp\/2025\/10\/31\/haddad-governador-do-rio-precisa-se-envolver-porque-devedor-contumaz-esta-envolvido-no-crime\/","title":{"rendered":"HADDAD: GOVERNADOR DO RIO PRECISA SE ENVOLVER PORQUE DEVEDOR CONTUMAZ EST\u00c1 ENVOLVIDO NO CRIME"},"content":{"rendered":"<p>O ministro da Fazenda, Fernando Haddad, cobrou engajamento do governador do Rio de Janeiro, Cl\u00e1udio Castro, a favor do projeto de lei do devedor contumaz, ap\u00f3s o PL, partido do governador, rejeitar na quinta-feira, 30, o requerimento de urg\u00eancia da tramita\u00e7\u00e3o da mat\u00e9ria na C\u00e2mara. Apesar da oposi\u00e7\u00e3o do PL, a urg\u00eancia foi aprovada para que a proposta contra os devedores contumazes seja colocada diretamente para vota\u00e7\u00e3o no plen\u00e1rio.<\/p>\n<p>O projeto, frisou Haddad, \u00e9 fundamental ao combate do crime organizado, de modo que Castro, em meio \u00e0 crise de seguran\u00e7a p\u00fablica no Rio de Janeiro, deveria ajudar a convencer o PL a apoi\u00e1-lo. \u201cEle precisa se envolver nessas quest\u00f5es, porque eu garanto a voc\u00ea \u2013 n\u00e3o posso falar o nome -, mas uma parte grande dos devedores contumazes est\u00e1 envolvida com o crime organizado do Rio de Janeiro. Ent\u00e3o, n\u00f3s pedimos o apoio dele\u201d, declarou o ministro da Fazenda.<\/p>\n<p>A declara\u00e7\u00f5es foram dadas em entrevista \u00e0 imprensa no gabinete do minist\u00e9rio da Fazenda em S\u00e3o Paulo.<\/p>\n<p>Haddad, por diversas vezes, fez um apelo pela coopera\u00e7\u00e3o de Castro na vota\u00e7\u00e3o do projeto, j\u00e1 aprovado pelo Senado.<\/p>\n<p>Ele disse que ficou muito preocupado com os votos do PL contra a urg\u00eancia do projeto, e que n\u00e3o entende a oposi\u00e7\u00e3o vinda de um partido que tem a seguran\u00e7a p\u00fablica como uma das principais bandeiras.<\/p>\n<p>\u201cO PL precisa compreender a import\u00e2ncia. N\u00f3s passamos quatro anos, no governo anterior, com esse projeto adormecido. Ningu\u00e9m deu impulso a esse projeto\u201d, afirmou o ministro. \u201cN\u00f3s precisamos dessa lei, e o Estado do Rio, em particular, precisa dessa lei\u201d, acrescentou Haddad.<\/p>\n<p>Fonte: Estad\u00e3o Conte\u00fado<\/p>\n<p>Foto: Reprodu\u00e7\u00e3o<\/p>\n","protected":false},"excerpt":{"rendered":"<p>O ministro da Fazenda, Fernando Haddad, cobrou engajamento do governador do Rio de Janeiro, Cl\u00e1udio Castro, a favor do projeto de lei do devedor contumaz, ap\u00f3s o PL, partido do governador, rejeitar na quinta-feira, 30, o requerimento de urg\u00eancia da tramita\u00e7\u00e3o da mat\u00e9ria na C\u00e2mara. Apesar da oposi\u00e7\u00e3o do PL, a urg\u00eancia foi aprovada para [&hellip;]<\/p>\n","protected":false},"author":24,"featured_media":928872,"comment_status":"closed","ping_status":"closed","sticky":false,"template":"","format":"standard","meta":[],"categories":[3],"tags":[18193,5851,2785,411],"acf":[],"yoast_head":"<!-- This site is optimized with the Yoast SEO plugin v20.8 - https:\/\/yoast.com\/wordpress\/plugins\/seo\/ -->\n<title>HADDAD: GOVERNADOR DO RIO PRECISA SE ENVOLVER PORQUE DEVEDOR CONTUMAZ EST\u00c1 ENVOLVIDO NO CRIME - Bahia Economica O ministro da Fazenda, Fernando Haddad, cobrou engajamento do governador do Rio de Janeiro, Cl\u00e1udio Castro, a favor do projeto de lei do devedor contumaz, ap\u00f3s o PL, partido do governador, rejeitar na quinta-feira, 30<\/title>\n<meta name=\"description\" content=\"O maior portal de Economia da Bahia ECONOMIA \/ POL\u00cdTICA Bahia Economica O ministro da Fazenda, Fernando Haddad, cobrou engajamento do governador do Rio de Janeiro, Cl\u00e1udio Castro, a favor do projeto de lei do devedor contumaz, ap\u00f3s o PL, partido do governador, rejeitar na quinta-feira, 30\" \/>\n<meta name=\"robots\" content=\"index, follow, max-snippet:-1, max-image-preview:large, max-video-preview:-1\" \/>\n<link rel=\"canonical\" href=\"https:\/\/bahiaeconomica.com.br\/wp\/2025\/10\/31\/haddad-governador-do-rio-precisa-se-envolver-porque-devedor-contumaz-esta-envolvido-no-crime\/\" \/>\n<meta property=\"og:locale\" content=\"pt_BR\" \/>\n<meta property=\"og:type\" content=\"article\" \/>\n<meta property=\"og:title\" content=\"HADDAD: GOVERNADOR DO RIO PRECISA SE ENVOLVER PORQUE DEVEDOR CONTUMAZ EST\u00c1 ENVOLVIDO NO CRIME - Bahia Economica O ministro da Fazenda, Fernando Haddad, cobrou engajamento do governador do Rio de Janeiro, Cl\u00e1udio Castro, a favor do projeto de lei do devedor contumaz, ap\u00f3s o PL, partido do governador, rejeitar na quinta-feira, 30\" \/>\n<meta property=\"og:description\" content=\"O maior portal de Economia da Bahia ECONOMIA \/ POL\u00cdTICA Bahia Economica O ministro da Fazenda, Fernando Haddad, cobrou engajamento do governador do Rio de Janeiro, Cl\u00e1udio Castro, a favor do projeto de lei do devedor contumaz, ap\u00f3s o PL, partido do governador, rejeitar na quinta-feira, 30\" \/>\n<meta property=\"og:url\" content=\"https:\/\/bahiaeconomica.com.br\/wp\/2025\/10\/31\/haddad-governador-do-rio-precisa-se-envolver-porque-devedor-contumaz-esta-envolvido-no-crime\/\" \/>\n<meta property=\"og:site_name\" content=\"Bahia Economica\" \/>\n<meta property=\"article:publisher\" content=\"https:\/\/www.facebook.com\/bahiaeconomica\" \/>\n<meta property=\"article:published_time\" content=\"2025-10-31T21:40:22+00:00\" \/>\n<meta property=\"og:image\" content=\"https:\/\/bahiaeconomica.com.br\/wp\/wp-content\/uploads\/2025\/08\/fernando-haddad-entrevista.webp\" \/>\n\t<meta property=\"og:image:width\" content=\"1536\" \/>\n\t<meta property=\"og:image:height\" content=\"1024\" \/>\n\t<meta property=\"og:image:type\" content=\"image\/webp\" \/>\n<meta name=\"author\" content=\"VICTOR OLIVEIRA\" \/>\n<meta name=\"twitter:card\" content=\"summary_large_image\" \/>\n<meta name=\"twitter:label1\" content=\"Escrito por\" \/>\n\t<meta name=\"twitter:data1\" content=\"VICTOR OLIVEIRA\" \/>\n\t<meta name=\"twitter:label2\" content=\"Est. tempo de leitura\" \/>\n\t<meta name=\"twitter:data2\" content=\"2 minutos\" \/>\n<script type=\"application\/ld+json\" class=\"yoast-schema-graph\">{\"@context\":\"https:\/\/schema.org\",\"@graph\":[{\"@type\":\"Article\",\"@id\":\"https:\/\/bahiaeconomica.com.br\/wp\/2025\/10\/31\/haddad-governador-do-rio-precisa-se-envolver-porque-devedor-contumaz-esta-envolvido-no-crime\/#article\",\"isPartOf\":{\"@id\":\"https:\/\/bahiaeconomica.com.br\/wp\/2025\/10\/31\/haddad-governador-do-rio-precisa-se-envolver-porque-devedor-contumaz-esta-envolvido-no-crime\/\"},\"author\":{\"name\":\"VICTOR OLIVEIRA\",\"@id\":\"https:\/\/bahiaeconomica.com.br\/wp\/#\/schema\/person\/a17956d0e1112b626f403fb06b8129a9\"},\"headline\":\"HADDAD: GOVERNADOR DO RIO PRECISA SE ENVOLVER PORQUE DEVEDOR CONTUMAZ EST\u00c1 ENVOLVIDO NO CRIME\",\"datePublished\":\"2025-10-31T21:40:22+00:00\",\"dateModified\":\"2025-10-31T21:40:22+00:00\",\"mainEntityOfPage\":{\"@id\":\"https:\/\/bahiaeconomica.com.br\/wp\/2025\/10\/31\/haddad-governador-do-rio-precisa-se-envolver-porque-devedor-contumaz-esta-envolvido-no-crime\/\"},\"wordCount\":311,\"publisher\":{\"@id\":\"https:\/\/bahiaeconomica.com.br\/wp\/#organization\"},\"keywords\":[\"CL\u00c1UDIO CASTRO\",\"crime organizado\",\"Haddad\",\"Rio de Janeiro\"],\"articleSection\":[\"ECONOMIA \/ POL\u00cdTICA\"],\"inLanguage\":\"pt-BR\"},{\"@type\":\"WebPage\",\"@id\":\"https:\/\/bahiaeconomica.com.br\/wp\/2025\/10\/31\/haddad-governador-do-rio-precisa-se-envolver-porque-devedor-contumaz-esta-envolvido-no-crime\/\",\"url\":\"https:\/\/bahiaeconomica.com.br\/wp\/2025\/10\/31\/haddad-governador-do-rio-precisa-se-envolver-porque-devedor-contumaz-esta-envolvido-no-crime\/\",\"name\":\"HADDAD: GOVERNADOR DO RIO PRECISA SE ENVOLVER PORQUE DEVEDOR CONTUMAZ EST\u00c1 ENVOLVIDO NO CRIME - Bahia Economica O ministro da Fazenda, Fernando Haddad, cobrou engajamento do governador do Rio de Janeiro, Cl\u00e1udio Castro, a favor do projeto de lei do devedor contumaz, ap\u00f3s o PL, partido do governador, rejeitar na quinta-feira, 30\",\"isPartOf\":{\"@id\":\"https:\/\/bahiaeconomica.com.br\/wp\/#website\"},\"datePublished\":\"2025-10-31T21:40:22+00:00\",\"dateModified\":\"2025-10-31T21:40:22+00:00\",\"description\":\"O maior portal de Economia da Bahia ECONOMIA \/ POL\u00cdTICA Bahia Economica O ministro da Fazenda, Fernando Haddad, cobrou engajamento do governador do Rio de Janeiro, Cl\u00e1udio Castro, a favor do projeto de lei do devedor contumaz, ap\u00f3s o PL, partido do governador, rejeitar na quinta-feira, 30\",\"breadcrumb\":{\"@id\":\"https:\/\/bahiaeconomica.com.br\/wp\/2025\/10\/31\/haddad-governador-do-rio-precisa-se-envolver-porque-devedor-contumaz-esta-envolvido-no-crime\/#breadcrumb\"},\"inLanguage\":\"pt-BR\",\"potentialAction\":[{\"@type\":\"ReadAction\",\"target\":[\"https:\/\/bahiaeconomica.com.br\/wp\/2025\/10\/31\/haddad-governador-do-rio-precisa-se-envolver-porque-devedor-contumaz-esta-envolvido-no-crime\/\"]}]},{\"@type\":\"BreadcrumbList\",\"@id\":\"https:\/\/bahiaeconomica.com.br\/wp\/2025\/10\/31\/haddad-governador-do-rio-precisa-se-envolver-porque-devedor-contumaz-esta-envolvido-no-crime\/#breadcrumb\",\"itemListElement\":[{\"@type\":\"ListItem\",\"position\":1,\"name\":\"In\u00edcio\",\"item\":\"https:\/\/bahiaeconomica.com.br\/wp\/\"},{\"@type\":\"ListItem\",\"position\":2,\"name\":\"HADDAD: GOVERNADOR DO RIO PRECISA SE ENVOLVER PORQUE DEVEDOR CONTUMAZ EST\u00c1 ENVOLVIDO NO CRIME\"}]},{\"@type\":\"WebSite\",\"@id\":\"https:\/\/bahiaeconomica.com.br\/wp\/#website\",\"url\":\"https:\/\/bahiaeconomica.com.br\/wp\/\",\"name\":\"Bahia Economica\",\"description\":\"O maior portal de Economia da Bahia\",\"publisher\":{\"@id\":\"https:\/\/bahiaeconomica.com.br\/wp\/#organization\"},\"potentialAction\":[{\"@type\":\"SearchAction\",\"target\":{\"@type\":\"EntryPoint\",\"urlTemplate\":\"https:\/\/bahiaeconomica.com.br\/wp\/?s={search_term_string}\"},\"query-input\":\"required name=search_term_string\"}],\"inLanguage\":\"pt-BR\"},{\"@type\":\"Organization\",\"@id\":\"https:\/\/bahiaeconomica.com.br\/wp\/#organization\",\"name\":\"Bahia Econ\u00f4mica\",\"url\":\"https:\/\/bahiaeconomica.com.br\/wp\/\",\"logo\":{\"@type\":\"ImageObject\",\"inLanguage\":\"pt-BR\",\"@id\":\"https:\/\/bahiaeconomica.com.br\/wp\/#\/schema\/logo\/image\/\",\"url\":\"https:\/\/bahiaeconomica.com.br\/wp\/wp-content\/uploads\/2020\/12\/cropped-BE.png\",\"contentUrl\":\"https:\/\/bahiaeconomica.com.br\/wp\/wp-content\/uploads\/2020\/12\/cropped-BE.png\",\"width\":512,\"height\":512,\"caption\":\"Bahia Econ\u00f4mica\"},\"image\":{\"@id\":\"https:\/\/bahiaeconomica.com.br\/wp\/#\/schema\/logo\/image\/\"},\"sameAs\":[\"https:\/\/www.facebook.com\/bahiaeconomica\"]},{\"@type\":\"Person\",\"@id\":\"https:\/\/bahiaeconomica.com.br\/wp\/#\/schema\/person\/a17956d0e1112b626f403fb06b8129a9\",\"name\":\"VICTOR OLIVEIRA\",\"sameAs\":[\"http:\/\/www.bahiaeconomica.com.br\"],\"url\":\"https:\/\/bahiaeconomica.com.br\/wp\/author\/victor-oliveira\/\"}]}<\/script>\n<!-- \/ Yoast SEO plugin. -->","yoast_head_json":{"title":"HADDAD: GOVERNADOR DO RIO PRECISA SE ENVOLVER PORQUE DEVEDOR CONTUMAZ EST\u00c1 ENVOLVIDO NO CRIME - Bahia Economica O ministro da Fazenda, Fernando Haddad, cobrou engajamento do governador do Rio de Janeiro, Cl\u00e1udio Castro, a favor do projeto de lei do devedor contumaz, ap\u00f3s o PL, partido do governador, rejeitar na quinta-feira, 30","description":"O maior portal de Economia da Bahia ECONOMIA \/ POL\u00cdTICA Bahia Economica O ministro da Fazenda, Fernando Haddad, cobrou engajamento do governador do Rio de Janeiro, Cl\u00e1udio Castro, a favor do projeto de lei do devedor contumaz, ap\u00f3s o PL, partido do governador, rejeitar na quinta-feira, 30","robots":{"index":"index","follow":"follow","max-snippet":"max-snippet:-1","max-image-preview":"max-image-preview:large","max-video-preview":"max-video-preview:-1"},"canonical":"https:\/\/bahiaeconomica.com.br\/wp\/2025\/10\/31\/haddad-governador-do-rio-precisa-se-envolver-porque-devedor-contumaz-esta-envolvido-no-crime\/","og_locale":"pt_BR","og_type":"article","og_title":"HADDAD: GOVERNADOR DO RIO PRECISA SE ENVOLVER PORQUE DEVEDOR CONTUMAZ EST\u00c1 ENVOLVIDO NO CRIME - Bahia Economica O ministro da Fazenda, Fernando Haddad, cobrou engajamento do governador do Rio de Janeiro, Cl\u00e1udio Castro, a favor do projeto de lei do devedor contumaz, ap\u00f3s o PL, partido do governador, rejeitar na quinta-feira, 30","og_description":"O maior portal de Economia da Bahia ECONOMIA \/ POL\u00cdTICA Bahia Economica O ministro da Fazenda, Fernando Haddad, cobrou engajamento do governador do Rio de Janeiro, Cl\u00e1udio Castro, a favor do projeto de lei do devedor contumaz, ap\u00f3s o PL, partido do governador, rejeitar na quinta-feira, 30","og_url":"https:\/\/bahiaeconomica.com.br\/wp\/2025\/10\/31\/haddad-governador-do-rio-precisa-se-envolver-porque-devedor-contumaz-esta-envolvido-no-crime\/","og_site_name":"Bahia Economica","article_publisher":"https:\/\/www.facebook.com\/bahiaeconomica","article_published_time":"2025-10-31T21:40:22+00:00","og_image":[{"width":1536,"height":1024,"url":"https:\/\/bahiaeconomica.com.br\/wp\/wp-content\/uploads\/2025\/08\/fernando-haddad-entrevista.webp","type":"image\/webp"}],"author":"VICTOR OLIVEIRA","twitter_card":"summary_large_image","twitter_misc":{"Escrito por":"VICTOR OLIVEIRA","Est. tempo de leitura":"2 minutos"},"schema":{"@context":"https:\/\/schema.org","@graph":[{"@type":"Article","@id":"https:\/\/bahiaeconomica.com.br\/wp\/2025\/10\/31\/haddad-governador-do-rio-precisa-se-envolver-porque-devedor-contumaz-esta-envolvido-no-crime\/#article","isPartOf":{"@id":"https:\/\/bahiaeconomica.com.br\/wp\/2025\/10\/31\/haddad-governador-do-rio-precisa-se-envolver-porque-devedor-contumaz-esta-envolvido-no-crime\/"},"author":{"name":"VICTOR OLIVEIRA","@id":"https:\/\/bahiaeconomica.com.br\/wp\/#\/schema\/person\/a17956d0e1112b626f403fb06b8129a9"},"headline":"HADDAD: GOVERNADOR DO RIO PRECISA SE ENVOLVER PORQUE DEVEDOR CONTUMAZ EST\u00c1 ENVOLVIDO NO CRIME","datePublished":"2025-10-31T21:40:22+00:00","dateModified":"2025-10-31T21:40:22+00:00","mainEntityOfPage":{"@id":"https:\/\/bahiaeconomica.com.br\/wp\/2025\/10\/31\/haddad-governador-do-rio-precisa-se-envolver-porque-devedor-contumaz-esta-envolvido-no-crime\/"},"wordCount":311,"publisher":{"@id":"https:\/\/bahiaeconomica.com.br\/wp\/#organization"},"keywords":["CL\u00c1UDIO CASTRO","crime organizado","Haddad","Rio de Janeiro"],"articleSection":["ECONOMIA \/ POL\u00cdTICA"],"inLanguage":"pt-BR"},{"@type":"WebPage","@id":"https:\/\/bahiaeconomica.com.br\/wp\/2025\/10\/31\/haddad-governador-do-rio-precisa-se-envolver-porque-devedor-contumaz-esta-envolvido-no-crime\/","url":"https:\/\/bahiaeconomica.com.br\/wp\/2025\/10\/31\/haddad-governador-do-rio-precisa-se-envolver-porque-devedor-contumaz-esta-envolvido-no-crime\/","name":"HADDAD: GOVERNADOR DO RIO PRECISA SE ENVOLVER PORQUE DEVEDOR CONTUMAZ EST\u00c1 ENVOLVIDO NO CRIME - Bahia Economica O ministro da Fazenda, Fernando Haddad, cobrou engajamento do governador do Rio de Janeiro, Cl\u00e1udio Castro, a favor do projeto de lei do devedor contumaz, ap\u00f3s o PL, partido do governador, rejeitar na quinta-feira, 30","isPartOf":{"@id":"https:\/\/bahiaeconomica.com.br\/wp\/#website"},"datePublished":"2025-10-31T21:40:22+00:00","dateModified":"2025-10-31T21:40:22+00:00","description":"O maior portal de Economia da Bahia ECONOMIA \/ POL\u00cdTICA Bahia Economica O ministro da Fazenda, Fernando Haddad, cobrou engajamento do governador do Rio de Janeiro, Cl\u00e1udio Castro, a favor do projeto de lei do devedor contumaz, ap\u00f3s o PL, partido do governador, rejeitar na quinta-feira, 30","breadcrumb":{"@id":"https:\/\/bahiaeconomica.com.br\/wp\/2025\/10\/31\/haddad-governador-do-rio-precisa-se-envolver-porque-devedor-contumaz-esta-envolvido-no-crime\/#breadcrumb"},"inLanguage":"pt-BR","potentialAction":[{"@type":"ReadAction","target":["https:\/\/bahiaeconomica.com.br\/wp\/2025\/10\/31\/haddad-governador-do-rio-precisa-se-envolver-porque-devedor-contumaz-esta-envolvido-no-crime\/"]}]},{"@type":"BreadcrumbList","@id":"https:\/\/bahiaeconomica.com.br\/wp\/2025\/10\/31\/haddad-governador-do-rio-precisa-se-envolver-porque-devedor-contumaz-esta-envolvido-no-crime\/#breadcrumb","itemListElement":[{"@type":"ListItem","position":1,"name":"In\u00edcio","item":"https:\/\/bahiaeconomica.com.br\/wp\/"},{"@type":"ListItem","position":2,"name":"HADDAD: GOVERNADOR DO RIO PRECISA SE ENVOLVER PORQUE DEVEDOR CONTUMAZ EST\u00c1 ENVOLVIDO NO CRIME"}]},{"@type":"WebSite","@id":"https:\/\/bahiaeconomica.com.br\/wp\/#website","url":"https:\/\/bahiaeconomica.com.br\/wp\/","name":"Bahia Economica","description":"O maior portal de Economia da Bahia","publisher":{"@id":"https:\/\/bahiaeconomica.com.br\/wp\/#organization"},"potentialAction":[{"@type":"SearchAction","target":{"@type":"EntryPoint","urlTemplate":"https:\/\/bahiaeconomica.com.br\/wp\/?s={search_term_string}"},"query-input":"required name=search_term_string"}],"inLanguage":"pt-BR"},{"@type":"Organization","@id":"https:\/\/bahiaeconomica.com.br\/wp\/#organization","name":"Bahia Econ\u00f4mica","url":"https:\/\/bahiaeconomica.com.br\/wp\/","logo":{"@type":"ImageObject","inLanguage":"pt-BR","@id":"https:\/\/bahiaeconomica.com.br\/wp\/#\/schema\/logo\/image\/","url":"https:\/\/bahiaeconomica.com.br\/wp\/wp-content\/uploads\/2020\/12\/cropped-BE.png","contentUrl":"https:\/\/bahiaeconomica.com.br\/wp\/wp-content\/uploads\/2020\/12\/cropped-BE.png","width":512,"height":512,"caption":"Bahia Econ\u00f4mica"},"image":{"@id":"https:\/\/bahiaeconomica.com.br\/wp\/#\/schema\/logo\/image\/"},"sameAs":["https:\/\/www.facebook.com\/bahiaeconomica"]},{"@type":"Person","@id":"https:\/\/bahiaeconomica.com.br\/wp\/#\/schema\/person\/a17956d0e1112b626f403fb06b8129a9","name":"VICTOR OLIVEIRA","sameAs":["http:\/\/www.bahiaeconomica.com.br"],"url":"https:\/\/bahiaeconomica.com.br\/wp\/author\/victor-oliveira\/"}]}},"views":18,"_links":{"self":[{"href":"https:\/\/bahiaeconomica.com.br\/wp\/wp-json\/wp\/v2\/posts\/948886"}],"collection":[{"href":"https:\/\/bahiaeconomica.com.br\/wp\/wp-json\/wp\/v2\/posts"}],"about":[{"href":"https:\/\/bahiaeconomica.com.br\/wp\/wp-json\/wp\/v2\/types\/post"}],"author":[{"embeddable":true,"href":"https:\/\/bahiaeconomica.com.br\/wp\/wp-json\/wp\/v2\/users\/24"}],"replies":[{"embeddable":true,"href":"https:\/\/bahiaeconomica.com.br\/wp\/wp-json\/wp\/v2\/comments?post=948886"}],"version-history":[{"count":1,"href":"https:\/\/bahiaeconomica.com.br\/wp\/wp-json\/wp\/v2\/posts\/948886\/revisions"}],"predecessor-version":[{"id":948887,"href":"https:\/\/bahiaeconomica.com.br\/wp\/wp-json\/wp\/v2\/posts\/948886\/revisions\/948887"}],"wp:featuredmedia":[{"embeddable":true,"href":"https:\/\/bahiaeconomica.com.br\/wp\/wp-json\/wp\/v2\/media\/928872"}],"wp:attachment":[{"href":"https:\/\/bahiaeconomica.com.br\/wp\/wp-json\/wp\/v2\/media?parent=948886"}],"wp:term":[{"taxonomy":"category","embeddable":true,"href":"https:\/\/bahiaeconomica.com.br\/wp\/wp-json\/wp\/v2\/categories?post=948886"},{"taxonomy":"post_tag","embeddable":true,"href":"https:\/\/bahiaeconomica.com.br\/wp\/wp-json\/wp\/v2\/tags?post=948886"}],"curies":[{"name":"wp","href":"https:\/\/api.w.org\/{rel}","templated":true}]}}