{"id":948634,"date":"2025-10-31T10:00:41","date_gmt":"2025-10-31T13:00:41","guid":{"rendered":"https:\/\/bahiaeconomica.com.br\/wp\/?p=948634"},"modified":"2025-10-31T12:47:23","modified_gmt":"2025-10-31T15:47:23","slug":"mulheres-com-cancer-de-pulmao-ganham-espaco-de-acolhimento-e-informacao-em-salvador","status":"publish","type":"post","link":"https:\/\/bahiaeconomica.com.br\/wp\/2025\/10\/31\/mulheres-com-cancer-de-pulmao-ganham-espaco-de-acolhimento-e-informacao-em-salvador\/","title":{"rendered":"MULHERES COM C\u00c2NCER DE PULM\u00c3O GANHAM ESPA\u00c7O DE ACOLHIMENTO E INFORMA\u00c7\u00c3O EM SALVADOR"},"content":{"rendered":"<p>Escutar hist\u00f3rias, trocar experi\u00eancias e ter acesso a conhecimento qualificado. Com esse prop\u00f3sito, Salvador receber\u00e1, no dia 14 de novembro, o Mulheres com C\u00e2ncer de Pulm\u00e3o \u2014 Um evento GBOT para Pacientes, gratuito e exclusivo para mulheres em tratamento ou acompanhamento oncol\u00f3gico. A iniciativa \u00e9 do Grupo Brasileiro de Oncologia Tor\u00e1cica (GBOT) e acontece das 8h \u00e0s 12h, no audit\u00f3rio da Associa\u00e7\u00e3o Bahiana de Medicina (ABM), em Ondina. A programa\u00e7\u00e3o tamb\u00e9m ocorrer\u00e1 no Rio de Janeiro e em Porto Alegre, no mesmo dia, refor\u00e7ando uma mobiliza\u00e7\u00e3o nacional de acolhimento, educa\u00e7\u00e3o e fortalecimento feminino frente ao c\u00e2ncer de pulm\u00e3o.<\/p>\n<p>O c\u00e2ncer de pulm\u00e3o j\u00e1 \u00e9 a segunda causa de morte por c\u00e2ncer entre mulheres brasileiras, com 12.977 \u00f3bitos registrados em 2021 e cerca de 14,5 mil novos casos previstos ao ano no tri\u00eanio 2023\u20132025. Embora o tabagismo siga como principal fator de risco, aproximadamente 24% dos casos em mulheres ocorrem em nunca fumantes, cen\u00e1rio associado especialmente ao adenocarcinoma.<\/p>\n<p>\u201cPrecisamos olhar para al\u00e9m do cigarro. A polui\u00e7\u00e3o atmosf\u00e9rica \u00e9 oficialmente classificada pela IARC\/OMS como carcin\u00f3geno do Grupo 1, ou seja, causa c\u00e2ncer em humanos. Proteger o ar que respiramos tamb\u00e9m \u00e9 uma agenda de sa\u00fade da mulher\u201d, afirma Samira Mascarenhas, oncologista cl\u00ednica da Oncologia D&#8217;Or e presidente eleita do GBOT que integra a organiza\u00e7\u00e3o e a programa\u00e7\u00e3o cient\u00edfica do evento.<\/p>\n<p>Diagn\u00f3stico precoce muda hist\u00f3rias &#8211; Quando diagnosticado precocemente, o progn\u00f3stico \u00e9 significativamente melhor: a taxa de sobrevida em cinco anos pode alcan\u00e7ar cerca de 56% nos est\u00e1gios iniciais, enquanto a m\u00e9dia nacional hoje varia entre 18% e 21%.\u201cO desafio \u00e9 que os sintomas iniciais s\u00e3o inespec\u00edficos e muitas vezes subestimados. Por isso, precisamos ampliar o acesso ao diagn\u00f3stico especializado e discutir pol\u00edticas de rastreamento\u201d, destaca Mascarenhas.<\/p>\n<p>Entre as estrat\u00e9gias em debate est\u00e1 o rastreamento com tomografia computadorizada de baixa dose (TCBD) para grupos eleg\u00edveis, abordagem que j\u00e1 demonstrou redu\u00e7\u00e3o de mortalidade em grandes estudos internacionais, como os ensaios NLST e NELSON, e que vem sendo discutida para implementa\u00e7\u00e3o no pa\u00eds.<\/p>\n<p>Acolhimento e protagonismo &#8211; A programa\u00e7\u00e3o do evento do GBOT re\u00fane especialistas em oncologia tor\u00e1cica, cirurgia, radioterapia, pneumologia, patologia, nutri\u00e7\u00e3o, fisioterapia e sa\u00fade emocional, al\u00e9m de rodas de conversa com pacientes. O objetivo \u00e9 unir ci\u00eancia, cuidado e suporte psicossocial.<\/p>\n<p>Est\u00e3o confirmados como palestrantes da edi\u00e7\u00e3o de Salvador: Agda Andrade, Aknar Calabrich, Elisa Saito, Elis\u00e2ngela Carvalho, Iane Cardim, Juliana Brand\u00e3o, Juliane Penalva, Larissa Moura, Lucimeire Duarte, Mariana Moreira, Samira Mascarenhas, Tatiane Correia Rios e T\u00e9rcia Reis. O encontro discutir\u00e1 diagn\u00f3stico, tratamentos modernos, autoestima, nutri\u00e7\u00e3o e caminhada das mulheres na defesa de direitos e acesso \u00e0 sa\u00fade. Informa\u00e7\u00f5es e inscri\u00e7\u00f5es est\u00e3o dispon\u00edveis no site www.abmeducacaopermanente.org.br.<\/p>\n<p>Servi\u00e7o<\/p>\n<p>Mulheres com C\u00e2ncer de Pulm\u00e3o \u2014 Um evento GBOT para Pacientes<\/p>\n<p>Audit\u00f3rio da ABM \u2013 Rua Baependi, 162, Ondina<\/p>\n<p>14 de novembro de 2025<\/p>\n<p>8h \u00e0s 12h<\/p>\n<p>Exclusivo para mulheres com c\u00e2ncer de pulm\u00e3o<\/p>\n<p>Inscri\u00e7\u00f5es gratuitas: abmeducacaopermanente.org.br<\/p>\n<p>Patroc\u00ednio: AstraZeneca, Johnson &amp; Johnson e Pfizer Oncologia<\/p>\n<p>Sobre o GBOT &#8211; O Grupo Brasileiro de Oncologia Tor\u00e1cica (GBOT) atua no avan\u00e7o da pesquisa, educa\u00e7\u00e3o m\u00e9dica e assist\u00eancia em c\u00e2ncer de pulm\u00e3o no pa\u00eds, promovendo iniciativas de acolhimento, forma\u00e7\u00e3o e defesa da qualidade no cuidado em oncologia tor\u00e1cica.<\/p>\n","protected":false},"excerpt":{"rendered":"<p>Escutar hist\u00f3rias, trocar experi\u00eancias e ter acesso a conhecimento qualificado. Com esse prop\u00f3sito, Salvador receber\u00e1, no dia 14 de novembro, o Mulheres com C\u00e2ncer de Pulm\u00e3o \u2014 Um evento GBOT para Pacientes, gratuito e exclusivo para mulheres em tratamento ou acompanhamento oncol\u00f3gico. A iniciativa \u00e9 do Grupo Brasileiro de Oncologia Tor\u00e1cica (GBOT) e acontece das [&hellip;]<\/p>\n","protected":false},"author":8,"featured_media":948636,"comment_status":"closed","ping_status":"closed","sticky":false,"template":"","format":"standard","meta":[],"categories":[21],"tags":[52,42057,58],"acf":[],"yoast_head":"<!-- This site is optimized with the Yoast SEO plugin v20.8 - https:\/\/yoast.com\/wordpress\/plugins\/seo\/ -->\n<title>MULHERES COM C\u00c2NCER DE PULM\u00c3O GANHAM ESPA\u00c7O DE ACOLHIMENTO E INFORMA\u00c7\u00c3O EM SALVADOR - Bahia Economica<\/title>\n<meta name=\"description\" content=\"O maior portal de Economia da Bahia Sa\u00fade \/ Educa\u00e7\u00e3o Bahia Economica Escutar hist\u00f3rias, trocar experi\u00eancias e ter acesso a conhecimento\" \/>\n<meta name=\"robots\" content=\"index, follow, max-snippet:-1, max-image-preview:large, max-video-preview:-1\" \/>\n<link rel=\"canonical\" href=\"https:\/\/bahiaeconomica.com.br\/wp\/2025\/10\/31\/mulheres-com-cancer-de-pulmao-ganham-espaco-de-acolhimento-e-informacao-em-salvador\/\" \/>\n<meta property=\"og:locale\" content=\"pt_BR\" \/>\n<meta property=\"og:type\" content=\"article\" \/>\n<meta property=\"og:title\" content=\"MULHERES COM C\u00c2NCER DE PULM\u00c3O GANHAM ESPA\u00c7O DE ACOLHIMENTO E INFORMA\u00c7\u00c3O EM SALVADOR - Bahia Economica\" \/>\n<meta property=\"og:description\" content=\"O maior portal de Economia da Bahia Sa\u00fade \/ Educa\u00e7\u00e3o Bahia Economica Escutar hist\u00f3rias, trocar experi\u00eancias e ter acesso a conhecimento\" \/>\n<meta property=\"og:url\" content=\"https:\/\/bahiaeconomica.com.br\/wp\/2025\/10\/31\/mulheres-com-cancer-de-pulmao-ganham-espaco-de-acolhimento-e-informacao-em-salvador\/\" \/>\n<meta property=\"og:site_name\" content=\"Bahia Economica\" \/>\n<meta property=\"article:publisher\" content=\"https:\/\/www.facebook.com\/bahiaeconomica\" \/>\n<meta property=\"article:published_time\" content=\"2025-10-31T13:00:41+00:00\" \/>\n<meta property=\"article:modified_time\" content=\"2025-10-31T15:47:23+00:00\" \/>\n<meta property=\"og:image\" content=\"https:\/\/bahiaeconomica.com.br\/wp\/wp-content\/uploads\/2025\/10\/WhatsApp-Image-2025-10-31-at-09.41.57.jpeg\" \/>\n\t<meta property=\"og:image:width\" content=\"1280\" \/>\n\t<meta property=\"og:image:height\" content=\"960\" \/>\n\t<meta property=\"og:image:type\" content=\"image\/jpeg\" \/>\n<meta name=\"author\" content=\"JP\" \/>\n<meta name=\"twitter:card\" content=\"summary_large_image\" \/>\n<meta name=\"twitter:label1\" content=\"Escrito por\" \/>\n\t<meta name=\"twitter:data1\" content=\"JP\" \/>\n\t<meta name=\"twitter:label2\" content=\"Est. tempo de leitura\" \/>\n\t<meta name=\"twitter:data2\" content=\"3 minutos\" \/>\n<script type=\"application\/ld+json\" class=\"yoast-schema-graph\">{\"@context\":\"https:\/\/schema.org\",\"@graph\":[{\"@type\":\"Article\",\"@id\":\"https:\/\/bahiaeconomica.com.br\/wp\/2025\/10\/31\/mulheres-com-cancer-de-pulmao-ganham-espaco-de-acolhimento-e-informacao-em-salvador\/#article\",\"isPartOf\":{\"@id\":\"https:\/\/bahiaeconomica.com.br\/wp\/2025\/10\/31\/mulheres-com-cancer-de-pulmao-ganham-espaco-de-acolhimento-e-informacao-em-salvador\/\"},\"author\":{\"name\":\"JP\",\"@id\":\"https:\/\/bahiaeconomica.com.br\/wp\/#\/schema\/person\/c86d3a3f8960425a0f9d0e5245991f4e\"},\"headline\":\"MULHERES COM C\u00c2NCER DE PULM\u00c3O GANHAM ESPA\u00c7O DE ACOLHIMENTO E INFORMA\u00c7\u00c3O EM SALVADOR\",\"datePublished\":\"2025-10-31T13:00:41+00:00\",\"dateModified\":\"2025-10-31T15:47:23+00:00\",\"mainEntityOfPage\":{\"@id\":\"https:\/\/bahiaeconomica.com.br\/wp\/2025\/10\/31\/mulheres-com-cancer-de-pulmao-ganham-espaco-de-acolhimento-e-informacao-em-salvador\/\"},\"wordCount\":603,\"publisher\":{\"@id\":\"https:\/\/bahiaeconomica.com.br\/wp\/#organization\"},\"keywords\":[\"Brasil\",\"mulhres\",\"sa\u00fade\"],\"articleSection\":[\"Sa\u00fade \/ Educa\u00e7\u00e3o\"],\"inLanguage\":\"pt-BR\"},{\"@type\":\"WebPage\",\"@id\":\"https:\/\/bahiaeconomica.com.br\/wp\/2025\/10\/31\/mulheres-com-cancer-de-pulmao-ganham-espaco-de-acolhimento-e-informacao-em-salvador\/\",\"url\":\"https:\/\/bahiaeconomica.com.br\/wp\/2025\/10\/31\/mulheres-com-cancer-de-pulmao-ganham-espaco-de-acolhimento-e-informacao-em-salvador\/\",\"name\":\"MULHERES COM C\u00c2NCER DE PULM\u00c3O GANHAM ESPA\u00c7O DE ACOLHIMENTO E INFORMA\u00c7\u00c3O EM SALVADOR - Bahia Economica\",\"isPartOf\":{\"@id\":\"https:\/\/bahiaeconomica.com.br\/wp\/#website\"},\"datePublished\":\"2025-10-31T13:00:41+00:00\",\"dateModified\":\"2025-10-31T15:47:23+00:00\",\"description\":\"O maior portal de Economia da Bahia Sa\u00fade \/ Educa\u00e7\u00e3o Bahia Economica Escutar hist\u00f3rias, trocar experi\u00eancias e ter acesso a conhecimento\",\"breadcrumb\":{\"@id\":\"https:\/\/bahiaeconomica.com.br\/wp\/2025\/10\/31\/mulheres-com-cancer-de-pulmao-ganham-espaco-de-acolhimento-e-informacao-em-salvador\/#breadcrumb\"},\"inLanguage\":\"pt-BR\",\"potentialAction\":[{\"@type\":\"ReadAction\",\"target\":[\"https:\/\/bahiaeconomica.com.br\/wp\/2025\/10\/31\/mulheres-com-cancer-de-pulmao-ganham-espaco-de-acolhimento-e-informacao-em-salvador\/\"]}]},{\"@type\":\"BreadcrumbList\",\"@id\":\"https:\/\/bahiaeconomica.com.br\/wp\/2025\/10\/31\/mulheres-com-cancer-de-pulmao-ganham-espaco-de-acolhimento-e-informacao-em-salvador\/#breadcrumb\",\"itemListElement\":[{\"@type\":\"ListItem\",\"position\":1,\"name\":\"In\u00edcio\",\"item\":\"https:\/\/bahiaeconomica.com.br\/wp\/\"},{\"@type\":\"ListItem\",\"position\":2,\"name\":\"MULHERES COM C\u00c2NCER DE PULM\u00c3O GANHAM ESPA\u00c7O DE ACOLHIMENTO E INFORMA\u00c7\u00c3O EM SALVADOR\"}]},{\"@type\":\"WebSite\",\"@id\":\"https:\/\/bahiaeconomica.com.br\/wp\/#website\",\"url\":\"https:\/\/bahiaeconomica.com.br\/wp\/\",\"name\":\"Bahia Economica\",\"description\":\"O maior portal de Economia da Bahia\",\"publisher\":{\"@id\":\"https:\/\/bahiaeconomica.com.br\/wp\/#organization\"},\"potentialAction\":[{\"@type\":\"SearchAction\",\"target\":{\"@type\":\"EntryPoint\",\"urlTemplate\":\"https:\/\/bahiaeconomica.com.br\/wp\/?s={search_term_string}\"},\"query-input\":\"required name=search_term_string\"}],\"inLanguage\":\"pt-BR\"},{\"@type\":\"Organization\",\"@id\":\"https:\/\/bahiaeconomica.com.br\/wp\/#organization\",\"name\":\"Bahia Econ\u00f4mica\",\"url\":\"https:\/\/bahiaeconomica.com.br\/wp\/\",\"logo\":{\"@type\":\"ImageObject\",\"inLanguage\":\"pt-BR\",\"@id\":\"https:\/\/bahiaeconomica.com.br\/wp\/#\/schema\/logo\/image\/\",\"url\":\"https:\/\/bahiaeconomica.com.br\/wp\/wp-content\/uploads\/2020\/12\/cropped-BE.png\",\"contentUrl\":\"https:\/\/bahiaeconomica.com.br\/wp\/wp-content\/uploads\/2020\/12\/cropped-BE.png\",\"width\":512,\"height\":512,\"caption\":\"Bahia Econ\u00f4mica\"},\"image\":{\"@id\":\"https:\/\/bahiaeconomica.com.br\/wp\/#\/schema\/logo\/image\/\"},\"sameAs\":[\"https:\/\/www.facebook.com\/bahiaeconomica\"]},{\"@type\":\"Person\",\"@id\":\"https:\/\/bahiaeconomica.com.br\/wp\/#\/schema\/person\/c86d3a3f8960425a0f9d0e5245991f4e\",\"name\":\"JP\",\"sameAs\":[\"https:\/\/bahiaeconomica.com.br\/wp\/beta\/\"],\"url\":\"https:\/\/bahiaeconomica.com.br\/wp\/author\/jp\/\"}]}<\/script>\n<!-- \/ Yoast SEO plugin. -->","yoast_head_json":{"title":"MULHERES COM C\u00c2NCER DE PULM\u00c3O GANHAM ESPA\u00c7O DE ACOLHIMENTO E INFORMA\u00c7\u00c3O EM SALVADOR - Bahia Economica","description":"O maior portal de Economia da Bahia Sa\u00fade \/ Educa\u00e7\u00e3o Bahia Economica Escutar hist\u00f3rias, trocar experi\u00eancias e ter acesso a conhecimento","robots":{"index":"index","follow":"follow","max-snippet":"max-snippet:-1","max-image-preview":"max-image-preview:large","max-video-preview":"max-video-preview:-1"},"canonical":"https:\/\/bahiaeconomica.com.br\/wp\/2025\/10\/31\/mulheres-com-cancer-de-pulmao-ganham-espaco-de-acolhimento-e-informacao-em-salvador\/","og_locale":"pt_BR","og_type":"article","og_title":"MULHERES COM C\u00c2NCER DE PULM\u00c3O GANHAM ESPA\u00c7O DE ACOLHIMENTO E INFORMA\u00c7\u00c3O EM SALVADOR - Bahia Economica","og_description":"O maior portal de Economia da Bahia Sa\u00fade \/ Educa\u00e7\u00e3o Bahia Economica Escutar hist\u00f3rias, trocar experi\u00eancias e ter acesso a conhecimento","og_url":"https:\/\/bahiaeconomica.com.br\/wp\/2025\/10\/31\/mulheres-com-cancer-de-pulmao-ganham-espaco-de-acolhimento-e-informacao-em-salvador\/","og_site_name":"Bahia Economica","article_publisher":"https:\/\/www.facebook.com\/bahiaeconomica","article_published_time":"2025-10-31T13:00:41+00:00","article_modified_time":"2025-10-31T15:47:23+00:00","og_image":[{"width":1280,"height":960,"url":"https:\/\/bahiaeconomica.com.br\/wp\/wp-content\/uploads\/2025\/10\/WhatsApp-Image-2025-10-31-at-09.41.57.jpeg","type":"image\/jpeg"}],"author":"JP","twitter_card":"summary_large_image","twitter_misc":{"Escrito por":"JP","Est. tempo de leitura":"3 minutos"},"schema":{"@context":"https:\/\/schema.org","@graph":[{"@type":"Article","@id":"https:\/\/bahiaeconomica.com.br\/wp\/2025\/10\/31\/mulheres-com-cancer-de-pulmao-ganham-espaco-de-acolhimento-e-informacao-em-salvador\/#article","isPartOf":{"@id":"https:\/\/bahiaeconomica.com.br\/wp\/2025\/10\/31\/mulheres-com-cancer-de-pulmao-ganham-espaco-de-acolhimento-e-informacao-em-salvador\/"},"author":{"name":"JP","@id":"https:\/\/bahiaeconomica.com.br\/wp\/#\/schema\/person\/c86d3a3f8960425a0f9d0e5245991f4e"},"headline":"MULHERES COM C\u00c2NCER DE PULM\u00c3O GANHAM ESPA\u00c7O DE ACOLHIMENTO E INFORMA\u00c7\u00c3O EM SALVADOR","datePublished":"2025-10-31T13:00:41+00:00","dateModified":"2025-10-31T15:47:23+00:00","mainEntityOfPage":{"@id":"https:\/\/bahiaeconomica.com.br\/wp\/2025\/10\/31\/mulheres-com-cancer-de-pulmao-ganham-espaco-de-acolhimento-e-informacao-em-salvador\/"},"wordCount":603,"publisher":{"@id":"https:\/\/bahiaeconomica.com.br\/wp\/#organization"},"keywords":["Brasil","mulhres","sa\u00fade"],"articleSection":["Sa\u00fade \/ Educa\u00e7\u00e3o"],"inLanguage":"pt-BR"},{"@type":"WebPage","@id":"https:\/\/bahiaeconomica.com.br\/wp\/2025\/10\/31\/mulheres-com-cancer-de-pulmao-ganham-espaco-de-acolhimento-e-informacao-em-salvador\/","url":"https:\/\/bahiaeconomica.com.br\/wp\/2025\/10\/31\/mulheres-com-cancer-de-pulmao-ganham-espaco-de-acolhimento-e-informacao-em-salvador\/","name":"MULHERES COM C\u00c2NCER DE PULM\u00c3O GANHAM ESPA\u00c7O DE ACOLHIMENTO E INFORMA\u00c7\u00c3O EM SALVADOR - Bahia Economica","isPartOf":{"@id":"https:\/\/bahiaeconomica.com.br\/wp\/#website"},"datePublished":"2025-10-31T13:00:41+00:00","dateModified":"2025-10-31T15:47:23+00:00","description":"O maior portal de Economia da Bahia Sa\u00fade \/ Educa\u00e7\u00e3o Bahia Economica Escutar hist\u00f3rias, trocar experi\u00eancias e ter acesso a conhecimento","breadcrumb":{"@id":"https:\/\/bahiaeconomica.com.br\/wp\/2025\/10\/31\/mulheres-com-cancer-de-pulmao-ganham-espaco-de-acolhimento-e-informacao-em-salvador\/#breadcrumb"},"inLanguage":"pt-BR","potentialAction":[{"@type":"ReadAction","target":["https:\/\/bahiaeconomica.com.br\/wp\/2025\/10\/31\/mulheres-com-cancer-de-pulmao-ganham-espaco-de-acolhimento-e-informacao-em-salvador\/"]}]},{"@type":"BreadcrumbList","@id":"https:\/\/bahiaeconomica.com.br\/wp\/2025\/10\/31\/mulheres-com-cancer-de-pulmao-ganham-espaco-de-acolhimento-e-informacao-em-salvador\/#breadcrumb","itemListElement":[{"@type":"ListItem","position":1,"name":"In\u00edcio","item":"https:\/\/bahiaeconomica.com.br\/wp\/"},{"@type":"ListItem","position":2,"name":"MULHERES COM C\u00c2NCER DE PULM\u00c3O GANHAM ESPA\u00c7O DE ACOLHIMENTO E INFORMA\u00c7\u00c3O EM SALVADOR"}]},{"@type":"WebSite","@id":"https:\/\/bahiaeconomica.com.br\/wp\/#website","url":"https:\/\/bahiaeconomica.com.br\/wp\/","name":"Bahia Economica","description":"O maior portal de Economia da Bahia","publisher":{"@id":"https:\/\/bahiaeconomica.com.br\/wp\/#organization"},"potentialAction":[{"@type":"SearchAction","target":{"@type":"EntryPoint","urlTemplate":"https:\/\/bahiaeconomica.com.br\/wp\/?s={search_term_string}"},"query-input":"required name=search_term_string"}],"inLanguage":"pt-BR"},{"@type":"Organization","@id":"https:\/\/bahiaeconomica.com.br\/wp\/#organization","name":"Bahia Econ\u00f4mica","url":"https:\/\/bahiaeconomica.com.br\/wp\/","logo":{"@type":"ImageObject","inLanguage":"pt-BR","@id":"https:\/\/bahiaeconomica.com.br\/wp\/#\/schema\/logo\/image\/","url":"https:\/\/bahiaeconomica.com.br\/wp\/wp-content\/uploads\/2020\/12\/cropped-BE.png","contentUrl":"https:\/\/bahiaeconomica.com.br\/wp\/wp-content\/uploads\/2020\/12\/cropped-BE.png","width":512,"height":512,"caption":"Bahia Econ\u00f4mica"},"image":{"@id":"https:\/\/bahiaeconomica.com.br\/wp\/#\/schema\/logo\/image\/"},"sameAs":["https:\/\/www.facebook.com\/bahiaeconomica"]},{"@type":"Person","@id":"https:\/\/bahiaeconomica.com.br\/wp\/#\/schema\/person\/c86d3a3f8960425a0f9d0e5245991f4e","name":"JP","sameAs":["https:\/\/bahiaeconomica.com.br\/wp\/beta\/"],"url":"https:\/\/bahiaeconomica.com.br\/wp\/author\/jp\/"}]}},"views":11,"_links":{"self":[{"href":"https:\/\/bahiaeconomica.com.br\/wp\/wp-json\/wp\/v2\/posts\/948634"}],"collection":[{"href":"https:\/\/bahiaeconomica.com.br\/wp\/wp-json\/wp\/v2\/posts"}],"about":[{"href":"https:\/\/bahiaeconomica.com.br\/wp\/wp-json\/wp\/v2\/types\/post"}],"author":[{"embeddable":true,"href":"https:\/\/bahiaeconomica.com.br\/wp\/wp-json\/wp\/v2\/users\/8"}],"replies":[{"embeddable":true,"href":"https:\/\/bahiaeconomica.com.br\/wp\/wp-json\/wp\/v2\/comments?post=948634"}],"version-history":[{"count":1,"href":"https:\/\/bahiaeconomica.com.br\/wp\/wp-json\/wp\/v2\/posts\/948634\/revisions"}],"predecessor-version":[{"id":948637,"href":"https:\/\/bahiaeconomica.com.br\/wp\/wp-json\/wp\/v2\/posts\/948634\/revisions\/948637"}],"wp:featuredmedia":[{"embeddable":true,"href":"https:\/\/bahiaeconomica.com.br\/wp\/wp-json\/wp\/v2\/media\/948636"}],"wp:attachment":[{"href":"https:\/\/bahiaeconomica.com.br\/wp\/wp-json\/wp\/v2\/media?parent=948634"}],"wp:term":[{"taxonomy":"category","embeddable":true,"href":"https:\/\/bahiaeconomica.com.br\/wp\/wp-json\/wp\/v2\/categories?post=948634"},{"taxonomy":"post_tag","embeddable":true,"href":"https:\/\/bahiaeconomica.com.br\/wp\/wp-json\/wp\/v2\/tags?post=948634"}],"curies":[{"name":"wp","href":"https:\/\/api.w.org\/{rel}","templated":true}]}}