{"id":948116,"date":"2025-10-29T18:48:12","date_gmt":"2025-10-29T21:48:12","guid":{"rendered":"https:\/\/bahiaeconomica.com.br\/wp\/?p=948116"},"modified":"2025-10-29T18:48:12","modified_gmt":"2025-10-29T21:48:12","slug":"new-york-times-repercute-megaoperacao-na-cidade-do-rio-de-janeiro-e-classifica-acao-como-a-mais-letal-e-sangrenta-da-historia-do-estado","status":"publish","type":"post","link":"https:\/\/bahiaeconomica.com.br\/wp\/2025\/10\/29\/new-york-times-repercute-megaoperacao-na-cidade-do-rio-de-janeiro-e-classifica-acao-como-a-mais-letal-e-sangrenta-da-historia-do-estado\/","title":{"rendered":"\u2018NEW YORK TIMES\u2019 REPERCUTE MEGAOPERA\u00c7\u00c3O NA CIDADE DO RIO DE JANEIRO E CLASSIFICA A\u00c7\u00c3O COMO A &#8216;MAIS LETAL E SANGRENTA DA HIST\u00d3RIA DO ESTADO&#8217;"},"content":{"rendered":"<p>De acordo com o jornal americano <em>The New York Times<\/em>, a opera\u00e7\u00e3o policial realizada na cidade do Rio de janeiro, que resultou na morte de ao menos 64 pessoas, incluindo quatro agentes de seguran\u00e7a, foi descrita como o epis\u00f3dio mais letal e violento j\u00e1 registrado no estado em a\u00e7\u00f5es de combate ao crime organizado.<\/p>\n<p>Segundo a publica\u00e7\u00e3o, o confronto entre 2,5 mil agentes de seguran\u00e7a e integrantes do Comando Vermelho come\u00e7ou na madrugada d ter\u00e7a-feira em uma localidade controlada pela fac\u00e7\u00e3o. A a\u00e7\u00e3o, segundo o governo estadual, foi resultado de um ano de investiga\u00e7\u00f5es e dois meses de planejamento.<\/p>\n<p>O \u2018NYT\u2019 destaca que 81 pessoas foram presas e cita a fala do governador Cl\u00e1udio Castro, que definiu a opera\u00e7\u00e3o como a\u00e7\u00e3o contra \u201cnarcoterroristas\u201d\u00a0 termo associado \u00e0 ret\u00f3rica do ex-presidente Donald Trump em sua pol\u00edtica antidrogas na Am\u00e9rica Latina.<\/p>\n<p><strong>Opera\u00e7\u00e3o mais letal da hist\u00f3ria do Rio<\/strong><\/p>\n<p>Jornal aponta que a opera\u00e7\u00e3o superou, em n\u00famero de v\u00edtimas, a incurs\u00e3o de 2021 no Jacarezinho, que deixou 28 mortos e at\u00e9 ent\u00e3o era considerada a mais violenta do estado. Na nova a\u00e7\u00e3o, pelo menos 60 civis morreram, embora ainda n\u00e3o esteja claro quantos tinham liga\u00e7\u00e3o com a fac\u00e7\u00e3o e quantos foram atingidos no fogo cruzado.<\/p>\n<p>Moradores da regi\u00e3o relataram caos, p\u00e2nico e tiroteios intensos, e imagens transmitidas por emissoras brasileiras mostraram colunas de fuma\u00e7a e barricadas em chamas erguidas por criminosos para dificultar o avan\u00e7o da pol\u00edcia.<\/p>\n<p><strong>Disputa pol\u00edtica e cr\u00edtica ao governo federal<\/strong><\/p>\n<p>Conforme O governador, aliado da direita e pr\u00f3ximo ao ex-presidente Jair Bolsonaro, afirmou que o Rio est\u00e1 \u201csozinho na guerra contra o crime\u201d e cobrou apoio federal e at\u00e9 militar para as opera\u00e7\u00f5es.<\/p>\n<p>O Rio de Janeiro est\u00e1 completamente sozinho nessa luta, disse Castro. Para uma guerra como essa, dever\u00edamos ter muito mais apoio, talvez at\u00e9 das For\u00e7as Armadas.<\/p>\n<p>O jornal tamb\u00e9m repercutiu a resposta do ministro da Justi\u00e7a, Ricardo Lewandowski, que negou omiss\u00e3o e citou diversas a\u00e7\u00f5es conjuntas recentes entre Uni\u00e3o e Estado para combater o crime organizado.<\/p>\n<p>O New York Times observou que o discurso de Castro reflete uma aproxima\u00e7\u00e3o ret\u00f3rica com o governo Trump, que voltou a usar o termo \u201cnarcoterrorismo\u201d em sua nova ofensiva contra o tr\u00e1fico na Am\u00e9rica Latina.<\/p>\n<p>O texto cita ainda Fl\u00e1vio Bolsonaro, que dias antes havia elogiado opera\u00e7\u00f5es militares norte-americanas no Caribe e sugerido coopera\u00e7\u00e3o dos EUA no combate a fac\u00e7\u00f5es brasileiras.<\/p>\n<p>Foto: Reprodu\u00e7\u00e3o<\/p>\n","protected":false},"excerpt":{"rendered":"<p>De acordo com o jornal americano The New York Times, a opera\u00e7\u00e3o policial realizada na cidade do Rio de janeiro, que resultou na morte de ao menos 64 pessoas, incluindo quatro agentes de seguran\u00e7a, foi descrita como o epis\u00f3dio mais letal e violento j\u00e1 registrado no estado em a\u00e7\u00f5es de combate ao crime organizado. Segundo [&hellip;]<\/p>\n","protected":false},"author":24,"featured_media":947577,"comment_status":"closed","ping_status":"closed","sticky":false,"template":"","format":"standard","meta":[],"categories":[14601],"tags":[21779,41966,411],"acf":[],"yoast_head":"<!-- This site is optimized with the Yoast SEO plugin v20.8 - https:\/\/yoast.com\/wordpress\/plugins\/seo\/ -->\n<title>\u2018NEW YORK TIMES\u2019 REPERCUTE MEGAOPERA\u00c7\u00c3O NA CIDADE DO RIO DE JANEIRO E CLASSIFICA A\u00c7\u00c3O COMO A &#039;MAIS LETAL E SANGRENTA DA HIST\u00d3RIA DO ESTADO&#039; - Bahia Economica De acordo com o jornal americano The New York Times, a opera\u00e7\u00e3o policial realizada na cidade do Rio de janeiro, que resultou na morte de ao menos 64 pessoas<\/title>\n<meta name=\"description\" content=\"O maior portal de Economia da Bahia Pol\u00edtica Bahia Economica De acordo com o jornal americano The New York Times, a opera\u00e7\u00e3o policial realizada na cidade do Rio de janeiro, que resultou na morte de ao menos 64 pessoas\" \/>\n<meta name=\"robots\" content=\"index, follow, max-snippet:-1, max-image-preview:large, max-video-preview:-1\" \/>\n<link rel=\"canonical\" href=\"https:\/\/bahiaeconomica.com.br\/wp\/2025\/10\/29\/new-york-times-repercute-megaoperacao-na-cidade-do-rio-de-janeiro-e-classifica-acao-como-a-mais-letal-e-sangrenta-da-historia-do-estado\/\" \/>\n<meta property=\"og:locale\" content=\"pt_BR\" \/>\n<meta property=\"og:type\" content=\"article\" \/>\n<meta property=\"og:title\" content=\"\u2018NEW YORK TIMES\u2019 REPERCUTE MEGAOPERA\u00c7\u00c3O NA CIDADE DO RIO DE JANEIRO E CLASSIFICA A\u00c7\u00c3O COMO A &#039;MAIS LETAL E SANGRENTA DA HIST\u00d3RIA DO ESTADO&#039; - Bahia Economica De acordo com o jornal americano The New York Times, a opera\u00e7\u00e3o policial realizada na cidade do Rio de janeiro, que resultou na morte de ao menos 64 pessoas\" \/>\n<meta property=\"og:description\" content=\"O maior portal de Economia da Bahia Pol\u00edtica Bahia Economica De acordo com o jornal americano The New York Times, a opera\u00e7\u00e3o policial realizada na cidade do Rio de janeiro, que resultou na morte de ao menos 64 pessoas\" \/>\n<meta property=\"og:url\" content=\"https:\/\/bahiaeconomica.com.br\/wp\/2025\/10\/29\/new-york-times-repercute-megaoperacao-na-cidade-do-rio-de-janeiro-e-classifica-acao-como-a-mais-letal-e-sangrenta-da-historia-do-estado\/\" \/>\n<meta property=\"og:site_name\" content=\"Bahia Economica\" \/>\n<meta property=\"article:publisher\" content=\"https:\/\/www.facebook.com\/bahiaeconomica\" \/>\n<meta property=\"article:published_time\" content=\"2025-10-29T21:48:12+00:00\" \/>\n<meta property=\"og:image\" content=\"https:\/\/bahiaeconomica.com.br\/wp\/wp-content\/uploads\/2025\/10\/1_49-34751917.jpg\" \/>\n\t<meta property=\"og:image:width\" content=\"1200\" \/>\n\t<meta property=\"og:image:height\" content=\"750\" \/>\n\t<meta property=\"og:image:type\" content=\"image\/jpeg\" \/>\n<meta name=\"author\" content=\"VICTOR OLIVEIRA\" \/>\n<meta name=\"twitter:card\" content=\"summary_large_image\" \/>\n<meta name=\"twitter:label1\" content=\"Escrito por\" \/>\n\t<meta name=\"twitter:data1\" content=\"VICTOR OLIVEIRA\" \/>\n\t<meta name=\"twitter:label2\" content=\"Est. tempo de leitura\" \/>\n\t<meta name=\"twitter:data2\" content=\"3 minutos\" \/>\n<script type=\"application\/ld+json\" class=\"yoast-schema-graph\">{\"@context\":\"https:\/\/schema.org\",\"@graph\":[{\"@type\":\"Article\",\"@id\":\"https:\/\/bahiaeconomica.com.br\/wp\/2025\/10\/29\/new-york-times-repercute-megaoperacao-na-cidade-do-rio-de-janeiro-e-classifica-acao-como-a-mais-letal-e-sangrenta-da-historia-do-estado\/#article\",\"isPartOf\":{\"@id\":\"https:\/\/bahiaeconomica.com.br\/wp\/2025\/10\/29\/new-york-times-repercute-megaoperacao-na-cidade-do-rio-de-janeiro-e-classifica-acao-como-a-mais-letal-e-sangrenta-da-historia-do-estado\/\"},\"author\":{\"name\":\"VICTOR OLIVEIRA\",\"@id\":\"https:\/\/bahiaeconomica.com.br\/wp\/#\/schema\/person\/a17956d0e1112b626f403fb06b8129a9\"},\"headline\":\"\u2018NEW YORK TIMES\u2019 REPERCUTE MEGAOPERA\u00c7\u00c3O NA CIDADE DO RIO DE JANEIRO E CLASSIFICA A\u00c7\u00c3O COMO A &#8216;MAIS LETAL E SANGRENTA DA HIST\u00d3RIA DO ESTADO&#8217;\",\"datePublished\":\"2025-10-29T21:48:12+00:00\",\"dateModified\":\"2025-10-29T21:48:12+00:00\",\"mainEntityOfPage\":{\"@id\":\"https:\/\/bahiaeconomica.com.br\/wp\/2025\/10\/29\/new-york-times-repercute-megaoperacao-na-cidade-do-rio-de-janeiro-e-classifica-acao-como-a-mais-letal-e-sangrenta-da-historia-do-estado\/\"},\"wordCount\":465,\"publisher\":{\"@id\":\"https:\/\/bahiaeconomica.com.br\/wp\/#organization\"},\"keywords\":[\"megaopera\u00e7\u00e3o\",\"new york times\",\"Rio de Janeiro\"],\"articleSection\":[\"Pol\u00edtica\"],\"inLanguage\":\"pt-BR\"},{\"@type\":\"WebPage\",\"@id\":\"https:\/\/bahiaeconomica.com.br\/wp\/2025\/10\/29\/new-york-times-repercute-megaoperacao-na-cidade-do-rio-de-janeiro-e-classifica-acao-como-a-mais-letal-e-sangrenta-da-historia-do-estado\/\",\"url\":\"https:\/\/bahiaeconomica.com.br\/wp\/2025\/10\/29\/new-york-times-repercute-megaoperacao-na-cidade-do-rio-de-janeiro-e-classifica-acao-como-a-mais-letal-e-sangrenta-da-historia-do-estado\/\",\"name\":\"\u2018NEW YORK TIMES\u2019 REPERCUTE MEGAOPERA\u00c7\u00c3O NA CIDADE DO RIO DE JANEIRO E CLASSIFICA A\u00c7\u00c3O COMO A 'MAIS LETAL E SANGRENTA DA HIST\u00d3RIA DO ESTADO' - Bahia Economica De acordo com o jornal americano The New York Times, a opera\u00e7\u00e3o policial realizada na cidade do Rio de janeiro, que resultou na morte de ao menos 64 pessoas\",\"isPartOf\":{\"@id\":\"https:\/\/bahiaeconomica.com.br\/wp\/#website\"},\"datePublished\":\"2025-10-29T21:48:12+00:00\",\"dateModified\":\"2025-10-29T21:48:12+00:00\",\"description\":\"O maior portal de Economia da Bahia Pol\u00edtica Bahia Economica De acordo com o jornal americano The New York Times, a opera\u00e7\u00e3o policial realizada na cidade do Rio de janeiro, que resultou na morte de ao menos 64 pessoas\",\"breadcrumb\":{\"@id\":\"https:\/\/bahiaeconomica.com.br\/wp\/2025\/10\/29\/new-york-times-repercute-megaoperacao-na-cidade-do-rio-de-janeiro-e-classifica-acao-como-a-mais-letal-e-sangrenta-da-historia-do-estado\/#breadcrumb\"},\"inLanguage\":\"pt-BR\",\"potentialAction\":[{\"@type\":\"ReadAction\",\"target\":[\"https:\/\/bahiaeconomica.com.br\/wp\/2025\/10\/29\/new-york-times-repercute-megaoperacao-na-cidade-do-rio-de-janeiro-e-classifica-acao-como-a-mais-letal-e-sangrenta-da-historia-do-estado\/\"]}]},{\"@type\":\"BreadcrumbList\",\"@id\":\"https:\/\/bahiaeconomica.com.br\/wp\/2025\/10\/29\/new-york-times-repercute-megaoperacao-na-cidade-do-rio-de-janeiro-e-classifica-acao-como-a-mais-letal-e-sangrenta-da-historia-do-estado\/#breadcrumb\",\"itemListElement\":[{\"@type\":\"ListItem\",\"position\":1,\"name\":\"In\u00edcio\",\"item\":\"https:\/\/bahiaeconomica.com.br\/wp\/\"},{\"@type\":\"ListItem\",\"position\":2,\"name\":\"\u2018NEW YORK TIMES\u2019 REPERCUTE MEGAOPERA\u00c7\u00c3O NA CIDADE DO RIO DE JANEIRO E CLASSIFICA A\u00c7\u00c3O COMO A &#8216;MAIS LETAL E SANGRENTA DA HIST\u00d3RIA DO ESTADO&#8217;\"}]},{\"@type\":\"WebSite\",\"@id\":\"https:\/\/bahiaeconomica.com.br\/wp\/#website\",\"url\":\"https:\/\/bahiaeconomica.com.br\/wp\/\",\"name\":\"Bahia Economica\",\"description\":\"O maior portal de Economia da Bahia\",\"publisher\":{\"@id\":\"https:\/\/bahiaeconomica.com.br\/wp\/#organization\"},\"potentialAction\":[{\"@type\":\"SearchAction\",\"target\":{\"@type\":\"EntryPoint\",\"urlTemplate\":\"https:\/\/bahiaeconomica.com.br\/wp\/?s={search_term_string}\"},\"query-input\":\"required name=search_term_string\"}],\"inLanguage\":\"pt-BR\"},{\"@type\":\"Organization\",\"@id\":\"https:\/\/bahiaeconomica.com.br\/wp\/#organization\",\"name\":\"Bahia Econ\u00f4mica\",\"url\":\"https:\/\/bahiaeconomica.com.br\/wp\/\",\"logo\":{\"@type\":\"ImageObject\",\"inLanguage\":\"pt-BR\",\"@id\":\"https:\/\/bahiaeconomica.com.br\/wp\/#\/schema\/logo\/image\/\",\"url\":\"https:\/\/bahiaeconomica.com.br\/wp\/wp-content\/uploads\/2020\/12\/cropped-BE.png\",\"contentUrl\":\"https:\/\/bahiaeconomica.com.br\/wp\/wp-content\/uploads\/2020\/12\/cropped-BE.png\",\"width\":512,\"height\":512,\"caption\":\"Bahia Econ\u00f4mica\"},\"image\":{\"@id\":\"https:\/\/bahiaeconomica.com.br\/wp\/#\/schema\/logo\/image\/\"},\"sameAs\":[\"https:\/\/www.facebook.com\/bahiaeconomica\"]},{\"@type\":\"Person\",\"@id\":\"https:\/\/bahiaeconomica.com.br\/wp\/#\/schema\/person\/a17956d0e1112b626f403fb06b8129a9\",\"name\":\"VICTOR OLIVEIRA\",\"sameAs\":[\"http:\/\/www.bahiaeconomica.com.br\"],\"url\":\"https:\/\/bahiaeconomica.com.br\/wp\/author\/victor-oliveira\/\"}]}<\/script>\n<!-- \/ Yoast SEO plugin. -->","yoast_head_json":{"title":"\u2018NEW YORK TIMES\u2019 REPERCUTE MEGAOPERA\u00c7\u00c3O NA CIDADE DO RIO DE JANEIRO E CLASSIFICA A\u00c7\u00c3O COMO A 'MAIS LETAL E SANGRENTA DA HIST\u00d3RIA DO ESTADO' - Bahia Economica De acordo com o jornal americano The New York Times, a opera\u00e7\u00e3o policial realizada na cidade do Rio de janeiro, que resultou na morte de ao menos 64 pessoas","description":"O maior portal de Economia da Bahia Pol\u00edtica Bahia Economica De acordo com o jornal americano The New York Times, a opera\u00e7\u00e3o policial realizada na cidade do Rio de janeiro, que resultou na morte de ao menos 64 pessoas","robots":{"index":"index","follow":"follow","max-snippet":"max-snippet:-1","max-image-preview":"max-image-preview:large","max-video-preview":"max-video-preview:-1"},"canonical":"https:\/\/bahiaeconomica.com.br\/wp\/2025\/10\/29\/new-york-times-repercute-megaoperacao-na-cidade-do-rio-de-janeiro-e-classifica-acao-como-a-mais-letal-e-sangrenta-da-historia-do-estado\/","og_locale":"pt_BR","og_type":"article","og_title":"\u2018NEW YORK TIMES\u2019 REPERCUTE MEGAOPERA\u00c7\u00c3O NA CIDADE DO RIO DE JANEIRO E CLASSIFICA A\u00c7\u00c3O COMO A 'MAIS LETAL E SANGRENTA DA HIST\u00d3RIA DO ESTADO' - Bahia Economica De acordo com o jornal americano The New York Times, a opera\u00e7\u00e3o policial realizada na cidade do Rio de janeiro, que resultou na morte de ao menos 64 pessoas","og_description":"O maior portal de Economia da Bahia Pol\u00edtica Bahia Economica De acordo com o jornal americano The New York Times, a opera\u00e7\u00e3o policial realizada na cidade do Rio de janeiro, que resultou na morte de ao menos 64 pessoas","og_url":"https:\/\/bahiaeconomica.com.br\/wp\/2025\/10\/29\/new-york-times-repercute-megaoperacao-na-cidade-do-rio-de-janeiro-e-classifica-acao-como-a-mais-letal-e-sangrenta-da-historia-do-estado\/","og_site_name":"Bahia Economica","article_publisher":"https:\/\/www.facebook.com\/bahiaeconomica","article_published_time":"2025-10-29T21:48:12+00:00","og_image":[{"width":1200,"height":750,"url":"https:\/\/bahiaeconomica.com.br\/wp\/wp-content\/uploads\/2025\/10\/1_49-34751917.jpg","type":"image\/jpeg"}],"author":"VICTOR OLIVEIRA","twitter_card":"summary_large_image","twitter_misc":{"Escrito por":"VICTOR OLIVEIRA","Est. tempo de leitura":"3 minutos"},"schema":{"@context":"https:\/\/schema.org","@graph":[{"@type":"Article","@id":"https:\/\/bahiaeconomica.com.br\/wp\/2025\/10\/29\/new-york-times-repercute-megaoperacao-na-cidade-do-rio-de-janeiro-e-classifica-acao-como-a-mais-letal-e-sangrenta-da-historia-do-estado\/#article","isPartOf":{"@id":"https:\/\/bahiaeconomica.com.br\/wp\/2025\/10\/29\/new-york-times-repercute-megaoperacao-na-cidade-do-rio-de-janeiro-e-classifica-acao-como-a-mais-letal-e-sangrenta-da-historia-do-estado\/"},"author":{"name":"VICTOR OLIVEIRA","@id":"https:\/\/bahiaeconomica.com.br\/wp\/#\/schema\/person\/a17956d0e1112b626f403fb06b8129a9"},"headline":"\u2018NEW YORK TIMES\u2019 REPERCUTE MEGAOPERA\u00c7\u00c3O NA CIDADE DO RIO DE JANEIRO E CLASSIFICA A\u00c7\u00c3O COMO A &#8216;MAIS LETAL E SANGRENTA DA HIST\u00d3RIA DO ESTADO&#8217;","datePublished":"2025-10-29T21:48:12+00:00","dateModified":"2025-10-29T21:48:12+00:00","mainEntityOfPage":{"@id":"https:\/\/bahiaeconomica.com.br\/wp\/2025\/10\/29\/new-york-times-repercute-megaoperacao-na-cidade-do-rio-de-janeiro-e-classifica-acao-como-a-mais-letal-e-sangrenta-da-historia-do-estado\/"},"wordCount":465,"publisher":{"@id":"https:\/\/bahiaeconomica.com.br\/wp\/#organization"},"keywords":["megaopera\u00e7\u00e3o","new york times","Rio de Janeiro"],"articleSection":["Pol\u00edtica"],"inLanguage":"pt-BR"},{"@type":"WebPage","@id":"https:\/\/bahiaeconomica.com.br\/wp\/2025\/10\/29\/new-york-times-repercute-megaoperacao-na-cidade-do-rio-de-janeiro-e-classifica-acao-como-a-mais-letal-e-sangrenta-da-historia-do-estado\/","url":"https:\/\/bahiaeconomica.com.br\/wp\/2025\/10\/29\/new-york-times-repercute-megaoperacao-na-cidade-do-rio-de-janeiro-e-classifica-acao-como-a-mais-letal-e-sangrenta-da-historia-do-estado\/","name":"\u2018NEW YORK TIMES\u2019 REPERCUTE MEGAOPERA\u00c7\u00c3O NA CIDADE DO RIO DE JANEIRO E CLASSIFICA A\u00c7\u00c3O COMO A 'MAIS LETAL E SANGRENTA DA HIST\u00d3RIA DO ESTADO' - Bahia Economica De acordo com o jornal americano The New York Times, a opera\u00e7\u00e3o policial realizada na cidade do Rio de janeiro, que resultou na morte de ao menos 64 pessoas","isPartOf":{"@id":"https:\/\/bahiaeconomica.com.br\/wp\/#website"},"datePublished":"2025-10-29T21:48:12+00:00","dateModified":"2025-10-29T21:48:12+00:00","description":"O maior portal de Economia da Bahia Pol\u00edtica Bahia Economica De acordo com o jornal americano The New York Times, a opera\u00e7\u00e3o policial realizada na cidade do Rio de janeiro, que resultou na morte de ao menos 64 pessoas","breadcrumb":{"@id":"https:\/\/bahiaeconomica.com.br\/wp\/2025\/10\/29\/new-york-times-repercute-megaoperacao-na-cidade-do-rio-de-janeiro-e-classifica-acao-como-a-mais-letal-e-sangrenta-da-historia-do-estado\/#breadcrumb"},"inLanguage":"pt-BR","potentialAction":[{"@type":"ReadAction","target":["https:\/\/bahiaeconomica.com.br\/wp\/2025\/10\/29\/new-york-times-repercute-megaoperacao-na-cidade-do-rio-de-janeiro-e-classifica-acao-como-a-mais-letal-e-sangrenta-da-historia-do-estado\/"]}]},{"@type":"BreadcrumbList","@id":"https:\/\/bahiaeconomica.com.br\/wp\/2025\/10\/29\/new-york-times-repercute-megaoperacao-na-cidade-do-rio-de-janeiro-e-classifica-acao-como-a-mais-letal-e-sangrenta-da-historia-do-estado\/#breadcrumb","itemListElement":[{"@type":"ListItem","position":1,"name":"In\u00edcio","item":"https:\/\/bahiaeconomica.com.br\/wp\/"},{"@type":"ListItem","position":2,"name":"\u2018NEW YORK TIMES\u2019 REPERCUTE MEGAOPERA\u00c7\u00c3O NA CIDADE DO RIO DE JANEIRO E CLASSIFICA A\u00c7\u00c3O COMO A &#8216;MAIS LETAL E SANGRENTA DA HIST\u00d3RIA DO ESTADO&#8217;"}]},{"@type":"WebSite","@id":"https:\/\/bahiaeconomica.com.br\/wp\/#website","url":"https:\/\/bahiaeconomica.com.br\/wp\/","name":"Bahia Economica","description":"O maior portal de Economia da Bahia","publisher":{"@id":"https:\/\/bahiaeconomica.com.br\/wp\/#organization"},"potentialAction":[{"@type":"SearchAction","target":{"@type":"EntryPoint","urlTemplate":"https:\/\/bahiaeconomica.com.br\/wp\/?s={search_term_string}"},"query-input":"required name=search_term_string"}],"inLanguage":"pt-BR"},{"@type":"Organization","@id":"https:\/\/bahiaeconomica.com.br\/wp\/#organization","name":"Bahia Econ\u00f4mica","url":"https:\/\/bahiaeconomica.com.br\/wp\/","logo":{"@type":"ImageObject","inLanguage":"pt-BR","@id":"https:\/\/bahiaeconomica.com.br\/wp\/#\/schema\/logo\/image\/","url":"https:\/\/bahiaeconomica.com.br\/wp\/wp-content\/uploads\/2020\/12\/cropped-BE.png","contentUrl":"https:\/\/bahiaeconomica.com.br\/wp\/wp-content\/uploads\/2020\/12\/cropped-BE.png","width":512,"height":512,"caption":"Bahia Econ\u00f4mica"},"image":{"@id":"https:\/\/bahiaeconomica.com.br\/wp\/#\/schema\/logo\/image\/"},"sameAs":["https:\/\/www.facebook.com\/bahiaeconomica"]},{"@type":"Person","@id":"https:\/\/bahiaeconomica.com.br\/wp\/#\/schema\/person\/a17956d0e1112b626f403fb06b8129a9","name":"VICTOR OLIVEIRA","sameAs":["http:\/\/www.bahiaeconomica.com.br"],"url":"https:\/\/bahiaeconomica.com.br\/wp\/author\/victor-oliveira\/"}]}},"views":84,"_links":{"self":[{"href":"https:\/\/bahiaeconomica.com.br\/wp\/wp-json\/wp\/v2\/posts\/948116"}],"collection":[{"href":"https:\/\/bahiaeconomica.com.br\/wp\/wp-json\/wp\/v2\/posts"}],"about":[{"href":"https:\/\/bahiaeconomica.com.br\/wp\/wp-json\/wp\/v2\/types\/post"}],"author":[{"embeddable":true,"href":"https:\/\/bahiaeconomica.com.br\/wp\/wp-json\/wp\/v2\/users\/24"}],"replies":[{"embeddable":true,"href":"https:\/\/bahiaeconomica.com.br\/wp\/wp-json\/wp\/v2\/comments?post=948116"}],"version-history":[{"count":1,"href":"https:\/\/bahiaeconomica.com.br\/wp\/wp-json\/wp\/v2\/posts\/948116\/revisions"}],"predecessor-version":[{"id":948122,"href":"https:\/\/bahiaeconomica.com.br\/wp\/wp-json\/wp\/v2\/posts\/948116\/revisions\/948122"}],"wp:featuredmedia":[{"embeddable":true,"href":"https:\/\/bahiaeconomica.com.br\/wp\/wp-json\/wp\/v2\/media\/947577"}],"wp:attachment":[{"href":"https:\/\/bahiaeconomica.com.br\/wp\/wp-json\/wp\/v2\/media?parent=948116"}],"wp:term":[{"taxonomy":"category","embeddable":true,"href":"https:\/\/bahiaeconomica.com.br\/wp\/wp-json\/wp\/v2\/categories?post=948116"},{"taxonomy":"post_tag","embeddable":true,"href":"https:\/\/bahiaeconomica.com.br\/wp\/wp-json\/wp\/v2\/tags?post=948116"}],"curies":[{"name":"wp","href":"https:\/\/api.w.org\/{rel}","templated":true}]}}