{"id":947940,"date":"2025-10-29T14:30:08","date_gmt":"2025-10-29T17:30:08","guid":{"rendered":"https:\/\/bahiaeconomica.com.br\/wp\/?p=947940"},"modified":"2025-10-29T14:30:08","modified_gmt":"2025-10-29T17:30:08","slug":"castro-diz-que-nao-vai-ficar-chorando-por-ajuda-do-governo-federal-soma-ou-suma","status":"publish","type":"post","link":"https:\/\/bahiaeconomica.com.br\/wp\/2025\/10\/29\/castro-diz-que-nao-vai-ficar-chorando-por-ajuda-do-governo-federal-soma-ou-suma\/","title":{"rendered":"CASTRO DIZ QUE \u2018N\u00c3O VAI FICAR CHORANDO\u2019 POR AJUDA DO GOVERNO FEDERAL: \u2018SOMA OU SUMA\u2019"},"content":{"rendered":"<p>O governador do Rio de Janeiro,\u00a0Cl\u00e1udio Castro\u00a0(PL), afirmou na manh\u00e3 desta quarta-feira, 29, que o\u00a0governo do Estado \u201cn\u00e3o vai ficar chorando por ajuda do governo federal no combate ao crime.<\/p>\n<p>Em coletiva no Pal\u00e1cio Guanabara, um dia ap\u00f3s a megaopera\u00e7\u00e3o contra integrantes do Comando Vermelho, o chefe do Executivo fluminense disse que \u201cquem quiser somar com o Rio no combate a criminalidade \u00e9 bem-vindo\u201d. Os outros, \u201csumam\u201d.<\/p>\n<p>\u201cTodo aquele que quiser vir para c\u00e1 no intuito de somar, seja governador, seja ministro ou qualquer outra autoridade, \u00e9 bem-vindo. Quem quiser somar com o Rio de Janeiro nesse momento no combate a criminalidade \u00e9 bem-vindo. Os outros que querem fazer confus\u00e3o, que querem fazer politicagem, a nosso \u00fanico recado \u00e9: suma. Ou soma ou suma\u201d, afirmou o governador.<\/p>\n<p>Na ter\u00e7a, Castro afirmou que o Estado enfrenta o crime organizado \u201csozinho\u201d, uma vez que as for\u00e7as federais, segundo ele, n\u00e3o o ajudam. O Minist\u00e9rio da Justi\u00e7a, no entanto, rebateu a informa\u00e7\u00e3o, alegando que atendeu todas as solicita\u00e7\u00f5es para atua\u00e7\u00e3o da For\u00e7a Nacional no Estado.<\/p>\n<p>O governador disse que o Estado n\u00e3o teve aux\u00edlio de for\u00e7as federais na megaopera\u00e7\u00e3o. Mas tamb\u00e9m disse que o governo estadual n\u00e3o pediu ajuda \u00e0 Uni\u00e3o \u201cdesta vez\u201d, porque j\u00e1 houve tr\u00eas negativas de ajuda anteriormente.<\/p>\n<p>\u201cN\u00f3s j\u00e1 entendemos que a pol\u00edtica \u00e9 de n\u00e3o ceder. Falam que tem que ter GLO (Garantia da Lei da Ordem), que tem que ter isso, que tem que ter aquilo, que podiam emprestar o blindado e depois n\u00e3o podiam mais emprestar porque o servidor que opera o blindado \u00e9 um servidor federal. O presidente j\u00e1 falou que ele \u00e9 contra GLO. A gente entendeu que a realidade \u00e9 essa e a gente n\u00e3o vai ficar chorando pelos cantos\u201d, afirmou Castro.<\/p>\n<p>O governador voltou ao tema nesta quarta-feira. De acordo com ele, os blindados da Marinha, quando foram solicitados, seriam importantes na log\u00edstica das opera\u00e7\u00f5es porque \u201ct\u00eam capacidade de passar por por cima das barricadas\u201d.<\/p>\n<p>Segundo Castro, \u201cem momento nenhum\u201d houve \u201cdeclara\u00e7\u00f5es reclamando chorando\u201d. \u201cSe d\u00e1 para ajudar, ajuda. Se n\u00e3o d\u00e1, a gente vai tocar a vida\u201d, disse.<\/p>\n<p>\u201cA quest\u00e3o de utiliza\u00e7\u00e3o, de ter que ser servidores deles, fez o que a gente falasse o seguinte: n\u00e3o vamos ficar chorando. N\u00e3o ajudaram, n\u00e3o ajudaram. Em momento nenhum voc\u00eas veem declara\u00e7\u00f5es nossas reclamando chorando. Se d\u00e1 para ajudar, ajuda. Se n\u00e3o d\u00e1, a gente vai tocar a vida\u201d, disse.<\/p>\n<p>O governador diz que falou por telefone com integrantes do governo federal, entre eles o ministro Rui Costa (Casa Civil), e que os membros do governo v\u00e3o se reunir para tra\u00e7ar a estrat\u00e9gia de atua\u00e7\u00e3o.<\/p>\n<p>\u201cFalei por telefone ontem com alguns membros do governo federal. Pelo que eu sei, eles est\u00e3o reunidos agora para entender as estrat\u00e9gias deles e eu estou esperando algum contato que finalize a ideia deles de virem ao Rio de Janeiro ainda no dia de hoje. N\u00e3o sei quem viria e nem que horas que essa pessoa viria\u201d, disse.<\/p>\n<p>Fonte: Estad\u00e3o Conte\u00fado<\/p>\n<p>Foto: T\u00e2nia R\u00eago\/Ag\u00eancia Brasil<\/p>\n","protected":false},"excerpt":{"rendered":"<p>O governador do Rio de Janeiro,\u00a0Cl\u00e1udio Castro\u00a0(PL), afirmou na manh\u00e3 desta quarta-feira, 29, que o\u00a0governo do Estado \u201cn\u00e3o vai ficar chorando por ajuda do governo federal no combate ao crime. Em coletiva no Pal\u00e1cio Guanabara, um dia ap\u00f3s a megaopera\u00e7\u00e3o contra integrantes do Comando Vermelho, o chefe do Executivo fluminense disse que \u201cquem quiser somar [&hellip;]<\/p>\n","protected":false},"author":24,"featured_media":947942,"comment_status":"closed","ping_status":"closed","sticky":false,"template":"","format":"standard","meta":[],"categories":[14601],"tags":[18193,42026,530,1343,7313],"acf":[],"yoast_head":"<!-- This site is optimized with the Yoast SEO plugin v20.8 - https:\/\/yoast.com\/wordpress\/plugins\/seo\/ -->\n<title>CASTRO DIZ QUE \u2018N\u00c3O VAI FICAR CHORANDO\u2019 POR AJUDA DO GOVERNO FEDERAL: \u2018SOMA OU SUMA\u2019 - Bahia Economica O governador do Rio de Janeiro,\u00a0Cl\u00e1udio Castro\u00a0(PL), afirmou na manh\u00e3 desta quarta-feira, 29<\/title>\n<meta name=\"description\" content=\"O maior portal de Economia da Bahia Pol\u00edtica Bahia Economica O governador do Rio de Janeiro,\u00a0Cl\u00e1udio Castro\u00a0(PL), afirmou na manh\u00e3 desta quarta-feira, 29\" \/>\n<meta name=\"robots\" content=\"index, follow, max-snippet:-1, max-image-preview:large, max-video-preview:-1\" \/>\n<link rel=\"canonical\" href=\"https:\/\/bahiaeconomica.com.br\/wp\/2025\/10\/29\/castro-diz-que-nao-vai-ficar-chorando-por-ajuda-do-governo-federal-soma-ou-suma\/\" \/>\n<meta property=\"og:locale\" content=\"pt_BR\" \/>\n<meta property=\"og:type\" content=\"article\" \/>\n<meta property=\"og:title\" content=\"CASTRO DIZ QUE \u2018N\u00c3O VAI FICAR CHORANDO\u2019 POR AJUDA DO GOVERNO FEDERAL: \u2018SOMA OU SUMA\u2019 - Bahia Economica O governador do Rio de Janeiro,\u00a0Cl\u00e1udio Castro\u00a0(PL), afirmou na manh\u00e3 desta quarta-feira, 29\" \/>\n<meta property=\"og:description\" content=\"O maior portal de Economia da Bahia Pol\u00edtica Bahia Economica O governador do Rio de Janeiro,\u00a0Cl\u00e1udio Castro\u00a0(PL), afirmou na manh\u00e3 desta quarta-feira, 29\" \/>\n<meta property=\"og:url\" content=\"https:\/\/bahiaeconomica.com.br\/wp\/2025\/10\/29\/castro-diz-que-nao-vai-ficar-chorando-por-ajuda-do-governo-federal-soma-ou-suma\/\" \/>\n<meta property=\"og:site_name\" content=\"Bahia Economica\" \/>\n<meta property=\"article:publisher\" content=\"https:\/\/www.facebook.com\/bahiaeconomica\" \/>\n<meta property=\"article:published_time\" content=\"2025-10-29T17:30:08+00:00\" \/>\n<meta property=\"og:image\" content=\"https:\/\/bahiaeconomica.com.br\/wp\/wp-content\/uploads\/2025\/10\/Claudio-Castro.webp\" \/>\n\t<meta property=\"og:image:width\" content=\"786\" \/>\n\t<meta property=\"og:image:height\" content=\"442\" \/>\n\t<meta property=\"og:image:type\" content=\"image\/webp\" \/>\n<meta name=\"author\" content=\"VICTOR OLIVEIRA\" \/>\n<meta name=\"twitter:card\" content=\"summary_large_image\" \/>\n<meta name=\"twitter:label1\" content=\"Escrito por\" \/>\n\t<meta name=\"twitter:data1\" content=\"VICTOR OLIVEIRA\" \/>\n\t<meta name=\"twitter:label2\" content=\"Est. tempo de leitura\" \/>\n\t<meta name=\"twitter:data2\" content=\"3 minutos\" \/>\n<script type=\"application\/ld+json\" class=\"yoast-schema-graph\">{\"@context\":\"https:\/\/schema.org\",\"@graph\":[{\"@type\":\"Article\",\"@id\":\"https:\/\/bahiaeconomica.com.br\/wp\/2025\/10\/29\/castro-diz-que-nao-vai-ficar-chorando-por-ajuda-do-governo-federal-soma-ou-suma\/#article\",\"isPartOf\":{\"@id\":\"https:\/\/bahiaeconomica.com.br\/wp\/2025\/10\/29\/castro-diz-que-nao-vai-ficar-chorando-por-ajuda-do-governo-federal-soma-ou-suma\/\"},\"author\":{\"name\":\"VICTOR OLIVEIRA\",\"@id\":\"https:\/\/bahiaeconomica.com.br\/wp\/#\/schema\/person\/a17956d0e1112b626f403fb06b8129a9\"},\"headline\":\"CASTRO DIZ QUE \u2018N\u00c3O VAI FICAR CHORANDO\u2019 POR AJUDA DO GOVERNO FEDERAL: \u2018SOMA OU SUMA\u2019\",\"datePublished\":\"2025-10-29T17:30:08+00:00\",\"dateModified\":\"2025-10-29T17:30:08+00:00\",\"mainEntityOfPage\":{\"@id\":\"https:\/\/bahiaeconomica.com.br\/wp\/2025\/10\/29\/castro-diz-que-nao-vai-ficar-chorando-por-ajuda-do-governo-federal-soma-ou-suma\/\"},\"wordCount\":560,\"publisher\":{\"@id\":\"https:\/\/bahiaeconomica.com.br\/wp\/#organization\"},\"keywords\":[\"CL\u00c1UDIO CASTRO\",\"cv\",\"Governador\",\"opera\u00e7\u00e3o\",\"Pol\u00edcia Militar\"],\"articleSection\":[\"Pol\u00edtica\"],\"inLanguage\":\"pt-BR\"},{\"@type\":\"WebPage\",\"@id\":\"https:\/\/bahiaeconomica.com.br\/wp\/2025\/10\/29\/castro-diz-que-nao-vai-ficar-chorando-por-ajuda-do-governo-federal-soma-ou-suma\/\",\"url\":\"https:\/\/bahiaeconomica.com.br\/wp\/2025\/10\/29\/castro-diz-que-nao-vai-ficar-chorando-por-ajuda-do-governo-federal-soma-ou-suma\/\",\"name\":\"CASTRO DIZ QUE \u2018N\u00c3O VAI FICAR CHORANDO\u2019 POR AJUDA DO GOVERNO FEDERAL: \u2018SOMA OU SUMA\u2019 - Bahia Economica O governador do Rio de Janeiro,\u00a0Cl\u00e1udio Castro\u00a0(PL), afirmou na manh\u00e3 desta quarta-feira, 29\",\"isPartOf\":{\"@id\":\"https:\/\/bahiaeconomica.com.br\/wp\/#website\"},\"datePublished\":\"2025-10-29T17:30:08+00:00\",\"dateModified\":\"2025-10-29T17:30:08+00:00\",\"description\":\"O maior portal de Economia da Bahia Pol\u00edtica Bahia Economica O governador do Rio de Janeiro,\u00a0Cl\u00e1udio Castro\u00a0(PL), afirmou na manh\u00e3 desta quarta-feira, 29\",\"breadcrumb\":{\"@id\":\"https:\/\/bahiaeconomica.com.br\/wp\/2025\/10\/29\/castro-diz-que-nao-vai-ficar-chorando-por-ajuda-do-governo-federal-soma-ou-suma\/#breadcrumb\"},\"inLanguage\":\"pt-BR\",\"potentialAction\":[{\"@type\":\"ReadAction\",\"target\":[\"https:\/\/bahiaeconomica.com.br\/wp\/2025\/10\/29\/castro-diz-que-nao-vai-ficar-chorando-por-ajuda-do-governo-federal-soma-ou-suma\/\"]}]},{\"@type\":\"BreadcrumbList\",\"@id\":\"https:\/\/bahiaeconomica.com.br\/wp\/2025\/10\/29\/castro-diz-que-nao-vai-ficar-chorando-por-ajuda-do-governo-federal-soma-ou-suma\/#breadcrumb\",\"itemListElement\":[{\"@type\":\"ListItem\",\"position\":1,\"name\":\"In\u00edcio\",\"item\":\"https:\/\/bahiaeconomica.com.br\/wp\/\"},{\"@type\":\"ListItem\",\"position\":2,\"name\":\"CASTRO DIZ QUE \u2018N\u00c3O VAI FICAR CHORANDO\u2019 POR AJUDA DO GOVERNO FEDERAL: \u2018SOMA OU SUMA\u2019\"}]},{\"@type\":\"WebSite\",\"@id\":\"https:\/\/bahiaeconomica.com.br\/wp\/#website\",\"url\":\"https:\/\/bahiaeconomica.com.br\/wp\/\",\"name\":\"Bahia Economica\",\"description\":\"O maior portal de Economia da Bahia\",\"publisher\":{\"@id\":\"https:\/\/bahiaeconomica.com.br\/wp\/#organization\"},\"potentialAction\":[{\"@type\":\"SearchAction\",\"target\":{\"@type\":\"EntryPoint\",\"urlTemplate\":\"https:\/\/bahiaeconomica.com.br\/wp\/?s={search_term_string}\"},\"query-input\":\"required name=search_term_string\"}],\"inLanguage\":\"pt-BR\"},{\"@type\":\"Organization\",\"@id\":\"https:\/\/bahiaeconomica.com.br\/wp\/#organization\",\"name\":\"Bahia Econ\u00f4mica\",\"url\":\"https:\/\/bahiaeconomica.com.br\/wp\/\",\"logo\":{\"@type\":\"ImageObject\",\"inLanguage\":\"pt-BR\",\"@id\":\"https:\/\/bahiaeconomica.com.br\/wp\/#\/schema\/logo\/image\/\",\"url\":\"https:\/\/bahiaeconomica.com.br\/wp\/wp-content\/uploads\/2020\/12\/cropped-BE.png\",\"contentUrl\":\"https:\/\/bahiaeconomica.com.br\/wp\/wp-content\/uploads\/2020\/12\/cropped-BE.png\",\"width\":512,\"height\":512,\"caption\":\"Bahia Econ\u00f4mica\"},\"image\":{\"@id\":\"https:\/\/bahiaeconomica.com.br\/wp\/#\/schema\/logo\/image\/\"},\"sameAs\":[\"https:\/\/www.facebook.com\/bahiaeconomica\"]},{\"@type\":\"Person\",\"@id\":\"https:\/\/bahiaeconomica.com.br\/wp\/#\/schema\/person\/a17956d0e1112b626f403fb06b8129a9\",\"name\":\"VICTOR OLIVEIRA\",\"sameAs\":[\"http:\/\/www.bahiaeconomica.com.br\"],\"url\":\"https:\/\/bahiaeconomica.com.br\/wp\/author\/victor-oliveira\/\"}]}<\/script>\n<!-- \/ Yoast SEO plugin. -->","yoast_head_json":{"title":"CASTRO DIZ QUE \u2018N\u00c3O VAI FICAR CHORANDO\u2019 POR AJUDA DO GOVERNO FEDERAL: \u2018SOMA OU SUMA\u2019 - Bahia Economica O governador do Rio de Janeiro,\u00a0Cl\u00e1udio Castro\u00a0(PL), afirmou na manh\u00e3 desta quarta-feira, 29","description":"O maior portal de Economia da Bahia Pol\u00edtica Bahia Economica O governador do Rio de Janeiro,\u00a0Cl\u00e1udio Castro\u00a0(PL), afirmou na manh\u00e3 desta quarta-feira, 29","robots":{"index":"index","follow":"follow","max-snippet":"max-snippet:-1","max-image-preview":"max-image-preview:large","max-video-preview":"max-video-preview:-1"},"canonical":"https:\/\/bahiaeconomica.com.br\/wp\/2025\/10\/29\/castro-diz-que-nao-vai-ficar-chorando-por-ajuda-do-governo-federal-soma-ou-suma\/","og_locale":"pt_BR","og_type":"article","og_title":"CASTRO DIZ QUE \u2018N\u00c3O VAI FICAR CHORANDO\u2019 POR AJUDA DO GOVERNO FEDERAL: \u2018SOMA OU SUMA\u2019 - Bahia Economica O governador do Rio de Janeiro,\u00a0Cl\u00e1udio Castro\u00a0(PL), afirmou na manh\u00e3 desta quarta-feira, 29","og_description":"O maior portal de Economia da Bahia Pol\u00edtica Bahia Economica O governador do Rio de Janeiro,\u00a0Cl\u00e1udio Castro\u00a0(PL), afirmou na manh\u00e3 desta quarta-feira, 29","og_url":"https:\/\/bahiaeconomica.com.br\/wp\/2025\/10\/29\/castro-diz-que-nao-vai-ficar-chorando-por-ajuda-do-governo-federal-soma-ou-suma\/","og_site_name":"Bahia Economica","article_publisher":"https:\/\/www.facebook.com\/bahiaeconomica","article_published_time":"2025-10-29T17:30:08+00:00","og_image":[{"width":786,"height":442,"url":"https:\/\/bahiaeconomica.com.br\/wp\/wp-content\/uploads\/2025\/10\/Claudio-Castro.webp","type":"image\/webp"}],"author":"VICTOR OLIVEIRA","twitter_card":"summary_large_image","twitter_misc":{"Escrito por":"VICTOR OLIVEIRA","Est. tempo de leitura":"3 minutos"},"schema":{"@context":"https:\/\/schema.org","@graph":[{"@type":"Article","@id":"https:\/\/bahiaeconomica.com.br\/wp\/2025\/10\/29\/castro-diz-que-nao-vai-ficar-chorando-por-ajuda-do-governo-federal-soma-ou-suma\/#article","isPartOf":{"@id":"https:\/\/bahiaeconomica.com.br\/wp\/2025\/10\/29\/castro-diz-que-nao-vai-ficar-chorando-por-ajuda-do-governo-federal-soma-ou-suma\/"},"author":{"name":"VICTOR OLIVEIRA","@id":"https:\/\/bahiaeconomica.com.br\/wp\/#\/schema\/person\/a17956d0e1112b626f403fb06b8129a9"},"headline":"CASTRO DIZ QUE \u2018N\u00c3O VAI FICAR CHORANDO\u2019 POR AJUDA DO GOVERNO FEDERAL: \u2018SOMA OU SUMA\u2019","datePublished":"2025-10-29T17:30:08+00:00","dateModified":"2025-10-29T17:30:08+00:00","mainEntityOfPage":{"@id":"https:\/\/bahiaeconomica.com.br\/wp\/2025\/10\/29\/castro-diz-que-nao-vai-ficar-chorando-por-ajuda-do-governo-federal-soma-ou-suma\/"},"wordCount":560,"publisher":{"@id":"https:\/\/bahiaeconomica.com.br\/wp\/#organization"},"keywords":["CL\u00c1UDIO CASTRO","cv","Governador","opera\u00e7\u00e3o","Pol\u00edcia Militar"],"articleSection":["Pol\u00edtica"],"inLanguage":"pt-BR"},{"@type":"WebPage","@id":"https:\/\/bahiaeconomica.com.br\/wp\/2025\/10\/29\/castro-diz-que-nao-vai-ficar-chorando-por-ajuda-do-governo-federal-soma-ou-suma\/","url":"https:\/\/bahiaeconomica.com.br\/wp\/2025\/10\/29\/castro-diz-que-nao-vai-ficar-chorando-por-ajuda-do-governo-federal-soma-ou-suma\/","name":"CASTRO DIZ QUE \u2018N\u00c3O VAI FICAR CHORANDO\u2019 POR AJUDA DO GOVERNO FEDERAL: \u2018SOMA OU SUMA\u2019 - Bahia Economica O governador do Rio de Janeiro,\u00a0Cl\u00e1udio Castro\u00a0(PL), afirmou na manh\u00e3 desta quarta-feira, 29","isPartOf":{"@id":"https:\/\/bahiaeconomica.com.br\/wp\/#website"},"datePublished":"2025-10-29T17:30:08+00:00","dateModified":"2025-10-29T17:30:08+00:00","description":"O maior portal de Economia da Bahia Pol\u00edtica Bahia Economica O governador do Rio de Janeiro,\u00a0Cl\u00e1udio Castro\u00a0(PL), afirmou na manh\u00e3 desta quarta-feira, 29","breadcrumb":{"@id":"https:\/\/bahiaeconomica.com.br\/wp\/2025\/10\/29\/castro-diz-que-nao-vai-ficar-chorando-por-ajuda-do-governo-federal-soma-ou-suma\/#breadcrumb"},"inLanguage":"pt-BR","potentialAction":[{"@type":"ReadAction","target":["https:\/\/bahiaeconomica.com.br\/wp\/2025\/10\/29\/castro-diz-que-nao-vai-ficar-chorando-por-ajuda-do-governo-federal-soma-ou-suma\/"]}]},{"@type":"BreadcrumbList","@id":"https:\/\/bahiaeconomica.com.br\/wp\/2025\/10\/29\/castro-diz-que-nao-vai-ficar-chorando-por-ajuda-do-governo-federal-soma-ou-suma\/#breadcrumb","itemListElement":[{"@type":"ListItem","position":1,"name":"In\u00edcio","item":"https:\/\/bahiaeconomica.com.br\/wp\/"},{"@type":"ListItem","position":2,"name":"CASTRO DIZ QUE \u2018N\u00c3O VAI FICAR CHORANDO\u2019 POR AJUDA DO GOVERNO FEDERAL: \u2018SOMA OU SUMA\u2019"}]},{"@type":"WebSite","@id":"https:\/\/bahiaeconomica.com.br\/wp\/#website","url":"https:\/\/bahiaeconomica.com.br\/wp\/","name":"Bahia Economica","description":"O maior portal de Economia da Bahia","publisher":{"@id":"https:\/\/bahiaeconomica.com.br\/wp\/#organization"},"potentialAction":[{"@type":"SearchAction","target":{"@type":"EntryPoint","urlTemplate":"https:\/\/bahiaeconomica.com.br\/wp\/?s={search_term_string}"},"query-input":"required name=search_term_string"}],"inLanguage":"pt-BR"},{"@type":"Organization","@id":"https:\/\/bahiaeconomica.com.br\/wp\/#organization","name":"Bahia Econ\u00f4mica","url":"https:\/\/bahiaeconomica.com.br\/wp\/","logo":{"@type":"ImageObject","inLanguage":"pt-BR","@id":"https:\/\/bahiaeconomica.com.br\/wp\/#\/schema\/logo\/image\/","url":"https:\/\/bahiaeconomica.com.br\/wp\/wp-content\/uploads\/2020\/12\/cropped-BE.png","contentUrl":"https:\/\/bahiaeconomica.com.br\/wp\/wp-content\/uploads\/2020\/12\/cropped-BE.png","width":512,"height":512,"caption":"Bahia Econ\u00f4mica"},"image":{"@id":"https:\/\/bahiaeconomica.com.br\/wp\/#\/schema\/logo\/image\/"},"sameAs":["https:\/\/www.facebook.com\/bahiaeconomica"]},{"@type":"Person","@id":"https:\/\/bahiaeconomica.com.br\/wp\/#\/schema\/person\/a17956d0e1112b626f403fb06b8129a9","name":"VICTOR OLIVEIRA","sameAs":["http:\/\/www.bahiaeconomica.com.br"],"url":"https:\/\/bahiaeconomica.com.br\/wp\/author\/victor-oliveira\/"}]}},"views":7,"_links":{"self":[{"href":"https:\/\/bahiaeconomica.com.br\/wp\/wp-json\/wp\/v2\/posts\/947940"}],"collection":[{"href":"https:\/\/bahiaeconomica.com.br\/wp\/wp-json\/wp\/v2\/posts"}],"about":[{"href":"https:\/\/bahiaeconomica.com.br\/wp\/wp-json\/wp\/v2\/types\/post"}],"author":[{"embeddable":true,"href":"https:\/\/bahiaeconomica.com.br\/wp\/wp-json\/wp\/v2\/users\/24"}],"replies":[{"embeddable":true,"href":"https:\/\/bahiaeconomica.com.br\/wp\/wp-json\/wp\/v2\/comments?post=947940"}],"version-history":[{"count":1,"href":"https:\/\/bahiaeconomica.com.br\/wp\/wp-json\/wp\/v2\/posts\/947940\/revisions"}],"predecessor-version":[{"id":947944,"href":"https:\/\/bahiaeconomica.com.br\/wp\/wp-json\/wp\/v2\/posts\/947940\/revisions\/947944"}],"wp:featuredmedia":[{"embeddable":true,"href":"https:\/\/bahiaeconomica.com.br\/wp\/wp-json\/wp\/v2\/media\/947942"}],"wp:attachment":[{"href":"https:\/\/bahiaeconomica.com.br\/wp\/wp-json\/wp\/v2\/media?parent=947940"}],"wp:term":[{"taxonomy":"category","embeddable":true,"href":"https:\/\/bahiaeconomica.com.br\/wp\/wp-json\/wp\/v2\/categories?post=947940"},{"taxonomy":"post_tag","embeddable":true,"href":"https:\/\/bahiaeconomica.com.br\/wp\/wp-json\/wp\/v2\/tags?post=947940"}],"curies":[{"name":"wp","href":"https:\/\/api.w.org\/{rel}","templated":true}]}}