{"id":947808,"date":"2025-10-29T09:16:14","date_gmt":"2025-10-29T12:16:14","guid":{"rendered":"https:\/\/bahiaeconomica.com.br\/wp\/?p=947808"},"modified":"2025-10-29T09:24:54","modified_gmt":"2025-10-29T12:24:54","slug":"mudancas-na-entrada-do-var-em-lances-de-cartao-amarelo-e-arremesso-laterale","status":"publish","type":"post","link":"https:\/\/bahiaeconomica.com.br\/wp\/2025\/10\/29\/mudancas-na-entrada-do-var-em-lances-de-cartao-amarelo-e-arremesso-laterale\/","title":{"rendered":"MUDAN\u00c7AS NA ENTRADA DO VAR EM LAN\u00c7ES DE CART\u00c3O AMARELO E ARREMESSO LATERAL"},"content":{"rendered":"<p data-start=\"0\" data-end=\"246\">Uma reuni\u00e3o recente da International Football Association Board (IFAB) discutiu duas poss\u00edveis mudan\u00e7as nas regras do futebol: a entrada do VAR em situa\u00e7\u00f5es de segundo cart\u00e3o amarelo e a cria\u00e7\u00e3o de um limite de tempo para arremessos de lateral.<\/p>\n<p data-start=\"248\" data-end=\"700\">No caso do VAR, o objetivo seria permitir que o \u00e1rbitro assistente de v\u00eddeo pudesse intervir em lances que resultem em um segundo cart\u00e3o amarelo considerado injusto. Atualmente, o VAR s\u00f3 pode atuar em quatro tipos de jogadas: gols, p\u00eanaltis, cart\u00f5es vermelhos diretos e casos de identidade errada. A proposta pretende ampliar essa atua\u00e7\u00e3o para evitar expuls\u00f5es equivocadas, embora ainda haja preocupa\u00e7\u00e3o com poss\u00edveis atrasos no andamento das partidas.<\/p>\n<p data-start=\"702\" data-end=\"1064\">J\u00e1 a segunda pauta tratou da ideia de estabelecer um tempo m\u00e1ximo para rein\u00edcios de jogo, especialmente nos arremessos de lateral. A medida busca reduzir o desperd\u00edcio de tempo e tornar o jogo mais din\u00e2mico. Essa discuss\u00e3o faz parte de um esfor\u00e7o maior da IFAB para combater o antijogo e o excesso de paralisa\u00e7\u00f5es, incentivando partidas mais fluidas e cont\u00ednuas.<\/p>\n<p data-start=\"1066\" data-end=\"1305\" data-is-last-node=\"\" data-is-only-node=\"\">As propostas ainda est\u00e3o em fase de avalia\u00e7\u00e3o e devem ser analisadas novamente na pr\u00f3xima assembleia anual da IFAB. Caso sejam aprovadas, poder\u00e3o representar mudan\u00e7as significativas na din\u00e2mica e na justi\u00e7a das partidas de futebol moderno.<\/p>\n<p data-start=\"1066\" data-end=\"1305\" data-is-last-node=\"\" data-is-only-node=\"\">Foto: Nicksson Melo \/ ge Par\u00e1<\/p>\n","protected":false},"excerpt":{"rendered":"<p>Uma reuni\u00e3o recente da International Football Association Board (IFAB) discutiu duas poss\u00edveis mudan\u00e7as nas regras do futebol: a entrada do VAR em situa\u00e7\u00f5es de segundo cart\u00e3o amarelo e a cria\u00e7\u00e3o de um limite de tempo para arremessos de lateral. No caso do VAR, o objetivo seria permitir que o \u00e1rbitro assistente de v\u00eddeo pudesse intervir [&hellip;]<\/p>\n","protected":false},"author":30,"featured_media":947828,"comment_status":"closed","ping_status":"closed","sticky":false,"template":"","format":"standard","meta":[],"categories":[4486],"tags":[42017,42016,1667,39045],"acf":[],"yoast_head":"<!-- This site is optimized with the Yoast SEO plugin v20.8 - https:\/\/yoast.com\/wordpress\/plugins\/seo\/ -->\n<title>MUDAN\u00c7AS NA ENTRADA DO VAR EM LAN\u00c7ES DE CART\u00c3O AMARELO E ARREMESSO LATERAL - Bahia Economica<\/title>\n<meta name=\"description\" content=\"O maior portal de Economia da Bahia Esporte Bahia Economica\" \/>\n<meta name=\"robots\" content=\"index, follow, max-snippet:-1, max-image-preview:large, max-video-preview:-1\" \/>\n<link rel=\"canonical\" href=\"https:\/\/bahiaeconomica.com.br\/wp\/2025\/10\/29\/mudancas-na-entrada-do-var-em-lances-de-cartao-amarelo-e-arremesso-laterale\/\" \/>\n<meta property=\"og:locale\" content=\"pt_BR\" \/>\n<meta property=\"og:type\" content=\"article\" \/>\n<meta property=\"og:title\" content=\"MUDAN\u00c7AS NA ENTRADA DO VAR EM LAN\u00c7ES DE CART\u00c3O AMARELO E ARREMESSO LATERAL - Bahia Economica\" \/>\n<meta property=\"og:description\" content=\"O maior portal de Economia da Bahia Esporte Bahia Economica\" \/>\n<meta property=\"og:url\" content=\"https:\/\/bahiaeconomica.com.br\/wp\/2025\/10\/29\/mudancas-na-entrada-do-var-em-lances-de-cartao-amarelo-e-arremesso-laterale\/\" \/>\n<meta property=\"og:site_name\" content=\"Bahia Economica\" \/>\n<meta property=\"article:publisher\" content=\"https:\/\/www.facebook.com\/bahiaeconomica\" \/>\n<meta property=\"article:published_time\" content=\"2025-10-29T12:16:14+00:00\" \/>\n<meta property=\"article:modified_time\" content=\"2025-10-29T12:24:54+00:00\" \/>\n<meta property=\"og:image\" content=\"https:\/\/bahiaeconomica.com.br\/wp\/wp-content\/uploads\/2025\/10\/WhatsApp-Image-2025-10-29-at-09.10.52.jpeg\" \/>\n\t<meta property=\"og:image:width\" content=\"984\" \/>\n\t<meta property=\"og:image:height\" content=\"738\" \/>\n\t<meta property=\"og:image:type\" content=\"image\/jpeg\" \/>\n<meta name=\"author\" content=\"Igor Lima\" \/>\n<meta name=\"twitter:card\" content=\"summary_large_image\" \/>\n<meta name=\"twitter:label1\" content=\"Escrito por\" \/>\n\t<meta name=\"twitter:data1\" content=\"Igor Lima\" \/>\n\t<meta name=\"twitter:label2\" content=\"Est. tempo de leitura\" \/>\n\t<meta name=\"twitter:data2\" content=\"2 minutos\" \/>\n<script type=\"application\/ld+json\" class=\"yoast-schema-graph\">{\"@context\":\"https:\/\/schema.org\",\"@graph\":[{\"@type\":\"Article\",\"@id\":\"https:\/\/bahiaeconomica.com.br\/wp\/2025\/10\/29\/mudancas-na-entrada-do-var-em-lances-de-cartao-amarelo-e-arremesso-laterale\/#article\",\"isPartOf\":{\"@id\":\"https:\/\/bahiaeconomica.com.br\/wp\/2025\/10\/29\/mudancas-na-entrada-do-var-em-lances-de-cartao-amarelo-e-arremesso-laterale\/\"},\"author\":{\"name\":\"Igor Lima\",\"@id\":\"https:\/\/bahiaeconomica.com.br\/wp\/#\/schema\/person\/23d69cf5269928c69c6577aa8c98e537\"},\"headline\":\"MUDAN\u00c7AS NA ENTRADA DO VAR EM LAN\u00c7ES DE CART\u00c3O AMARELO E ARREMESSO LATERAL\",\"datePublished\":\"2025-10-29T12:16:14+00:00\",\"dateModified\":\"2025-10-29T12:24:54+00:00\",\"mainEntityOfPage\":{\"@id\":\"https:\/\/bahiaeconomica.com.br\/wp\/2025\/10\/29\/mudancas-na-entrada-do-var-em-lances-de-cartao-amarelo-e-arremesso-laterale\/\"},\"wordCount\":254,\"publisher\":{\"@id\":\"https:\/\/bahiaeconomica.com.br\/wp\/#organization\"},\"keywords\":[\"ARREMESOS LATERAIS\",\"CARTAO AMARELO\",\"mudan\u00e7as\",\"var\"],\"articleSection\":[\"Esporte\"],\"inLanguage\":\"pt-BR\"},{\"@type\":\"WebPage\",\"@id\":\"https:\/\/bahiaeconomica.com.br\/wp\/2025\/10\/29\/mudancas-na-entrada-do-var-em-lances-de-cartao-amarelo-e-arremesso-laterale\/\",\"url\":\"https:\/\/bahiaeconomica.com.br\/wp\/2025\/10\/29\/mudancas-na-entrada-do-var-em-lances-de-cartao-amarelo-e-arremesso-laterale\/\",\"name\":\"MUDAN\u00c7AS NA ENTRADA DO VAR EM LAN\u00c7ES DE CART\u00c3O AMARELO E ARREMESSO LATERAL - Bahia Economica\",\"isPartOf\":{\"@id\":\"https:\/\/bahiaeconomica.com.br\/wp\/#website\"},\"datePublished\":\"2025-10-29T12:16:14+00:00\",\"dateModified\":\"2025-10-29T12:24:54+00:00\",\"description\":\"O maior portal de Economia da Bahia Esporte Bahia Economica\",\"breadcrumb\":{\"@id\":\"https:\/\/bahiaeconomica.com.br\/wp\/2025\/10\/29\/mudancas-na-entrada-do-var-em-lances-de-cartao-amarelo-e-arremesso-laterale\/#breadcrumb\"},\"inLanguage\":\"pt-BR\",\"potentialAction\":[{\"@type\":\"ReadAction\",\"target\":[\"https:\/\/bahiaeconomica.com.br\/wp\/2025\/10\/29\/mudancas-na-entrada-do-var-em-lances-de-cartao-amarelo-e-arremesso-laterale\/\"]}]},{\"@type\":\"BreadcrumbList\",\"@id\":\"https:\/\/bahiaeconomica.com.br\/wp\/2025\/10\/29\/mudancas-na-entrada-do-var-em-lances-de-cartao-amarelo-e-arremesso-laterale\/#breadcrumb\",\"itemListElement\":[{\"@type\":\"ListItem\",\"position\":1,\"name\":\"In\u00edcio\",\"item\":\"https:\/\/bahiaeconomica.com.br\/wp\/\"},{\"@type\":\"ListItem\",\"position\":2,\"name\":\"MUDAN\u00c7AS NA ENTRADA DO VAR EM LAN\u00c7ES DE CART\u00c3O AMARELO E ARREMESSO LATERAL\"}]},{\"@type\":\"WebSite\",\"@id\":\"https:\/\/bahiaeconomica.com.br\/wp\/#website\",\"url\":\"https:\/\/bahiaeconomica.com.br\/wp\/\",\"name\":\"Bahia Economica\",\"description\":\"O maior portal de Economia da Bahia\",\"publisher\":{\"@id\":\"https:\/\/bahiaeconomica.com.br\/wp\/#organization\"},\"potentialAction\":[{\"@type\":\"SearchAction\",\"target\":{\"@type\":\"EntryPoint\",\"urlTemplate\":\"https:\/\/bahiaeconomica.com.br\/wp\/?s={search_term_string}\"},\"query-input\":\"required name=search_term_string\"}],\"inLanguage\":\"pt-BR\"},{\"@type\":\"Organization\",\"@id\":\"https:\/\/bahiaeconomica.com.br\/wp\/#organization\",\"name\":\"Bahia Econ\u00f4mica\",\"url\":\"https:\/\/bahiaeconomica.com.br\/wp\/\",\"logo\":{\"@type\":\"ImageObject\",\"inLanguage\":\"pt-BR\",\"@id\":\"https:\/\/bahiaeconomica.com.br\/wp\/#\/schema\/logo\/image\/\",\"url\":\"https:\/\/bahiaeconomica.com.br\/wp\/wp-content\/uploads\/2020\/12\/cropped-BE.png\",\"contentUrl\":\"https:\/\/bahiaeconomica.com.br\/wp\/wp-content\/uploads\/2020\/12\/cropped-BE.png\",\"width\":512,\"height\":512,\"caption\":\"Bahia Econ\u00f4mica\"},\"image\":{\"@id\":\"https:\/\/bahiaeconomica.com.br\/wp\/#\/schema\/logo\/image\/\"},\"sameAs\":[\"https:\/\/www.facebook.com\/bahiaeconomica\"]},{\"@type\":\"Person\",\"@id\":\"https:\/\/bahiaeconomica.com.br\/wp\/#\/schema\/person\/23d69cf5269928c69c6577aa8c98e537\",\"name\":\"Igor Lima\",\"sameAs\":[\"http:\/\/www.bahiaeconomica.com.br\"],\"url\":\"https:\/\/bahiaeconomica.com.br\/wp\/author\/igor-lima\/\"}]}<\/script>\n<!-- \/ Yoast SEO plugin. -->","yoast_head_json":{"title":"MUDAN\u00c7AS NA ENTRADA DO VAR EM LAN\u00c7ES DE CART\u00c3O AMARELO E ARREMESSO LATERAL - Bahia Economica","description":"O maior portal de Economia da Bahia Esporte Bahia Economica","robots":{"index":"index","follow":"follow","max-snippet":"max-snippet:-1","max-image-preview":"max-image-preview:large","max-video-preview":"max-video-preview:-1"},"canonical":"https:\/\/bahiaeconomica.com.br\/wp\/2025\/10\/29\/mudancas-na-entrada-do-var-em-lances-de-cartao-amarelo-e-arremesso-laterale\/","og_locale":"pt_BR","og_type":"article","og_title":"MUDAN\u00c7AS NA ENTRADA DO VAR EM LAN\u00c7ES DE CART\u00c3O AMARELO E ARREMESSO LATERAL - Bahia Economica","og_description":"O maior portal de Economia da Bahia Esporte Bahia Economica","og_url":"https:\/\/bahiaeconomica.com.br\/wp\/2025\/10\/29\/mudancas-na-entrada-do-var-em-lances-de-cartao-amarelo-e-arremesso-laterale\/","og_site_name":"Bahia Economica","article_publisher":"https:\/\/www.facebook.com\/bahiaeconomica","article_published_time":"2025-10-29T12:16:14+00:00","article_modified_time":"2025-10-29T12:24:54+00:00","og_image":[{"width":984,"height":738,"url":"https:\/\/bahiaeconomica.com.br\/wp\/wp-content\/uploads\/2025\/10\/WhatsApp-Image-2025-10-29-at-09.10.52.jpeg","type":"image\/jpeg"}],"author":"Igor Lima","twitter_card":"summary_large_image","twitter_misc":{"Escrito por":"Igor Lima","Est. tempo de leitura":"2 minutos"},"schema":{"@context":"https:\/\/schema.org","@graph":[{"@type":"Article","@id":"https:\/\/bahiaeconomica.com.br\/wp\/2025\/10\/29\/mudancas-na-entrada-do-var-em-lances-de-cartao-amarelo-e-arremesso-laterale\/#article","isPartOf":{"@id":"https:\/\/bahiaeconomica.com.br\/wp\/2025\/10\/29\/mudancas-na-entrada-do-var-em-lances-de-cartao-amarelo-e-arremesso-laterale\/"},"author":{"name":"Igor Lima","@id":"https:\/\/bahiaeconomica.com.br\/wp\/#\/schema\/person\/23d69cf5269928c69c6577aa8c98e537"},"headline":"MUDAN\u00c7AS NA ENTRADA DO VAR EM LAN\u00c7ES DE CART\u00c3O AMARELO E ARREMESSO LATERAL","datePublished":"2025-10-29T12:16:14+00:00","dateModified":"2025-10-29T12:24:54+00:00","mainEntityOfPage":{"@id":"https:\/\/bahiaeconomica.com.br\/wp\/2025\/10\/29\/mudancas-na-entrada-do-var-em-lances-de-cartao-amarelo-e-arremesso-laterale\/"},"wordCount":254,"publisher":{"@id":"https:\/\/bahiaeconomica.com.br\/wp\/#organization"},"keywords":["ARREMESOS LATERAIS","CARTAO AMARELO","mudan\u00e7as","var"],"articleSection":["Esporte"],"inLanguage":"pt-BR"},{"@type":"WebPage","@id":"https:\/\/bahiaeconomica.com.br\/wp\/2025\/10\/29\/mudancas-na-entrada-do-var-em-lances-de-cartao-amarelo-e-arremesso-laterale\/","url":"https:\/\/bahiaeconomica.com.br\/wp\/2025\/10\/29\/mudancas-na-entrada-do-var-em-lances-de-cartao-amarelo-e-arremesso-laterale\/","name":"MUDAN\u00c7AS NA ENTRADA DO VAR EM LAN\u00c7ES DE CART\u00c3O AMARELO E ARREMESSO LATERAL - Bahia Economica","isPartOf":{"@id":"https:\/\/bahiaeconomica.com.br\/wp\/#website"},"datePublished":"2025-10-29T12:16:14+00:00","dateModified":"2025-10-29T12:24:54+00:00","description":"O maior portal de Economia da Bahia Esporte Bahia Economica","breadcrumb":{"@id":"https:\/\/bahiaeconomica.com.br\/wp\/2025\/10\/29\/mudancas-na-entrada-do-var-em-lances-de-cartao-amarelo-e-arremesso-laterale\/#breadcrumb"},"inLanguage":"pt-BR","potentialAction":[{"@type":"ReadAction","target":["https:\/\/bahiaeconomica.com.br\/wp\/2025\/10\/29\/mudancas-na-entrada-do-var-em-lances-de-cartao-amarelo-e-arremesso-laterale\/"]}]},{"@type":"BreadcrumbList","@id":"https:\/\/bahiaeconomica.com.br\/wp\/2025\/10\/29\/mudancas-na-entrada-do-var-em-lances-de-cartao-amarelo-e-arremesso-laterale\/#breadcrumb","itemListElement":[{"@type":"ListItem","position":1,"name":"In\u00edcio","item":"https:\/\/bahiaeconomica.com.br\/wp\/"},{"@type":"ListItem","position":2,"name":"MUDAN\u00c7AS NA ENTRADA DO VAR EM LAN\u00c7ES DE CART\u00c3O AMARELO E ARREMESSO LATERAL"}]},{"@type":"WebSite","@id":"https:\/\/bahiaeconomica.com.br\/wp\/#website","url":"https:\/\/bahiaeconomica.com.br\/wp\/","name":"Bahia Economica","description":"O maior portal de Economia da Bahia","publisher":{"@id":"https:\/\/bahiaeconomica.com.br\/wp\/#organization"},"potentialAction":[{"@type":"SearchAction","target":{"@type":"EntryPoint","urlTemplate":"https:\/\/bahiaeconomica.com.br\/wp\/?s={search_term_string}"},"query-input":"required name=search_term_string"}],"inLanguage":"pt-BR"},{"@type":"Organization","@id":"https:\/\/bahiaeconomica.com.br\/wp\/#organization","name":"Bahia Econ\u00f4mica","url":"https:\/\/bahiaeconomica.com.br\/wp\/","logo":{"@type":"ImageObject","inLanguage":"pt-BR","@id":"https:\/\/bahiaeconomica.com.br\/wp\/#\/schema\/logo\/image\/","url":"https:\/\/bahiaeconomica.com.br\/wp\/wp-content\/uploads\/2020\/12\/cropped-BE.png","contentUrl":"https:\/\/bahiaeconomica.com.br\/wp\/wp-content\/uploads\/2020\/12\/cropped-BE.png","width":512,"height":512,"caption":"Bahia Econ\u00f4mica"},"image":{"@id":"https:\/\/bahiaeconomica.com.br\/wp\/#\/schema\/logo\/image\/"},"sameAs":["https:\/\/www.facebook.com\/bahiaeconomica"]},{"@type":"Person","@id":"https:\/\/bahiaeconomica.com.br\/wp\/#\/schema\/person\/23d69cf5269928c69c6577aa8c98e537","name":"Igor Lima","sameAs":["http:\/\/www.bahiaeconomica.com.br"],"url":"https:\/\/bahiaeconomica.com.br\/wp\/author\/igor-lima\/"}]}},"views":10,"_links":{"self":[{"href":"https:\/\/bahiaeconomica.com.br\/wp\/wp-json\/wp\/v2\/posts\/947808"}],"collection":[{"href":"https:\/\/bahiaeconomica.com.br\/wp\/wp-json\/wp\/v2\/posts"}],"about":[{"href":"https:\/\/bahiaeconomica.com.br\/wp\/wp-json\/wp\/v2\/types\/post"}],"author":[{"embeddable":true,"href":"https:\/\/bahiaeconomica.com.br\/wp\/wp-json\/wp\/v2\/users\/30"}],"replies":[{"embeddable":true,"href":"https:\/\/bahiaeconomica.com.br\/wp\/wp-json\/wp\/v2\/comments?post=947808"}],"version-history":[{"count":2,"href":"https:\/\/bahiaeconomica.com.br\/wp\/wp-json\/wp\/v2\/posts\/947808\/revisions"}],"predecessor-version":[{"id":947840,"href":"https:\/\/bahiaeconomica.com.br\/wp\/wp-json\/wp\/v2\/posts\/947808\/revisions\/947840"}],"wp:featuredmedia":[{"embeddable":true,"href":"https:\/\/bahiaeconomica.com.br\/wp\/wp-json\/wp\/v2\/media\/947828"}],"wp:attachment":[{"href":"https:\/\/bahiaeconomica.com.br\/wp\/wp-json\/wp\/v2\/media?parent=947808"}],"wp:term":[{"taxonomy":"category","embeddable":true,"href":"https:\/\/bahiaeconomica.com.br\/wp\/wp-json\/wp\/v2\/categories?post=947808"},{"taxonomy":"post_tag","embeddable":true,"href":"https:\/\/bahiaeconomica.com.br\/wp\/wp-json\/wp\/v2\/tags?post=947808"}],"curies":[{"name":"wp","href":"https:\/\/api.w.org\/{rel}","templated":true}]}}