{"id":947699,"date":"2025-10-28T17:59:23","date_gmt":"2025-10-28T20:59:23","guid":{"rendered":"https:\/\/bahiaeconomica.com.br\/wp\/?p=947699"},"modified":"2025-10-28T17:59:23","modified_gmt":"2025-10-28T20:59:23","slug":"ministerio-da-justica-rebate-castro-e-diz-que-nao-negou-nenhum-pedido-de-ajuda-ao-rio","status":"publish","type":"post","link":"https:\/\/bahiaeconomica.com.br\/wp\/2025\/10\/28\/ministerio-da-justica-rebate-castro-e-diz-que-nao-negou-nenhum-pedido-de-ajuda-ao-rio\/","title":{"rendered":"MINIST\u00c9RIO DA JUSTI\u00c7A REBATE CASTRO E DIZ QUE N\u00c3O NEGOU NENHUM PEDIDO DE AJUDA AO RIO"},"content":{"rendered":"<p>O Minist\u00e9rio da Justi\u00e7a e Seguran\u00e7a P\u00fablica (MJSP) rebateu o governador do Rio de Janeiro, Cl\u00e1udio Castro (PL), e afirmou, por meio de nota, que tem atendido \u201cprontamente a todos os pedidos\u201d de envio da For\u00e7a Nacional ao Estado.<\/p>\n<p>Em coletiva de imprensa ap\u00f3s a opera\u00e7\u00e3o contra o Comando Vermelho (CV) que deixou ao menos 64 mortos, Castro afirmou que o Estado que comanda enfrenta o crime organizado \u201csozinho\u201d, uma vez que for\u00e7as federais, segundo ele, n\u00e3o o ajudam.<\/p>\n<p>A nota do MJSP lista uma s\u00e9rie de medidas tomadas entre o governo federal e o Rio de Janeiro, como opera\u00e7\u00f5es integradas, investimentos e apoio de agentes. E diz que, desde 2023, primeiro ano do atual mandato do presidente Luiz In\u00e1cio Lula da Silva (PT), todas as 11 solicita\u00e7\u00f5es de renova\u00e7\u00e3o da For\u00e7a Nacional no territ\u00f3rio fluminense foram acatadas.<\/p>\n<p>O minist\u00e9rio, chefiado por Ricardo Lewandowski, tamb\u00e9m menciona 178 opera\u00e7\u00f5es da Pol\u00edcia Federal no Rio de Janeiro em 2025, com 210 pris\u00f5es efetuadas e apreens\u00e3o de 10 toneladas de drogas e 190 armas de fogo; 855 mandados de pris\u00e3o cumpridos entre 2024 e 2025; e dezenas de milhares de objetos apreendidos pela Pol\u00edcia Rodovi\u00e1ria Federal desde 2023, de ve\u00edculos a armas, muni\u00e7\u00f5es e drogas.<\/p>\n<p>A nota provoca Castro ao dizer que o Fundo Penitenci\u00e1rio Nacional repassou mais de<\/p>\n<p>R$ 99 milh\u00f5es ao Estado entre 2016 e 2024, dos quais \u201capenas cerca de R$ 39 milh\u00f5es foram efetivamente utilizados, restando mais de R$ 104 milh\u00f5es ainda em conta\u201d. Tamb\u00e9m menciona um saldo de R$ 174 milh\u00f5es n\u00e3o usado dos repasses do Fundo Nacional de Seguran\u00e7a P\u00fablica.<\/p>\n<p>Entre os acordos de coopera\u00e7\u00e3o firmados entre as duas administra\u00e7\u00f5es, o MJSP menciona a integra\u00e7\u00e3o do Estado \u00e0 Rede Nacional de Unidades Especializadas de Enfrentamento das Organiza\u00e7\u00f5es Criminosas (Renorcrim) e \u00e0 Rede Nacional de Recupera\u00e7\u00e3o de Ativos de Fac\u00e7\u00f5es Criminosas (Recupera), um acordo de coopera\u00e7\u00e3o t\u00e9cnica para a cria\u00e7\u00e3o da C\u00e9lula Integrada de Localiza\u00e7\u00e3o e Captura de Foragidos, e outro para a cria\u00e7\u00e3o do Comit\u00ea de Intelig\u00eancia Financeira e Recupera\u00e7\u00e3o de Ativos (CIFRA).<\/p>\n<p>\u201cAinda, em 5 de fevereiro deste ano, o governador do Rio de Janeiro, Cl\u00e1udio Castro, esteve no Minist\u00e9rio da Justi\u00e7a e Seguran\u00e7a P\u00fablica para uma reuni\u00e3o com o ministro Ricardo Lewandowski. \u00c0 ocasi\u00e3o, o ministro atendeu a um pedido do Estado e ofereceu dez vagas em pres\u00eddios federais para alocar lideran\u00e7as criminosas do Rio de Janeiro\u201d, informou o minist\u00e9rio.<\/p>\n<p><b>Acusa\u00e7\u00f5es contra Bras\u00edlia<\/b><\/p>\n<p>Castro disparou as acusa\u00e7\u00f5es contra o governo Lula numa coletiva de imprensa em meio ao estado de guerra a que se submeteu o Rio de Janeiro nesta ter\u00e7a. Ap\u00f3s a pris\u00e3o de membros da fac\u00e7\u00e3o, o CV determinou o bloqueio de vias importantes na cidade.<\/p>\n<p>\u201cAs nossas pol\u00edcias sozinhas. \u00c9 uma opera\u00e7\u00e3o maior do que a de 2010 e, infelizmente, dessa vez, como ao longo desse mandato inteiro, n\u00e3o temos o aux\u00edlio nem de blindados, nem de nenhum agente das for\u00e7as federais, nem de seguran\u00e7a, nem de defesa. A gente sozinho nessa luta, estamos fazendo a maior opera\u00e7\u00e3o da hist\u00f3ria do Rio de Janeiro\u201d, afirmou Castro.<\/p>\n<p>Questionado se o governo estadual pediu ajuda ao governo federal para a opera\u00e7\u00e3o, Castro disse que n\u00e3o foi solicitado nenhum apoio \u201cdesta vez\u201d porque j\u00e1 houve tr\u00eas negativas de ajuda ao Estado.<\/p>\n<p>\u201cN\u00e3o foram pedidas desta vez, porque n\u00f3s j\u00e1 tivemos tr\u00eas negativas. N\u00f3s j\u00e1 entendemos que a pol\u00edtica \u00e9 de n\u00e3o ceder. Falam que tem que ter GLO (Garantia da Lei da Ordem), que tem que ter isso, que tem que ter aquilo, que podiam emprestar o blindado e depois n\u00e3o podiam mais emprestar porque o servidor que opera o blindado \u00e9 um servidor federal. O presidente j\u00e1 falou que ele \u00e9 contra GLO. A gente entendeu que a realidade \u00e9 essa e a gente n\u00e3o vai ficar chorando pelos cantos\u201d, afirmou Castro.<\/p>\n<p>Mais cedo, o secret\u00e1rio da Seguran\u00e7a P\u00fablica do Rio de Janeiro, Victor Santos, disse em entrevista \u00e0 TV Globo que o seu Estado n\u00e3o tem condi\u00e7\u00f5es de enfrentar sozinho o crime organizado. Ele afirmou que o governo solicitou ajuda federal em uma opera\u00e7\u00e3o anterior contra o CV, mas teve o pedido negado.<\/p>\n<p>\u201cS\u00e3o aproximadamente 9 milh\u00f5es de metros quadrados de desordem. Casas constru\u00eddas de forma irregular, becos que \u00e9 imposs\u00edvel fazer o patrulhamento. Isso causa risco maior \u00e0 popula\u00e7\u00e3o e obviamente aos policiais. Esses criminosos dominaram essa regi\u00e3o. Hoje, por exemplo, utilizaram drones lan\u00e7ando artefatos explosivos contra os policiais e a popula\u00e7\u00e3o. Essa \u00e9 a realidade, esse estado de guerra que a gente vive no Rio de Janeiro\u201d, disse Santos.<\/p>\n<p>O secret\u00e1rio afirmou que \u201csozinho ningu\u00e9m consegue fazer nada\u201d e que h\u00e1 quase 1900 favelas no Rio de Janeiro, no quarto menor Estado, mas o terceiro mais populoso. \u201cSeiscentos fuzis apreendidos na m\u00e3o de criminosos. \u00c9 um diagn\u00f3stico muito ruim do Rio de Janeiro. E o Estado vem fazendo esse papel de combate sozinho h\u00e1 anos. \u00c9 importante, sim, que o Estado, a prefeitura e a Uni\u00e3o sentem \u00e0 mesa, sem ideologia\u201d, declarou.<\/p>\n<p>Fonte: Estad\u00e3o Conte\u00fado<\/p>\n<p>Foto: \u00a0Mauro Pimentel \/ AFP<\/p>\n","protected":false},"excerpt":{"rendered":"<p>O Minist\u00e9rio da Justi\u00e7a e Seguran\u00e7a P\u00fablica (MJSP) rebateu o governador do Rio de Janeiro, Cl\u00e1udio Castro (PL), e afirmou, por meio de nota, que tem atendido \u201cprontamente a todos os pedidos\u201d de envio da For\u00e7a Nacional ao Estado. Em coletiva de imprensa ap\u00f3s a opera\u00e7\u00e3o contra o Comando Vermelho (CV) que deixou ao menos [&hellip;]<\/p>\n","protected":false},"author":24,"featured_media":947700,"comment_status":"closed","ping_status":"closed","sticky":false,"template":"","format":"standard","meta":[],"categories":[3,14601],"tags":[39405,21779,1058,411],"acf":[],"yoast_head":"<!-- This site is optimized with the Yoast SEO plugin v20.8 - https:\/\/yoast.com\/wordpress\/plugins\/seo\/ -->\n<title>MINIST\u00c9RIO DA JUSTI\u00c7A REBATE CASTRO E DIZ QUE N\u00c3O NEGOU NENHUM PEDIDO DE AJUDA AO RIO - Bahia Economica O Minist\u00e9rio da Justi\u00e7a e Seguran\u00e7a P\u00fablica (MJSP) rebateu o governador do Rio de Janeiro, Cl\u00e1udio Castro (PL), e afirmou, por meio de nota, que tem atendido \u201cprontamente a todos os pedidos\u201d de envio da For\u00e7a Nacional ao Estado.<\/title>\n<meta name=\"description\" content=\"O maior portal de Economia da Bahia ECONOMIA \/ POL\u00cdTICA, Pol\u00edtica Bahia Economica O Minist\u00e9rio da Justi\u00e7a e Seguran\u00e7a P\u00fablica (MJSP) rebateu o governador do Rio de Janeiro, Cl\u00e1udio Castro (PL), e afirmou, por meio de nota, que tem atendido \u201cprontamente a todos os pedidos\u201d de envio da For\u00e7a Nacional ao Estado.\" \/>\n<meta name=\"robots\" content=\"index, follow, max-snippet:-1, max-image-preview:large, max-video-preview:-1\" \/>\n<link rel=\"canonical\" href=\"https:\/\/bahiaeconomica.com.br\/wp\/2025\/10\/28\/ministerio-da-justica-rebate-castro-e-diz-que-nao-negou-nenhum-pedido-de-ajuda-ao-rio\/\" \/>\n<meta property=\"og:locale\" content=\"pt_BR\" \/>\n<meta property=\"og:type\" content=\"article\" \/>\n<meta property=\"og:title\" content=\"MINIST\u00c9RIO DA JUSTI\u00c7A REBATE CASTRO E DIZ QUE N\u00c3O NEGOU NENHUM PEDIDO DE AJUDA AO RIO - Bahia Economica O Minist\u00e9rio da Justi\u00e7a e Seguran\u00e7a P\u00fablica (MJSP) rebateu o governador do Rio de Janeiro, Cl\u00e1udio Castro (PL), e afirmou, por meio de nota, que tem atendido \u201cprontamente a todos os pedidos\u201d de envio da For\u00e7a Nacional ao Estado.\" \/>\n<meta property=\"og:description\" content=\"O maior portal de Economia da Bahia ECONOMIA \/ POL\u00cdTICA, Pol\u00edtica Bahia Economica O Minist\u00e9rio da Justi\u00e7a e Seguran\u00e7a P\u00fablica (MJSP) rebateu o governador do Rio de Janeiro, Cl\u00e1udio Castro (PL), e afirmou, por meio de nota, que tem atendido \u201cprontamente a todos os pedidos\u201d de envio da For\u00e7a Nacional ao Estado.\" \/>\n<meta property=\"og:url\" content=\"https:\/\/bahiaeconomica.com.br\/wp\/2025\/10\/28\/ministerio-da-justica-rebate-castro-e-diz-que-nao-negou-nenhum-pedido-de-ajuda-ao-rio\/\" \/>\n<meta property=\"og:site_name\" content=\"Bahia Economica\" \/>\n<meta property=\"article:publisher\" content=\"https:\/\/www.facebook.com\/bahiaeconomica\" \/>\n<meta property=\"article:published_time\" content=\"2025-10-28T20:59:23+00:00\" \/>\n<meta property=\"og:image\" content=\"https:\/\/bahiaeconomica.com.br\/wp\/wp-content\/uploads\/2025\/10\/AFP__20251028__829V8ER__v1__MidRes__BrazilCrimeDrugsFavelaPoliceRaid.webp\" \/>\n\t<meta property=\"og:image:width\" content=\"800\" \/>\n\t<meta property=\"og:image:height\" content=\"600\" \/>\n\t<meta property=\"og:image:type\" content=\"image\/webp\" \/>\n<meta name=\"author\" content=\"VICTOR OLIVEIRA\" \/>\n<meta name=\"twitter:card\" content=\"summary_large_image\" \/>\n<meta name=\"twitter:label1\" content=\"Escrito por\" \/>\n\t<meta name=\"twitter:data1\" content=\"VICTOR OLIVEIRA\" \/>\n\t<meta name=\"twitter:label2\" content=\"Est. tempo de leitura\" \/>\n\t<meta name=\"twitter:data2\" content=\"5 minutos\" \/>\n<script type=\"application\/ld+json\" class=\"yoast-schema-graph\">{\"@context\":\"https:\/\/schema.org\",\"@graph\":[{\"@type\":\"Article\",\"@id\":\"https:\/\/bahiaeconomica.com.br\/wp\/2025\/10\/28\/ministerio-da-justica-rebate-castro-e-diz-que-nao-negou-nenhum-pedido-de-ajuda-ao-rio\/#article\",\"isPartOf\":{\"@id\":\"https:\/\/bahiaeconomica.com.br\/wp\/2025\/10\/28\/ministerio-da-justica-rebate-castro-e-diz-que-nao-negou-nenhum-pedido-de-ajuda-ao-rio\/\"},\"author\":{\"name\":\"VICTOR OLIVEIRA\",\"@id\":\"https:\/\/bahiaeconomica.com.br\/wp\/#\/schema\/person\/a17956d0e1112b626f403fb06b8129a9\"},\"headline\":\"MINIST\u00c9RIO DA JUSTI\u00c7A REBATE CASTRO E DIZ QUE N\u00c3O NEGOU NENHUM PEDIDO DE AJUDA AO RIO\",\"datePublished\":\"2025-10-28T20:59:23+00:00\",\"dateModified\":\"2025-10-28T20:59:23+00:00\",\"mainEntityOfPage\":{\"@id\":\"https:\/\/bahiaeconomica.com.br\/wp\/2025\/10\/28\/ministerio-da-justica-rebate-castro-e-diz-que-nao-negou-nenhum-pedido-de-ajuda-ao-rio\/\"},\"wordCount\":918,\"publisher\":{\"@id\":\"https:\/\/bahiaeconomica.com.br\/wp\/#organization\"},\"keywords\":[\"comando vermelho\",\"megaopera\u00e7\u00e3o\",\"mortes\",\"Rio de Janeiro\"],\"articleSection\":[\"ECONOMIA \/ POL\u00cdTICA\",\"Pol\u00edtica\"],\"inLanguage\":\"pt-BR\"},{\"@type\":\"WebPage\",\"@id\":\"https:\/\/bahiaeconomica.com.br\/wp\/2025\/10\/28\/ministerio-da-justica-rebate-castro-e-diz-que-nao-negou-nenhum-pedido-de-ajuda-ao-rio\/\",\"url\":\"https:\/\/bahiaeconomica.com.br\/wp\/2025\/10\/28\/ministerio-da-justica-rebate-castro-e-diz-que-nao-negou-nenhum-pedido-de-ajuda-ao-rio\/\",\"name\":\"MINIST\u00c9RIO DA JUSTI\u00c7A REBATE CASTRO E DIZ QUE N\u00c3O NEGOU NENHUM PEDIDO DE AJUDA AO RIO - Bahia Economica O Minist\u00e9rio da Justi\u00e7a e Seguran\u00e7a P\u00fablica (MJSP) rebateu o governador do Rio de Janeiro, Cl\u00e1udio Castro (PL), e afirmou, por meio de nota, que tem atendido \u201cprontamente a todos os pedidos\u201d de envio da For\u00e7a Nacional ao Estado.\",\"isPartOf\":{\"@id\":\"https:\/\/bahiaeconomica.com.br\/wp\/#website\"},\"datePublished\":\"2025-10-28T20:59:23+00:00\",\"dateModified\":\"2025-10-28T20:59:23+00:00\",\"description\":\"O maior portal de Economia da Bahia ECONOMIA \/ POL\u00cdTICA, Pol\u00edtica Bahia Economica O Minist\u00e9rio da Justi\u00e7a e Seguran\u00e7a P\u00fablica (MJSP) rebateu o governador do Rio de Janeiro, Cl\u00e1udio Castro (PL), e afirmou, por meio de nota, que tem atendido \u201cprontamente a todos os pedidos\u201d de envio da For\u00e7a Nacional ao Estado.\",\"breadcrumb\":{\"@id\":\"https:\/\/bahiaeconomica.com.br\/wp\/2025\/10\/28\/ministerio-da-justica-rebate-castro-e-diz-que-nao-negou-nenhum-pedido-de-ajuda-ao-rio\/#breadcrumb\"},\"inLanguage\":\"pt-BR\",\"potentialAction\":[{\"@type\":\"ReadAction\",\"target\":[\"https:\/\/bahiaeconomica.com.br\/wp\/2025\/10\/28\/ministerio-da-justica-rebate-castro-e-diz-que-nao-negou-nenhum-pedido-de-ajuda-ao-rio\/\"]}]},{\"@type\":\"BreadcrumbList\",\"@id\":\"https:\/\/bahiaeconomica.com.br\/wp\/2025\/10\/28\/ministerio-da-justica-rebate-castro-e-diz-que-nao-negou-nenhum-pedido-de-ajuda-ao-rio\/#breadcrumb\",\"itemListElement\":[{\"@type\":\"ListItem\",\"position\":1,\"name\":\"In\u00edcio\",\"item\":\"https:\/\/bahiaeconomica.com.br\/wp\/\"},{\"@type\":\"ListItem\",\"position\":2,\"name\":\"MINIST\u00c9RIO DA JUSTI\u00c7A REBATE CASTRO E DIZ QUE N\u00c3O NEGOU NENHUM PEDIDO DE AJUDA AO RIO\"}]},{\"@type\":\"WebSite\",\"@id\":\"https:\/\/bahiaeconomica.com.br\/wp\/#website\",\"url\":\"https:\/\/bahiaeconomica.com.br\/wp\/\",\"name\":\"Bahia Economica\",\"description\":\"O maior portal de Economia da Bahia\",\"publisher\":{\"@id\":\"https:\/\/bahiaeconomica.com.br\/wp\/#organization\"},\"potentialAction\":[{\"@type\":\"SearchAction\",\"target\":{\"@type\":\"EntryPoint\",\"urlTemplate\":\"https:\/\/bahiaeconomica.com.br\/wp\/?s={search_term_string}\"},\"query-input\":\"required name=search_term_string\"}],\"inLanguage\":\"pt-BR\"},{\"@type\":\"Organization\",\"@id\":\"https:\/\/bahiaeconomica.com.br\/wp\/#organization\",\"name\":\"Bahia Econ\u00f4mica\",\"url\":\"https:\/\/bahiaeconomica.com.br\/wp\/\",\"logo\":{\"@type\":\"ImageObject\",\"inLanguage\":\"pt-BR\",\"@id\":\"https:\/\/bahiaeconomica.com.br\/wp\/#\/schema\/logo\/image\/\",\"url\":\"https:\/\/bahiaeconomica.com.br\/wp\/wp-content\/uploads\/2020\/12\/cropped-BE.png\",\"contentUrl\":\"https:\/\/bahiaeconomica.com.br\/wp\/wp-content\/uploads\/2020\/12\/cropped-BE.png\",\"width\":512,\"height\":512,\"caption\":\"Bahia Econ\u00f4mica\"},\"image\":{\"@id\":\"https:\/\/bahiaeconomica.com.br\/wp\/#\/schema\/logo\/image\/\"},\"sameAs\":[\"https:\/\/www.facebook.com\/bahiaeconomica\"]},{\"@type\":\"Person\",\"@id\":\"https:\/\/bahiaeconomica.com.br\/wp\/#\/schema\/person\/a17956d0e1112b626f403fb06b8129a9\",\"name\":\"VICTOR OLIVEIRA\",\"sameAs\":[\"http:\/\/www.bahiaeconomica.com.br\"],\"url\":\"https:\/\/bahiaeconomica.com.br\/wp\/author\/victor-oliveira\/\"}]}<\/script>\n<!-- \/ Yoast SEO plugin. -->","yoast_head_json":{"title":"MINIST\u00c9RIO DA JUSTI\u00c7A REBATE CASTRO E DIZ QUE N\u00c3O NEGOU NENHUM PEDIDO DE AJUDA AO RIO - Bahia Economica O Minist\u00e9rio da Justi\u00e7a e Seguran\u00e7a P\u00fablica (MJSP) rebateu o governador do Rio de Janeiro, Cl\u00e1udio Castro (PL), e afirmou, por meio de nota, que tem atendido \u201cprontamente a todos os pedidos\u201d de envio da For\u00e7a Nacional ao Estado.","description":"O maior portal de Economia da Bahia ECONOMIA \/ POL\u00cdTICA, Pol\u00edtica Bahia Economica O Minist\u00e9rio da Justi\u00e7a e Seguran\u00e7a P\u00fablica (MJSP) rebateu o governador do Rio de Janeiro, Cl\u00e1udio Castro (PL), e afirmou, por meio de nota, que tem atendido \u201cprontamente a todos os pedidos\u201d de envio da For\u00e7a Nacional ao Estado.","robots":{"index":"index","follow":"follow","max-snippet":"max-snippet:-1","max-image-preview":"max-image-preview:large","max-video-preview":"max-video-preview:-1"},"canonical":"https:\/\/bahiaeconomica.com.br\/wp\/2025\/10\/28\/ministerio-da-justica-rebate-castro-e-diz-que-nao-negou-nenhum-pedido-de-ajuda-ao-rio\/","og_locale":"pt_BR","og_type":"article","og_title":"MINIST\u00c9RIO DA JUSTI\u00c7A REBATE CASTRO E DIZ QUE N\u00c3O NEGOU NENHUM PEDIDO DE AJUDA AO RIO - Bahia Economica O Minist\u00e9rio da Justi\u00e7a e Seguran\u00e7a P\u00fablica (MJSP) rebateu o governador do Rio de Janeiro, Cl\u00e1udio Castro (PL), e afirmou, por meio de nota, que tem atendido \u201cprontamente a todos os pedidos\u201d de envio da For\u00e7a Nacional ao Estado.","og_description":"O maior portal de Economia da Bahia ECONOMIA \/ POL\u00cdTICA, Pol\u00edtica Bahia Economica O Minist\u00e9rio da Justi\u00e7a e Seguran\u00e7a P\u00fablica (MJSP) rebateu o governador do Rio de Janeiro, Cl\u00e1udio Castro (PL), e afirmou, por meio de nota, que tem atendido \u201cprontamente a todos os pedidos\u201d de envio da For\u00e7a Nacional ao Estado.","og_url":"https:\/\/bahiaeconomica.com.br\/wp\/2025\/10\/28\/ministerio-da-justica-rebate-castro-e-diz-que-nao-negou-nenhum-pedido-de-ajuda-ao-rio\/","og_site_name":"Bahia Economica","article_publisher":"https:\/\/www.facebook.com\/bahiaeconomica","article_published_time":"2025-10-28T20:59:23+00:00","og_image":[{"width":800,"height":600,"url":"https:\/\/bahiaeconomica.com.br\/wp\/wp-content\/uploads\/2025\/10\/AFP__20251028__829V8ER__v1__MidRes__BrazilCrimeDrugsFavelaPoliceRaid.webp","type":"image\/webp"}],"author":"VICTOR OLIVEIRA","twitter_card":"summary_large_image","twitter_misc":{"Escrito por":"VICTOR OLIVEIRA","Est. tempo de leitura":"5 minutos"},"schema":{"@context":"https:\/\/schema.org","@graph":[{"@type":"Article","@id":"https:\/\/bahiaeconomica.com.br\/wp\/2025\/10\/28\/ministerio-da-justica-rebate-castro-e-diz-que-nao-negou-nenhum-pedido-de-ajuda-ao-rio\/#article","isPartOf":{"@id":"https:\/\/bahiaeconomica.com.br\/wp\/2025\/10\/28\/ministerio-da-justica-rebate-castro-e-diz-que-nao-negou-nenhum-pedido-de-ajuda-ao-rio\/"},"author":{"name":"VICTOR OLIVEIRA","@id":"https:\/\/bahiaeconomica.com.br\/wp\/#\/schema\/person\/a17956d0e1112b626f403fb06b8129a9"},"headline":"MINIST\u00c9RIO DA JUSTI\u00c7A REBATE CASTRO E DIZ QUE N\u00c3O NEGOU NENHUM PEDIDO DE AJUDA AO RIO","datePublished":"2025-10-28T20:59:23+00:00","dateModified":"2025-10-28T20:59:23+00:00","mainEntityOfPage":{"@id":"https:\/\/bahiaeconomica.com.br\/wp\/2025\/10\/28\/ministerio-da-justica-rebate-castro-e-diz-que-nao-negou-nenhum-pedido-de-ajuda-ao-rio\/"},"wordCount":918,"publisher":{"@id":"https:\/\/bahiaeconomica.com.br\/wp\/#organization"},"keywords":["comando vermelho","megaopera\u00e7\u00e3o","mortes","Rio de Janeiro"],"articleSection":["ECONOMIA \/ POL\u00cdTICA","Pol\u00edtica"],"inLanguage":"pt-BR"},{"@type":"WebPage","@id":"https:\/\/bahiaeconomica.com.br\/wp\/2025\/10\/28\/ministerio-da-justica-rebate-castro-e-diz-que-nao-negou-nenhum-pedido-de-ajuda-ao-rio\/","url":"https:\/\/bahiaeconomica.com.br\/wp\/2025\/10\/28\/ministerio-da-justica-rebate-castro-e-diz-que-nao-negou-nenhum-pedido-de-ajuda-ao-rio\/","name":"MINIST\u00c9RIO DA JUSTI\u00c7A REBATE CASTRO E DIZ QUE N\u00c3O NEGOU NENHUM PEDIDO DE AJUDA AO RIO - Bahia Economica O Minist\u00e9rio da Justi\u00e7a e Seguran\u00e7a P\u00fablica (MJSP) rebateu o governador do Rio de Janeiro, Cl\u00e1udio Castro (PL), e afirmou, por meio de nota, que tem atendido \u201cprontamente a todos os pedidos\u201d de envio da For\u00e7a Nacional ao Estado.","isPartOf":{"@id":"https:\/\/bahiaeconomica.com.br\/wp\/#website"},"datePublished":"2025-10-28T20:59:23+00:00","dateModified":"2025-10-28T20:59:23+00:00","description":"O maior portal de Economia da Bahia ECONOMIA \/ POL\u00cdTICA, Pol\u00edtica Bahia Economica O Minist\u00e9rio da Justi\u00e7a e Seguran\u00e7a P\u00fablica (MJSP) rebateu o governador do Rio de Janeiro, Cl\u00e1udio Castro (PL), e afirmou, por meio de nota, que tem atendido \u201cprontamente a todos os pedidos\u201d de envio da For\u00e7a Nacional ao Estado.","breadcrumb":{"@id":"https:\/\/bahiaeconomica.com.br\/wp\/2025\/10\/28\/ministerio-da-justica-rebate-castro-e-diz-que-nao-negou-nenhum-pedido-de-ajuda-ao-rio\/#breadcrumb"},"inLanguage":"pt-BR","potentialAction":[{"@type":"ReadAction","target":["https:\/\/bahiaeconomica.com.br\/wp\/2025\/10\/28\/ministerio-da-justica-rebate-castro-e-diz-que-nao-negou-nenhum-pedido-de-ajuda-ao-rio\/"]}]},{"@type":"BreadcrumbList","@id":"https:\/\/bahiaeconomica.com.br\/wp\/2025\/10\/28\/ministerio-da-justica-rebate-castro-e-diz-que-nao-negou-nenhum-pedido-de-ajuda-ao-rio\/#breadcrumb","itemListElement":[{"@type":"ListItem","position":1,"name":"In\u00edcio","item":"https:\/\/bahiaeconomica.com.br\/wp\/"},{"@type":"ListItem","position":2,"name":"MINIST\u00c9RIO DA JUSTI\u00c7A REBATE CASTRO E DIZ QUE N\u00c3O NEGOU NENHUM PEDIDO DE AJUDA AO RIO"}]},{"@type":"WebSite","@id":"https:\/\/bahiaeconomica.com.br\/wp\/#website","url":"https:\/\/bahiaeconomica.com.br\/wp\/","name":"Bahia Economica","description":"O maior portal de Economia da Bahia","publisher":{"@id":"https:\/\/bahiaeconomica.com.br\/wp\/#organization"},"potentialAction":[{"@type":"SearchAction","target":{"@type":"EntryPoint","urlTemplate":"https:\/\/bahiaeconomica.com.br\/wp\/?s={search_term_string}"},"query-input":"required name=search_term_string"}],"inLanguage":"pt-BR"},{"@type":"Organization","@id":"https:\/\/bahiaeconomica.com.br\/wp\/#organization","name":"Bahia Econ\u00f4mica","url":"https:\/\/bahiaeconomica.com.br\/wp\/","logo":{"@type":"ImageObject","inLanguage":"pt-BR","@id":"https:\/\/bahiaeconomica.com.br\/wp\/#\/schema\/logo\/image\/","url":"https:\/\/bahiaeconomica.com.br\/wp\/wp-content\/uploads\/2020\/12\/cropped-BE.png","contentUrl":"https:\/\/bahiaeconomica.com.br\/wp\/wp-content\/uploads\/2020\/12\/cropped-BE.png","width":512,"height":512,"caption":"Bahia Econ\u00f4mica"},"image":{"@id":"https:\/\/bahiaeconomica.com.br\/wp\/#\/schema\/logo\/image\/"},"sameAs":["https:\/\/www.facebook.com\/bahiaeconomica"]},{"@type":"Person","@id":"https:\/\/bahiaeconomica.com.br\/wp\/#\/schema\/person\/a17956d0e1112b626f403fb06b8129a9","name":"VICTOR OLIVEIRA","sameAs":["http:\/\/www.bahiaeconomica.com.br"],"url":"https:\/\/bahiaeconomica.com.br\/wp\/author\/victor-oliveira\/"}]}},"views":13,"_links":{"self":[{"href":"https:\/\/bahiaeconomica.com.br\/wp\/wp-json\/wp\/v2\/posts\/947699"}],"collection":[{"href":"https:\/\/bahiaeconomica.com.br\/wp\/wp-json\/wp\/v2\/posts"}],"about":[{"href":"https:\/\/bahiaeconomica.com.br\/wp\/wp-json\/wp\/v2\/types\/post"}],"author":[{"embeddable":true,"href":"https:\/\/bahiaeconomica.com.br\/wp\/wp-json\/wp\/v2\/users\/24"}],"replies":[{"embeddable":true,"href":"https:\/\/bahiaeconomica.com.br\/wp\/wp-json\/wp\/v2\/comments?post=947699"}],"version-history":[{"count":1,"href":"https:\/\/bahiaeconomica.com.br\/wp\/wp-json\/wp\/v2\/posts\/947699\/revisions"}],"predecessor-version":[{"id":947701,"href":"https:\/\/bahiaeconomica.com.br\/wp\/wp-json\/wp\/v2\/posts\/947699\/revisions\/947701"}],"wp:featuredmedia":[{"embeddable":true,"href":"https:\/\/bahiaeconomica.com.br\/wp\/wp-json\/wp\/v2\/media\/947700"}],"wp:attachment":[{"href":"https:\/\/bahiaeconomica.com.br\/wp\/wp-json\/wp\/v2\/media?parent=947699"}],"wp:term":[{"taxonomy":"category","embeddable":true,"href":"https:\/\/bahiaeconomica.com.br\/wp\/wp-json\/wp\/v2\/categories?post=947699"},{"taxonomy":"post_tag","embeddable":true,"href":"https:\/\/bahiaeconomica.com.br\/wp\/wp-json\/wp\/v2\/tags?post=947699"}],"curies":[{"name":"wp","href":"https:\/\/api.w.org\/{rel}","templated":true}]}}