{"id":947500,"date":"2025-10-28T13:00:00","date_gmt":"2025-10-28T16:00:00","guid":{"rendered":"https:\/\/bahiaeconomica.com.br\/wp\/?p=947500"},"modified":"2025-10-28T13:24:56","modified_gmt":"2025-10-28T16:24:56","slug":"bahia-lidera-producao-de-energia-eolica-e-governador-recebe-a-comenda-embaixador-dos-ventos","status":"publish","type":"post","link":"https:\/\/bahiaeconomica.com.br\/wp\/2025\/10\/28\/bahia-lidera-producao-de-energia-eolica-e-governador-recebe-a-comenda-embaixador-dos-ventos\/","title":{"rendered":"BAHIA LIDERA PRODU\u00c7\u00c3O DE ENERGIA E\u00d3LICA E GOVERNADOR RECEBE A COMENDA EMBAIXADOR DOS VENTOS"},"content":{"rendered":"<p>Destaque no setor de energias renov\u00e1veis, a Bahia celebra a lideran\u00e7a nacional na gera\u00e7\u00e3o de energia e\u00f3lica, segundo os dados mais recentes da C\u00e2mara de Comercializa\u00e7\u00e3o de Energia El\u00e9trica (CCEE). Com esse desempenho, o estado \u00e9 destaque na 16\u00aa edi\u00e7\u00e3o da Brazil WindPower, que acontece nesta ter\u00e7a (28), na cidade de S\u00e3o Paulo.<\/p>\n<p>A abertura oficial da Feira contou com a presen\u00e7a do governador Jer\u00f4nimo Rodrigues, que recebeu a comenda Embaixador dos Ventos. Para o chefe do executivo, a Bahia vive um momento de alegria e celebra\u00e7\u00e3o ao despontar nacionalmente como o estado que mais investe. &#8220;Vim aqui hoje com minha comitiva para receber essa homenagem e reconhecimento, pois a Bahia \u00e9 l\u00edder no Brasil em produ\u00e7\u00e3o de energia e\u00f3lica e mais; estamos em quase 100%\u00a0 juntando todas as energias renov\u00e1veis produzidas na Bahia somadas ao que a Bahia consome de energia el\u00e9trica&#8221;, refor\u00e7ou o governador.<\/p>\n<p>Na abertura foi lan\u00e7ado o Relat\u00f3rio &#8220;Agenda 2050: Propostas para Descarbonizar e (neo)industrializar o Brasil&#8221;, documento que visa realizar a\u00e7\u00f5es com metas para, em 25 anos, descarbonizar e economia brasileira.<\/p>\n<p>Realizado pela Associa\u00e7\u00e3o Brasileira de Energia E\u00f3lica \u2013 Abeeolica, o evento re\u00fane, durante tr\u00eas dias, os principais l\u00edderes, especialistas e empresas do setor para promover conex\u00f5es, neg\u00f3cios e debates estrat\u00e9gicos para refor\u00e7ar o papel da energia e\u00f3lica como uma solu\u00e7\u00e3o estrat\u00e9gica para a descarboniza\u00e7\u00e3o da economia brasileira e o avan\u00e7o rumo a um futuro mais sustent\u00e1vel.<\/p>\n<p>Texto: Fidelis Melo\/GOVBA<\/p>\n<p>Fotos: Fidelis Melo\/GOVBA<\/p>\n","protected":false},"excerpt":{"rendered":"<p>Destaque no setor de energias renov\u00e1veis, a Bahia celebra a lideran\u00e7a nacional na gera\u00e7\u00e3o de energia e\u00f3lica, segundo os dados mais recentes da C\u00e2mara de Comercializa\u00e7\u00e3o de Energia El\u00e9trica (CCEE). Com esse desempenho, o estado \u00e9 destaque na 16\u00aa edi\u00e7\u00e3o da Brazil WindPower, que acontece nesta ter\u00e7a (28), na cidade de S\u00e3o Paulo. A abertura [&hellip;]<\/p>\n","protected":false},"author":8,"featured_media":947501,"comment_status":"closed","ping_status":"closed","sticky":false,"template":"","format":"standard","meta":[],"categories":[14,3],"tags":[530,1176],"acf":[],"yoast_head":"<!-- This site is optimized with the Yoast SEO plugin v20.8 - https:\/\/yoast.com\/wordpress\/plugins\/seo\/ -->\n<title>BAHIA LIDERA PRODU\u00c7\u00c3O DE ENERGIA E\u00d3LICA E GOVERNADOR RECEBE A COMENDA EMBAIXADOR DOS VENTOS - Bahia Economica<\/title>\n<meta name=\"description\" content=\"O maior portal de Economia da Bahia DESTAQUE DO DIA, ECONOMIA \/ POL\u00cdTICA Bahia Economica Destaque no setor de energias renov\u00e1veis, a Bahia celebra\" \/>\n<meta name=\"robots\" content=\"index, follow, max-snippet:-1, max-image-preview:large, max-video-preview:-1\" \/>\n<link rel=\"canonical\" href=\"https:\/\/bahiaeconomica.com.br\/wp\/2025\/10\/28\/bahia-lidera-producao-de-energia-eolica-e-governador-recebe-a-comenda-embaixador-dos-ventos\/\" \/>\n<meta property=\"og:locale\" content=\"pt_BR\" \/>\n<meta property=\"og:type\" content=\"article\" \/>\n<meta property=\"og:title\" content=\"BAHIA LIDERA PRODU\u00c7\u00c3O DE ENERGIA E\u00d3LICA E GOVERNADOR RECEBE A COMENDA EMBAIXADOR DOS VENTOS - Bahia Economica\" \/>\n<meta property=\"og:description\" content=\"O maior portal de Economia da Bahia DESTAQUE DO DIA, ECONOMIA \/ POL\u00cdTICA Bahia Economica Destaque no setor de energias renov\u00e1veis, a Bahia celebra\" \/>\n<meta property=\"og:url\" content=\"https:\/\/bahiaeconomica.com.br\/wp\/2025\/10\/28\/bahia-lidera-producao-de-energia-eolica-e-governador-recebe-a-comenda-embaixador-dos-ventos\/\" \/>\n<meta property=\"og:site_name\" content=\"Bahia Economica\" \/>\n<meta property=\"article:publisher\" content=\"https:\/\/www.facebook.com\/bahiaeconomica\" \/>\n<meta property=\"article:published_time\" content=\"2025-10-28T16:00:00+00:00\" \/>\n<meta property=\"article:modified_time\" content=\"2025-10-28T16:24:56+00:00\" \/>\n<meta property=\"og:image\" content=\"https:\/\/bahiaeconomica.com.br\/wp\/wp-content\/uploads\/2025\/10\/WhatsApp-Image-2025-10-28-at-13.20.21-e1761668659464.jpeg\" \/>\n\t<meta property=\"og:image:width\" content=\"1600\" \/>\n\t<meta property=\"og:image:height\" content=\"616\" \/>\n\t<meta property=\"og:image:type\" content=\"image\/jpeg\" \/>\n<meta name=\"author\" content=\"JP\" \/>\n<meta name=\"twitter:card\" content=\"summary_large_image\" \/>\n<meta name=\"twitter:label1\" content=\"Escrito por\" \/>\n\t<meta name=\"twitter:data1\" content=\"JP\" \/>\n\t<meta name=\"twitter:label2\" content=\"Est. tempo de leitura\" \/>\n\t<meta name=\"twitter:data2\" content=\"2 minutos\" \/>\n<script type=\"application\/ld+json\" class=\"yoast-schema-graph\">{\"@context\":\"https:\/\/schema.org\",\"@graph\":[{\"@type\":\"Article\",\"@id\":\"https:\/\/bahiaeconomica.com.br\/wp\/2025\/10\/28\/bahia-lidera-producao-de-energia-eolica-e-governador-recebe-a-comenda-embaixador-dos-ventos\/#article\",\"isPartOf\":{\"@id\":\"https:\/\/bahiaeconomica.com.br\/wp\/2025\/10\/28\/bahia-lidera-producao-de-energia-eolica-e-governador-recebe-a-comenda-embaixador-dos-ventos\/\"},\"author\":{\"name\":\"JP\",\"@id\":\"https:\/\/bahiaeconomica.com.br\/wp\/#\/schema\/person\/c86d3a3f8960425a0f9d0e5245991f4e\"},\"headline\":\"BAHIA LIDERA PRODU\u00c7\u00c3O DE ENERGIA E\u00d3LICA E GOVERNADOR RECEBE A COMENDA EMBAIXADOR DOS VENTOS\",\"datePublished\":\"2025-10-28T16:00:00+00:00\",\"dateModified\":\"2025-10-28T16:24:56+00:00\",\"mainEntityOfPage\":{\"@id\":\"https:\/\/bahiaeconomica.com.br\/wp\/2025\/10\/28\/bahia-lidera-producao-de-energia-eolica-e-governador-recebe-a-comenda-embaixador-dos-ventos\/\"},\"wordCount\":286,\"publisher\":{\"@id\":\"https:\/\/bahiaeconomica.com.br\/wp\/#organization\"},\"keywords\":[\"Governador\",\"mudan\u00e7a\"],\"articleSection\":[\"DESTAQUE DO DIA\",\"ECONOMIA \/ POL\u00cdTICA\"],\"inLanguage\":\"pt-BR\"},{\"@type\":\"WebPage\",\"@id\":\"https:\/\/bahiaeconomica.com.br\/wp\/2025\/10\/28\/bahia-lidera-producao-de-energia-eolica-e-governador-recebe-a-comenda-embaixador-dos-ventos\/\",\"url\":\"https:\/\/bahiaeconomica.com.br\/wp\/2025\/10\/28\/bahia-lidera-producao-de-energia-eolica-e-governador-recebe-a-comenda-embaixador-dos-ventos\/\",\"name\":\"BAHIA LIDERA PRODU\u00c7\u00c3O DE ENERGIA E\u00d3LICA E GOVERNADOR RECEBE A COMENDA EMBAIXADOR DOS VENTOS - Bahia Economica\",\"isPartOf\":{\"@id\":\"https:\/\/bahiaeconomica.com.br\/wp\/#website\"},\"datePublished\":\"2025-10-28T16:00:00+00:00\",\"dateModified\":\"2025-10-28T16:24:56+00:00\",\"description\":\"O maior portal de Economia da Bahia DESTAQUE DO DIA, ECONOMIA \/ POL\u00cdTICA Bahia Economica Destaque no setor de energias renov\u00e1veis, a Bahia celebra\",\"breadcrumb\":{\"@id\":\"https:\/\/bahiaeconomica.com.br\/wp\/2025\/10\/28\/bahia-lidera-producao-de-energia-eolica-e-governador-recebe-a-comenda-embaixador-dos-ventos\/#breadcrumb\"},\"inLanguage\":\"pt-BR\",\"potentialAction\":[{\"@type\":\"ReadAction\",\"target\":[\"https:\/\/bahiaeconomica.com.br\/wp\/2025\/10\/28\/bahia-lidera-producao-de-energia-eolica-e-governador-recebe-a-comenda-embaixador-dos-ventos\/\"]}]},{\"@type\":\"BreadcrumbList\",\"@id\":\"https:\/\/bahiaeconomica.com.br\/wp\/2025\/10\/28\/bahia-lidera-producao-de-energia-eolica-e-governador-recebe-a-comenda-embaixador-dos-ventos\/#breadcrumb\",\"itemListElement\":[{\"@type\":\"ListItem\",\"position\":1,\"name\":\"In\u00edcio\",\"item\":\"https:\/\/bahiaeconomica.com.br\/wp\/\"},{\"@type\":\"ListItem\",\"position\":2,\"name\":\"BAHIA LIDERA PRODU\u00c7\u00c3O DE ENERGIA E\u00d3LICA E GOVERNADOR RECEBE A COMENDA EMBAIXADOR DOS VENTOS\"}]},{\"@type\":\"WebSite\",\"@id\":\"https:\/\/bahiaeconomica.com.br\/wp\/#website\",\"url\":\"https:\/\/bahiaeconomica.com.br\/wp\/\",\"name\":\"Bahia Economica\",\"description\":\"O maior portal de Economia da Bahia\",\"publisher\":{\"@id\":\"https:\/\/bahiaeconomica.com.br\/wp\/#organization\"},\"potentialAction\":[{\"@type\":\"SearchAction\",\"target\":{\"@type\":\"EntryPoint\",\"urlTemplate\":\"https:\/\/bahiaeconomica.com.br\/wp\/?s={search_term_string}\"},\"query-input\":\"required name=search_term_string\"}],\"inLanguage\":\"pt-BR\"},{\"@type\":\"Organization\",\"@id\":\"https:\/\/bahiaeconomica.com.br\/wp\/#organization\",\"name\":\"Bahia Econ\u00f4mica\",\"url\":\"https:\/\/bahiaeconomica.com.br\/wp\/\",\"logo\":{\"@type\":\"ImageObject\",\"inLanguage\":\"pt-BR\",\"@id\":\"https:\/\/bahiaeconomica.com.br\/wp\/#\/schema\/logo\/image\/\",\"url\":\"https:\/\/bahiaeconomica.com.br\/wp\/wp-content\/uploads\/2020\/12\/cropped-BE.png\",\"contentUrl\":\"https:\/\/bahiaeconomica.com.br\/wp\/wp-content\/uploads\/2020\/12\/cropped-BE.png\",\"width\":512,\"height\":512,\"caption\":\"Bahia Econ\u00f4mica\"},\"image\":{\"@id\":\"https:\/\/bahiaeconomica.com.br\/wp\/#\/schema\/logo\/image\/\"},\"sameAs\":[\"https:\/\/www.facebook.com\/bahiaeconomica\"]},{\"@type\":\"Person\",\"@id\":\"https:\/\/bahiaeconomica.com.br\/wp\/#\/schema\/person\/c86d3a3f8960425a0f9d0e5245991f4e\",\"name\":\"JP\",\"sameAs\":[\"https:\/\/bahiaeconomica.com.br\/wp\/beta\/\"],\"url\":\"https:\/\/bahiaeconomica.com.br\/wp\/author\/jp\/\"}]}<\/script>\n<!-- \/ Yoast SEO plugin. -->","yoast_head_json":{"title":"BAHIA LIDERA PRODU\u00c7\u00c3O DE ENERGIA E\u00d3LICA E GOVERNADOR RECEBE A COMENDA EMBAIXADOR DOS VENTOS - Bahia Economica","description":"O maior portal de Economia da Bahia DESTAQUE DO DIA, ECONOMIA \/ POL\u00cdTICA Bahia Economica Destaque no setor de energias renov\u00e1veis, a Bahia celebra","robots":{"index":"index","follow":"follow","max-snippet":"max-snippet:-1","max-image-preview":"max-image-preview:large","max-video-preview":"max-video-preview:-1"},"canonical":"https:\/\/bahiaeconomica.com.br\/wp\/2025\/10\/28\/bahia-lidera-producao-de-energia-eolica-e-governador-recebe-a-comenda-embaixador-dos-ventos\/","og_locale":"pt_BR","og_type":"article","og_title":"BAHIA LIDERA PRODU\u00c7\u00c3O DE ENERGIA E\u00d3LICA E GOVERNADOR RECEBE A COMENDA EMBAIXADOR DOS VENTOS - Bahia Economica","og_description":"O maior portal de Economia da Bahia DESTAQUE DO DIA, ECONOMIA \/ POL\u00cdTICA Bahia Economica Destaque no setor de energias renov\u00e1veis, a Bahia celebra","og_url":"https:\/\/bahiaeconomica.com.br\/wp\/2025\/10\/28\/bahia-lidera-producao-de-energia-eolica-e-governador-recebe-a-comenda-embaixador-dos-ventos\/","og_site_name":"Bahia Economica","article_publisher":"https:\/\/www.facebook.com\/bahiaeconomica","article_published_time":"2025-10-28T16:00:00+00:00","article_modified_time":"2025-10-28T16:24:56+00:00","og_image":[{"width":1600,"height":616,"url":"https:\/\/bahiaeconomica.com.br\/wp\/wp-content\/uploads\/2025\/10\/WhatsApp-Image-2025-10-28-at-13.20.21-e1761668659464.jpeg","type":"image\/jpeg"}],"author":"JP","twitter_card":"summary_large_image","twitter_misc":{"Escrito por":"JP","Est. tempo de leitura":"2 minutos"},"schema":{"@context":"https:\/\/schema.org","@graph":[{"@type":"Article","@id":"https:\/\/bahiaeconomica.com.br\/wp\/2025\/10\/28\/bahia-lidera-producao-de-energia-eolica-e-governador-recebe-a-comenda-embaixador-dos-ventos\/#article","isPartOf":{"@id":"https:\/\/bahiaeconomica.com.br\/wp\/2025\/10\/28\/bahia-lidera-producao-de-energia-eolica-e-governador-recebe-a-comenda-embaixador-dos-ventos\/"},"author":{"name":"JP","@id":"https:\/\/bahiaeconomica.com.br\/wp\/#\/schema\/person\/c86d3a3f8960425a0f9d0e5245991f4e"},"headline":"BAHIA LIDERA PRODU\u00c7\u00c3O DE ENERGIA E\u00d3LICA E GOVERNADOR RECEBE A COMENDA EMBAIXADOR DOS VENTOS","datePublished":"2025-10-28T16:00:00+00:00","dateModified":"2025-10-28T16:24:56+00:00","mainEntityOfPage":{"@id":"https:\/\/bahiaeconomica.com.br\/wp\/2025\/10\/28\/bahia-lidera-producao-de-energia-eolica-e-governador-recebe-a-comenda-embaixador-dos-ventos\/"},"wordCount":286,"publisher":{"@id":"https:\/\/bahiaeconomica.com.br\/wp\/#organization"},"keywords":["Governador","mudan\u00e7a"],"articleSection":["DESTAQUE DO DIA","ECONOMIA \/ POL\u00cdTICA"],"inLanguage":"pt-BR"},{"@type":"WebPage","@id":"https:\/\/bahiaeconomica.com.br\/wp\/2025\/10\/28\/bahia-lidera-producao-de-energia-eolica-e-governador-recebe-a-comenda-embaixador-dos-ventos\/","url":"https:\/\/bahiaeconomica.com.br\/wp\/2025\/10\/28\/bahia-lidera-producao-de-energia-eolica-e-governador-recebe-a-comenda-embaixador-dos-ventos\/","name":"BAHIA LIDERA PRODU\u00c7\u00c3O DE ENERGIA E\u00d3LICA E GOVERNADOR RECEBE A COMENDA EMBAIXADOR DOS VENTOS - Bahia Economica","isPartOf":{"@id":"https:\/\/bahiaeconomica.com.br\/wp\/#website"},"datePublished":"2025-10-28T16:00:00+00:00","dateModified":"2025-10-28T16:24:56+00:00","description":"O maior portal de Economia da Bahia DESTAQUE DO DIA, ECONOMIA \/ POL\u00cdTICA Bahia Economica Destaque no setor de energias renov\u00e1veis, a Bahia celebra","breadcrumb":{"@id":"https:\/\/bahiaeconomica.com.br\/wp\/2025\/10\/28\/bahia-lidera-producao-de-energia-eolica-e-governador-recebe-a-comenda-embaixador-dos-ventos\/#breadcrumb"},"inLanguage":"pt-BR","potentialAction":[{"@type":"ReadAction","target":["https:\/\/bahiaeconomica.com.br\/wp\/2025\/10\/28\/bahia-lidera-producao-de-energia-eolica-e-governador-recebe-a-comenda-embaixador-dos-ventos\/"]}]},{"@type":"BreadcrumbList","@id":"https:\/\/bahiaeconomica.com.br\/wp\/2025\/10\/28\/bahia-lidera-producao-de-energia-eolica-e-governador-recebe-a-comenda-embaixador-dos-ventos\/#breadcrumb","itemListElement":[{"@type":"ListItem","position":1,"name":"In\u00edcio","item":"https:\/\/bahiaeconomica.com.br\/wp\/"},{"@type":"ListItem","position":2,"name":"BAHIA LIDERA PRODU\u00c7\u00c3O DE ENERGIA E\u00d3LICA E GOVERNADOR RECEBE A COMENDA EMBAIXADOR DOS VENTOS"}]},{"@type":"WebSite","@id":"https:\/\/bahiaeconomica.com.br\/wp\/#website","url":"https:\/\/bahiaeconomica.com.br\/wp\/","name":"Bahia Economica","description":"O maior portal de Economia da Bahia","publisher":{"@id":"https:\/\/bahiaeconomica.com.br\/wp\/#organization"},"potentialAction":[{"@type":"SearchAction","target":{"@type":"EntryPoint","urlTemplate":"https:\/\/bahiaeconomica.com.br\/wp\/?s={search_term_string}"},"query-input":"required name=search_term_string"}],"inLanguage":"pt-BR"},{"@type":"Organization","@id":"https:\/\/bahiaeconomica.com.br\/wp\/#organization","name":"Bahia Econ\u00f4mica","url":"https:\/\/bahiaeconomica.com.br\/wp\/","logo":{"@type":"ImageObject","inLanguage":"pt-BR","@id":"https:\/\/bahiaeconomica.com.br\/wp\/#\/schema\/logo\/image\/","url":"https:\/\/bahiaeconomica.com.br\/wp\/wp-content\/uploads\/2020\/12\/cropped-BE.png","contentUrl":"https:\/\/bahiaeconomica.com.br\/wp\/wp-content\/uploads\/2020\/12\/cropped-BE.png","width":512,"height":512,"caption":"Bahia Econ\u00f4mica"},"image":{"@id":"https:\/\/bahiaeconomica.com.br\/wp\/#\/schema\/logo\/image\/"},"sameAs":["https:\/\/www.facebook.com\/bahiaeconomica"]},{"@type":"Person","@id":"https:\/\/bahiaeconomica.com.br\/wp\/#\/schema\/person\/c86d3a3f8960425a0f9d0e5245991f4e","name":"JP","sameAs":["https:\/\/bahiaeconomica.com.br\/wp\/beta\/"],"url":"https:\/\/bahiaeconomica.com.br\/wp\/author\/jp\/"}]}},"views":28,"_links":{"self":[{"href":"https:\/\/bahiaeconomica.com.br\/wp\/wp-json\/wp\/v2\/posts\/947500"}],"collection":[{"href":"https:\/\/bahiaeconomica.com.br\/wp\/wp-json\/wp\/v2\/posts"}],"about":[{"href":"https:\/\/bahiaeconomica.com.br\/wp\/wp-json\/wp\/v2\/types\/post"}],"author":[{"embeddable":true,"href":"https:\/\/bahiaeconomica.com.br\/wp\/wp-json\/wp\/v2\/users\/8"}],"replies":[{"embeddable":true,"href":"https:\/\/bahiaeconomica.com.br\/wp\/wp-json\/wp\/v2\/comments?post=947500"}],"version-history":[{"count":1,"href":"https:\/\/bahiaeconomica.com.br\/wp\/wp-json\/wp\/v2\/posts\/947500\/revisions"}],"predecessor-version":[{"id":947502,"href":"https:\/\/bahiaeconomica.com.br\/wp\/wp-json\/wp\/v2\/posts\/947500\/revisions\/947502"}],"wp:featuredmedia":[{"embeddable":true,"href":"https:\/\/bahiaeconomica.com.br\/wp\/wp-json\/wp\/v2\/media\/947501"}],"wp:attachment":[{"href":"https:\/\/bahiaeconomica.com.br\/wp\/wp-json\/wp\/v2\/media?parent=947500"}],"wp:term":[{"taxonomy":"category","embeddable":true,"href":"https:\/\/bahiaeconomica.com.br\/wp\/wp-json\/wp\/v2\/categories?post=947500"},{"taxonomy":"post_tag","embeddable":true,"href":"https:\/\/bahiaeconomica.com.br\/wp\/wp-json\/wp\/v2\/tags?post=947500"}],"curies":[{"name":"wp","href":"https:\/\/api.w.org\/{rel}","templated":true}]}}