{"id":94745,"date":"2018-07-10T17:53:55","date_gmt":"2018-07-10T20:53:55","guid":{"rendered":"https:\/\/bahiaeconomica.com.br\/wp\/beta\/?p=94745"},"modified":"2018-07-10T17:53:55","modified_gmt":"2018-07-10T20:53:55","slug":"fluminense-e-bahia-firmam-parceria-nas-divisoes-de-base","status":"publish","type":"post","link":"https:\/\/bahiaeconomica.com.br\/wp\/2018\/07\/10\/fluminense-e-bahia-firmam-parceria-nas-divisoes-de-base\/","title":{"rendered":"FLUMINENSE E BAHIA FIRMAM PARCERIA NAS DIVIS\u00d5ES DE BASE"},"content":{"rendered":"<div style=\"text-align: justify;\">A divis\u00e3o de base do Fluminense voltar\u00e1 a evid\u00eancia com a confirma\u00e7\u00e3o de uma parceria entre o tricolor feirense e o Bahia para a revela\u00e7\u00e3o de novos talentos para as duas equipes. O presidente do Fluminense, Jos\u00e9 Francisco Pinto, o Z\u00e9 Chico, confirmou a parceria ap\u00f3s encontro que teve com dirigentes do Bahia em Salvador e os detalhes dessa jun\u00e7\u00e3o ser\u00e3o divulgados posteriormente.<\/div>\n<div style=\"text-align: justify;\"><\/div>\n<div style=\"text-align: justify;\">De acordo com Z\u00e9 Chico, as divis\u00f5es de base, devem ter um tratamento diferenciado. \u201cFazer divis\u00e3o de base \u00e9 complicado porque os investimentos s\u00e3o elevados e na atual conjuntura para que o Fluminense possa ter um departamento de base ativo, necessita de parcerias. Foi justamente nesse sentido que partimos para articular e concretizamos esta parceria com o Bahia, que vai ser bom para as duas equipes\u201d, enfatiza.<\/div>\n<div style=\"text-align: justify;\"><\/div>\n<div style=\"text-align: justify;\">A partir dessa jun\u00e7\u00e3o, o Fluminense vai buscar organizar \u201cpeneiras\u201d e buscar firmar conv\u00eanios com escolinhas de Feira e regi\u00e3o. \u201cVamos buscar movimentar o futebol na base a partir dessa parceira cujo grande objetivo \u00e9 revelar talentos para os dois clubes. Al\u00e9m de equacionar muitos custos, num futuro pr\u00f3ximo pode gerar lucros para os clubes. Esperamos que esse seja o pontap\u00e9 que num futuro pr\u00f3ximo possamos ter uma estrutura muito melhor do que a atual que oferecemos\u201d, afirmou.<\/div>\n","protected":false},"excerpt":{"rendered":"<p>A divis\u00e3o de base do Fluminense voltar\u00e1 a evid\u00eancia com a confirma\u00e7\u00e3o de uma parceria entre o tricolor feirense e o Bahia para a revela\u00e7\u00e3o de novos talentos para as duas equipes. O presidente do Fluminense, Jos\u00e9 Francisco Pinto, o Z\u00e9 Chico, confirmou a parceria ap\u00f3s encontro que teve com dirigentes do Bahia em Salvador [&hellip;]<\/p>\n","protected":false},"author":1,"featured_media":94746,"comment_status":"open","ping_status":"open","sticky":false,"template":"","format":"standard","meta":[],"categories":[21],"tags":[],"acf":[],"yoast_head":"<!-- This site is optimized with the Yoast SEO plugin v20.8 - https:\/\/yoast.com\/wordpress\/plugins\/seo\/ -->\n<title>FLUMINENSE E BAHIA FIRMAM PARCERIA NAS DIVIS\u00d5ES DE BASE - Bahia Economica<\/title>\n<meta name=\"description\" content=\"O maior portal de Economia da Bahia Sa\u00fade \/ Educa\u00e7\u00e3o Bahia Economica\" \/>\n<meta name=\"robots\" content=\"index, follow, max-snippet:-1, max-image-preview:large, max-video-preview:-1\" \/>\n<link rel=\"canonical\" href=\"https:\/\/bahiaeconomica.com.br\/wp\/2018\/07\/10\/fluminense-e-bahia-firmam-parceria-nas-divisoes-de-base\/\" \/>\n<meta property=\"og:locale\" content=\"pt_BR\" \/>\n<meta property=\"og:type\" content=\"article\" \/>\n<meta property=\"og:title\" content=\"FLUMINENSE E BAHIA FIRMAM PARCERIA NAS DIVIS\u00d5ES DE BASE - Bahia Economica\" \/>\n<meta property=\"og:description\" content=\"O maior portal de Economia da Bahia Sa\u00fade \/ Educa\u00e7\u00e3o Bahia Economica\" \/>\n<meta property=\"og:url\" content=\"https:\/\/bahiaeconomica.com.br\/wp\/2018\/07\/10\/fluminense-e-bahia-firmam-parceria-nas-divisoes-de-base\/\" \/>\n<meta property=\"og:site_name\" content=\"Bahia Economica\" \/>\n<meta property=\"article:publisher\" content=\"https:\/\/www.facebook.com\/bahiaeconomica\" \/>\n<meta property=\"article:published_time\" content=\"2018-07-10T20:53:55+00:00\" \/>\n<meta property=\"og:image\" content=\"https:\/\/bahiaeconomica.com.br\/wp\/wp-content\/uploads\/2018\/07\/27-06-2018_12_25_44_.jpg\" \/>\n\t<meta property=\"og:image:width\" content=\"500\" \/>\n\t<meta property=\"og:image:height\" content=\"300\" \/>\n\t<meta property=\"og:image:type\" content=\"image\/jpeg\" \/>\n<meta name=\"author\" content=\"admin\" \/>\n<meta name=\"twitter:card\" content=\"summary_large_image\" \/>\n<meta name=\"twitter:label1\" content=\"Escrito por\" \/>\n\t<meta name=\"twitter:data1\" content=\"admin\" \/>\n\t<meta name=\"twitter:label2\" content=\"Est. tempo de leitura\" \/>\n\t<meta name=\"twitter:data2\" content=\"1 minuto\" \/>\n<script type=\"application\/ld+json\" class=\"yoast-schema-graph\">{\"@context\":\"https:\/\/schema.org\",\"@graph\":[{\"@type\":\"Article\",\"@id\":\"https:\/\/bahiaeconomica.com.br\/wp\/2018\/07\/10\/fluminense-e-bahia-firmam-parceria-nas-divisoes-de-base\/#article\",\"isPartOf\":{\"@id\":\"https:\/\/bahiaeconomica.com.br\/wp\/2018\/07\/10\/fluminense-e-bahia-firmam-parceria-nas-divisoes-de-base\/\"},\"author\":{\"name\":\"admin\",\"@id\":\"https:\/\/bahiaeconomica.com.br\/wp\/#\/schema\/person\/cb1ab5ba96ad3d9390805381c76284ec\"},\"headline\":\"FLUMINENSE E BAHIA FIRMAM PARCERIA NAS DIVIS\u00d5ES DE BASE\",\"datePublished\":\"2018-07-10T20:53:55+00:00\",\"dateModified\":\"2018-07-10T20:53:55+00:00\",\"mainEntityOfPage\":{\"@id\":\"https:\/\/bahiaeconomica.com.br\/wp\/2018\/07\/10\/fluminense-e-bahia-firmam-parceria-nas-divisoes-de-base\/\"},\"wordCount\":232,\"commentCount\":0,\"publisher\":{\"@id\":\"https:\/\/bahiaeconomica.com.br\/wp\/#organization\"},\"articleSection\":[\"Sa\u00fade \/ Educa\u00e7\u00e3o\"],\"inLanguage\":\"pt-BR\",\"potentialAction\":[{\"@type\":\"CommentAction\",\"name\":\"Comment\",\"target\":[\"https:\/\/bahiaeconomica.com.br\/wp\/2018\/07\/10\/fluminense-e-bahia-firmam-parceria-nas-divisoes-de-base\/#respond\"]}]},{\"@type\":\"WebPage\",\"@id\":\"https:\/\/bahiaeconomica.com.br\/wp\/2018\/07\/10\/fluminense-e-bahia-firmam-parceria-nas-divisoes-de-base\/\",\"url\":\"https:\/\/bahiaeconomica.com.br\/wp\/2018\/07\/10\/fluminense-e-bahia-firmam-parceria-nas-divisoes-de-base\/\",\"name\":\"FLUMINENSE E BAHIA FIRMAM PARCERIA NAS DIVIS\u00d5ES DE BASE - Bahia Economica\",\"isPartOf\":{\"@id\":\"https:\/\/bahiaeconomica.com.br\/wp\/#website\"},\"datePublished\":\"2018-07-10T20:53:55+00:00\",\"dateModified\":\"2018-07-10T20:53:55+00:00\",\"description\":\"O maior portal de Economia da Bahia Sa\u00fade \/ Educa\u00e7\u00e3o Bahia Economica\",\"breadcrumb\":{\"@id\":\"https:\/\/bahiaeconomica.com.br\/wp\/2018\/07\/10\/fluminense-e-bahia-firmam-parceria-nas-divisoes-de-base\/#breadcrumb\"},\"inLanguage\":\"pt-BR\",\"potentialAction\":[{\"@type\":\"ReadAction\",\"target\":[\"https:\/\/bahiaeconomica.com.br\/wp\/2018\/07\/10\/fluminense-e-bahia-firmam-parceria-nas-divisoes-de-base\/\"]}]},{\"@type\":\"BreadcrumbList\",\"@id\":\"https:\/\/bahiaeconomica.com.br\/wp\/2018\/07\/10\/fluminense-e-bahia-firmam-parceria-nas-divisoes-de-base\/#breadcrumb\",\"itemListElement\":[{\"@type\":\"ListItem\",\"position\":1,\"name\":\"In\u00edcio\",\"item\":\"https:\/\/bahiaeconomica.com.br\/wp\/\"},{\"@type\":\"ListItem\",\"position\":2,\"name\":\"FLUMINENSE E BAHIA FIRMAM PARCERIA NAS DIVIS\u00d5ES DE BASE\"}]},{\"@type\":\"WebSite\",\"@id\":\"https:\/\/bahiaeconomica.com.br\/wp\/#website\",\"url\":\"https:\/\/bahiaeconomica.com.br\/wp\/\",\"name\":\"Bahia Economica\",\"description\":\"O maior portal de Economia da Bahia\",\"publisher\":{\"@id\":\"https:\/\/bahiaeconomica.com.br\/wp\/#organization\"},\"potentialAction\":[{\"@type\":\"SearchAction\",\"target\":{\"@type\":\"EntryPoint\",\"urlTemplate\":\"https:\/\/bahiaeconomica.com.br\/wp\/?s={search_term_string}\"},\"query-input\":\"required name=search_term_string\"}],\"inLanguage\":\"pt-BR\"},{\"@type\":\"Organization\",\"@id\":\"https:\/\/bahiaeconomica.com.br\/wp\/#organization\",\"name\":\"Bahia Econ\u00f4mica\",\"url\":\"https:\/\/bahiaeconomica.com.br\/wp\/\",\"logo\":{\"@type\":\"ImageObject\",\"inLanguage\":\"pt-BR\",\"@id\":\"https:\/\/bahiaeconomica.com.br\/wp\/#\/schema\/logo\/image\/\",\"url\":\"https:\/\/bahiaeconomica.com.br\/wp\/wp-content\/uploads\/2020\/12\/cropped-BE.png\",\"contentUrl\":\"https:\/\/bahiaeconomica.com.br\/wp\/wp-content\/uploads\/2020\/12\/cropped-BE.png\",\"width\":512,\"height\":512,\"caption\":\"Bahia Econ\u00f4mica\"},\"image\":{\"@id\":\"https:\/\/bahiaeconomica.com.br\/wp\/#\/schema\/logo\/image\/\"},\"sameAs\":[\"https:\/\/www.facebook.com\/bahiaeconomica\"]},{\"@type\":\"Person\",\"@id\":\"https:\/\/bahiaeconomica.com.br\/wp\/#\/schema\/person\/cb1ab5ba96ad3d9390805381c76284ec\",\"name\":\"admin\",\"url\":\"https:\/\/bahiaeconomica.com.br\/wp\/author\/admin\/\"}]}<\/script>\n<!-- \/ Yoast SEO plugin. -->","yoast_head_json":{"title":"FLUMINENSE E BAHIA FIRMAM PARCERIA NAS DIVIS\u00d5ES DE BASE - Bahia Economica","description":"O maior portal de Economia da Bahia Sa\u00fade \/ Educa\u00e7\u00e3o Bahia Economica","robots":{"index":"index","follow":"follow","max-snippet":"max-snippet:-1","max-image-preview":"max-image-preview:large","max-video-preview":"max-video-preview:-1"},"canonical":"https:\/\/bahiaeconomica.com.br\/wp\/2018\/07\/10\/fluminense-e-bahia-firmam-parceria-nas-divisoes-de-base\/","og_locale":"pt_BR","og_type":"article","og_title":"FLUMINENSE E BAHIA FIRMAM PARCERIA NAS DIVIS\u00d5ES DE BASE - Bahia Economica","og_description":"O maior portal de Economia da Bahia Sa\u00fade \/ Educa\u00e7\u00e3o Bahia Economica","og_url":"https:\/\/bahiaeconomica.com.br\/wp\/2018\/07\/10\/fluminense-e-bahia-firmam-parceria-nas-divisoes-de-base\/","og_site_name":"Bahia Economica","article_publisher":"https:\/\/www.facebook.com\/bahiaeconomica","article_published_time":"2018-07-10T20:53:55+00:00","og_image":[{"width":500,"height":300,"url":"https:\/\/bahiaeconomica.com.br\/wp\/wp-content\/uploads\/2018\/07\/27-06-2018_12_25_44_.jpg","type":"image\/jpeg"}],"author":"admin","twitter_card":"summary_large_image","twitter_misc":{"Escrito por":"admin","Est. tempo de leitura":"1 minuto"},"schema":{"@context":"https:\/\/schema.org","@graph":[{"@type":"Article","@id":"https:\/\/bahiaeconomica.com.br\/wp\/2018\/07\/10\/fluminense-e-bahia-firmam-parceria-nas-divisoes-de-base\/#article","isPartOf":{"@id":"https:\/\/bahiaeconomica.com.br\/wp\/2018\/07\/10\/fluminense-e-bahia-firmam-parceria-nas-divisoes-de-base\/"},"author":{"name":"admin","@id":"https:\/\/bahiaeconomica.com.br\/wp\/#\/schema\/person\/cb1ab5ba96ad3d9390805381c76284ec"},"headline":"FLUMINENSE E BAHIA FIRMAM PARCERIA NAS DIVIS\u00d5ES DE BASE","datePublished":"2018-07-10T20:53:55+00:00","dateModified":"2018-07-10T20:53:55+00:00","mainEntityOfPage":{"@id":"https:\/\/bahiaeconomica.com.br\/wp\/2018\/07\/10\/fluminense-e-bahia-firmam-parceria-nas-divisoes-de-base\/"},"wordCount":232,"commentCount":0,"publisher":{"@id":"https:\/\/bahiaeconomica.com.br\/wp\/#organization"},"articleSection":["Sa\u00fade \/ Educa\u00e7\u00e3o"],"inLanguage":"pt-BR","potentialAction":[{"@type":"CommentAction","name":"Comment","target":["https:\/\/bahiaeconomica.com.br\/wp\/2018\/07\/10\/fluminense-e-bahia-firmam-parceria-nas-divisoes-de-base\/#respond"]}]},{"@type":"WebPage","@id":"https:\/\/bahiaeconomica.com.br\/wp\/2018\/07\/10\/fluminense-e-bahia-firmam-parceria-nas-divisoes-de-base\/","url":"https:\/\/bahiaeconomica.com.br\/wp\/2018\/07\/10\/fluminense-e-bahia-firmam-parceria-nas-divisoes-de-base\/","name":"FLUMINENSE E BAHIA FIRMAM PARCERIA NAS DIVIS\u00d5ES DE BASE - Bahia Economica","isPartOf":{"@id":"https:\/\/bahiaeconomica.com.br\/wp\/#website"},"datePublished":"2018-07-10T20:53:55+00:00","dateModified":"2018-07-10T20:53:55+00:00","description":"O maior portal de Economia da Bahia Sa\u00fade \/ Educa\u00e7\u00e3o Bahia Economica","breadcrumb":{"@id":"https:\/\/bahiaeconomica.com.br\/wp\/2018\/07\/10\/fluminense-e-bahia-firmam-parceria-nas-divisoes-de-base\/#breadcrumb"},"inLanguage":"pt-BR","potentialAction":[{"@type":"ReadAction","target":["https:\/\/bahiaeconomica.com.br\/wp\/2018\/07\/10\/fluminense-e-bahia-firmam-parceria-nas-divisoes-de-base\/"]}]},{"@type":"BreadcrumbList","@id":"https:\/\/bahiaeconomica.com.br\/wp\/2018\/07\/10\/fluminense-e-bahia-firmam-parceria-nas-divisoes-de-base\/#breadcrumb","itemListElement":[{"@type":"ListItem","position":1,"name":"In\u00edcio","item":"https:\/\/bahiaeconomica.com.br\/wp\/"},{"@type":"ListItem","position":2,"name":"FLUMINENSE E BAHIA FIRMAM PARCERIA NAS DIVIS\u00d5ES DE BASE"}]},{"@type":"WebSite","@id":"https:\/\/bahiaeconomica.com.br\/wp\/#website","url":"https:\/\/bahiaeconomica.com.br\/wp\/","name":"Bahia Economica","description":"O maior portal de Economia da Bahia","publisher":{"@id":"https:\/\/bahiaeconomica.com.br\/wp\/#organization"},"potentialAction":[{"@type":"SearchAction","target":{"@type":"EntryPoint","urlTemplate":"https:\/\/bahiaeconomica.com.br\/wp\/?s={search_term_string}"},"query-input":"required name=search_term_string"}],"inLanguage":"pt-BR"},{"@type":"Organization","@id":"https:\/\/bahiaeconomica.com.br\/wp\/#organization","name":"Bahia Econ\u00f4mica","url":"https:\/\/bahiaeconomica.com.br\/wp\/","logo":{"@type":"ImageObject","inLanguage":"pt-BR","@id":"https:\/\/bahiaeconomica.com.br\/wp\/#\/schema\/logo\/image\/","url":"https:\/\/bahiaeconomica.com.br\/wp\/wp-content\/uploads\/2020\/12\/cropped-BE.png","contentUrl":"https:\/\/bahiaeconomica.com.br\/wp\/wp-content\/uploads\/2020\/12\/cropped-BE.png","width":512,"height":512,"caption":"Bahia Econ\u00f4mica"},"image":{"@id":"https:\/\/bahiaeconomica.com.br\/wp\/#\/schema\/logo\/image\/"},"sameAs":["https:\/\/www.facebook.com\/bahiaeconomica"]},{"@type":"Person","@id":"https:\/\/bahiaeconomica.com.br\/wp\/#\/schema\/person\/cb1ab5ba96ad3d9390805381c76284ec","name":"admin","url":"https:\/\/bahiaeconomica.com.br\/wp\/author\/admin\/"}]}},"views":2,"_links":{"self":[{"href":"https:\/\/bahiaeconomica.com.br\/wp\/wp-json\/wp\/v2\/posts\/94745"}],"collection":[{"href":"https:\/\/bahiaeconomica.com.br\/wp\/wp-json\/wp\/v2\/posts"}],"about":[{"href":"https:\/\/bahiaeconomica.com.br\/wp\/wp-json\/wp\/v2\/types\/post"}],"author":[{"embeddable":true,"href":"https:\/\/bahiaeconomica.com.br\/wp\/wp-json\/wp\/v2\/users\/1"}],"replies":[{"embeddable":true,"href":"https:\/\/bahiaeconomica.com.br\/wp\/wp-json\/wp\/v2\/comments?post=94745"}],"version-history":[{"count":0,"href":"https:\/\/bahiaeconomica.com.br\/wp\/wp-json\/wp\/v2\/posts\/94745\/revisions"}],"wp:featuredmedia":[{"embeddable":true,"href":"https:\/\/bahiaeconomica.com.br\/wp\/wp-json\/wp\/v2\/media\/94746"}],"wp:attachment":[{"href":"https:\/\/bahiaeconomica.com.br\/wp\/wp-json\/wp\/v2\/media?parent=94745"}],"wp:term":[{"taxonomy":"category","embeddable":true,"href":"https:\/\/bahiaeconomica.com.br\/wp\/wp-json\/wp\/v2\/categories?post=94745"},{"taxonomy":"post_tag","embeddable":true,"href":"https:\/\/bahiaeconomica.com.br\/wp\/wp-json\/wp\/v2\/tags?post=94745"}],"curies":[{"name":"wp","href":"https:\/\/api.w.org\/{rel}","templated":true}]}}