{"id":946901,"date":"2025-10-24T15:00:02","date_gmt":"2025-10-24T18:00:02","guid":{"rendered":"https:\/\/bahiaeconomica.com.br\/wp\/?p=946901"},"modified":"2025-10-24T20:56:47","modified_gmt":"2025-10-24T23:56:47","slug":"braskem-aprova-investimento-para-ampliar-producao-de-eteno-e-polietileno-na-unidade-do-rio-de-janeiro","status":"publish","type":"post","link":"https:\/\/bahiaeconomica.com.br\/wp\/2025\/10\/24\/braskem-aprova-investimento-para-ampliar-producao-de-eteno-e-polietileno-na-unidade-do-rio-de-janeiro\/","title":{"rendered":"BRASKEM APROVA INVESTIMENTO PARA AMPLIAR PRODU\u00c7\u00c3O DE ETENO E POLIETILENO NA UNIDADE DO RIO DE JANEIRO"},"content":{"rendered":"<p>A Braskem anuncia que seu Conselho de Administra\u00e7\u00e3o aprovou um investimento estimado de R$ 4,2 bilh\u00f5es, destinado para aumento da capacidade da sua central petroqu\u00edmica do Rio de Janeiro em 220 mil toneladas de eteno por ano e de volumes equivalentes de polietileno. A fase inicial de engenharia b\u00e1sica com um or\u00e7amento de R$ 233 milh\u00f5es j\u00e1 havia sido aprovada em fevereiro deste ano.<\/p>\n<p>O projeto, que representa mais um passo na estrat\u00e9gia de transforma\u00e7\u00e3o industrial e competitividade da companhia, faz parte do seu Programa de Transforma\u00e7\u00e3o. Com previs\u00e3o de conclus\u00e3o para o final de 2028, ele est\u00e1 condicionado \u00e0 obten\u00e7\u00e3o de financiamentos adicionais aos recursos j\u00e1 aprovados no REIQ Investimentos &#8211; Regime Especial da Ind\u00fastria Qu\u00edmica &#8211; para os anos de 2025 e 2026. Tal estrat\u00e9gia est\u00e1 inserida nas atuais an\u00e1lises e discuss\u00f5es da estrutura de capital ideal para a Companhia.<\/p>\n<p>\u201cApesar do atual cen\u00e1rio global desafiador, temos que garantir que a Braskem ter\u00e1 competitividade no novo cen\u00e1rio petroqu\u00edmico mundial, garantindo sua sobreviv\u00eancia e perpetuidade. O investimento na central petroqu\u00edmica do Rio de Janeiro demonstra nossa confian\u00e7a no potencial do Brasil e o compromisso da companhia em contribuir com uma reindustrializa\u00e7\u00e3o sustent\u00e1vel do setor, pautada em inova\u00e7\u00e3o e gera\u00e7\u00e3o de valor\u201d, afirma o vice-presidente de Neg\u00f3cios Am\u00e9rica do Sul da Braskem, Stefan Lepecki.<\/p>\n<p>Para viabilizar o projeto, o Conselho tamb\u00e9m aprovou a contrata\u00e7\u00e3o de volume adicional de etano, mediante acordo de fornecimento de longo prazo com a Petrobras, que ainda est\u00e1 em fase final de negocia\u00e7\u00e3o. A medida garante seguran\u00e7a de suprimento e competitividade \u00e0 opera\u00e7\u00e3o, fortalecendo a parceria estrat\u00e9gica entre as duas companhias.<\/p>\n<p>O projeto busca aumentar a utiliza\u00e7\u00e3o de g\u00e1s na matriz de insumos da Braskem, reduzindo custos e emiss\u00f5es, e tornando o parque industrial da companhia mais moderno, sustent\u00e1vel e competitivo. \u201cEstamos dando um passo importante na transi\u00e7\u00e3o energ\u00e9tica da Braskem e da pr\u00f3pria ind\u00fastria qu\u00edmica no pa\u00eds. Esse \u00e9 um investimento que olha para o futuro &#8211; com efici\u00eancia, sustentabilidade e foco na gera\u00e7\u00e3o de valor\u201d, conclui o executivo.<\/p>\n<p>Sobre a Braskem<\/p>\n<p>A Braskem \u00e9 uma companhia petroqu\u00edmica global, orientada ao ser humano, com olhar para o futuro, que cultiva relacionamentos s\u00f3lidos e gera valor para todos. Oferecendo solu\u00e7\u00f5es sustent\u00e1veis da qu\u00edmica e do pl\u00e1stico para melhorar a vida das pessoas, a petroqu\u00edmica possui um completo portf\u00f3lio de resinas pl\u00e1sticas e produtos qu\u00edmicos para diversos segmentos, como embalagens aliment\u00edcias, constru\u00e7\u00e3o civil, industrial, automotivo, agroneg\u00f3cio, sa\u00fade e higiene, entre outros. A Braskem acredita que a inova\u00e7\u00e3o disruptiva \u00e9 o \u00fanico caminho poss\u00edvel para se estabelecer uma nova rela\u00e7\u00e3o com o planeta, por isso, escolhe agir no presente, promovendo a circularidade do pl\u00e1stico e impulsionando a revolu\u00e7\u00e3o dos materiais de base biol\u00f3gica. Porque o futuro mais sustent\u00e1vel come\u00e7a agora \u2014 e a ind\u00fastria tem um papel fundamental nesta constru\u00e7\u00e3o. Com unidades industriais no Brasil, EUA, M\u00e9xico e Alemanha, a companhia exporta seus produtos para clientes, em mais de 71 pa\u00edses, e atua em um modelo de gest\u00e3o que demonstra compromisso com a \u00e9tica, de modo a respeitar as normas de conformidade em todos os pa\u00edses e garantir o respeito \u00e0 competitividade respons\u00e1vel. Mais informa\u00e7\u00f5es: https:\/\/www.braskem.com.br<\/p>\n<p>Foto: Divulga\u00e7\u00e3o<\/p>\n","protected":false},"excerpt":{"rendered":"<p>A Braskem anuncia que seu Conselho de Administra\u00e7\u00e3o aprovou um investimento estimado de R$ 4,2 bilh\u00f5es, destinado para aumento da capacidade da sua central petroqu\u00edmica do Rio de Janeiro em 220 mil toneladas de eteno por ano e de volumes equivalentes de polietileno. A fase inicial de engenharia b\u00e1sica com um or\u00e7amento de R$ 233 [&hellip;]<\/p>\n","protected":false},"author":8,"featured_media":946902,"comment_status":"closed","ping_status":"closed","sticky":false,"template":"","format":"standard","meta":[],"categories":[5],"tags":[],"acf":[],"yoast_head":"<!-- This site is optimized with the Yoast SEO plugin v20.8 - https:\/\/yoast.com\/wordpress\/plugins\/seo\/ -->\n<title>BRASKEM APROVA INVESTIMENTO PARA AMPLIAR PRODU\u00c7\u00c3O DE ETENO E POLIETILENO NA UNIDADE DO RIO DE JANEIRO - Bahia Economica<\/title>\n<meta name=\"description\" content=\"O maior portal de Economia da Bahia MUNIC\u00cdPIOS Bahia Economica Com previs\u00e3o de R$ 4,2 bilh\u00f5es em investimentos,\" \/>\n<meta name=\"robots\" content=\"index, follow, max-snippet:-1, max-image-preview:large, max-video-preview:-1\" \/>\n<link rel=\"canonical\" href=\"https:\/\/bahiaeconomica.com.br\/wp\/2025\/10\/24\/braskem-aprova-investimento-para-ampliar-producao-de-eteno-e-polietileno-na-unidade-do-rio-de-janeiro\/\" \/>\n<meta property=\"og:locale\" content=\"pt_BR\" \/>\n<meta property=\"og:type\" content=\"article\" \/>\n<meta property=\"og:title\" content=\"BRASKEM APROVA INVESTIMENTO PARA AMPLIAR PRODU\u00c7\u00c3O DE ETENO E POLIETILENO NA UNIDADE DO RIO DE JANEIRO - Bahia Economica\" \/>\n<meta property=\"og:description\" content=\"O maior portal de Economia da Bahia MUNIC\u00cdPIOS Bahia Economica Com previs\u00e3o de R$ 4,2 bilh\u00f5es em investimentos,\" \/>\n<meta property=\"og:url\" content=\"https:\/\/bahiaeconomica.com.br\/wp\/2025\/10\/24\/braskem-aprova-investimento-para-ampliar-producao-de-eteno-e-polietileno-na-unidade-do-rio-de-janeiro\/\" \/>\n<meta property=\"og:site_name\" content=\"Bahia Economica\" \/>\n<meta property=\"article:publisher\" content=\"https:\/\/www.facebook.com\/bahiaeconomica\" \/>\n<meta property=\"article:published_time\" content=\"2025-10-24T18:00:02+00:00\" \/>\n<meta property=\"article:modified_time\" content=\"2025-10-24T23:56:47+00:00\" \/>\n<meta property=\"og:image\" content=\"https:\/\/bahiaeconomica.com.br\/wp\/wp-content\/uploads\/2025\/10\/WhatsApp-Image-2025-10-24-at-15.20.26.jpeg\" \/>\n\t<meta property=\"og:image:width\" content=\"800\" \/>\n\t<meta property=\"og:image:height\" content=\"533\" \/>\n\t<meta property=\"og:image:type\" content=\"image\/jpeg\" \/>\n<meta name=\"author\" content=\"JP\" \/>\n<meta name=\"twitter:card\" content=\"summary_large_image\" \/>\n<meta name=\"twitter:label1\" content=\"Escrito por\" \/>\n\t<meta name=\"twitter:data1\" content=\"JP\" \/>\n\t<meta name=\"twitter:label2\" content=\"Est. tempo de leitura\" \/>\n\t<meta name=\"twitter:data2\" content=\"3 minutos\" \/>\n<script type=\"application\/ld+json\" class=\"yoast-schema-graph\">{\"@context\":\"https:\/\/schema.org\",\"@graph\":[{\"@type\":\"Article\",\"@id\":\"https:\/\/bahiaeconomica.com.br\/wp\/2025\/10\/24\/braskem-aprova-investimento-para-ampliar-producao-de-eteno-e-polietileno-na-unidade-do-rio-de-janeiro\/#article\",\"isPartOf\":{\"@id\":\"https:\/\/bahiaeconomica.com.br\/wp\/2025\/10\/24\/braskem-aprova-investimento-para-ampliar-producao-de-eteno-e-polietileno-na-unidade-do-rio-de-janeiro\/\"},\"author\":{\"name\":\"JP\",\"@id\":\"https:\/\/bahiaeconomica.com.br\/wp\/#\/schema\/person\/c86d3a3f8960425a0f9d0e5245991f4e\"},\"headline\":\"BRASKEM APROVA INVESTIMENTO PARA AMPLIAR PRODU\u00c7\u00c3O DE ETENO E POLIETILENO NA UNIDADE DO RIO DE JANEIRO\",\"datePublished\":\"2025-10-24T18:00:02+00:00\",\"dateModified\":\"2025-10-24T23:56:47+00:00\",\"mainEntityOfPage\":{\"@id\":\"https:\/\/bahiaeconomica.com.br\/wp\/2025\/10\/24\/braskem-aprova-investimento-para-ampliar-producao-de-eteno-e-polietileno-na-unidade-do-rio-de-janeiro\/\"},\"wordCount\":605,\"publisher\":{\"@id\":\"https:\/\/bahiaeconomica.com.br\/wp\/#organization\"},\"articleSection\":[\"MUNIC\u00cdPIOS\"],\"inLanguage\":\"pt-BR\"},{\"@type\":\"WebPage\",\"@id\":\"https:\/\/bahiaeconomica.com.br\/wp\/2025\/10\/24\/braskem-aprova-investimento-para-ampliar-producao-de-eteno-e-polietileno-na-unidade-do-rio-de-janeiro\/\",\"url\":\"https:\/\/bahiaeconomica.com.br\/wp\/2025\/10\/24\/braskem-aprova-investimento-para-ampliar-producao-de-eteno-e-polietileno-na-unidade-do-rio-de-janeiro\/\",\"name\":\"BRASKEM APROVA INVESTIMENTO PARA AMPLIAR PRODU\u00c7\u00c3O DE ETENO E POLIETILENO NA UNIDADE DO RIO DE JANEIRO - Bahia Economica\",\"isPartOf\":{\"@id\":\"https:\/\/bahiaeconomica.com.br\/wp\/#website\"},\"datePublished\":\"2025-10-24T18:00:02+00:00\",\"dateModified\":\"2025-10-24T23:56:47+00:00\",\"description\":\"O maior portal de Economia da Bahia MUNIC\u00cdPIOS Bahia Economica Com previs\u00e3o de R$ 4,2 bilh\u00f5es em investimentos,\",\"breadcrumb\":{\"@id\":\"https:\/\/bahiaeconomica.com.br\/wp\/2025\/10\/24\/braskem-aprova-investimento-para-ampliar-producao-de-eteno-e-polietileno-na-unidade-do-rio-de-janeiro\/#breadcrumb\"},\"inLanguage\":\"pt-BR\",\"potentialAction\":[{\"@type\":\"ReadAction\",\"target\":[\"https:\/\/bahiaeconomica.com.br\/wp\/2025\/10\/24\/braskem-aprova-investimento-para-ampliar-producao-de-eteno-e-polietileno-na-unidade-do-rio-de-janeiro\/\"]}]},{\"@type\":\"BreadcrumbList\",\"@id\":\"https:\/\/bahiaeconomica.com.br\/wp\/2025\/10\/24\/braskem-aprova-investimento-para-ampliar-producao-de-eteno-e-polietileno-na-unidade-do-rio-de-janeiro\/#breadcrumb\",\"itemListElement\":[{\"@type\":\"ListItem\",\"position\":1,\"name\":\"In\u00edcio\",\"item\":\"https:\/\/bahiaeconomica.com.br\/wp\/\"},{\"@type\":\"ListItem\",\"position\":2,\"name\":\"BRASKEM APROVA INVESTIMENTO PARA AMPLIAR PRODU\u00c7\u00c3O DE ETENO E POLIETILENO NA UNIDADE DO RIO DE JANEIRO\"}]},{\"@type\":\"WebSite\",\"@id\":\"https:\/\/bahiaeconomica.com.br\/wp\/#website\",\"url\":\"https:\/\/bahiaeconomica.com.br\/wp\/\",\"name\":\"Bahia Economica\",\"description\":\"O maior portal de Economia da Bahia\",\"publisher\":{\"@id\":\"https:\/\/bahiaeconomica.com.br\/wp\/#organization\"},\"potentialAction\":[{\"@type\":\"SearchAction\",\"target\":{\"@type\":\"EntryPoint\",\"urlTemplate\":\"https:\/\/bahiaeconomica.com.br\/wp\/?s={search_term_string}\"},\"query-input\":\"required name=search_term_string\"}],\"inLanguage\":\"pt-BR\"},{\"@type\":\"Organization\",\"@id\":\"https:\/\/bahiaeconomica.com.br\/wp\/#organization\",\"name\":\"Bahia Econ\u00f4mica\",\"url\":\"https:\/\/bahiaeconomica.com.br\/wp\/\",\"logo\":{\"@type\":\"ImageObject\",\"inLanguage\":\"pt-BR\",\"@id\":\"https:\/\/bahiaeconomica.com.br\/wp\/#\/schema\/logo\/image\/\",\"url\":\"https:\/\/bahiaeconomica.com.br\/wp\/wp-content\/uploads\/2020\/12\/cropped-BE.png\",\"contentUrl\":\"https:\/\/bahiaeconomica.com.br\/wp\/wp-content\/uploads\/2020\/12\/cropped-BE.png\",\"width\":512,\"height\":512,\"caption\":\"Bahia Econ\u00f4mica\"},\"image\":{\"@id\":\"https:\/\/bahiaeconomica.com.br\/wp\/#\/schema\/logo\/image\/\"},\"sameAs\":[\"https:\/\/www.facebook.com\/bahiaeconomica\"]},{\"@type\":\"Person\",\"@id\":\"https:\/\/bahiaeconomica.com.br\/wp\/#\/schema\/person\/c86d3a3f8960425a0f9d0e5245991f4e\",\"name\":\"JP\",\"sameAs\":[\"https:\/\/bahiaeconomica.com.br\/wp\/beta\/\"],\"url\":\"https:\/\/bahiaeconomica.com.br\/wp\/author\/jp\/\"}]}<\/script>\n<!-- \/ Yoast SEO plugin. -->","yoast_head_json":{"title":"BRASKEM APROVA INVESTIMENTO PARA AMPLIAR PRODU\u00c7\u00c3O DE ETENO E POLIETILENO NA UNIDADE DO RIO DE JANEIRO - Bahia Economica","description":"O maior portal de Economia da Bahia MUNIC\u00cdPIOS Bahia Economica Com previs\u00e3o de R$ 4,2 bilh\u00f5es em investimentos,","robots":{"index":"index","follow":"follow","max-snippet":"max-snippet:-1","max-image-preview":"max-image-preview:large","max-video-preview":"max-video-preview:-1"},"canonical":"https:\/\/bahiaeconomica.com.br\/wp\/2025\/10\/24\/braskem-aprova-investimento-para-ampliar-producao-de-eteno-e-polietileno-na-unidade-do-rio-de-janeiro\/","og_locale":"pt_BR","og_type":"article","og_title":"BRASKEM APROVA INVESTIMENTO PARA AMPLIAR PRODU\u00c7\u00c3O DE ETENO E POLIETILENO NA UNIDADE DO RIO DE JANEIRO - Bahia Economica","og_description":"O maior portal de Economia da Bahia MUNIC\u00cdPIOS Bahia Economica Com previs\u00e3o de R$ 4,2 bilh\u00f5es em investimentos,","og_url":"https:\/\/bahiaeconomica.com.br\/wp\/2025\/10\/24\/braskem-aprova-investimento-para-ampliar-producao-de-eteno-e-polietileno-na-unidade-do-rio-de-janeiro\/","og_site_name":"Bahia Economica","article_publisher":"https:\/\/www.facebook.com\/bahiaeconomica","article_published_time":"2025-10-24T18:00:02+00:00","article_modified_time":"2025-10-24T23:56:47+00:00","og_image":[{"width":800,"height":533,"url":"https:\/\/bahiaeconomica.com.br\/wp\/wp-content\/uploads\/2025\/10\/WhatsApp-Image-2025-10-24-at-15.20.26.jpeg","type":"image\/jpeg"}],"author":"JP","twitter_card":"summary_large_image","twitter_misc":{"Escrito por":"JP","Est. tempo de leitura":"3 minutos"},"schema":{"@context":"https:\/\/schema.org","@graph":[{"@type":"Article","@id":"https:\/\/bahiaeconomica.com.br\/wp\/2025\/10\/24\/braskem-aprova-investimento-para-ampliar-producao-de-eteno-e-polietileno-na-unidade-do-rio-de-janeiro\/#article","isPartOf":{"@id":"https:\/\/bahiaeconomica.com.br\/wp\/2025\/10\/24\/braskem-aprova-investimento-para-ampliar-producao-de-eteno-e-polietileno-na-unidade-do-rio-de-janeiro\/"},"author":{"name":"JP","@id":"https:\/\/bahiaeconomica.com.br\/wp\/#\/schema\/person\/c86d3a3f8960425a0f9d0e5245991f4e"},"headline":"BRASKEM APROVA INVESTIMENTO PARA AMPLIAR PRODU\u00c7\u00c3O DE ETENO E POLIETILENO NA UNIDADE DO RIO DE JANEIRO","datePublished":"2025-10-24T18:00:02+00:00","dateModified":"2025-10-24T23:56:47+00:00","mainEntityOfPage":{"@id":"https:\/\/bahiaeconomica.com.br\/wp\/2025\/10\/24\/braskem-aprova-investimento-para-ampliar-producao-de-eteno-e-polietileno-na-unidade-do-rio-de-janeiro\/"},"wordCount":605,"publisher":{"@id":"https:\/\/bahiaeconomica.com.br\/wp\/#organization"},"articleSection":["MUNIC\u00cdPIOS"],"inLanguage":"pt-BR"},{"@type":"WebPage","@id":"https:\/\/bahiaeconomica.com.br\/wp\/2025\/10\/24\/braskem-aprova-investimento-para-ampliar-producao-de-eteno-e-polietileno-na-unidade-do-rio-de-janeiro\/","url":"https:\/\/bahiaeconomica.com.br\/wp\/2025\/10\/24\/braskem-aprova-investimento-para-ampliar-producao-de-eteno-e-polietileno-na-unidade-do-rio-de-janeiro\/","name":"BRASKEM APROVA INVESTIMENTO PARA AMPLIAR PRODU\u00c7\u00c3O DE ETENO E POLIETILENO NA UNIDADE DO RIO DE JANEIRO - Bahia Economica","isPartOf":{"@id":"https:\/\/bahiaeconomica.com.br\/wp\/#website"},"datePublished":"2025-10-24T18:00:02+00:00","dateModified":"2025-10-24T23:56:47+00:00","description":"O maior portal de Economia da Bahia MUNIC\u00cdPIOS Bahia Economica Com previs\u00e3o de R$ 4,2 bilh\u00f5es em investimentos,","breadcrumb":{"@id":"https:\/\/bahiaeconomica.com.br\/wp\/2025\/10\/24\/braskem-aprova-investimento-para-ampliar-producao-de-eteno-e-polietileno-na-unidade-do-rio-de-janeiro\/#breadcrumb"},"inLanguage":"pt-BR","potentialAction":[{"@type":"ReadAction","target":["https:\/\/bahiaeconomica.com.br\/wp\/2025\/10\/24\/braskem-aprova-investimento-para-ampliar-producao-de-eteno-e-polietileno-na-unidade-do-rio-de-janeiro\/"]}]},{"@type":"BreadcrumbList","@id":"https:\/\/bahiaeconomica.com.br\/wp\/2025\/10\/24\/braskem-aprova-investimento-para-ampliar-producao-de-eteno-e-polietileno-na-unidade-do-rio-de-janeiro\/#breadcrumb","itemListElement":[{"@type":"ListItem","position":1,"name":"In\u00edcio","item":"https:\/\/bahiaeconomica.com.br\/wp\/"},{"@type":"ListItem","position":2,"name":"BRASKEM APROVA INVESTIMENTO PARA AMPLIAR PRODU\u00c7\u00c3O DE ETENO E POLIETILENO NA UNIDADE DO RIO DE JANEIRO"}]},{"@type":"WebSite","@id":"https:\/\/bahiaeconomica.com.br\/wp\/#website","url":"https:\/\/bahiaeconomica.com.br\/wp\/","name":"Bahia Economica","description":"O maior portal de Economia da Bahia","publisher":{"@id":"https:\/\/bahiaeconomica.com.br\/wp\/#organization"},"potentialAction":[{"@type":"SearchAction","target":{"@type":"EntryPoint","urlTemplate":"https:\/\/bahiaeconomica.com.br\/wp\/?s={search_term_string}"},"query-input":"required name=search_term_string"}],"inLanguage":"pt-BR"},{"@type":"Organization","@id":"https:\/\/bahiaeconomica.com.br\/wp\/#organization","name":"Bahia Econ\u00f4mica","url":"https:\/\/bahiaeconomica.com.br\/wp\/","logo":{"@type":"ImageObject","inLanguage":"pt-BR","@id":"https:\/\/bahiaeconomica.com.br\/wp\/#\/schema\/logo\/image\/","url":"https:\/\/bahiaeconomica.com.br\/wp\/wp-content\/uploads\/2020\/12\/cropped-BE.png","contentUrl":"https:\/\/bahiaeconomica.com.br\/wp\/wp-content\/uploads\/2020\/12\/cropped-BE.png","width":512,"height":512,"caption":"Bahia Econ\u00f4mica"},"image":{"@id":"https:\/\/bahiaeconomica.com.br\/wp\/#\/schema\/logo\/image\/"},"sameAs":["https:\/\/www.facebook.com\/bahiaeconomica"]},{"@type":"Person","@id":"https:\/\/bahiaeconomica.com.br\/wp\/#\/schema\/person\/c86d3a3f8960425a0f9d0e5245991f4e","name":"JP","sameAs":["https:\/\/bahiaeconomica.com.br\/wp\/beta\/"],"url":"https:\/\/bahiaeconomica.com.br\/wp\/author\/jp\/"}]}},"views":10,"_links":{"self":[{"href":"https:\/\/bahiaeconomica.com.br\/wp\/wp-json\/wp\/v2\/posts\/946901"}],"collection":[{"href":"https:\/\/bahiaeconomica.com.br\/wp\/wp-json\/wp\/v2\/posts"}],"about":[{"href":"https:\/\/bahiaeconomica.com.br\/wp\/wp-json\/wp\/v2\/types\/post"}],"author":[{"embeddable":true,"href":"https:\/\/bahiaeconomica.com.br\/wp\/wp-json\/wp\/v2\/users\/8"}],"replies":[{"embeddable":true,"href":"https:\/\/bahiaeconomica.com.br\/wp\/wp-json\/wp\/v2\/comments?post=946901"}],"version-history":[{"count":1,"href":"https:\/\/bahiaeconomica.com.br\/wp\/wp-json\/wp\/v2\/posts\/946901\/revisions"}],"predecessor-version":[{"id":946903,"href":"https:\/\/bahiaeconomica.com.br\/wp\/wp-json\/wp\/v2\/posts\/946901\/revisions\/946903"}],"wp:featuredmedia":[{"embeddable":true,"href":"https:\/\/bahiaeconomica.com.br\/wp\/wp-json\/wp\/v2\/media\/946902"}],"wp:attachment":[{"href":"https:\/\/bahiaeconomica.com.br\/wp\/wp-json\/wp\/v2\/media?parent=946901"}],"wp:term":[{"taxonomy":"category","embeddable":true,"href":"https:\/\/bahiaeconomica.com.br\/wp\/wp-json\/wp\/v2\/categories?post=946901"},{"taxonomy":"post_tag","embeddable":true,"href":"https:\/\/bahiaeconomica.com.br\/wp\/wp-json\/wp\/v2\/tags?post=946901"}],"curies":[{"name":"wp","href":"https:\/\/api.w.org\/{rel}","templated":true}]}}