{"id":946876,"date":"2025-10-24T15:00:10","date_gmt":"2025-10-24T18:00:10","guid":{"rendered":"https:\/\/bahiaeconomica.com.br\/wp\/?p=946876"},"modified":"2025-10-24T20:40:24","modified_gmt":"2025-10-24T23:40:24","slug":"gestao-documental-e-transparencia-na-administracao-publica-sao-temas-do-x-encontro-baiano-de-arquivos","status":"publish","type":"post","link":"https:\/\/bahiaeconomica.com.br\/wp\/2025\/10\/24\/gestao-documental-e-transparencia-na-administracao-publica-sao-temas-do-x-encontro-baiano-de-arquivos\/","title":{"rendered":"GEST\u00c3O DOCUMENTAL E TRANSPAR\u00caNCIA NA ADMINISTRA\u00c7\u00c3O P\u00daBLICA S\u00c3O TEMAS DO X ENCONTRO BAIANO DE ARQUIVOS\u00a0"},"content":{"rendered":"<p>O Arquivo P\u00fablico do Estado da Bahia (APEB), equipamento da Funda\u00e7\u00e3o Pedro Calmon (FPC), vinculada \u00e0 Secretaria de Cultura do Estado da Bahia (SecultBA), realiza no pr\u00f3ximo dia 7 de novembro de 2025, das 9h \u00e0s 17h, o X Encontro Baiano de Arquivos P\u00fablicos Municipais e Institucionais (X EBAM+), com o tema \u201cGest\u00e3o Documental Orientada \u00e0 Presta\u00e7\u00e3o de Contas: Transpar\u00eancia e Efici\u00eancia na Administra\u00e7\u00e3o P\u00fablica e Privada\u201d.<\/p>\n<p>As inscri\u00e7\u00f5es s\u00e3o gratuitas e devem ser realizadas exclusivamente pelo formul\u00e1rio eletr\u00f4nico no link: https:\/\/l1nk.dev\/XEBAM2025 . O evento ser\u00e1 realizado no Hub Salvador, no bairro do Com\u00e9rcio, em Salvador, e reunir\u00e1 autoridades p\u00fablicas, prefeitos, secret\u00e1rios municipais, diretores de arquivos estaduais e municipais, al\u00e9m de profissionais das \u00e1reas de Arquivologia, Administra\u00e7\u00e3o, Contabilidade e Gest\u00e3o P\u00fablica.<\/p>\n<p>Com o prop\u00f3sito de fortalecer as pol\u00edticas arquiv\u00edsticas e discutir o papel da gest\u00e3o documental como ferramenta de transpar\u00eancia e governan\u00e7a, o encontro promove palestras, minicursos e rodas de conversa com especialistas reconhecidos nacionalmente. A programa\u00e7\u00e3o tamb\u00e9m contempla interven\u00e7\u00f5es musicais e momentos de confraterniza\u00e7\u00e3o entre os participantes.<\/p>\n<p>\u201cA Funda\u00e7\u00e3o Pedro Calmon tem orgulho de sediar eventos como o EBAM+, que fortalecem os arquivos como instrumentos estrat\u00e9gicos de mem\u00f3ria, cidadania e controle social. Esperamos que este encontro inspire gestores e profissionais a adotar pr\u00e1ticas inovadoras e eficientes na gest\u00e3o documental\u201d, declara Sandro Magalh\u00e3es, diretor-geral da Funda\u00e7\u00e3o Pedro Calmon.<\/p>\n<p>\u201cO EBAM+ se consolida como um espa\u00e7o de di\u00e1logo e fortalecimento da cultura arquiv\u00edstica nos munic\u00edpios. \u00c9 uma oportunidade de compartilhar boas pr\u00e1ticas e mostrar como a gest\u00e3o documental contribui para a transpar\u00eancia e efici\u00eancia na administra\u00e7\u00e3o p\u00fablica\u201d, afirma Jorge Vieira, diretor do Arquivo P\u00fablico do Estado da Bahia.<\/p>\n<p>Programa\u00e7\u00e3o<\/p>\n<p>\u00c0s 10h30, tem in\u00edcio a confer\u00eancia de abertura, com o tema \u201cA Gest\u00e3o Documental como Pilar da Transpar\u00eancia e da Governan\u00e7a P\u00fablica: Desafios e Oportunidades no Cen\u00e1rio Contempor\u00e2neo\u201d, conduzida por Jorge Vieira (diretor do APEB) e Menara Dami\u00e3o (controladora geral do munic\u00edpio de Alagoinhas e vice-presidente da UCIB).<\/p>\n<p>No per\u00edodo da tarde, a partir das 13h, ser\u00e1 realizada uma roda de conversa sobre \u201cBoas Pr\u00e1ticas em Arquivos Municipais e Institucionais\u201d, com a participa\u00e7\u00e3o de Sandra Menezes (Hospital Martag\u00e3o Gesteira), Anderson Ribeiro (secret\u00e1rio de Administra\u00e7\u00e3o de Guanambi) e Leila Ros\u00e1rio (secret\u00e1ria de Administra\u00e7\u00e3o de Pojuca), sob media\u00e7\u00e3o de Afonso Silva, coordenador de Fomento aos Arquivos P\u00fablicos Municipais.<\/p>\n<p>\u00c0s 14h, o minicurso \u201cInstrumentos Arquiv\u00edsticos como Ferramentas de Transpar\u00eancia e Efici\u00eancia Administrativa\u201d ser\u00e1 ministrado por Jo\u00e3o Victor Berger (Defensoria P\u00fablica do Estado da Bahia \u2013 DPE\/BA).<\/p>\n<p>Encerrando a programa\u00e7\u00e3o, \u00e0s 15h, acontece a palestra \u201cPreserva\u00e7\u00e3o Digital e as Novas Tecnologias da Informa\u00e7\u00e3o no Contexto dos Arquivos Municipais\u201d, com Ricardo Sodr\u00e9 Andrade (Arquivo Nacional \u2013 Regional Nordeste), seguida de uma interven\u00e7\u00e3o musical de encerramento.<\/p>\n<p>Sobre o EBAM+<\/p>\n<p>Criado com o objetivo de fomentar o di\u00e1logo entre os profissionais da \u00e1rea e os gestores p\u00fablicos, o Encontro Baiano de Arquivos P\u00fablicos Municipais e Institucionais chega \u00e0 sua d\u00e9cima edi\u00e7\u00e3o como um importante espa\u00e7o de forma\u00e7\u00e3o, interc\u00e2mbio de experi\u00eancias e dissemina\u00e7\u00e3o de boas pr\u00e1ticas arquiv\u00edsticas.<\/p>\n<p>A iniciativa reafirma o compromisso do Governo do Estado da Bahia, por meio da Funda\u00e7\u00e3o Pedro Calmon e do Arquivo P\u00fablico do Estado, com a valoriza\u00e7\u00e3o dos arquivos como instrumentos estrat\u00e9gicos de cidadania, mem\u00f3ria e controle social.<\/p>\n<p>Servi\u00e7o<\/p>\n<p>O qu\u00ea: X Encontro Baiano de Arquivos P\u00fablicos Municipais e Institucionais (X EBAM+)<\/p>\n<p>Tema: Gest\u00e3o Documental Orientada \u00e0 Presta\u00e7\u00e3o de Contas: Transpar\u00eancia e Efici\u00eancia na Administra\u00e7\u00e3o P\u00fablica e Privada<\/p>\n<p>Data: 7 de novembro de 2025<\/p>\n<p>Hor\u00e1rio: 9h \u00e0s 17h<\/p>\n<p>Local: Hub Salvador (Com\u00e9rcio, Salvador \u2013 BA)<\/p>\n<p>Realiza\u00e7\u00e3o: Arquivo P\u00fablico do Estado da Bahia (APEB), equipamento da Funda\u00e7\u00e3o Pedro Calmon (FPC) \/ SecultBA<\/p>\n<p>&nbsp;<\/p>\n<p>&nbsp;<\/p>\n<p>Fonte: ASCOM\/FPC<\/p>\n","protected":false},"excerpt":{"rendered":"<p>O Arquivo P\u00fablico do Estado da Bahia (APEB), equipamento da Funda\u00e7\u00e3o Pedro Calmon (FPC), vinculada \u00e0 Secretaria de Cultura do Estado da Bahia (SecultBA), realiza no pr\u00f3ximo dia 7 de novembro de 2025, das 9h \u00e0s 17h, o X Encontro Baiano de Arquivos P\u00fablicos Municipais e Institucionais (X EBAM+), com o tema \u201cGest\u00e3o Documental Orientada [&hellip;]<\/p>\n","protected":false},"author":8,"featured_media":0,"comment_status":"closed","ping_status":"closed","sticky":false,"template":"","format":"standard","meta":[],"categories":[5],"tags":[],"acf":[],"yoast_head":"<!-- This site is optimized with the Yoast SEO plugin v20.8 - https:\/\/yoast.com\/wordpress\/plugins\/seo\/ -->\n<title>GEST\u00c3O DOCUMENTAL E TRANSPAR\u00caNCIA NA ADMINISTRA\u00c7\u00c3O P\u00daBLICA S\u00c3O TEMAS DO X ENCONTRO BAIANO DE ARQUIVOS\u00a0 - Bahia Economica<\/title>\n<meta name=\"description\" content=\"O maior portal de Economia da Bahia MUNIC\u00cdPIOS Bahia Economica Evento promovido pelo Arquivo P\u00fablico do Estado\" \/>\n<meta name=\"robots\" content=\"index, follow, max-snippet:-1, max-image-preview:large, max-video-preview:-1\" \/>\n<link rel=\"canonical\" href=\"https:\/\/bahiaeconomica.com.br\/wp\/2025\/10\/24\/gestao-documental-e-transparencia-na-administracao-publica-sao-temas-do-x-encontro-baiano-de-arquivos\/\" \/>\n<meta property=\"og:locale\" content=\"pt_BR\" \/>\n<meta property=\"og:type\" content=\"article\" \/>\n<meta property=\"og:title\" content=\"GEST\u00c3O DOCUMENTAL E TRANSPAR\u00caNCIA NA ADMINISTRA\u00c7\u00c3O P\u00daBLICA S\u00c3O TEMAS DO X ENCONTRO BAIANO DE ARQUIVOS\u00a0 - Bahia Economica\" \/>\n<meta property=\"og:description\" content=\"O maior portal de Economia da Bahia MUNIC\u00cdPIOS Bahia Economica Evento promovido pelo Arquivo P\u00fablico do Estado\" \/>\n<meta property=\"og:url\" content=\"https:\/\/bahiaeconomica.com.br\/wp\/2025\/10\/24\/gestao-documental-e-transparencia-na-administracao-publica-sao-temas-do-x-encontro-baiano-de-arquivos\/\" \/>\n<meta property=\"og:site_name\" content=\"Bahia Economica\" \/>\n<meta property=\"article:publisher\" content=\"https:\/\/www.facebook.com\/bahiaeconomica\" \/>\n<meta property=\"article:published_time\" content=\"2025-10-24T18:00:10+00:00\" \/>\n<meta property=\"article:modified_time\" content=\"2025-10-24T23:40:24+00:00\" \/>\n<meta name=\"author\" content=\"JP\" \/>\n<meta name=\"twitter:card\" content=\"summary_large_image\" \/>\n<meta name=\"twitter:label1\" content=\"Escrito por\" \/>\n\t<meta name=\"twitter:data1\" content=\"JP\" \/>\n\t<meta name=\"twitter:label2\" content=\"Est. tempo de leitura\" \/>\n\t<meta name=\"twitter:data2\" content=\"4 minutos\" \/>\n<script type=\"application\/ld+json\" class=\"yoast-schema-graph\">{\"@context\":\"https:\/\/schema.org\",\"@graph\":[{\"@type\":\"Article\",\"@id\":\"https:\/\/bahiaeconomica.com.br\/wp\/2025\/10\/24\/gestao-documental-e-transparencia-na-administracao-publica-sao-temas-do-x-encontro-baiano-de-arquivos\/#article\",\"isPartOf\":{\"@id\":\"https:\/\/bahiaeconomica.com.br\/wp\/2025\/10\/24\/gestao-documental-e-transparencia-na-administracao-publica-sao-temas-do-x-encontro-baiano-de-arquivos\/\"},\"author\":{\"name\":\"JP\",\"@id\":\"https:\/\/bahiaeconomica.com.br\/wp\/#\/schema\/person\/c86d3a3f8960425a0f9d0e5245991f4e\"},\"headline\":\"GEST\u00c3O DOCUMENTAL E TRANSPAR\u00caNCIA NA ADMINISTRA\u00c7\u00c3O P\u00daBLICA S\u00c3O TEMAS DO X ENCONTRO BAIANO DE ARQUIVOS\u00a0\",\"datePublished\":\"2025-10-24T18:00:10+00:00\",\"dateModified\":\"2025-10-24T23:40:24+00:00\",\"mainEntityOfPage\":{\"@id\":\"https:\/\/bahiaeconomica.com.br\/wp\/2025\/10\/24\/gestao-documental-e-transparencia-na-administracao-publica-sao-temas-do-x-encontro-baiano-de-arquivos\/\"},\"wordCount\":713,\"publisher\":{\"@id\":\"https:\/\/bahiaeconomica.com.br\/wp\/#organization\"},\"articleSection\":[\"MUNIC\u00cdPIOS\"],\"inLanguage\":\"pt-BR\"},{\"@type\":\"WebPage\",\"@id\":\"https:\/\/bahiaeconomica.com.br\/wp\/2025\/10\/24\/gestao-documental-e-transparencia-na-administracao-publica-sao-temas-do-x-encontro-baiano-de-arquivos\/\",\"url\":\"https:\/\/bahiaeconomica.com.br\/wp\/2025\/10\/24\/gestao-documental-e-transparencia-na-administracao-publica-sao-temas-do-x-encontro-baiano-de-arquivos\/\",\"name\":\"GEST\u00c3O DOCUMENTAL E TRANSPAR\u00caNCIA NA ADMINISTRA\u00c7\u00c3O P\u00daBLICA S\u00c3O TEMAS DO X ENCONTRO BAIANO DE ARQUIVOS\u00a0 - Bahia Economica\",\"isPartOf\":{\"@id\":\"https:\/\/bahiaeconomica.com.br\/wp\/#website\"},\"datePublished\":\"2025-10-24T18:00:10+00:00\",\"dateModified\":\"2025-10-24T23:40:24+00:00\",\"description\":\"O maior portal de Economia da Bahia MUNIC\u00cdPIOS Bahia Economica Evento promovido pelo Arquivo P\u00fablico do Estado\",\"breadcrumb\":{\"@id\":\"https:\/\/bahiaeconomica.com.br\/wp\/2025\/10\/24\/gestao-documental-e-transparencia-na-administracao-publica-sao-temas-do-x-encontro-baiano-de-arquivos\/#breadcrumb\"},\"inLanguage\":\"pt-BR\",\"potentialAction\":[{\"@type\":\"ReadAction\",\"target\":[\"https:\/\/bahiaeconomica.com.br\/wp\/2025\/10\/24\/gestao-documental-e-transparencia-na-administracao-publica-sao-temas-do-x-encontro-baiano-de-arquivos\/\"]}]},{\"@type\":\"BreadcrumbList\",\"@id\":\"https:\/\/bahiaeconomica.com.br\/wp\/2025\/10\/24\/gestao-documental-e-transparencia-na-administracao-publica-sao-temas-do-x-encontro-baiano-de-arquivos\/#breadcrumb\",\"itemListElement\":[{\"@type\":\"ListItem\",\"position\":1,\"name\":\"In\u00edcio\",\"item\":\"https:\/\/bahiaeconomica.com.br\/wp\/\"},{\"@type\":\"ListItem\",\"position\":2,\"name\":\"GEST\u00c3O DOCUMENTAL E TRANSPAR\u00caNCIA NA ADMINISTRA\u00c7\u00c3O P\u00daBLICA S\u00c3O TEMAS DO X ENCONTRO BAIANO DE ARQUIVOS\u00a0\"}]},{\"@type\":\"WebSite\",\"@id\":\"https:\/\/bahiaeconomica.com.br\/wp\/#website\",\"url\":\"https:\/\/bahiaeconomica.com.br\/wp\/\",\"name\":\"Bahia Economica\",\"description\":\"O maior portal de Economia da Bahia\",\"publisher\":{\"@id\":\"https:\/\/bahiaeconomica.com.br\/wp\/#organization\"},\"potentialAction\":[{\"@type\":\"SearchAction\",\"target\":{\"@type\":\"EntryPoint\",\"urlTemplate\":\"https:\/\/bahiaeconomica.com.br\/wp\/?s={search_term_string}\"},\"query-input\":\"required name=search_term_string\"}],\"inLanguage\":\"pt-BR\"},{\"@type\":\"Organization\",\"@id\":\"https:\/\/bahiaeconomica.com.br\/wp\/#organization\",\"name\":\"Bahia Econ\u00f4mica\",\"url\":\"https:\/\/bahiaeconomica.com.br\/wp\/\",\"logo\":{\"@type\":\"ImageObject\",\"inLanguage\":\"pt-BR\",\"@id\":\"https:\/\/bahiaeconomica.com.br\/wp\/#\/schema\/logo\/image\/\",\"url\":\"https:\/\/bahiaeconomica.com.br\/wp\/wp-content\/uploads\/2020\/12\/cropped-BE.png\",\"contentUrl\":\"https:\/\/bahiaeconomica.com.br\/wp\/wp-content\/uploads\/2020\/12\/cropped-BE.png\",\"width\":512,\"height\":512,\"caption\":\"Bahia Econ\u00f4mica\"},\"image\":{\"@id\":\"https:\/\/bahiaeconomica.com.br\/wp\/#\/schema\/logo\/image\/\"},\"sameAs\":[\"https:\/\/www.facebook.com\/bahiaeconomica\"]},{\"@type\":\"Person\",\"@id\":\"https:\/\/bahiaeconomica.com.br\/wp\/#\/schema\/person\/c86d3a3f8960425a0f9d0e5245991f4e\",\"name\":\"JP\",\"sameAs\":[\"https:\/\/bahiaeconomica.com.br\/wp\/beta\/\"],\"url\":\"https:\/\/bahiaeconomica.com.br\/wp\/author\/jp\/\"}]}<\/script>\n<!-- \/ Yoast SEO plugin. -->","yoast_head_json":{"title":"GEST\u00c3O DOCUMENTAL E TRANSPAR\u00caNCIA NA ADMINISTRA\u00c7\u00c3O P\u00daBLICA S\u00c3O TEMAS DO X ENCONTRO BAIANO DE ARQUIVOS\u00a0 - Bahia Economica","description":"O maior portal de Economia da Bahia MUNIC\u00cdPIOS Bahia Economica Evento promovido pelo Arquivo P\u00fablico do Estado","robots":{"index":"index","follow":"follow","max-snippet":"max-snippet:-1","max-image-preview":"max-image-preview:large","max-video-preview":"max-video-preview:-1"},"canonical":"https:\/\/bahiaeconomica.com.br\/wp\/2025\/10\/24\/gestao-documental-e-transparencia-na-administracao-publica-sao-temas-do-x-encontro-baiano-de-arquivos\/","og_locale":"pt_BR","og_type":"article","og_title":"GEST\u00c3O DOCUMENTAL E TRANSPAR\u00caNCIA NA ADMINISTRA\u00c7\u00c3O P\u00daBLICA S\u00c3O TEMAS DO X ENCONTRO BAIANO DE ARQUIVOS\u00a0 - Bahia Economica","og_description":"O maior portal de Economia da Bahia MUNIC\u00cdPIOS Bahia Economica Evento promovido pelo Arquivo P\u00fablico do Estado","og_url":"https:\/\/bahiaeconomica.com.br\/wp\/2025\/10\/24\/gestao-documental-e-transparencia-na-administracao-publica-sao-temas-do-x-encontro-baiano-de-arquivos\/","og_site_name":"Bahia Economica","article_publisher":"https:\/\/www.facebook.com\/bahiaeconomica","article_published_time":"2025-10-24T18:00:10+00:00","article_modified_time":"2025-10-24T23:40:24+00:00","author":"JP","twitter_card":"summary_large_image","twitter_misc":{"Escrito por":"JP","Est. tempo de leitura":"4 minutos"},"schema":{"@context":"https:\/\/schema.org","@graph":[{"@type":"Article","@id":"https:\/\/bahiaeconomica.com.br\/wp\/2025\/10\/24\/gestao-documental-e-transparencia-na-administracao-publica-sao-temas-do-x-encontro-baiano-de-arquivos\/#article","isPartOf":{"@id":"https:\/\/bahiaeconomica.com.br\/wp\/2025\/10\/24\/gestao-documental-e-transparencia-na-administracao-publica-sao-temas-do-x-encontro-baiano-de-arquivos\/"},"author":{"name":"JP","@id":"https:\/\/bahiaeconomica.com.br\/wp\/#\/schema\/person\/c86d3a3f8960425a0f9d0e5245991f4e"},"headline":"GEST\u00c3O DOCUMENTAL E TRANSPAR\u00caNCIA NA ADMINISTRA\u00c7\u00c3O P\u00daBLICA S\u00c3O TEMAS DO X ENCONTRO BAIANO DE ARQUIVOS\u00a0","datePublished":"2025-10-24T18:00:10+00:00","dateModified":"2025-10-24T23:40:24+00:00","mainEntityOfPage":{"@id":"https:\/\/bahiaeconomica.com.br\/wp\/2025\/10\/24\/gestao-documental-e-transparencia-na-administracao-publica-sao-temas-do-x-encontro-baiano-de-arquivos\/"},"wordCount":713,"publisher":{"@id":"https:\/\/bahiaeconomica.com.br\/wp\/#organization"},"articleSection":["MUNIC\u00cdPIOS"],"inLanguage":"pt-BR"},{"@type":"WebPage","@id":"https:\/\/bahiaeconomica.com.br\/wp\/2025\/10\/24\/gestao-documental-e-transparencia-na-administracao-publica-sao-temas-do-x-encontro-baiano-de-arquivos\/","url":"https:\/\/bahiaeconomica.com.br\/wp\/2025\/10\/24\/gestao-documental-e-transparencia-na-administracao-publica-sao-temas-do-x-encontro-baiano-de-arquivos\/","name":"GEST\u00c3O DOCUMENTAL E TRANSPAR\u00caNCIA NA ADMINISTRA\u00c7\u00c3O P\u00daBLICA S\u00c3O TEMAS DO X ENCONTRO BAIANO DE ARQUIVOS\u00a0 - Bahia Economica","isPartOf":{"@id":"https:\/\/bahiaeconomica.com.br\/wp\/#website"},"datePublished":"2025-10-24T18:00:10+00:00","dateModified":"2025-10-24T23:40:24+00:00","description":"O maior portal de Economia da Bahia MUNIC\u00cdPIOS Bahia Economica Evento promovido pelo Arquivo P\u00fablico do Estado","breadcrumb":{"@id":"https:\/\/bahiaeconomica.com.br\/wp\/2025\/10\/24\/gestao-documental-e-transparencia-na-administracao-publica-sao-temas-do-x-encontro-baiano-de-arquivos\/#breadcrumb"},"inLanguage":"pt-BR","potentialAction":[{"@type":"ReadAction","target":["https:\/\/bahiaeconomica.com.br\/wp\/2025\/10\/24\/gestao-documental-e-transparencia-na-administracao-publica-sao-temas-do-x-encontro-baiano-de-arquivos\/"]}]},{"@type":"BreadcrumbList","@id":"https:\/\/bahiaeconomica.com.br\/wp\/2025\/10\/24\/gestao-documental-e-transparencia-na-administracao-publica-sao-temas-do-x-encontro-baiano-de-arquivos\/#breadcrumb","itemListElement":[{"@type":"ListItem","position":1,"name":"In\u00edcio","item":"https:\/\/bahiaeconomica.com.br\/wp\/"},{"@type":"ListItem","position":2,"name":"GEST\u00c3O DOCUMENTAL E TRANSPAR\u00caNCIA NA ADMINISTRA\u00c7\u00c3O P\u00daBLICA S\u00c3O TEMAS DO X ENCONTRO BAIANO DE ARQUIVOS\u00a0"}]},{"@type":"WebSite","@id":"https:\/\/bahiaeconomica.com.br\/wp\/#website","url":"https:\/\/bahiaeconomica.com.br\/wp\/","name":"Bahia Economica","description":"O maior portal de Economia da Bahia","publisher":{"@id":"https:\/\/bahiaeconomica.com.br\/wp\/#organization"},"potentialAction":[{"@type":"SearchAction","target":{"@type":"EntryPoint","urlTemplate":"https:\/\/bahiaeconomica.com.br\/wp\/?s={search_term_string}"},"query-input":"required name=search_term_string"}],"inLanguage":"pt-BR"},{"@type":"Organization","@id":"https:\/\/bahiaeconomica.com.br\/wp\/#organization","name":"Bahia Econ\u00f4mica","url":"https:\/\/bahiaeconomica.com.br\/wp\/","logo":{"@type":"ImageObject","inLanguage":"pt-BR","@id":"https:\/\/bahiaeconomica.com.br\/wp\/#\/schema\/logo\/image\/","url":"https:\/\/bahiaeconomica.com.br\/wp\/wp-content\/uploads\/2020\/12\/cropped-BE.png","contentUrl":"https:\/\/bahiaeconomica.com.br\/wp\/wp-content\/uploads\/2020\/12\/cropped-BE.png","width":512,"height":512,"caption":"Bahia Econ\u00f4mica"},"image":{"@id":"https:\/\/bahiaeconomica.com.br\/wp\/#\/schema\/logo\/image\/"},"sameAs":["https:\/\/www.facebook.com\/bahiaeconomica"]},{"@type":"Person","@id":"https:\/\/bahiaeconomica.com.br\/wp\/#\/schema\/person\/c86d3a3f8960425a0f9d0e5245991f4e","name":"JP","sameAs":["https:\/\/bahiaeconomica.com.br\/wp\/beta\/"],"url":"https:\/\/bahiaeconomica.com.br\/wp\/author\/jp\/"}]}},"views":1,"_links":{"self":[{"href":"https:\/\/bahiaeconomica.com.br\/wp\/wp-json\/wp\/v2\/posts\/946876"}],"collection":[{"href":"https:\/\/bahiaeconomica.com.br\/wp\/wp-json\/wp\/v2\/posts"}],"about":[{"href":"https:\/\/bahiaeconomica.com.br\/wp\/wp-json\/wp\/v2\/types\/post"}],"author":[{"embeddable":true,"href":"https:\/\/bahiaeconomica.com.br\/wp\/wp-json\/wp\/v2\/users\/8"}],"replies":[{"embeddable":true,"href":"https:\/\/bahiaeconomica.com.br\/wp\/wp-json\/wp\/v2\/comments?post=946876"}],"version-history":[{"count":1,"href":"https:\/\/bahiaeconomica.com.br\/wp\/wp-json\/wp\/v2\/posts\/946876\/revisions"}],"predecessor-version":[{"id":946877,"href":"https:\/\/bahiaeconomica.com.br\/wp\/wp-json\/wp\/v2\/posts\/946876\/revisions\/946877"}],"wp:attachment":[{"href":"https:\/\/bahiaeconomica.com.br\/wp\/wp-json\/wp\/v2\/media?parent=946876"}],"wp:term":[{"taxonomy":"category","embeddable":true,"href":"https:\/\/bahiaeconomica.com.br\/wp\/wp-json\/wp\/v2\/categories?post=946876"},{"taxonomy":"post_tag","embeddable":true,"href":"https:\/\/bahiaeconomica.com.br\/wp\/wp-json\/wp\/v2\/tags?post=946876"}],"curies":[{"name":"wp","href":"https:\/\/api.w.org\/{rel}","templated":true}]}}