{"id":946435,"date":"2025-10-23T15:00:20","date_gmt":"2025-10-23T18:00:20","guid":{"rendered":"https:\/\/bahiaeconomica.com.br\/wp\/?p=946435"},"modified":"2025-10-23T20:51:00","modified_gmt":"2025-10-23T23:51:00","slug":"proibir-redes-sociais-para-menores-especialista-explica-tendencia-global-e-os-seus-desafios-para-chegar-ao-brasil","status":"publish","type":"post","link":"https:\/\/bahiaeconomica.com.br\/wp\/2025\/10\/23\/proibir-redes-sociais-para-menores-especialista-explica-tendencia-global-e-os-seus-desafios-para-chegar-ao-brasil\/","title":{"rendered":"PROIBIR REDES SOCIAIS PARA MENORES? ESPECIALISTA EXPLICA TEND\u00caNCIA GLOBAL E OS SEUS DESAFIOS PARA CHEGAR AO BRASIL\u00a0\u00a0"},"content":{"rendered":"<p>Dinamarca, Austr\u00e1lia e pa\u00edses da Uni\u00e3o Europeia est\u00e3o liderando uma mudan\u00e7a global ao impor restri\u00e7\u00f5es de idade para o uso de redes sociais. A medida, motivada por preocupa\u00e7\u00f5es com sa\u00fade mental, privacidade e desenvolvimento infantil, reacende o debate sobre a necessidade de pol\u00edticas mais r\u00edgidas tamb\u00e9m no Brasil.<\/p>\n<p>De acordo com Alessandra Tanure, especialista em Direito Digital no \u00e2mbito de prote\u00e7\u00e3o de direitos de personalidade de crian\u00e7as e adolescentes, a tend\u00eancia reflete uma nova etapa na regula\u00e7\u00e3o das plataformas digitais: \u201cEstamos assistindo a uma rea\u00e7\u00e3o dos Estados diante de um fen\u00f4meno que saiu do controle. H\u00e1 um consenso crescente de que crian\u00e7as n\u00e3o devem ser expostas t\u00e3o cedo a ambientes que exploram aten\u00e7\u00e3o, dados e comportamento de forma intensa\u201d, explica.<\/p>\n<p>Na Dinamarca, o governo prop\u00f4s proibir redes sociais para menores de 15 anos, medida que ainda deve passar por consulta p\u00fablica. Na Austr\u00e1lia, uma lei j\u00e1 aprovada veta o uso por menores de 16 anos e prev\u00ea multas pesadas para empresas que descumprirem a norma. A Uni\u00e3o Europeia, por sua vez, testa sistemas de verifica\u00e7\u00e3o de idade em pa\u00edses como Fran\u00e7a, Espanha, It\u00e1lia e Gr\u00e9cia, integrados \u00e0 Lei de Servi\u00e7os Digitais (DSA), que exige das plataformas medidas concretas de prote\u00e7\u00e3o a menores.<\/p>\n<p>Alessandra alerta, contudo, que a execu\u00e7\u00e3o dessas pol\u00edticas enfrenta obst\u00e1culos t\u00e9cnicos e \u00e9ticos: \u201cO principal desafio \u00e9 equilibrar prote\u00e7\u00e3o e privacidade. Verificar a idade de um usu\u00e1rio sem violar seus dados pessoais \u00e9 algo complexo. Al\u00e9m disso, \u00e9 preciso evitar solu\u00e7\u00f5es que incentivem a coleta de informa\u00e7\u00f5es sens\u00edveis, como biometria infantil ou documentos de identidade digital\u201d, pondera.<\/p>\n<p>A especialista tamb\u00e9m destaca que proibir o acesso n\u00e3o \u00e9 suficiente. \u201cMais do que bloquear, \u00e9 necess\u00e1rio educar. A alfabetiza\u00e7\u00e3o digital deve come\u00e7ar em casa e ser fortalecida na escola. As crian\u00e7as precisam aprender sobre limites, tempo de uso e riscos do compartilhamento excessivo. E os pais devem exercer uma supervis\u00e3o ativa, sem delegar integralmente essa responsabilidade \u00e0s plataformas\u201d, afirma.<\/p>\n<p>Segundo a advogada, o Brasil deve acompanhar de perto o debate internacional, sobretudo diante da aus\u00eancia de regras espec\u00edficas sobre idade m\u00ednima e mecanismos de controle parental eficazes. \u201cNosso pa\u00eds tem legisla\u00e7\u00e3o robusta em prote\u00e7\u00e3o de dados e direitos da crian\u00e7a, mas ainda falta articula\u00e7\u00e3o entre as normas. Precisamos de pol\u00edticas p\u00fablicas que traduzam o que j\u00e1 est\u00e1 previsto no ECA e na LGPD em medidas aplic\u00e1veis ao ambiente digital\u201d, conclui.<\/p>\n<p>&nbsp;<\/p>\n<p>Foto: Freepik<\/p>\n","protected":false},"excerpt":{"rendered":"<p>Dinamarca, Austr\u00e1lia e pa\u00edses da Uni\u00e3o Europeia est\u00e3o liderando uma mudan\u00e7a global ao impor restri\u00e7\u00f5es de idade para o uso de redes sociais. A medida, motivada por preocupa\u00e7\u00f5es com sa\u00fade mental, privacidade e desenvolvimento infantil, reacende o debate sobre a necessidade de pol\u00edticas mais r\u00edgidas tamb\u00e9m no Brasil. De acordo com Alessandra Tanure, especialista em [&hellip;]<\/p>\n","protected":false},"author":8,"featured_media":946436,"comment_status":"closed","ping_status":"closed","sticky":false,"template":"","format":"standard","meta":[],"categories":[5],"tags":[],"acf":[],"yoast_head":"<!-- This site is optimized with the Yoast SEO plugin v20.8 - https:\/\/yoast.com\/wordpress\/plugins\/seo\/ -->\n<title>PROIBIR REDES SOCIAIS PARA MENORES? ESPECIALISTA EXPLICA TEND\u00caNCIA GLOBAL E OS SEUS DESAFIOS PARA CHEGAR AO BRASIL\u00a0\u00a0 - Bahia Economica<\/title>\n<meta name=\"description\" content=\"O maior portal de Economia da Bahia MUNIC\u00cdPIOS Bahia Economica Alessandra Tanure, especialista em Direito Digital, alerta para os desafios e impactos da regula\u00e7\u00e3o voltada \u00e0 prote\u00e7\u00e3o infantil e \u00e0 privacidade\" \/>\n<meta name=\"robots\" content=\"index, follow, max-snippet:-1, max-image-preview:large, max-video-preview:-1\" \/>\n<link rel=\"canonical\" href=\"https:\/\/bahiaeconomica.com.br\/wp\/2025\/10\/23\/proibir-redes-sociais-para-menores-especialista-explica-tendencia-global-e-os-seus-desafios-para-chegar-ao-brasil\/\" \/>\n<meta property=\"og:locale\" content=\"pt_BR\" \/>\n<meta property=\"og:type\" content=\"article\" \/>\n<meta property=\"og:title\" content=\"PROIBIR REDES SOCIAIS PARA MENORES? ESPECIALISTA EXPLICA TEND\u00caNCIA GLOBAL E OS SEUS DESAFIOS PARA CHEGAR AO BRASIL\u00a0\u00a0 - Bahia Economica\" \/>\n<meta property=\"og:description\" content=\"O maior portal de Economia da Bahia MUNIC\u00cdPIOS Bahia Economica Alessandra Tanure, especialista em Direito Digital, alerta para os desafios e impactos da regula\u00e7\u00e3o voltada \u00e0 prote\u00e7\u00e3o infantil e \u00e0 privacidade\" \/>\n<meta property=\"og:url\" content=\"https:\/\/bahiaeconomica.com.br\/wp\/2025\/10\/23\/proibir-redes-sociais-para-menores-especialista-explica-tendencia-global-e-os-seus-desafios-para-chegar-ao-brasil\/\" \/>\n<meta property=\"og:site_name\" content=\"Bahia Economica\" \/>\n<meta property=\"article:publisher\" content=\"https:\/\/www.facebook.com\/bahiaeconomica\" \/>\n<meta property=\"article:published_time\" content=\"2025-10-23T18:00:20+00:00\" \/>\n<meta property=\"article:modified_time\" content=\"2025-10-23T23:51:00+00:00\" \/>\n<meta property=\"og:image\" content=\"https:\/\/bahiaeconomica.com.br\/wp\/wp-content\/uploads\/2025\/10\/WhatsApp-Image-2025-10-23-at-15.13.58.jpeg\" \/>\n\t<meta property=\"og:image:width\" content=\"1600\" \/>\n\t<meta property=\"og:image:height\" content=\"1066\" \/>\n\t<meta property=\"og:image:type\" content=\"image\/jpeg\" \/>\n<meta name=\"author\" content=\"JP\" \/>\n<meta name=\"twitter:card\" content=\"summary_large_image\" \/>\n<meta name=\"twitter:label1\" content=\"Escrito por\" \/>\n\t<meta name=\"twitter:data1\" content=\"JP\" \/>\n\t<meta name=\"twitter:label2\" content=\"Est. tempo de leitura\" \/>\n\t<meta name=\"twitter:data2\" content=\"3 minutos\" \/>\n<script type=\"application\/ld+json\" class=\"yoast-schema-graph\">{\"@context\":\"https:\/\/schema.org\",\"@graph\":[{\"@type\":\"Article\",\"@id\":\"https:\/\/bahiaeconomica.com.br\/wp\/2025\/10\/23\/proibir-redes-sociais-para-menores-especialista-explica-tendencia-global-e-os-seus-desafios-para-chegar-ao-brasil\/#article\",\"isPartOf\":{\"@id\":\"https:\/\/bahiaeconomica.com.br\/wp\/2025\/10\/23\/proibir-redes-sociais-para-menores-especialista-explica-tendencia-global-e-os-seus-desafios-para-chegar-ao-brasil\/\"},\"author\":{\"name\":\"JP\",\"@id\":\"https:\/\/bahiaeconomica.com.br\/wp\/#\/schema\/person\/c86d3a3f8960425a0f9d0e5245991f4e\"},\"headline\":\"PROIBIR REDES SOCIAIS PARA MENORES? ESPECIALISTA EXPLICA TEND\u00caNCIA GLOBAL E OS SEUS DESAFIOS PARA CHEGAR AO BRASIL\u00a0\u00a0\",\"datePublished\":\"2025-10-23T18:00:20+00:00\",\"dateModified\":\"2025-10-23T23:51:00+00:00\",\"mainEntityOfPage\":{\"@id\":\"https:\/\/bahiaeconomica.com.br\/wp\/2025\/10\/23\/proibir-redes-sociais-para-menores-especialista-explica-tendencia-global-e-os-seus-desafios-para-chegar-ao-brasil\/\"},\"wordCount\":463,\"publisher\":{\"@id\":\"https:\/\/bahiaeconomica.com.br\/wp\/#organization\"},\"articleSection\":[\"MUNIC\u00cdPIOS\"],\"inLanguage\":\"pt-BR\"},{\"@type\":\"WebPage\",\"@id\":\"https:\/\/bahiaeconomica.com.br\/wp\/2025\/10\/23\/proibir-redes-sociais-para-menores-especialista-explica-tendencia-global-e-os-seus-desafios-para-chegar-ao-brasil\/\",\"url\":\"https:\/\/bahiaeconomica.com.br\/wp\/2025\/10\/23\/proibir-redes-sociais-para-menores-especialista-explica-tendencia-global-e-os-seus-desafios-para-chegar-ao-brasil\/\",\"name\":\"PROIBIR REDES SOCIAIS PARA MENORES? ESPECIALISTA EXPLICA TEND\u00caNCIA GLOBAL E OS SEUS DESAFIOS PARA CHEGAR AO BRASIL\u00a0\u00a0 - Bahia Economica\",\"isPartOf\":{\"@id\":\"https:\/\/bahiaeconomica.com.br\/wp\/#website\"},\"datePublished\":\"2025-10-23T18:00:20+00:00\",\"dateModified\":\"2025-10-23T23:51:00+00:00\",\"description\":\"O maior portal de Economia da Bahia MUNIC\u00cdPIOS Bahia Economica Alessandra Tanure, especialista em Direito Digital, alerta para os desafios e impactos da regula\u00e7\u00e3o voltada \u00e0 prote\u00e7\u00e3o infantil e \u00e0 privacidade\",\"breadcrumb\":{\"@id\":\"https:\/\/bahiaeconomica.com.br\/wp\/2025\/10\/23\/proibir-redes-sociais-para-menores-especialista-explica-tendencia-global-e-os-seus-desafios-para-chegar-ao-brasil\/#breadcrumb\"},\"inLanguage\":\"pt-BR\",\"potentialAction\":[{\"@type\":\"ReadAction\",\"target\":[\"https:\/\/bahiaeconomica.com.br\/wp\/2025\/10\/23\/proibir-redes-sociais-para-menores-especialista-explica-tendencia-global-e-os-seus-desafios-para-chegar-ao-brasil\/\"]}]},{\"@type\":\"BreadcrumbList\",\"@id\":\"https:\/\/bahiaeconomica.com.br\/wp\/2025\/10\/23\/proibir-redes-sociais-para-menores-especialista-explica-tendencia-global-e-os-seus-desafios-para-chegar-ao-brasil\/#breadcrumb\",\"itemListElement\":[{\"@type\":\"ListItem\",\"position\":1,\"name\":\"In\u00edcio\",\"item\":\"https:\/\/bahiaeconomica.com.br\/wp\/\"},{\"@type\":\"ListItem\",\"position\":2,\"name\":\"PROIBIR REDES SOCIAIS PARA MENORES? ESPECIALISTA EXPLICA TEND\u00caNCIA GLOBAL E OS SEUS DESAFIOS PARA CHEGAR AO BRASIL\u00a0\u00a0\"}]},{\"@type\":\"WebSite\",\"@id\":\"https:\/\/bahiaeconomica.com.br\/wp\/#website\",\"url\":\"https:\/\/bahiaeconomica.com.br\/wp\/\",\"name\":\"Bahia Economica\",\"description\":\"O maior portal de Economia da Bahia\",\"publisher\":{\"@id\":\"https:\/\/bahiaeconomica.com.br\/wp\/#organization\"},\"potentialAction\":[{\"@type\":\"SearchAction\",\"target\":{\"@type\":\"EntryPoint\",\"urlTemplate\":\"https:\/\/bahiaeconomica.com.br\/wp\/?s={search_term_string}\"},\"query-input\":\"required name=search_term_string\"}],\"inLanguage\":\"pt-BR\"},{\"@type\":\"Organization\",\"@id\":\"https:\/\/bahiaeconomica.com.br\/wp\/#organization\",\"name\":\"Bahia Econ\u00f4mica\",\"url\":\"https:\/\/bahiaeconomica.com.br\/wp\/\",\"logo\":{\"@type\":\"ImageObject\",\"inLanguage\":\"pt-BR\",\"@id\":\"https:\/\/bahiaeconomica.com.br\/wp\/#\/schema\/logo\/image\/\",\"url\":\"https:\/\/bahiaeconomica.com.br\/wp\/wp-content\/uploads\/2020\/12\/cropped-BE.png\",\"contentUrl\":\"https:\/\/bahiaeconomica.com.br\/wp\/wp-content\/uploads\/2020\/12\/cropped-BE.png\",\"width\":512,\"height\":512,\"caption\":\"Bahia Econ\u00f4mica\"},\"image\":{\"@id\":\"https:\/\/bahiaeconomica.com.br\/wp\/#\/schema\/logo\/image\/\"},\"sameAs\":[\"https:\/\/www.facebook.com\/bahiaeconomica\"]},{\"@type\":\"Person\",\"@id\":\"https:\/\/bahiaeconomica.com.br\/wp\/#\/schema\/person\/c86d3a3f8960425a0f9d0e5245991f4e\",\"name\":\"JP\",\"sameAs\":[\"https:\/\/bahiaeconomica.com.br\/wp\/beta\/\"],\"url\":\"https:\/\/bahiaeconomica.com.br\/wp\/author\/jp\/\"}]}<\/script>\n<!-- \/ Yoast SEO plugin. -->","yoast_head_json":{"title":"PROIBIR REDES SOCIAIS PARA MENORES? ESPECIALISTA EXPLICA TEND\u00caNCIA GLOBAL E OS SEUS DESAFIOS PARA CHEGAR AO BRASIL\u00a0\u00a0 - Bahia Economica","description":"O maior portal de Economia da Bahia MUNIC\u00cdPIOS Bahia Economica Alessandra Tanure, especialista em Direito Digital, alerta para os desafios e impactos da regula\u00e7\u00e3o voltada \u00e0 prote\u00e7\u00e3o infantil e \u00e0 privacidade","robots":{"index":"index","follow":"follow","max-snippet":"max-snippet:-1","max-image-preview":"max-image-preview:large","max-video-preview":"max-video-preview:-1"},"canonical":"https:\/\/bahiaeconomica.com.br\/wp\/2025\/10\/23\/proibir-redes-sociais-para-menores-especialista-explica-tendencia-global-e-os-seus-desafios-para-chegar-ao-brasil\/","og_locale":"pt_BR","og_type":"article","og_title":"PROIBIR REDES SOCIAIS PARA MENORES? ESPECIALISTA EXPLICA TEND\u00caNCIA GLOBAL E OS SEUS DESAFIOS PARA CHEGAR AO BRASIL\u00a0\u00a0 - Bahia Economica","og_description":"O maior portal de Economia da Bahia MUNIC\u00cdPIOS Bahia Economica Alessandra Tanure, especialista em Direito Digital, alerta para os desafios e impactos da regula\u00e7\u00e3o voltada \u00e0 prote\u00e7\u00e3o infantil e \u00e0 privacidade","og_url":"https:\/\/bahiaeconomica.com.br\/wp\/2025\/10\/23\/proibir-redes-sociais-para-menores-especialista-explica-tendencia-global-e-os-seus-desafios-para-chegar-ao-brasil\/","og_site_name":"Bahia Economica","article_publisher":"https:\/\/www.facebook.com\/bahiaeconomica","article_published_time":"2025-10-23T18:00:20+00:00","article_modified_time":"2025-10-23T23:51:00+00:00","og_image":[{"width":1600,"height":1066,"url":"https:\/\/bahiaeconomica.com.br\/wp\/wp-content\/uploads\/2025\/10\/WhatsApp-Image-2025-10-23-at-15.13.58.jpeg","type":"image\/jpeg"}],"author":"JP","twitter_card":"summary_large_image","twitter_misc":{"Escrito por":"JP","Est. tempo de leitura":"3 minutos"},"schema":{"@context":"https:\/\/schema.org","@graph":[{"@type":"Article","@id":"https:\/\/bahiaeconomica.com.br\/wp\/2025\/10\/23\/proibir-redes-sociais-para-menores-especialista-explica-tendencia-global-e-os-seus-desafios-para-chegar-ao-brasil\/#article","isPartOf":{"@id":"https:\/\/bahiaeconomica.com.br\/wp\/2025\/10\/23\/proibir-redes-sociais-para-menores-especialista-explica-tendencia-global-e-os-seus-desafios-para-chegar-ao-brasil\/"},"author":{"name":"JP","@id":"https:\/\/bahiaeconomica.com.br\/wp\/#\/schema\/person\/c86d3a3f8960425a0f9d0e5245991f4e"},"headline":"PROIBIR REDES SOCIAIS PARA MENORES? ESPECIALISTA EXPLICA TEND\u00caNCIA GLOBAL E OS SEUS DESAFIOS PARA CHEGAR AO BRASIL\u00a0\u00a0","datePublished":"2025-10-23T18:00:20+00:00","dateModified":"2025-10-23T23:51:00+00:00","mainEntityOfPage":{"@id":"https:\/\/bahiaeconomica.com.br\/wp\/2025\/10\/23\/proibir-redes-sociais-para-menores-especialista-explica-tendencia-global-e-os-seus-desafios-para-chegar-ao-brasil\/"},"wordCount":463,"publisher":{"@id":"https:\/\/bahiaeconomica.com.br\/wp\/#organization"},"articleSection":["MUNIC\u00cdPIOS"],"inLanguage":"pt-BR"},{"@type":"WebPage","@id":"https:\/\/bahiaeconomica.com.br\/wp\/2025\/10\/23\/proibir-redes-sociais-para-menores-especialista-explica-tendencia-global-e-os-seus-desafios-para-chegar-ao-brasil\/","url":"https:\/\/bahiaeconomica.com.br\/wp\/2025\/10\/23\/proibir-redes-sociais-para-menores-especialista-explica-tendencia-global-e-os-seus-desafios-para-chegar-ao-brasil\/","name":"PROIBIR REDES SOCIAIS PARA MENORES? ESPECIALISTA EXPLICA TEND\u00caNCIA GLOBAL E OS SEUS DESAFIOS PARA CHEGAR AO BRASIL\u00a0\u00a0 - Bahia Economica","isPartOf":{"@id":"https:\/\/bahiaeconomica.com.br\/wp\/#website"},"datePublished":"2025-10-23T18:00:20+00:00","dateModified":"2025-10-23T23:51:00+00:00","description":"O maior portal de Economia da Bahia MUNIC\u00cdPIOS Bahia Economica Alessandra Tanure, especialista em Direito Digital, alerta para os desafios e impactos da regula\u00e7\u00e3o voltada \u00e0 prote\u00e7\u00e3o infantil e \u00e0 privacidade","breadcrumb":{"@id":"https:\/\/bahiaeconomica.com.br\/wp\/2025\/10\/23\/proibir-redes-sociais-para-menores-especialista-explica-tendencia-global-e-os-seus-desafios-para-chegar-ao-brasil\/#breadcrumb"},"inLanguage":"pt-BR","potentialAction":[{"@type":"ReadAction","target":["https:\/\/bahiaeconomica.com.br\/wp\/2025\/10\/23\/proibir-redes-sociais-para-menores-especialista-explica-tendencia-global-e-os-seus-desafios-para-chegar-ao-brasil\/"]}]},{"@type":"BreadcrumbList","@id":"https:\/\/bahiaeconomica.com.br\/wp\/2025\/10\/23\/proibir-redes-sociais-para-menores-especialista-explica-tendencia-global-e-os-seus-desafios-para-chegar-ao-brasil\/#breadcrumb","itemListElement":[{"@type":"ListItem","position":1,"name":"In\u00edcio","item":"https:\/\/bahiaeconomica.com.br\/wp\/"},{"@type":"ListItem","position":2,"name":"PROIBIR REDES SOCIAIS PARA MENORES? ESPECIALISTA EXPLICA TEND\u00caNCIA GLOBAL E OS SEUS DESAFIOS PARA CHEGAR AO BRASIL\u00a0\u00a0"}]},{"@type":"WebSite","@id":"https:\/\/bahiaeconomica.com.br\/wp\/#website","url":"https:\/\/bahiaeconomica.com.br\/wp\/","name":"Bahia Economica","description":"O maior portal de Economia da Bahia","publisher":{"@id":"https:\/\/bahiaeconomica.com.br\/wp\/#organization"},"potentialAction":[{"@type":"SearchAction","target":{"@type":"EntryPoint","urlTemplate":"https:\/\/bahiaeconomica.com.br\/wp\/?s={search_term_string}"},"query-input":"required name=search_term_string"}],"inLanguage":"pt-BR"},{"@type":"Organization","@id":"https:\/\/bahiaeconomica.com.br\/wp\/#organization","name":"Bahia Econ\u00f4mica","url":"https:\/\/bahiaeconomica.com.br\/wp\/","logo":{"@type":"ImageObject","inLanguage":"pt-BR","@id":"https:\/\/bahiaeconomica.com.br\/wp\/#\/schema\/logo\/image\/","url":"https:\/\/bahiaeconomica.com.br\/wp\/wp-content\/uploads\/2020\/12\/cropped-BE.png","contentUrl":"https:\/\/bahiaeconomica.com.br\/wp\/wp-content\/uploads\/2020\/12\/cropped-BE.png","width":512,"height":512,"caption":"Bahia Econ\u00f4mica"},"image":{"@id":"https:\/\/bahiaeconomica.com.br\/wp\/#\/schema\/logo\/image\/"},"sameAs":["https:\/\/www.facebook.com\/bahiaeconomica"]},{"@type":"Person","@id":"https:\/\/bahiaeconomica.com.br\/wp\/#\/schema\/person\/c86d3a3f8960425a0f9d0e5245991f4e","name":"JP","sameAs":["https:\/\/bahiaeconomica.com.br\/wp\/beta\/"],"url":"https:\/\/bahiaeconomica.com.br\/wp\/author\/jp\/"}]}},"views":7,"_links":{"self":[{"href":"https:\/\/bahiaeconomica.com.br\/wp\/wp-json\/wp\/v2\/posts\/946435"}],"collection":[{"href":"https:\/\/bahiaeconomica.com.br\/wp\/wp-json\/wp\/v2\/posts"}],"about":[{"href":"https:\/\/bahiaeconomica.com.br\/wp\/wp-json\/wp\/v2\/types\/post"}],"author":[{"embeddable":true,"href":"https:\/\/bahiaeconomica.com.br\/wp\/wp-json\/wp\/v2\/users\/8"}],"replies":[{"embeddable":true,"href":"https:\/\/bahiaeconomica.com.br\/wp\/wp-json\/wp\/v2\/comments?post=946435"}],"version-history":[{"count":1,"href":"https:\/\/bahiaeconomica.com.br\/wp\/wp-json\/wp\/v2\/posts\/946435\/revisions"}],"predecessor-version":[{"id":946437,"href":"https:\/\/bahiaeconomica.com.br\/wp\/wp-json\/wp\/v2\/posts\/946435\/revisions\/946437"}],"wp:featuredmedia":[{"embeddable":true,"href":"https:\/\/bahiaeconomica.com.br\/wp\/wp-json\/wp\/v2\/media\/946436"}],"wp:attachment":[{"href":"https:\/\/bahiaeconomica.com.br\/wp\/wp-json\/wp\/v2\/media?parent=946435"}],"wp:term":[{"taxonomy":"category","embeddable":true,"href":"https:\/\/bahiaeconomica.com.br\/wp\/wp-json\/wp\/v2\/categories?post=946435"},{"taxonomy":"post_tag","embeddable":true,"href":"https:\/\/bahiaeconomica.com.br\/wp\/wp-json\/wp\/v2\/tags?post=946435"}],"curies":[{"name":"wp","href":"https:\/\/api.w.org\/{rel}","templated":true}]}}