{"id":946384,"date":"2025-10-23T18:33:06","date_gmt":"2025-10-23T21:33:06","guid":{"rendered":"https:\/\/bahiaeconomica.com.br\/wp\/?p=946384"},"modified":"2025-10-23T18:33:06","modified_gmt":"2025-10-23T21:33:06","slug":"parceria-bahia-governo-federal-reforca-politicas-urbanas-com-chegada-da-caravana-das-periferias-a-salvador","status":"publish","type":"post","link":"https:\/\/bahiaeconomica.com.br\/wp\/2025\/10\/23\/parceria-bahia-governo-federal-reforca-politicas-urbanas-com-chegada-da-caravana-das-periferias-a-salvador\/","title":{"rendered":"PARCERIA BAHIA\u2013GOVERNO FEDERAL REFOR\u00c7A POL\u00cdTICAS URBANAS COM CHEGADA DA CARAVANA DAS PERIFERIAS A SALVADOR"},"content":{"rendered":"<p>Salvador recebeu, nesta quinta-feira (23), a Caravana das Periferias, uma importante iniciativa do Minist\u00e9rio das Cidades que percorre o pa\u00eds com o objetivo de reconhecer, escutar e construir solu\u00e7\u00f5es conjuntas para os desafios enfrentados nas comunidades perif\u00e9ricas brasileiras. A capital baiana foi escolhida como uma das paradas estrat\u00e9gicas da a\u00e7\u00e3o, refor\u00e7ando o papel do estado da Bahia como refer\u00eancia nacional em pol\u00edticas de urbaniza\u00e7\u00e3o, habita\u00e7\u00e3o e preven\u00e7\u00e3o de desastres.<\/p>\n<p>O secret\u00e1rio nacional das Periferias, Guilherme Sim\u00f5es, segue cumprindo agenda na cidade. A recep\u00e7\u00e3o da comitiva federal ficou sob responsabilidade da secret\u00e1ria de Desenvolvimento Urbano da Bahia, Jusmari Oliveira, que representou o governador Jer\u00f4nimo Rodrigues.<\/p>\n<p>A agenda contou com visitas \u00e0s obras de conten\u00e7\u00e3o de encostas em execu\u00e7\u00e3o nos bairros do Lobato, Capelinha do S\u00e3o Caetano e Alto do Cabrito, acompanhadas por t\u00e9cnicos da Companhia de Desenvolvimento Urbano do Estado da Bahia (Conder) \u2014 empresa vinculada \u00e0 Sedur e respons\u00e1vel pela execu\u00e7\u00e3o das interven\u00e7\u00f5es. Essas obras integram o programa de preven\u00e7\u00e3o de desastres naturais desenvolvido pela Conder, em parceria com o Programa Periferia Viva.<\/p>\n<p>As visitas tiveram o objetivo de avaliar o andamento das obras, dialogar com as comunidades locais e identificar novas demandas de infraestrutura e seguran\u00e7a.<\/p>\n<p>\u201cAs pessoas n\u00e3o escolhem viver nesses lugares. Nossa obriga\u00e7\u00e3o, enquanto poder p\u00fablico, \u00e9 investir, trazer or\u00e7amento e garantir obras de infraestrutura. Estamos aqui com muita gente comprometida em transformar essa realidade\u201d, afirmou o secret\u00e1rio Guilherme Sim\u00f5es.<\/p>\n<p>Al\u00e9m das visitas t\u00e9cnicas, houve a apresenta\u00e7\u00e3o do Programa Periferia Viva, coordenado pelo Minist\u00e9rio das Cidades, no audit\u00f3rio da Secretaria de Desenvolvimento Urbano (Sedur). O programa busca fortalecer os territ\u00f3rios populares por meio de investimentos em infraestrutura, habita\u00e7\u00e3o, seguran\u00e7a urbana, equipamentos sociais e melhoria da qualidade de vida das popula\u00e7\u00f5es vulner\u00e1veis.<\/p>\n<p>\u201c\u00c9 uma alegria receber o secret\u00e1rio Guilherme, que tem sido um grande parceiro nosso em Bras\u00edlia. \u00c9 com ele e sua equipe que temos constru\u00eddo o que chamamos hoje de o maior programa de preven\u00e7\u00e3o de desastres em execu\u00e7\u00e3o no Brasil, desenvolvido aqui na Bahia\u201d, destacou a secret\u00e1ria Jusmari Oliveira.<\/p>\n<p><strong>Encostas em Salvador<\/strong><\/p>\n<p>A sele\u00e7\u00e3o de projetos do Novo PAC de 2025, divulgada em setembro, contemplou mais 18 obras de estabiliza\u00e7\u00e3o de encostas propostas pelo Governo da Bahia para Salvador. O investimento, que ser\u00e1 executado pela Conder, \u00e9 de cerca de R$ 60 milh\u00f5es em mais uma parceria Bahia-Brasil. Com a nova sele\u00e7\u00e3o, o n\u00famero de encostas financiadas pelo programa federal na capital baiana vai chegar a 69, ultrapassando a cifra de R$ 236 milh\u00f5es.<\/p>\n<p>A presen\u00e7a da Periferia Viva em Salvador refor\u00e7a o compromisso do Governo Federal e do Governo da Bahia \u00a0com as \u00e1reas perif\u00e9ricas da cidade, que em breve contar\u00e1 com a inaugura\u00e7\u00e3o do primeiro posto territorial do programa, que ficar\u00e1 localizado no bairro de Pau da Lima.<\/p>\n<p>Foto: Lu\u00eds Felipe\/ Ascom Sedur<\/p>\n","protected":false},"excerpt":{"rendered":"<p>Salvador recebeu, nesta quinta-feira (23), a Caravana das Periferias, uma importante iniciativa do Minist\u00e9rio das Cidades que percorre o pa\u00eds com o objetivo de reconhecer, escutar e construir solu\u00e7\u00f5es conjuntas para os desafios enfrentados nas comunidades perif\u00e9ricas brasileiras. A capital baiana foi escolhida como uma das paradas estrat\u00e9gicas da a\u00e7\u00e3o, refor\u00e7ando o papel do estado [&hellip;]<\/p>\n","protected":false},"author":24,"featured_media":946386,"comment_status":"closed","ping_status":"closed","sticky":false,"template":"","format":"standard","meta":[],"categories":[14601],"tags":[2819,87,1634,303],"acf":[],"yoast_head":"<!-- This site is optimized with the Yoast SEO plugin v20.8 - https:\/\/yoast.com\/wordpress\/plugins\/seo\/ -->\n<title>PARCERIA BAHIA\u2013GOVERNO FEDERAL REFOR\u00c7A POL\u00cdTICAS URBANAS COM CHEGADA DA CARAVANA DAS PERIFERIAS A SALVADOR - Bahia Economica Salvador recebeu, nesta quinta-feira (23), a Caravana das Periferias, uma importante iniciativa do Minist\u00e9rio das Cidades que percorre o pa\u00eds com o objetivo de reconhecer, escutar e construir solu\u00e7\u00f5es conjuntas para os desafios enfrentados nas comunidades perif\u00e9ricas brasileiras.<\/title>\n<meta name=\"description\" content=\"O maior portal de Economia da Bahia Pol\u00edtica Bahia Economica Salvador recebeu, nesta quinta-feira (23), a Caravana das Periferias, uma importante iniciativa do Minist\u00e9rio das Cidades que percorre o pa\u00eds com o objetivo de reconhecer, escutar e construir solu\u00e7\u00f5es conjuntas para os desafios enfrentados nas comunidades perif\u00e9ricas brasileiras.\" \/>\n<meta name=\"robots\" content=\"index, follow, max-snippet:-1, max-image-preview:large, max-video-preview:-1\" \/>\n<link rel=\"canonical\" href=\"https:\/\/bahiaeconomica.com.br\/wp\/2025\/10\/23\/parceria-bahia-governo-federal-reforca-politicas-urbanas-com-chegada-da-caravana-das-periferias-a-salvador\/\" \/>\n<meta property=\"og:locale\" content=\"pt_BR\" \/>\n<meta property=\"og:type\" content=\"article\" \/>\n<meta property=\"og:title\" content=\"PARCERIA BAHIA\u2013GOVERNO FEDERAL REFOR\u00c7A POL\u00cdTICAS URBANAS COM CHEGADA DA CARAVANA DAS PERIFERIAS A SALVADOR - Bahia Economica Salvador recebeu, nesta quinta-feira (23), a Caravana das Periferias, uma importante iniciativa do Minist\u00e9rio das Cidades que percorre o pa\u00eds com o objetivo de reconhecer, escutar e construir solu\u00e7\u00f5es conjuntas para os desafios enfrentados nas comunidades perif\u00e9ricas brasileiras.\" \/>\n<meta property=\"og:description\" content=\"O maior portal de Economia da Bahia Pol\u00edtica Bahia Economica Salvador recebeu, nesta quinta-feira (23), a Caravana das Periferias, uma importante iniciativa do Minist\u00e9rio das Cidades que percorre o pa\u00eds com o objetivo de reconhecer, escutar e construir solu\u00e7\u00f5es conjuntas para os desafios enfrentados nas comunidades perif\u00e9ricas brasileiras.\" \/>\n<meta property=\"og:url\" content=\"https:\/\/bahiaeconomica.com.br\/wp\/2025\/10\/23\/parceria-bahia-governo-federal-reforca-politicas-urbanas-com-chegada-da-caravana-das-periferias-a-salvador\/\" \/>\n<meta property=\"og:site_name\" content=\"Bahia Economica\" \/>\n<meta property=\"article:publisher\" content=\"https:\/\/www.facebook.com\/bahiaeconomica\" \/>\n<meta property=\"article:published_time\" content=\"2025-10-23T21:33:06+00:00\" \/>\n<meta property=\"og:image\" content=\"https:\/\/bahiaeconomica.com.br\/wp\/wp-content\/uploads\/2025\/10\/WhatsApp-Image-2025-10-23-at-18.27.08.jpeg\" \/>\n\t<meta property=\"og:image:width\" content=\"1280\" \/>\n\t<meta property=\"og:image:height\" content=\"854\" \/>\n\t<meta property=\"og:image:type\" content=\"image\/jpeg\" \/>\n<meta name=\"author\" content=\"VICTOR OLIVEIRA\" \/>\n<meta name=\"twitter:card\" content=\"summary_large_image\" \/>\n<meta name=\"twitter:label1\" content=\"Escrito por\" \/>\n\t<meta name=\"twitter:data1\" content=\"VICTOR OLIVEIRA\" \/>\n\t<meta name=\"twitter:label2\" content=\"Est. tempo de leitura\" \/>\n\t<meta name=\"twitter:data2\" content=\"3 minutos\" \/>\n<script type=\"application\/ld+json\" class=\"yoast-schema-graph\">{\"@context\":\"https:\/\/schema.org\",\"@graph\":[{\"@type\":\"Article\",\"@id\":\"https:\/\/bahiaeconomica.com.br\/wp\/2025\/10\/23\/parceria-bahia-governo-federal-reforca-politicas-urbanas-com-chegada-da-caravana-das-periferias-a-salvador\/#article\",\"isPartOf\":{\"@id\":\"https:\/\/bahiaeconomica.com.br\/wp\/2025\/10\/23\/parceria-bahia-governo-federal-reforca-politicas-urbanas-com-chegada-da-caravana-das-periferias-a-salvador\/\"},\"author\":{\"name\":\"VICTOR OLIVEIRA\",\"@id\":\"https:\/\/bahiaeconomica.com.br\/wp\/#\/schema\/person\/a17956d0e1112b626f403fb06b8129a9\"},\"headline\":\"PARCERIA BAHIA\u2013GOVERNO FEDERAL REFOR\u00c7A POL\u00cdTICAS URBANAS COM CHEGADA DA CARAVANA DAS PERIFERIAS A SALVADOR\",\"datePublished\":\"2025-10-23T21:33:06+00:00\",\"dateModified\":\"2025-10-23T21:33:06+00:00\",\"mainEntityOfPage\":{\"@id\":\"https:\/\/bahiaeconomica.com.br\/wp\/2025\/10\/23\/parceria-bahia-governo-federal-reforca-politicas-urbanas-com-chegada-da-caravana-das-periferias-a-salvador\/\"},\"wordCount\":524,\"publisher\":{\"@id\":\"https:\/\/bahiaeconomica.com.br\/wp\/#organization\"},\"keywords\":[\"conder\",\"governo do estado\",\"parceria\",\"Sedur\"],\"articleSection\":[\"Pol\u00edtica\"],\"inLanguage\":\"pt-BR\"},{\"@type\":\"WebPage\",\"@id\":\"https:\/\/bahiaeconomica.com.br\/wp\/2025\/10\/23\/parceria-bahia-governo-federal-reforca-politicas-urbanas-com-chegada-da-caravana-das-periferias-a-salvador\/\",\"url\":\"https:\/\/bahiaeconomica.com.br\/wp\/2025\/10\/23\/parceria-bahia-governo-federal-reforca-politicas-urbanas-com-chegada-da-caravana-das-periferias-a-salvador\/\",\"name\":\"PARCERIA BAHIA\u2013GOVERNO FEDERAL REFOR\u00c7A POL\u00cdTICAS URBANAS COM CHEGADA DA CARAVANA DAS PERIFERIAS A SALVADOR - Bahia Economica Salvador recebeu, nesta quinta-feira (23), a Caravana das Periferias, uma importante iniciativa do Minist\u00e9rio das Cidades que percorre o pa\u00eds com o objetivo de reconhecer, escutar e construir solu\u00e7\u00f5es conjuntas para os desafios enfrentados nas comunidades perif\u00e9ricas brasileiras.\",\"isPartOf\":{\"@id\":\"https:\/\/bahiaeconomica.com.br\/wp\/#website\"},\"datePublished\":\"2025-10-23T21:33:06+00:00\",\"dateModified\":\"2025-10-23T21:33:06+00:00\",\"description\":\"O maior portal de Economia da Bahia Pol\u00edtica Bahia Economica Salvador recebeu, nesta quinta-feira (23), a Caravana das Periferias, uma importante iniciativa do Minist\u00e9rio das Cidades que percorre o pa\u00eds com o objetivo de reconhecer, escutar e construir solu\u00e7\u00f5es conjuntas para os desafios enfrentados nas comunidades perif\u00e9ricas brasileiras.\",\"breadcrumb\":{\"@id\":\"https:\/\/bahiaeconomica.com.br\/wp\/2025\/10\/23\/parceria-bahia-governo-federal-reforca-politicas-urbanas-com-chegada-da-caravana-das-periferias-a-salvador\/#breadcrumb\"},\"inLanguage\":\"pt-BR\",\"potentialAction\":[{\"@type\":\"ReadAction\",\"target\":[\"https:\/\/bahiaeconomica.com.br\/wp\/2025\/10\/23\/parceria-bahia-governo-federal-reforca-politicas-urbanas-com-chegada-da-caravana-das-periferias-a-salvador\/\"]}]},{\"@type\":\"BreadcrumbList\",\"@id\":\"https:\/\/bahiaeconomica.com.br\/wp\/2025\/10\/23\/parceria-bahia-governo-federal-reforca-politicas-urbanas-com-chegada-da-caravana-das-periferias-a-salvador\/#breadcrumb\",\"itemListElement\":[{\"@type\":\"ListItem\",\"position\":1,\"name\":\"In\u00edcio\",\"item\":\"https:\/\/bahiaeconomica.com.br\/wp\/\"},{\"@type\":\"ListItem\",\"position\":2,\"name\":\"PARCERIA BAHIA\u2013GOVERNO FEDERAL REFOR\u00c7A POL\u00cdTICAS URBANAS COM CHEGADA DA CARAVANA DAS PERIFERIAS A SALVADOR\"}]},{\"@type\":\"WebSite\",\"@id\":\"https:\/\/bahiaeconomica.com.br\/wp\/#website\",\"url\":\"https:\/\/bahiaeconomica.com.br\/wp\/\",\"name\":\"Bahia Economica\",\"description\":\"O maior portal de Economia da Bahia\",\"publisher\":{\"@id\":\"https:\/\/bahiaeconomica.com.br\/wp\/#organization\"},\"potentialAction\":[{\"@type\":\"SearchAction\",\"target\":{\"@type\":\"EntryPoint\",\"urlTemplate\":\"https:\/\/bahiaeconomica.com.br\/wp\/?s={search_term_string}\"},\"query-input\":\"required name=search_term_string\"}],\"inLanguage\":\"pt-BR\"},{\"@type\":\"Organization\",\"@id\":\"https:\/\/bahiaeconomica.com.br\/wp\/#organization\",\"name\":\"Bahia Econ\u00f4mica\",\"url\":\"https:\/\/bahiaeconomica.com.br\/wp\/\",\"logo\":{\"@type\":\"ImageObject\",\"inLanguage\":\"pt-BR\",\"@id\":\"https:\/\/bahiaeconomica.com.br\/wp\/#\/schema\/logo\/image\/\",\"url\":\"https:\/\/bahiaeconomica.com.br\/wp\/wp-content\/uploads\/2020\/12\/cropped-BE.png\",\"contentUrl\":\"https:\/\/bahiaeconomica.com.br\/wp\/wp-content\/uploads\/2020\/12\/cropped-BE.png\",\"width\":512,\"height\":512,\"caption\":\"Bahia Econ\u00f4mica\"},\"image\":{\"@id\":\"https:\/\/bahiaeconomica.com.br\/wp\/#\/schema\/logo\/image\/\"},\"sameAs\":[\"https:\/\/www.facebook.com\/bahiaeconomica\"]},{\"@type\":\"Person\",\"@id\":\"https:\/\/bahiaeconomica.com.br\/wp\/#\/schema\/person\/a17956d0e1112b626f403fb06b8129a9\",\"name\":\"VICTOR OLIVEIRA\",\"sameAs\":[\"http:\/\/www.bahiaeconomica.com.br\"],\"url\":\"https:\/\/bahiaeconomica.com.br\/wp\/author\/victor-oliveira\/\"}]}<\/script>\n<!-- \/ Yoast SEO plugin. -->","yoast_head_json":{"title":"PARCERIA BAHIA\u2013GOVERNO FEDERAL REFOR\u00c7A POL\u00cdTICAS URBANAS COM CHEGADA DA CARAVANA DAS PERIFERIAS A SALVADOR - Bahia Economica Salvador recebeu, nesta quinta-feira (23), a Caravana das Periferias, uma importante iniciativa do Minist\u00e9rio das Cidades que percorre o pa\u00eds com o objetivo de reconhecer, escutar e construir solu\u00e7\u00f5es conjuntas para os desafios enfrentados nas comunidades perif\u00e9ricas brasileiras.","description":"O maior portal de Economia da Bahia Pol\u00edtica Bahia Economica Salvador recebeu, nesta quinta-feira (23), a Caravana das Periferias, uma importante iniciativa do Minist\u00e9rio das Cidades que percorre o pa\u00eds com o objetivo de reconhecer, escutar e construir solu\u00e7\u00f5es conjuntas para os desafios enfrentados nas comunidades perif\u00e9ricas brasileiras.","robots":{"index":"index","follow":"follow","max-snippet":"max-snippet:-1","max-image-preview":"max-image-preview:large","max-video-preview":"max-video-preview:-1"},"canonical":"https:\/\/bahiaeconomica.com.br\/wp\/2025\/10\/23\/parceria-bahia-governo-federal-reforca-politicas-urbanas-com-chegada-da-caravana-das-periferias-a-salvador\/","og_locale":"pt_BR","og_type":"article","og_title":"PARCERIA BAHIA\u2013GOVERNO FEDERAL REFOR\u00c7A POL\u00cdTICAS URBANAS COM CHEGADA DA CARAVANA DAS PERIFERIAS A SALVADOR - Bahia Economica Salvador recebeu, nesta quinta-feira (23), a Caravana das Periferias, uma importante iniciativa do Minist\u00e9rio das Cidades que percorre o pa\u00eds com o objetivo de reconhecer, escutar e construir solu\u00e7\u00f5es conjuntas para os desafios enfrentados nas comunidades perif\u00e9ricas brasileiras.","og_description":"O maior portal de Economia da Bahia Pol\u00edtica Bahia Economica Salvador recebeu, nesta quinta-feira (23), a Caravana das Periferias, uma importante iniciativa do Minist\u00e9rio das Cidades que percorre o pa\u00eds com o objetivo de reconhecer, escutar e construir solu\u00e7\u00f5es conjuntas para os desafios enfrentados nas comunidades perif\u00e9ricas brasileiras.","og_url":"https:\/\/bahiaeconomica.com.br\/wp\/2025\/10\/23\/parceria-bahia-governo-federal-reforca-politicas-urbanas-com-chegada-da-caravana-das-periferias-a-salvador\/","og_site_name":"Bahia Economica","article_publisher":"https:\/\/www.facebook.com\/bahiaeconomica","article_published_time":"2025-10-23T21:33:06+00:00","og_image":[{"width":1280,"height":854,"url":"https:\/\/bahiaeconomica.com.br\/wp\/wp-content\/uploads\/2025\/10\/WhatsApp-Image-2025-10-23-at-18.27.08.jpeg","type":"image\/jpeg"}],"author":"VICTOR OLIVEIRA","twitter_card":"summary_large_image","twitter_misc":{"Escrito por":"VICTOR OLIVEIRA","Est. tempo de leitura":"3 minutos"},"schema":{"@context":"https:\/\/schema.org","@graph":[{"@type":"Article","@id":"https:\/\/bahiaeconomica.com.br\/wp\/2025\/10\/23\/parceria-bahia-governo-federal-reforca-politicas-urbanas-com-chegada-da-caravana-das-periferias-a-salvador\/#article","isPartOf":{"@id":"https:\/\/bahiaeconomica.com.br\/wp\/2025\/10\/23\/parceria-bahia-governo-federal-reforca-politicas-urbanas-com-chegada-da-caravana-das-periferias-a-salvador\/"},"author":{"name":"VICTOR OLIVEIRA","@id":"https:\/\/bahiaeconomica.com.br\/wp\/#\/schema\/person\/a17956d0e1112b626f403fb06b8129a9"},"headline":"PARCERIA BAHIA\u2013GOVERNO FEDERAL REFOR\u00c7A POL\u00cdTICAS URBANAS COM CHEGADA DA CARAVANA DAS PERIFERIAS A SALVADOR","datePublished":"2025-10-23T21:33:06+00:00","dateModified":"2025-10-23T21:33:06+00:00","mainEntityOfPage":{"@id":"https:\/\/bahiaeconomica.com.br\/wp\/2025\/10\/23\/parceria-bahia-governo-federal-reforca-politicas-urbanas-com-chegada-da-caravana-das-periferias-a-salvador\/"},"wordCount":524,"publisher":{"@id":"https:\/\/bahiaeconomica.com.br\/wp\/#organization"},"keywords":["conder","governo do estado","parceria","Sedur"],"articleSection":["Pol\u00edtica"],"inLanguage":"pt-BR"},{"@type":"WebPage","@id":"https:\/\/bahiaeconomica.com.br\/wp\/2025\/10\/23\/parceria-bahia-governo-federal-reforca-politicas-urbanas-com-chegada-da-caravana-das-periferias-a-salvador\/","url":"https:\/\/bahiaeconomica.com.br\/wp\/2025\/10\/23\/parceria-bahia-governo-federal-reforca-politicas-urbanas-com-chegada-da-caravana-das-periferias-a-salvador\/","name":"PARCERIA BAHIA\u2013GOVERNO FEDERAL REFOR\u00c7A POL\u00cdTICAS URBANAS COM CHEGADA DA CARAVANA DAS PERIFERIAS A SALVADOR - Bahia Economica Salvador recebeu, nesta quinta-feira (23), a Caravana das Periferias, uma importante iniciativa do Minist\u00e9rio das Cidades que percorre o pa\u00eds com o objetivo de reconhecer, escutar e construir solu\u00e7\u00f5es conjuntas para os desafios enfrentados nas comunidades perif\u00e9ricas brasileiras.","isPartOf":{"@id":"https:\/\/bahiaeconomica.com.br\/wp\/#website"},"datePublished":"2025-10-23T21:33:06+00:00","dateModified":"2025-10-23T21:33:06+00:00","description":"O maior portal de Economia da Bahia Pol\u00edtica Bahia Economica Salvador recebeu, nesta quinta-feira (23), a Caravana das Periferias, uma importante iniciativa do Minist\u00e9rio das Cidades que percorre o pa\u00eds com o objetivo de reconhecer, escutar e construir solu\u00e7\u00f5es conjuntas para os desafios enfrentados nas comunidades perif\u00e9ricas brasileiras.","breadcrumb":{"@id":"https:\/\/bahiaeconomica.com.br\/wp\/2025\/10\/23\/parceria-bahia-governo-federal-reforca-politicas-urbanas-com-chegada-da-caravana-das-periferias-a-salvador\/#breadcrumb"},"inLanguage":"pt-BR","potentialAction":[{"@type":"ReadAction","target":["https:\/\/bahiaeconomica.com.br\/wp\/2025\/10\/23\/parceria-bahia-governo-federal-reforca-politicas-urbanas-com-chegada-da-caravana-das-periferias-a-salvador\/"]}]},{"@type":"BreadcrumbList","@id":"https:\/\/bahiaeconomica.com.br\/wp\/2025\/10\/23\/parceria-bahia-governo-federal-reforca-politicas-urbanas-com-chegada-da-caravana-das-periferias-a-salvador\/#breadcrumb","itemListElement":[{"@type":"ListItem","position":1,"name":"In\u00edcio","item":"https:\/\/bahiaeconomica.com.br\/wp\/"},{"@type":"ListItem","position":2,"name":"PARCERIA BAHIA\u2013GOVERNO FEDERAL REFOR\u00c7A POL\u00cdTICAS URBANAS COM CHEGADA DA CARAVANA DAS PERIFERIAS A SALVADOR"}]},{"@type":"WebSite","@id":"https:\/\/bahiaeconomica.com.br\/wp\/#website","url":"https:\/\/bahiaeconomica.com.br\/wp\/","name":"Bahia Economica","description":"O maior portal de Economia da Bahia","publisher":{"@id":"https:\/\/bahiaeconomica.com.br\/wp\/#organization"},"potentialAction":[{"@type":"SearchAction","target":{"@type":"EntryPoint","urlTemplate":"https:\/\/bahiaeconomica.com.br\/wp\/?s={search_term_string}"},"query-input":"required name=search_term_string"}],"inLanguage":"pt-BR"},{"@type":"Organization","@id":"https:\/\/bahiaeconomica.com.br\/wp\/#organization","name":"Bahia Econ\u00f4mica","url":"https:\/\/bahiaeconomica.com.br\/wp\/","logo":{"@type":"ImageObject","inLanguage":"pt-BR","@id":"https:\/\/bahiaeconomica.com.br\/wp\/#\/schema\/logo\/image\/","url":"https:\/\/bahiaeconomica.com.br\/wp\/wp-content\/uploads\/2020\/12\/cropped-BE.png","contentUrl":"https:\/\/bahiaeconomica.com.br\/wp\/wp-content\/uploads\/2020\/12\/cropped-BE.png","width":512,"height":512,"caption":"Bahia Econ\u00f4mica"},"image":{"@id":"https:\/\/bahiaeconomica.com.br\/wp\/#\/schema\/logo\/image\/"},"sameAs":["https:\/\/www.facebook.com\/bahiaeconomica"]},{"@type":"Person","@id":"https:\/\/bahiaeconomica.com.br\/wp\/#\/schema\/person\/a17956d0e1112b626f403fb06b8129a9","name":"VICTOR OLIVEIRA","sameAs":["http:\/\/www.bahiaeconomica.com.br"],"url":"https:\/\/bahiaeconomica.com.br\/wp\/author\/victor-oliveira\/"}]}},"views":12,"_links":{"self":[{"href":"https:\/\/bahiaeconomica.com.br\/wp\/wp-json\/wp\/v2\/posts\/946384"}],"collection":[{"href":"https:\/\/bahiaeconomica.com.br\/wp\/wp-json\/wp\/v2\/posts"}],"about":[{"href":"https:\/\/bahiaeconomica.com.br\/wp\/wp-json\/wp\/v2\/types\/post"}],"author":[{"embeddable":true,"href":"https:\/\/bahiaeconomica.com.br\/wp\/wp-json\/wp\/v2\/users\/24"}],"replies":[{"embeddable":true,"href":"https:\/\/bahiaeconomica.com.br\/wp\/wp-json\/wp\/v2\/comments?post=946384"}],"version-history":[{"count":1,"href":"https:\/\/bahiaeconomica.com.br\/wp\/wp-json\/wp\/v2\/posts\/946384\/revisions"}],"predecessor-version":[{"id":946387,"href":"https:\/\/bahiaeconomica.com.br\/wp\/wp-json\/wp\/v2\/posts\/946384\/revisions\/946387"}],"wp:featuredmedia":[{"embeddable":true,"href":"https:\/\/bahiaeconomica.com.br\/wp\/wp-json\/wp\/v2\/media\/946386"}],"wp:attachment":[{"href":"https:\/\/bahiaeconomica.com.br\/wp\/wp-json\/wp\/v2\/media?parent=946384"}],"wp:term":[{"taxonomy":"category","embeddable":true,"href":"https:\/\/bahiaeconomica.com.br\/wp\/wp-json\/wp\/v2\/categories?post=946384"},{"taxonomy":"post_tag","embeddable":true,"href":"https:\/\/bahiaeconomica.com.br\/wp\/wp-json\/wp\/v2\/tags?post=946384"}],"curies":[{"name":"wp","href":"https:\/\/api.w.org\/{rel}","templated":true}]}}