{"id":945757,"date":"2025-10-22T10:36:42","date_gmt":"2025-10-22T13:36:42","guid":{"rendered":"https:\/\/bahiaeconomica.com.br\/wp\/?p=945757"},"modified":"2025-10-22T10:36:42","modified_gmt":"2025-10-22T13:36:42","slug":"apoiadores-do-martagao-foram-homenageados-em-evento","status":"publish","type":"post","link":"https:\/\/bahiaeconomica.com.br\/wp\/2025\/10\/22\/apoiadores-do-martagao-foram-homenageados-em-evento\/","title":{"rendered":"APOIADORES DO MARTAG\u00c3O FORAM HOMENAGEADOS EM EVENTO"},"content":{"rendered":"<p>Empresas e organiza\u00e7\u00f5es apoiadoras do Martag\u00e3o Gesteira foram homenageadas pelo hospital, nesta ter\u00e7a-feira (21), em evento anual realizado no Hotel Quality, no Stiep. Na terceira edi\u00e7\u00e3o do \u201cEncontro Parceiros do Cora\u00e7\u00e3o\u201d, foram entregues 165 trof\u00e9us em agradecimento pelo apoio dado \u00e0 institui\u00e7\u00e3o de outubro de 2024 a setembro de 2025.<\/p>\n<p>O evento contou com uma palestra do mestre em direito, governan\u00e7a e pol\u00edticas publicas Augusto Cruz, que abordou a import\u00e2ncia do ESG, de se aproximar cada vez mais de empresas e organiza\u00e7\u00f5es que t\u00eam boas pr\u00e1ticas, al\u00e9m de refor\u00e7ar a cultura da doa\u00e7\u00e3o. \u201cEssa cultura da doa\u00e7\u00e3o \u00e9 fundamental e estimula que outras empresas fa\u00e7am o mesmo e que outras institui\u00e7\u00f5es possam buscar apoio para suas a\u00e7\u00f5es. O Martag\u00e3o \u00e9 um grande case nacional que consegue mobilizar tantas empresas\u201d, afirmou.<\/p>\n<p>Diretor da Liga \u00c1lvaro Bahia (mantenedora do Martag\u00e3o), Antonio Novaes fez uma apresenta\u00e7\u00e3o e mostrou como os recursos doados s\u00e3o aplicados para custeio e investimento. \u201cNeste contexto, \u00e9 muito importante falar da causa do d\u00e9ficit do Martag\u00e3o. \u00c9 justo a gente relembrar a causa raiz. Nunca existiu reajuste linear na tabela do SUS, desde que foi criado. Tiveram reajustes pontuais em um servi\u00e7o ou outro\u201d, disse. Ele mostrou, ainda, um exemplo de um servi\u00e7o que era pago 12 mil em 2012 pelo poder p\u00fablico e, em 2025, continua sendo pago 12 mil, sem nenhum reajuste.<\/p>\n<p>A diretora de capta\u00e7\u00e3o de recurso da Liga, Lareyne Almeida, destacou que os recursos recebidos n\u00e3o s\u00e3o apenas doa\u00e7\u00f5es. \u201cS\u00e3o, na verdade, pessoas que se conectam a nossa causa. \u00c9 justamente a responsabilidade social. Um incentivo para que o Martag\u00e3o permane\u00e7a na miss\u00e3o de garantir sa\u00fade de qualidade e humanizada a crian\u00e7as e adolescentes vulner\u00e1veis socialmente e com doen\u00e7as graves. \u00c9 garantir que elas possam receber o mesmo tipo de servi\u00e7o de sa\u00fade que crian\u00e7as abastadas t\u00eam acesso\u201d, frisou.<\/p>\n<p>Dentre os 165 homenageados est\u00e3o empresas como o Atakarejo, Unipar, Motiva, Suzano. Representante da Unipar, Ronald Hackbarth contou que receber a homenagem \u00e9 motivo de \u201cmuito orgulho\u201d. \u201cEssa ajuda que fazemos com as comunidades ao nosso entorno, seja apoio a projetos sociais, humanos, \u00e9 algo que j\u00e1 est\u00e1 no DNA da Unipar\u201d, destacou.<\/p>\n<p>Vice-presidente da Assembleia Legislativa da Bahia (Alba), a deputada estadual F\u00e1tima Nunes disse que a Alba sempre foi e continuar\u00e1 sendo parceira do Martag\u00e3o \u201cpela grandiosidade deste empreendimento p\u00fablico, que cuida da sa\u00fade das crian\u00e7as\u201d. A AL-BA foi uma das organiza\u00e7\u00f5es homenageadas. \u201cA gente sabe que, no momento da dor, da doen\u00e7a, nada melhor do que encontrar profissionais capacitados, leitos aconchegantes, rem\u00e9dios e todo acompanhamento para que a pessoa, aquele jovem, aquela crian\u00e7a, possa se libertar daquela doen\u00e7a\u201d, finalizou.<\/p>\n","protected":false},"excerpt":{"rendered":"<p>Empresas e organiza\u00e7\u00f5es apoiadoras do Martag\u00e3o Gesteira foram homenageadas pelo hospital, nesta ter\u00e7a-feira (21), em evento anual realizado no Hotel Quality, no Stiep. Na terceira edi\u00e7\u00e3o do \u201cEncontro Parceiros do Cora\u00e7\u00e3o\u201d, foram entregues 165 trof\u00e9us em agradecimento pelo apoio dado \u00e0 institui\u00e7\u00e3o de outubro de 2024 a setembro de 2025. O evento contou com uma [&hellip;]<\/p>\n","protected":false},"author":8,"featured_media":945758,"comment_status":"closed","ping_status":"closed","sticky":false,"template":"","format":"standard","meta":[],"categories":[5],"tags":[52,11965,5280],"acf":[],"yoast_head":"<!-- This site is optimized with the Yoast SEO plugin v20.8 - https:\/\/yoast.com\/wordpress\/plugins\/seo\/ -->\n<title>APOIADORES DO MARTAG\u00c3O FORAM HOMENAGEADOS EM EVENTO - Bahia Economica<\/title>\n<meta name=\"description\" content=\"O maior portal de Economia da Bahia MUNIC\u00cdPIOS Bahia Economica Empresas e organiza\u00e7\u00f5es apoiadoras do Martag\u00e3o Gesteira\" \/>\n<meta name=\"robots\" content=\"index, follow, max-snippet:-1, max-image-preview:large, max-video-preview:-1\" \/>\n<link rel=\"canonical\" href=\"https:\/\/bahiaeconomica.com.br\/wp\/2025\/10\/22\/apoiadores-do-martagao-foram-homenageados-em-evento\/\" \/>\n<meta property=\"og:locale\" content=\"pt_BR\" \/>\n<meta property=\"og:type\" content=\"article\" \/>\n<meta property=\"og:title\" content=\"APOIADORES DO MARTAG\u00c3O FORAM HOMENAGEADOS EM EVENTO - Bahia Economica\" \/>\n<meta property=\"og:description\" content=\"O maior portal de Economia da Bahia MUNIC\u00cdPIOS Bahia Economica Empresas e organiza\u00e7\u00f5es apoiadoras do Martag\u00e3o Gesteira\" \/>\n<meta property=\"og:url\" content=\"https:\/\/bahiaeconomica.com.br\/wp\/2025\/10\/22\/apoiadores-do-martagao-foram-homenageados-em-evento\/\" \/>\n<meta property=\"og:site_name\" content=\"Bahia Economica\" \/>\n<meta property=\"article:publisher\" content=\"https:\/\/www.facebook.com\/bahiaeconomica\" \/>\n<meta property=\"article:published_time\" content=\"2025-10-22T13:36:42+00:00\" \/>\n<meta property=\"og:image\" content=\"https:\/\/bahiaeconomica.com.br\/wp\/wp-content\/uploads\/2025\/10\/WhatsApp-Image-2025-10-22-at-10.03.09-1.jpeg\" \/>\n\t<meta property=\"og:image:width\" content=\"1280\" \/>\n\t<meta property=\"og:image:height\" content=\"720\" \/>\n\t<meta property=\"og:image:type\" content=\"image\/jpeg\" \/>\n<meta name=\"author\" content=\"JP\" \/>\n<meta name=\"twitter:card\" content=\"summary_large_image\" \/>\n<meta name=\"twitter:label1\" content=\"Escrito por\" \/>\n\t<meta name=\"twitter:data1\" content=\"JP\" \/>\n\t<meta name=\"twitter:label2\" content=\"Est. tempo de leitura\" \/>\n\t<meta name=\"twitter:data2\" content=\"3 minutos\" \/>\n<script type=\"application\/ld+json\" class=\"yoast-schema-graph\">{\"@context\":\"https:\/\/schema.org\",\"@graph\":[{\"@type\":\"Article\",\"@id\":\"https:\/\/bahiaeconomica.com.br\/wp\/2025\/10\/22\/apoiadores-do-martagao-foram-homenageados-em-evento\/#article\",\"isPartOf\":{\"@id\":\"https:\/\/bahiaeconomica.com.br\/wp\/2025\/10\/22\/apoiadores-do-martagao-foram-homenageados-em-evento\/\"},\"author\":{\"name\":\"JP\",\"@id\":\"https:\/\/bahiaeconomica.com.br\/wp\/#\/schema\/person\/c86d3a3f8960425a0f9d0e5245991f4e\"},\"headline\":\"APOIADORES DO MARTAG\u00c3O FORAM HOMENAGEADOS EM EVENTO\",\"datePublished\":\"2025-10-22T13:36:42+00:00\",\"dateModified\":\"2025-10-22T13:36:42+00:00\",\"mainEntityOfPage\":{\"@id\":\"https:\/\/bahiaeconomica.com.br\/wp\/2025\/10\/22\/apoiadores-do-martagao-foram-homenageados-em-evento\/\"},\"wordCount\":482,\"publisher\":{\"@id\":\"https:\/\/bahiaeconomica.com.br\/wp\/#organization\"},\"keywords\":[\"Brasil\",\"econmia\",\"Martag\u00e3o\"],\"articleSection\":[\"MUNIC\u00cdPIOS\"],\"inLanguage\":\"pt-BR\"},{\"@type\":\"WebPage\",\"@id\":\"https:\/\/bahiaeconomica.com.br\/wp\/2025\/10\/22\/apoiadores-do-martagao-foram-homenageados-em-evento\/\",\"url\":\"https:\/\/bahiaeconomica.com.br\/wp\/2025\/10\/22\/apoiadores-do-martagao-foram-homenageados-em-evento\/\",\"name\":\"APOIADORES DO MARTAG\u00c3O FORAM HOMENAGEADOS EM EVENTO - Bahia Economica\",\"isPartOf\":{\"@id\":\"https:\/\/bahiaeconomica.com.br\/wp\/#website\"},\"datePublished\":\"2025-10-22T13:36:42+00:00\",\"dateModified\":\"2025-10-22T13:36:42+00:00\",\"description\":\"O maior portal de Economia da Bahia MUNIC\u00cdPIOS Bahia Economica Empresas e organiza\u00e7\u00f5es apoiadoras do Martag\u00e3o Gesteira\",\"breadcrumb\":{\"@id\":\"https:\/\/bahiaeconomica.com.br\/wp\/2025\/10\/22\/apoiadores-do-martagao-foram-homenageados-em-evento\/#breadcrumb\"},\"inLanguage\":\"pt-BR\",\"potentialAction\":[{\"@type\":\"ReadAction\",\"target\":[\"https:\/\/bahiaeconomica.com.br\/wp\/2025\/10\/22\/apoiadores-do-martagao-foram-homenageados-em-evento\/\"]}]},{\"@type\":\"BreadcrumbList\",\"@id\":\"https:\/\/bahiaeconomica.com.br\/wp\/2025\/10\/22\/apoiadores-do-martagao-foram-homenageados-em-evento\/#breadcrumb\",\"itemListElement\":[{\"@type\":\"ListItem\",\"position\":1,\"name\":\"In\u00edcio\",\"item\":\"https:\/\/bahiaeconomica.com.br\/wp\/\"},{\"@type\":\"ListItem\",\"position\":2,\"name\":\"APOIADORES DO MARTAG\u00c3O FORAM HOMENAGEADOS EM EVENTO\"}]},{\"@type\":\"WebSite\",\"@id\":\"https:\/\/bahiaeconomica.com.br\/wp\/#website\",\"url\":\"https:\/\/bahiaeconomica.com.br\/wp\/\",\"name\":\"Bahia Economica\",\"description\":\"O maior portal de Economia da Bahia\",\"publisher\":{\"@id\":\"https:\/\/bahiaeconomica.com.br\/wp\/#organization\"},\"potentialAction\":[{\"@type\":\"SearchAction\",\"target\":{\"@type\":\"EntryPoint\",\"urlTemplate\":\"https:\/\/bahiaeconomica.com.br\/wp\/?s={search_term_string}\"},\"query-input\":\"required name=search_term_string\"}],\"inLanguage\":\"pt-BR\"},{\"@type\":\"Organization\",\"@id\":\"https:\/\/bahiaeconomica.com.br\/wp\/#organization\",\"name\":\"Bahia Econ\u00f4mica\",\"url\":\"https:\/\/bahiaeconomica.com.br\/wp\/\",\"logo\":{\"@type\":\"ImageObject\",\"inLanguage\":\"pt-BR\",\"@id\":\"https:\/\/bahiaeconomica.com.br\/wp\/#\/schema\/logo\/image\/\",\"url\":\"https:\/\/bahiaeconomica.com.br\/wp\/wp-content\/uploads\/2020\/12\/cropped-BE.png\",\"contentUrl\":\"https:\/\/bahiaeconomica.com.br\/wp\/wp-content\/uploads\/2020\/12\/cropped-BE.png\",\"width\":512,\"height\":512,\"caption\":\"Bahia Econ\u00f4mica\"},\"image\":{\"@id\":\"https:\/\/bahiaeconomica.com.br\/wp\/#\/schema\/logo\/image\/\"},\"sameAs\":[\"https:\/\/www.facebook.com\/bahiaeconomica\"]},{\"@type\":\"Person\",\"@id\":\"https:\/\/bahiaeconomica.com.br\/wp\/#\/schema\/person\/c86d3a3f8960425a0f9d0e5245991f4e\",\"name\":\"JP\",\"sameAs\":[\"https:\/\/bahiaeconomica.com.br\/wp\/beta\/\"],\"url\":\"https:\/\/bahiaeconomica.com.br\/wp\/author\/jp\/\"}]}<\/script>\n<!-- \/ Yoast SEO plugin. -->","yoast_head_json":{"title":"APOIADORES DO MARTAG\u00c3O FORAM HOMENAGEADOS EM EVENTO - Bahia Economica","description":"O maior portal de Economia da Bahia MUNIC\u00cdPIOS Bahia Economica Empresas e organiza\u00e7\u00f5es apoiadoras do Martag\u00e3o Gesteira","robots":{"index":"index","follow":"follow","max-snippet":"max-snippet:-1","max-image-preview":"max-image-preview:large","max-video-preview":"max-video-preview:-1"},"canonical":"https:\/\/bahiaeconomica.com.br\/wp\/2025\/10\/22\/apoiadores-do-martagao-foram-homenageados-em-evento\/","og_locale":"pt_BR","og_type":"article","og_title":"APOIADORES DO MARTAG\u00c3O FORAM HOMENAGEADOS EM EVENTO - Bahia Economica","og_description":"O maior portal de Economia da Bahia MUNIC\u00cdPIOS Bahia Economica Empresas e organiza\u00e7\u00f5es apoiadoras do Martag\u00e3o Gesteira","og_url":"https:\/\/bahiaeconomica.com.br\/wp\/2025\/10\/22\/apoiadores-do-martagao-foram-homenageados-em-evento\/","og_site_name":"Bahia Economica","article_publisher":"https:\/\/www.facebook.com\/bahiaeconomica","article_published_time":"2025-10-22T13:36:42+00:00","og_image":[{"width":1280,"height":720,"url":"https:\/\/bahiaeconomica.com.br\/wp\/wp-content\/uploads\/2025\/10\/WhatsApp-Image-2025-10-22-at-10.03.09-1.jpeg","type":"image\/jpeg"}],"author":"JP","twitter_card":"summary_large_image","twitter_misc":{"Escrito por":"JP","Est. tempo de leitura":"3 minutos"},"schema":{"@context":"https:\/\/schema.org","@graph":[{"@type":"Article","@id":"https:\/\/bahiaeconomica.com.br\/wp\/2025\/10\/22\/apoiadores-do-martagao-foram-homenageados-em-evento\/#article","isPartOf":{"@id":"https:\/\/bahiaeconomica.com.br\/wp\/2025\/10\/22\/apoiadores-do-martagao-foram-homenageados-em-evento\/"},"author":{"name":"JP","@id":"https:\/\/bahiaeconomica.com.br\/wp\/#\/schema\/person\/c86d3a3f8960425a0f9d0e5245991f4e"},"headline":"APOIADORES DO MARTAG\u00c3O FORAM HOMENAGEADOS EM EVENTO","datePublished":"2025-10-22T13:36:42+00:00","dateModified":"2025-10-22T13:36:42+00:00","mainEntityOfPage":{"@id":"https:\/\/bahiaeconomica.com.br\/wp\/2025\/10\/22\/apoiadores-do-martagao-foram-homenageados-em-evento\/"},"wordCount":482,"publisher":{"@id":"https:\/\/bahiaeconomica.com.br\/wp\/#organization"},"keywords":["Brasil","econmia","Martag\u00e3o"],"articleSection":["MUNIC\u00cdPIOS"],"inLanguage":"pt-BR"},{"@type":"WebPage","@id":"https:\/\/bahiaeconomica.com.br\/wp\/2025\/10\/22\/apoiadores-do-martagao-foram-homenageados-em-evento\/","url":"https:\/\/bahiaeconomica.com.br\/wp\/2025\/10\/22\/apoiadores-do-martagao-foram-homenageados-em-evento\/","name":"APOIADORES DO MARTAG\u00c3O FORAM HOMENAGEADOS EM EVENTO - Bahia Economica","isPartOf":{"@id":"https:\/\/bahiaeconomica.com.br\/wp\/#website"},"datePublished":"2025-10-22T13:36:42+00:00","dateModified":"2025-10-22T13:36:42+00:00","description":"O maior portal de Economia da Bahia MUNIC\u00cdPIOS Bahia Economica Empresas e organiza\u00e7\u00f5es apoiadoras do Martag\u00e3o Gesteira","breadcrumb":{"@id":"https:\/\/bahiaeconomica.com.br\/wp\/2025\/10\/22\/apoiadores-do-martagao-foram-homenageados-em-evento\/#breadcrumb"},"inLanguage":"pt-BR","potentialAction":[{"@type":"ReadAction","target":["https:\/\/bahiaeconomica.com.br\/wp\/2025\/10\/22\/apoiadores-do-martagao-foram-homenageados-em-evento\/"]}]},{"@type":"BreadcrumbList","@id":"https:\/\/bahiaeconomica.com.br\/wp\/2025\/10\/22\/apoiadores-do-martagao-foram-homenageados-em-evento\/#breadcrumb","itemListElement":[{"@type":"ListItem","position":1,"name":"In\u00edcio","item":"https:\/\/bahiaeconomica.com.br\/wp\/"},{"@type":"ListItem","position":2,"name":"APOIADORES DO MARTAG\u00c3O FORAM HOMENAGEADOS EM EVENTO"}]},{"@type":"WebSite","@id":"https:\/\/bahiaeconomica.com.br\/wp\/#website","url":"https:\/\/bahiaeconomica.com.br\/wp\/","name":"Bahia Economica","description":"O maior portal de Economia da Bahia","publisher":{"@id":"https:\/\/bahiaeconomica.com.br\/wp\/#organization"},"potentialAction":[{"@type":"SearchAction","target":{"@type":"EntryPoint","urlTemplate":"https:\/\/bahiaeconomica.com.br\/wp\/?s={search_term_string}"},"query-input":"required name=search_term_string"}],"inLanguage":"pt-BR"},{"@type":"Organization","@id":"https:\/\/bahiaeconomica.com.br\/wp\/#organization","name":"Bahia Econ\u00f4mica","url":"https:\/\/bahiaeconomica.com.br\/wp\/","logo":{"@type":"ImageObject","inLanguage":"pt-BR","@id":"https:\/\/bahiaeconomica.com.br\/wp\/#\/schema\/logo\/image\/","url":"https:\/\/bahiaeconomica.com.br\/wp\/wp-content\/uploads\/2020\/12\/cropped-BE.png","contentUrl":"https:\/\/bahiaeconomica.com.br\/wp\/wp-content\/uploads\/2020\/12\/cropped-BE.png","width":512,"height":512,"caption":"Bahia Econ\u00f4mica"},"image":{"@id":"https:\/\/bahiaeconomica.com.br\/wp\/#\/schema\/logo\/image\/"},"sameAs":["https:\/\/www.facebook.com\/bahiaeconomica"]},{"@type":"Person","@id":"https:\/\/bahiaeconomica.com.br\/wp\/#\/schema\/person\/c86d3a3f8960425a0f9d0e5245991f4e","name":"JP","sameAs":["https:\/\/bahiaeconomica.com.br\/wp\/beta\/"],"url":"https:\/\/bahiaeconomica.com.br\/wp\/author\/jp\/"}]}},"views":13,"_links":{"self":[{"href":"https:\/\/bahiaeconomica.com.br\/wp\/wp-json\/wp\/v2\/posts\/945757"}],"collection":[{"href":"https:\/\/bahiaeconomica.com.br\/wp\/wp-json\/wp\/v2\/posts"}],"about":[{"href":"https:\/\/bahiaeconomica.com.br\/wp\/wp-json\/wp\/v2\/types\/post"}],"author":[{"embeddable":true,"href":"https:\/\/bahiaeconomica.com.br\/wp\/wp-json\/wp\/v2\/users\/8"}],"replies":[{"embeddable":true,"href":"https:\/\/bahiaeconomica.com.br\/wp\/wp-json\/wp\/v2\/comments?post=945757"}],"version-history":[{"count":1,"href":"https:\/\/bahiaeconomica.com.br\/wp\/wp-json\/wp\/v2\/posts\/945757\/revisions"}],"predecessor-version":[{"id":945759,"href":"https:\/\/bahiaeconomica.com.br\/wp\/wp-json\/wp\/v2\/posts\/945757\/revisions\/945759"}],"wp:featuredmedia":[{"embeddable":true,"href":"https:\/\/bahiaeconomica.com.br\/wp\/wp-json\/wp\/v2\/media\/945758"}],"wp:attachment":[{"href":"https:\/\/bahiaeconomica.com.br\/wp\/wp-json\/wp\/v2\/media?parent=945757"}],"wp:term":[{"taxonomy":"category","embeddable":true,"href":"https:\/\/bahiaeconomica.com.br\/wp\/wp-json\/wp\/v2\/categories?post=945757"},{"taxonomy":"post_tag","embeddable":true,"href":"https:\/\/bahiaeconomica.com.br\/wp\/wp-json\/wp\/v2\/tags?post=945757"}],"curies":[{"name":"wp","href":"https:\/\/api.w.org\/{rel}","templated":true}]}}