{"id":945364,"date":"2025-10-21T11:50:21","date_gmt":"2025-10-21T14:50:21","guid":{"rendered":"https:\/\/bahiaeconomica.com.br\/wp\/?p=945364"},"modified":"2025-10-21T11:45:59","modified_gmt":"2025-10-21T14:45:59","slug":"osba-apresenta-a-nona-sinfonia-de-mahler-em-concerto-gratuito-neste-domingo-26","status":"publish","type":"post","link":"https:\/\/bahiaeconomica.com.br\/wp\/2025\/10\/21\/osba-apresenta-a-nona-sinfonia-de-mahler-em-concerto-gratuito-neste-domingo-26\/","title":{"rendered":"OSBA APRESENTA A NONA SINFONIA DE MAHLER EM CONCERTO GRATUITO NESTE DOMINGO (26)"},"content":{"rendered":"<p>A\u00a0Orquestra Sinf\u00f4nica da Bahia\u00a0apresenta neste\u00a0domingo, 26 de outubro, \u00e0s 11h, um\u00a0concerto gratuito\u00a0no\u00a0Santu\u00e1rio Nossa Senhora de F\u00e1tima, localizado\u00a0no Col\u00e9gio Ant\u00f4nio Vieira, no Garcia. Sob a reg\u00eancia do maestro\u00a0Carlos Prazeres, a OSBA interpretar\u00e1 a &#8216;Nona Sinfonia&#8217; do compositor\u00a0checo-austr\u00edaco\u00a0Gustav Mahler\u00a0(1860-1911),\u00a0em uma apresenta\u00e7\u00e3o que leva o t\u00edtulo de\u00a0&#8216;O Adeus em M\u00fasica&#8217;.<\/p>\n<p>A\u00a0entrada\u00a0\u00e9 sujeita \u00e0\u00a0lota\u00e7\u00e3o do espa\u00e7o, que\u00a0abrir\u00e1 ao p\u00fablico\u00a0a partir das\u00a010h30. O local conta com\u00a0estacionamento gratuito, sujeito \u00e0 disponibilidade. O evento integra a\u00a0S\u00e9rie Manuel In\u00e1cio da Costa, iniciativa que leva a OSBA a igrejas de Salvador.<\/p>\n<p><strong>Despedida em forma de m\u00fasica<\/strong><\/p>\n<p>O concerto\u00a0&#8216;O Adeus em M\u00fasica&#8217;\u00a0ser\u00e1 uma oportunidade \u00fanica de conferir de perto a interpreta\u00e7\u00e3o de uma\u00a0obra fundamental\u00a0para a\u00a0m\u00fasica sinf\u00f4nica do s\u00e9culo XX. A &#8216;Nona Sinfonia&#8217; de Mahler carrega um forte tom de despedida n\u00e3o apenas pessoal, mas tamb\u00e9m de um mundo prestes a sofrer\u00a0mudan\u00e7as profundas nos \u00e2mbitos art\u00edstico e pol\u00edtico. A obra \u00e9 frequentemente descrita por estudiosos como um\u00a0testamento musical, um\u00a0adeus de Mahler \u00e0 vida e \u00e0 arte, perspectiva compartilhada pelo maestro Carlos Prazeres.<\/p>\n<p>&#8220;A\u00a0Nona Sinfonia\u00a0n\u00e3o \u00e9 apenas uma despedida pessoal de Mahler em rela\u00e7\u00e3o ao mundo, mas tamb\u00e9m representa a\u00a0pr\u00f3pria morte em forma de m\u00fasica. Aqui, Mahler trava um di\u00e1logo com a morte de maneira mais serena e resignada. Por isso, escolhi o t\u00edtulo\u00a0&#8216;O Adeus em M\u00fasica&#8217;\u00a0para esta apresenta\u00e7\u00e3o&#8221;, explica o maestro.<\/p>\n<p>Composta entre 1908 e 1909, nos \u00faltimos anos de vida do compositor, a Sinfonia N\u00ba 9 \u00e9\u00a0profundamente autobiogr\u00e1fica. Nesse per\u00edodo, Mahler j\u00e1 estava consciente de sua fragilidade f\u00edsica (ele sofria de problemas card\u00edacos) e havia perdido recentemente sua filha Maria, de quatro anos, v\u00edtima de difteria, em 1907. De toda sua obra, esta foi a\u00a0\u00faltima sinfonia conclu\u00edda\u00a0e a \u00fanica cuja estreia, em 1912, ele n\u00e3o chegou a presenciar, pois faleceu pouco mais de um ano antes.<\/p>\n<p>Mahler \u00e9 considerado um dos\u00a0\u00faltimos grandes compositores do per\u00edodo rom\u00e2ntico, embora sua obra tamb\u00e9m seja vista como uma\u00a0ponte para a m\u00fasica moderna. A Europa vivia, ent\u00e3o, um contexto de\u00a0instabilidade pr\u00e9-Primeira Guerra Mundial, e sua \u00faltima sinfonia traduz esse clima de despedida da vida, da era rom\u00e2ntica e de um mundo que se transformava.<\/p>\n<p>Foto: Taylla de Paula<\/p>\n","protected":false},"excerpt":{"rendered":"<p>A\u00a0Orquestra Sinf\u00f4nica da Bahia\u00a0apresenta neste\u00a0domingo, 26 de outubro, \u00e0s 11h, um\u00a0concerto gratuito\u00a0no\u00a0Santu\u00e1rio Nossa Senhora de F\u00e1tima, localizado\u00a0no Col\u00e9gio Ant\u00f4nio Vieira, no Garcia. Sob a reg\u00eancia do maestro\u00a0Carlos Prazeres, a OSBA interpretar\u00e1 a &#8216;Nona Sinfonia&#8217; do compositor\u00a0checo-austr\u00edaco\u00a0Gustav Mahler\u00a0(1860-1911),\u00a0em uma apresenta\u00e7\u00e3o que leva o t\u00edtulo de\u00a0&#8216;O Adeus em M\u00fasica&#8217;. A\u00a0entrada\u00a0\u00e9 sujeita \u00e0\u00a0lota\u00e7\u00e3o do espa\u00e7o, que\u00a0abrir\u00e1 ao p\u00fablico\u00a0a [&hellip;]<\/p>\n","protected":false},"author":20,"featured_media":945365,"comment_status":"closed","ping_status":"closed","sticky":false,"template":"","format":"standard","meta":[],"categories":[689],"tags":[39593,41869,41868,977],"acf":[],"yoast_head":"<!-- This site is optimized with the Yoast SEO plugin v20.8 - https:\/\/yoast.com\/wordpress\/plugins\/seo\/ -->\n<title>OSBA APRESENTA A NONA SINFONIA DE MAHLER EM CONCERTO GRATUITO NESTE DOMINGO (26) - Bahia Economica<\/title>\n<meta name=\"description\" content=\"O maior portal de Economia da Bahia CULTURA E ARTE Bahia Economica \u00a0entrada\u00a0\u00e9 sujeita \u00e0\u00a0lota\u00e7\u00e3o do espa\u00e7o\" \/>\n<meta name=\"robots\" content=\"index, follow, max-snippet:-1, max-image-preview:large, max-video-preview:-1\" \/>\n<link rel=\"canonical\" href=\"https:\/\/bahiaeconomica.com.br\/wp\/2025\/10\/21\/osba-apresenta-a-nona-sinfonia-de-mahler-em-concerto-gratuito-neste-domingo-26\/\" \/>\n<meta property=\"og:locale\" content=\"pt_BR\" \/>\n<meta property=\"og:type\" content=\"article\" \/>\n<meta property=\"og:title\" content=\"OSBA APRESENTA A NONA SINFONIA DE MAHLER EM CONCERTO GRATUITO NESTE DOMINGO (26) - Bahia Economica\" \/>\n<meta property=\"og:description\" content=\"O maior portal de Economia da Bahia CULTURA E ARTE Bahia Economica \u00a0entrada\u00a0\u00e9 sujeita \u00e0\u00a0lota\u00e7\u00e3o do espa\u00e7o\" \/>\n<meta property=\"og:url\" content=\"https:\/\/bahiaeconomica.com.br\/wp\/2025\/10\/21\/osba-apresenta-a-nona-sinfonia-de-mahler-em-concerto-gratuito-neste-domingo-26\/\" \/>\n<meta property=\"og:site_name\" content=\"Bahia Economica\" \/>\n<meta property=\"article:publisher\" content=\"https:\/\/www.facebook.com\/bahiaeconomica\" \/>\n<meta property=\"article:published_time\" content=\"2025-10-21T14:50:21+00:00\" \/>\n<meta property=\"article:modified_time\" content=\"2025-10-21T14:45:59+00:00\" \/>\n<meta property=\"og:image\" content=\"https:\/\/bahiaeconomica.com.br\/wp\/wp-content\/uploads\/2025\/10\/06-Maestro-Carlos-Prazeres-e-OSBA-no-Santuario-Foto-Taylla-de-Paula.jpg\" \/>\n\t<meta property=\"og:image:width\" content=\"1024\" \/>\n\t<meta property=\"og:image:height\" content=\"683\" \/>\n\t<meta property=\"og:image:type\" content=\"image\/jpeg\" \/>\n<meta name=\"author\" content=\"BRUNA CARVALHO\" \/>\n<meta name=\"twitter:card\" content=\"summary_large_image\" \/>\n<meta name=\"twitter:label1\" content=\"Escrito por\" \/>\n\t<meta name=\"twitter:data1\" content=\"BRUNA CARVALHO\" \/>\n\t<meta name=\"twitter:label2\" content=\"Est. tempo de leitura\" \/>\n\t<meta name=\"twitter:data2\" content=\"3 minutos\" \/>\n<script type=\"application\/ld+json\" class=\"yoast-schema-graph\">{\"@context\":\"https:\/\/schema.org\",\"@graph\":[{\"@type\":\"Article\",\"@id\":\"https:\/\/bahiaeconomica.com.br\/wp\/2025\/10\/21\/osba-apresenta-a-nona-sinfonia-de-mahler-em-concerto-gratuito-neste-domingo-26\/#article\",\"isPartOf\":{\"@id\":\"https:\/\/bahiaeconomica.com.br\/wp\/2025\/10\/21\/osba-apresenta-a-nona-sinfonia-de-mahler-em-concerto-gratuito-neste-domingo-26\/\"},\"author\":{\"name\":\"BRUNA CARVALHO\",\"@id\":\"https:\/\/bahiaeconomica.com.br\/wp\/#\/schema\/person\/9310b0e591f5979f6f99773eac5804e6\"},\"headline\":\"OSBA APRESENTA A NONA SINFONIA DE MAHLER EM CONCERTO GRATUITO NESTE DOMINGO (26)\",\"datePublished\":\"2025-10-21T14:50:21+00:00\",\"dateModified\":\"2025-10-21T14:45:59+00:00\",\"mainEntityOfPage\":{\"@id\":\"https:\/\/bahiaeconomica.com.br\/wp\/2025\/10\/21\/osba-apresenta-a-nona-sinfonia-de-mahler-em-concerto-gratuito-neste-domingo-26\/\"},\"wordCount\":429,\"publisher\":{\"@id\":\"https:\/\/bahiaeconomica.com.br\/wp\/#organization\"},\"keywords\":[\"concerto gratuito\",\"mahler\",\"nona sinfonia\",\"OSBA\"],\"articleSection\":[\"CULTURA E ARTE\"],\"inLanguage\":\"pt-BR\"},{\"@type\":\"WebPage\",\"@id\":\"https:\/\/bahiaeconomica.com.br\/wp\/2025\/10\/21\/osba-apresenta-a-nona-sinfonia-de-mahler-em-concerto-gratuito-neste-domingo-26\/\",\"url\":\"https:\/\/bahiaeconomica.com.br\/wp\/2025\/10\/21\/osba-apresenta-a-nona-sinfonia-de-mahler-em-concerto-gratuito-neste-domingo-26\/\",\"name\":\"OSBA APRESENTA A NONA SINFONIA DE MAHLER EM CONCERTO GRATUITO NESTE DOMINGO (26) - Bahia Economica\",\"isPartOf\":{\"@id\":\"https:\/\/bahiaeconomica.com.br\/wp\/#website\"},\"datePublished\":\"2025-10-21T14:50:21+00:00\",\"dateModified\":\"2025-10-21T14:45:59+00:00\",\"description\":\"O maior portal de Economia da Bahia CULTURA E ARTE Bahia Economica \u00a0entrada\u00a0\u00e9 sujeita \u00e0\u00a0lota\u00e7\u00e3o do espa\u00e7o\",\"breadcrumb\":{\"@id\":\"https:\/\/bahiaeconomica.com.br\/wp\/2025\/10\/21\/osba-apresenta-a-nona-sinfonia-de-mahler-em-concerto-gratuito-neste-domingo-26\/#breadcrumb\"},\"inLanguage\":\"pt-BR\",\"potentialAction\":[{\"@type\":\"ReadAction\",\"target\":[\"https:\/\/bahiaeconomica.com.br\/wp\/2025\/10\/21\/osba-apresenta-a-nona-sinfonia-de-mahler-em-concerto-gratuito-neste-domingo-26\/\"]}]},{\"@type\":\"BreadcrumbList\",\"@id\":\"https:\/\/bahiaeconomica.com.br\/wp\/2025\/10\/21\/osba-apresenta-a-nona-sinfonia-de-mahler-em-concerto-gratuito-neste-domingo-26\/#breadcrumb\",\"itemListElement\":[{\"@type\":\"ListItem\",\"position\":1,\"name\":\"In\u00edcio\",\"item\":\"https:\/\/bahiaeconomica.com.br\/wp\/\"},{\"@type\":\"ListItem\",\"position\":2,\"name\":\"OSBA APRESENTA A NONA SINFONIA DE MAHLER EM CONCERTO GRATUITO NESTE DOMINGO (26)\"}]},{\"@type\":\"WebSite\",\"@id\":\"https:\/\/bahiaeconomica.com.br\/wp\/#website\",\"url\":\"https:\/\/bahiaeconomica.com.br\/wp\/\",\"name\":\"Bahia Economica\",\"description\":\"O maior portal de Economia da Bahia\",\"publisher\":{\"@id\":\"https:\/\/bahiaeconomica.com.br\/wp\/#organization\"},\"potentialAction\":[{\"@type\":\"SearchAction\",\"target\":{\"@type\":\"EntryPoint\",\"urlTemplate\":\"https:\/\/bahiaeconomica.com.br\/wp\/?s={search_term_string}\"},\"query-input\":\"required name=search_term_string\"}],\"inLanguage\":\"pt-BR\"},{\"@type\":\"Organization\",\"@id\":\"https:\/\/bahiaeconomica.com.br\/wp\/#organization\",\"name\":\"Bahia Econ\u00f4mica\",\"url\":\"https:\/\/bahiaeconomica.com.br\/wp\/\",\"logo\":{\"@type\":\"ImageObject\",\"inLanguage\":\"pt-BR\",\"@id\":\"https:\/\/bahiaeconomica.com.br\/wp\/#\/schema\/logo\/image\/\",\"url\":\"https:\/\/bahiaeconomica.com.br\/wp\/wp-content\/uploads\/2020\/12\/cropped-BE.png\",\"contentUrl\":\"https:\/\/bahiaeconomica.com.br\/wp\/wp-content\/uploads\/2020\/12\/cropped-BE.png\",\"width\":512,\"height\":512,\"caption\":\"Bahia Econ\u00f4mica\"},\"image\":{\"@id\":\"https:\/\/bahiaeconomica.com.br\/wp\/#\/schema\/logo\/image\/\"},\"sameAs\":[\"https:\/\/www.facebook.com\/bahiaeconomica\"]},{\"@type\":\"Person\",\"@id\":\"https:\/\/bahiaeconomica.com.br\/wp\/#\/schema\/person\/9310b0e591f5979f6f99773eac5804e6\",\"name\":\"BRUNA CARVALHO\",\"sameAs\":[\"http:\/\/www.bahiaeconomica.com.br\"],\"url\":\"https:\/\/bahiaeconomica.com.br\/wp\/author\/bruna\/\"}]}<\/script>\n<!-- \/ Yoast SEO plugin. -->","yoast_head_json":{"title":"OSBA APRESENTA A NONA SINFONIA DE MAHLER EM CONCERTO GRATUITO NESTE DOMINGO (26) - Bahia Economica","description":"O maior portal de Economia da Bahia CULTURA E ARTE Bahia Economica \u00a0entrada\u00a0\u00e9 sujeita \u00e0\u00a0lota\u00e7\u00e3o do espa\u00e7o","robots":{"index":"index","follow":"follow","max-snippet":"max-snippet:-1","max-image-preview":"max-image-preview:large","max-video-preview":"max-video-preview:-1"},"canonical":"https:\/\/bahiaeconomica.com.br\/wp\/2025\/10\/21\/osba-apresenta-a-nona-sinfonia-de-mahler-em-concerto-gratuito-neste-domingo-26\/","og_locale":"pt_BR","og_type":"article","og_title":"OSBA APRESENTA A NONA SINFONIA DE MAHLER EM CONCERTO GRATUITO NESTE DOMINGO (26) - Bahia Economica","og_description":"O maior portal de Economia da Bahia CULTURA E ARTE Bahia Economica \u00a0entrada\u00a0\u00e9 sujeita \u00e0\u00a0lota\u00e7\u00e3o do espa\u00e7o","og_url":"https:\/\/bahiaeconomica.com.br\/wp\/2025\/10\/21\/osba-apresenta-a-nona-sinfonia-de-mahler-em-concerto-gratuito-neste-domingo-26\/","og_site_name":"Bahia Economica","article_publisher":"https:\/\/www.facebook.com\/bahiaeconomica","article_published_time":"2025-10-21T14:50:21+00:00","article_modified_time":"2025-10-21T14:45:59+00:00","og_image":[{"width":1024,"height":683,"url":"https:\/\/bahiaeconomica.com.br\/wp\/wp-content\/uploads\/2025\/10\/06-Maestro-Carlos-Prazeres-e-OSBA-no-Santuario-Foto-Taylla-de-Paula.jpg","type":"image\/jpeg"}],"author":"BRUNA CARVALHO","twitter_card":"summary_large_image","twitter_misc":{"Escrito por":"BRUNA CARVALHO","Est. tempo de leitura":"3 minutos"},"schema":{"@context":"https:\/\/schema.org","@graph":[{"@type":"Article","@id":"https:\/\/bahiaeconomica.com.br\/wp\/2025\/10\/21\/osba-apresenta-a-nona-sinfonia-de-mahler-em-concerto-gratuito-neste-domingo-26\/#article","isPartOf":{"@id":"https:\/\/bahiaeconomica.com.br\/wp\/2025\/10\/21\/osba-apresenta-a-nona-sinfonia-de-mahler-em-concerto-gratuito-neste-domingo-26\/"},"author":{"name":"BRUNA CARVALHO","@id":"https:\/\/bahiaeconomica.com.br\/wp\/#\/schema\/person\/9310b0e591f5979f6f99773eac5804e6"},"headline":"OSBA APRESENTA A NONA SINFONIA DE MAHLER EM CONCERTO GRATUITO NESTE DOMINGO (26)","datePublished":"2025-10-21T14:50:21+00:00","dateModified":"2025-10-21T14:45:59+00:00","mainEntityOfPage":{"@id":"https:\/\/bahiaeconomica.com.br\/wp\/2025\/10\/21\/osba-apresenta-a-nona-sinfonia-de-mahler-em-concerto-gratuito-neste-domingo-26\/"},"wordCount":429,"publisher":{"@id":"https:\/\/bahiaeconomica.com.br\/wp\/#organization"},"keywords":["concerto gratuito","mahler","nona sinfonia","OSBA"],"articleSection":["CULTURA E ARTE"],"inLanguage":"pt-BR"},{"@type":"WebPage","@id":"https:\/\/bahiaeconomica.com.br\/wp\/2025\/10\/21\/osba-apresenta-a-nona-sinfonia-de-mahler-em-concerto-gratuito-neste-domingo-26\/","url":"https:\/\/bahiaeconomica.com.br\/wp\/2025\/10\/21\/osba-apresenta-a-nona-sinfonia-de-mahler-em-concerto-gratuito-neste-domingo-26\/","name":"OSBA APRESENTA A NONA SINFONIA DE MAHLER EM CONCERTO GRATUITO NESTE DOMINGO (26) - Bahia Economica","isPartOf":{"@id":"https:\/\/bahiaeconomica.com.br\/wp\/#website"},"datePublished":"2025-10-21T14:50:21+00:00","dateModified":"2025-10-21T14:45:59+00:00","description":"O maior portal de Economia da Bahia CULTURA E ARTE Bahia Economica \u00a0entrada\u00a0\u00e9 sujeita \u00e0\u00a0lota\u00e7\u00e3o do espa\u00e7o","breadcrumb":{"@id":"https:\/\/bahiaeconomica.com.br\/wp\/2025\/10\/21\/osba-apresenta-a-nona-sinfonia-de-mahler-em-concerto-gratuito-neste-domingo-26\/#breadcrumb"},"inLanguage":"pt-BR","potentialAction":[{"@type":"ReadAction","target":["https:\/\/bahiaeconomica.com.br\/wp\/2025\/10\/21\/osba-apresenta-a-nona-sinfonia-de-mahler-em-concerto-gratuito-neste-domingo-26\/"]}]},{"@type":"BreadcrumbList","@id":"https:\/\/bahiaeconomica.com.br\/wp\/2025\/10\/21\/osba-apresenta-a-nona-sinfonia-de-mahler-em-concerto-gratuito-neste-domingo-26\/#breadcrumb","itemListElement":[{"@type":"ListItem","position":1,"name":"In\u00edcio","item":"https:\/\/bahiaeconomica.com.br\/wp\/"},{"@type":"ListItem","position":2,"name":"OSBA APRESENTA A NONA SINFONIA DE MAHLER EM CONCERTO GRATUITO NESTE DOMINGO (26)"}]},{"@type":"WebSite","@id":"https:\/\/bahiaeconomica.com.br\/wp\/#website","url":"https:\/\/bahiaeconomica.com.br\/wp\/","name":"Bahia Economica","description":"O maior portal de Economia da Bahia","publisher":{"@id":"https:\/\/bahiaeconomica.com.br\/wp\/#organization"},"potentialAction":[{"@type":"SearchAction","target":{"@type":"EntryPoint","urlTemplate":"https:\/\/bahiaeconomica.com.br\/wp\/?s={search_term_string}"},"query-input":"required name=search_term_string"}],"inLanguage":"pt-BR"},{"@type":"Organization","@id":"https:\/\/bahiaeconomica.com.br\/wp\/#organization","name":"Bahia Econ\u00f4mica","url":"https:\/\/bahiaeconomica.com.br\/wp\/","logo":{"@type":"ImageObject","inLanguage":"pt-BR","@id":"https:\/\/bahiaeconomica.com.br\/wp\/#\/schema\/logo\/image\/","url":"https:\/\/bahiaeconomica.com.br\/wp\/wp-content\/uploads\/2020\/12\/cropped-BE.png","contentUrl":"https:\/\/bahiaeconomica.com.br\/wp\/wp-content\/uploads\/2020\/12\/cropped-BE.png","width":512,"height":512,"caption":"Bahia Econ\u00f4mica"},"image":{"@id":"https:\/\/bahiaeconomica.com.br\/wp\/#\/schema\/logo\/image\/"},"sameAs":["https:\/\/www.facebook.com\/bahiaeconomica"]},{"@type":"Person","@id":"https:\/\/bahiaeconomica.com.br\/wp\/#\/schema\/person\/9310b0e591f5979f6f99773eac5804e6","name":"BRUNA CARVALHO","sameAs":["http:\/\/www.bahiaeconomica.com.br"],"url":"https:\/\/bahiaeconomica.com.br\/wp\/author\/bruna\/"}]}},"views":6,"_links":{"self":[{"href":"https:\/\/bahiaeconomica.com.br\/wp\/wp-json\/wp\/v2\/posts\/945364"}],"collection":[{"href":"https:\/\/bahiaeconomica.com.br\/wp\/wp-json\/wp\/v2\/posts"}],"about":[{"href":"https:\/\/bahiaeconomica.com.br\/wp\/wp-json\/wp\/v2\/types\/post"}],"author":[{"embeddable":true,"href":"https:\/\/bahiaeconomica.com.br\/wp\/wp-json\/wp\/v2\/users\/20"}],"replies":[{"embeddable":true,"href":"https:\/\/bahiaeconomica.com.br\/wp\/wp-json\/wp\/v2\/comments?post=945364"}],"version-history":[{"count":1,"href":"https:\/\/bahiaeconomica.com.br\/wp\/wp-json\/wp\/v2\/posts\/945364\/revisions"}],"predecessor-version":[{"id":945371,"href":"https:\/\/bahiaeconomica.com.br\/wp\/wp-json\/wp\/v2\/posts\/945364\/revisions\/945371"}],"wp:featuredmedia":[{"embeddable":true,"href":"https:\/\/bahiaeconomica.com.br\/wp\/wp-json\/wp\/v2\/media\/945365"}],"wp:attachment":[{"href":"https:\/\/bahiaeconomica.com.br\/wp\/wp-json\/wp\/v2\/media?parent=945364"}],"wp:term":[{"taxonomy":"category","embeddable":true,"href":"https:\/\/bahiaeconomica.com.br\/wp\/wp-json\/wp\/v2\/categories?post=945364"},{"taxonomy":"post_tag","embeddable":true,"href":"https:\/\/bahiaeconomica.com.br\/wp\/wp-json\/wp\/v2\/tags?post=945364"}],"curies":[{"name":"wp","href":"https:\/\/api.w.org\/{rel}","templated":true}]}}