{"id":945213,"date":"2025-10-20T15:00:54","date_gmt":"2025-10-20T18:00:54","guid":{"rendered":"https:\/\/bahiaeconomica.com.br\/wp\/?p=945213"},"modified":"2025-10-20T21:23:59","modified_gmt":"2025-10-21T00:23:59","slug":"este-e-um-projeto-arrojado-de-um-bahia-global-diz-geraldo-junior-no-ato-que-marca-inicio-do-city-football-academy-bahia","status":"publish","type":"post","link":"https:\/\/bahiaeconomica.com.br\/wp\/2025\/10\/20\/este-e-um-projeto-arrojado-de-um-bahia-global-diz-geraldo-junior-no-ato-que-marca-inicio-do-city-football-academy-bahia\/","title":{"rendered":"\u201cESTE \u00c9 UM PROJETO ARROJADO DE UM BAHIA GLOBAL\u201d, DIZ GERALDO J\u00daNIOR NO ATO QUE MARCA IN\u00cdCIO DO CITY FOOTBALL ACADEMY BAHIA"},"content":{"rendered":"<p>O vice-governador Geraldo J\u00fanior participou, nesta segunda-feira (20), na Arena Fonte Nova, do lan\u00e7amento oficial do City Football Academy Bahia, um dos mais modernos centros de treinamento da Am\u00e9rica do Sul, que ser\u00e1 constru\u00eddo em Cama\u00e7ari. O empreendimento, fruto da parceria entre o Esporte Clube Bahia e o City Football Group, ter\u00e1 investimento previsto de R$ 300 milh\u00f5es e promete reposicionar a Bahia no mapa do futebol internacional.<\/p>\n<p>Geraldo J\u00fanior destacou a import\u00e2ncia estrat\u00e9gica do investimento para o esporte baiano e para o desenvolvimento de toda a regi\u00e3o metropolitana. \u201cMuito mais do que a constru\u00e7\u00e3o de um novo CT, aqui \u00e9 um exemplo de acolhimento, de escuta, cidadania e de desenvolvimento econ\u00f4mico, mas cima de tudo de gera\u00e7\u00e3o de renda e de movimenta\u00e7\u00e3o do esporte como elo de crescimento: uma pr\u00e1tica que o Esporte Clube Bahia faz ao longo de sua hist\u00f3ria. Este \u00e9 um projeto arrojado de um Bahia global e de forma\u00e7\u00e3o de cidad\u00e3os\u201d, disse.<\/p>\n<p>Durante o ato, o governador Jer\u00f4nimo Rodrigues assinou a licen\u00e7a pr\u00e9via ambiental para a implanta\u00e7\u00e3o do complexo esportivo. O CT ser\u00e1 constru\u00eddo em uma \u00e1rea superior a 1 milh\u00e3o de metros quadrados, \u00e0s margens da Via Metropolitana, entre Cama\u00e7ari e Lauro de Freitas, e abrigar\u00e1 12 campos de futebol, academia, centro m\u00e9dico e fisioter\u00e1pico, alojamentos, escola de forma\u00e7\u00e3o e miniest\u00e1dio, al\u00e9m de um condom\u00ednio residencial para atletas e profissionais do clube. A previs\u00e3o de conclus\u00e3o \u00e9 para 2028.<\/p>\n<p>Com a implanta\u00e7\u00e3o do City Football Academy Bahia, o Estado d\u00e1 mais um passo na consolida\u00e7\u00e3o de um novo ciclo de desenvolvimento esportivo, tecnol\u00f3gico e social, refor\u00e7ando o compromisso do Governo da Bahia com a moderniza\u00e7\u00e3o do esporte e com a cria\u00e7\u00e3o de oportunidades para a juventude baiana.<\/p>\n<p>Foto: Carlos Alberto<\/p>\n","protected":false},"excerpt":{"rendered":"<p>O vice-governador Geraldo J\u00fanior participou, nesta segunda-feira (20), na Arena Fonte Nova, do lan\u00e7amento oficial do City Football Academy Bahia, um dos mais modernos centros de treinamento da Am\u00e9rica do Sul, que ser\u00e1 constru\u00eddo em Cama\u00e7ari. O empreendimento, fruto da parceria entre o Esporte Clube Bahia e o City Football Group, ter\u00e1 investimento previsto de [&hellip;]<\/p>\n","protected":false},"author":8,"featured_media":945214,"comment_status":"closed","ping_status":"closed","sticky":false,"template":"","format":"standard","meta":[],"categories":[5,14601],"tags":[530,1899],"acf":[],"yoast_head":"<!-- This site is optimized with the Yoast SEO plugin v20.8 - https:\/\/yoast.com\/wordpress\/plugins\/seo\/ -->\n<title>\u201cESTE \u00c9 UM PROJETO ARROJADO DE UM BAHIA GLOBAL\u201d, DIZ GERALDO J\u00daNIOR NO ATO QUE MARCA IN\u00cdCIO DO CITY FOOTBALL ACADEMY BAHIA - Bahia Economica<\/title>\n<meta name=\"description\" content=\"O maior portal de Economia da Bahia MUNIC\u00cdPIOS, Pol\u00edtica Bahia Economica O vice-governador Geraldo J\u00fanior participou, nesta segunda-feira (20)\" \/>\n<meta name=\"robots\" content=\"index, follow, max-snippet:-1, max-image-preview:large, max-video-preview:-1\" \/>\n<link rel=\"canonical\" href=\"https:\/\/bahiaeconomica.com.br\/wp\/2025\/10\/20\/este-e-um-projeto-arrojado-de-um-bahia-global-diz-geraldo-junior-no-ato-que-marca-inicio-do-city-football-academy-bahia\/\" \/>\n<meta property=\"og:locale\" content=\"pt_BR\" \/>\n<meta property=\"og:type\" content=\"article\" \/>\n<meta property=\"og:title\" content=\"\u201cESTE \u00c9 UM PROJETO ARROJADO DE UM BAHIA GLOBAL\u201d, DIZ GERALDO J\u00daNIOR NO ATO QUE MARCA IN\u00cdCIO DO CITY FOOTBALL ACADEMY BAHIA - Bahia Economica\" \/>\n<meta property=\"og:description\" content=\"O maior portal de Economia da Bahia MUNIC\u00cdPIOS, Pol\u00edtica Bahia Economica O vice-governador Geraldo J\u00fanior participou, nesta segunda-feira (20)\" \/>\n<meta property=\"og:url\" content=\"https:\/\/bahiaeconomica.com.br\/wp\/2025\/10\/20\/este-e-um-projeto-arrojado-de-um-bahia-global-diz-geraldo-junior-no-ato-que-marca-inicio-do-city-football-academy-bahia\/\" \/>\n<meta property=\"og:site_name\" content=\"Bahia Economica\" \/>\n<meta property=\"article:publisher\" content=\"https:\/\/www.facebook.com\/bahiaeconomica\" \/>\n<meta property=\"article:published_time\" content=\"2025-10-20T18:00:54+00:00\" \/>\n<meta property=\"article:modified_time\" content=\"2025-10-21T00:23:59+00:00\" \/>\n<meta property=\"og:image\" content=\"https:\/\/bahiaeconomica.com.br\/wp\/wp-content\/uploads\/2025\/10\/WhatsApp-Image-2025-10-20-at-17.18.47.jpeg\" \/>\n\t<meta property=\"og:image:width\" content=\"1280\" \/>\n\t<meta property=\"og:image:height\" content=\"914\" \/>\n\t<meta property=\"og:image:type\" content=\"image\/jpeg\" \/>\n<meta name=\"author\" content=\"JP\" \/>\n<meta name=\"twitter:card\" content=\"summary_large_image\" \/>\n<meta name=\"twitter:label1\" content=\"Escrito por\" \/>\n\t<meta name=\"twitter:data1\" content=\"JP\" \/>\n\t<meta name=\"twitter:label2\" content=\"Est. tempo de leitura\" \/>\n\t<meta name=\"twitter:data2\" content=\"2 minutos\" \/>\n<script type=\"application\/ld+json\" class=\"yoast-schema-graph\">{\"@context\":\"https:\/\/schema.org\",\"@graph\":[{\"@type\":\"Article\",\"@id\":\"https:\/\/bahiaeconomica.com.br\/wp\/2025\/10\/20\/este-e-um-projeto-arrojado-de-um-bahia-global-diz-geraldo-junior-no-ato-que-marca-inicio-do-city-football-academy-bahia\/#article\",\"isPartOf\":{\"@id\":\"https:\/\/bahiaeconomica.com.br\/wp\/2025\/10\/20\/este-e-um-projeto-arrojado-de-um-bahia-global-diz-geraldo-junior-no-ato-que-marca-inicio-do-city-football-academy-bahia\/\"},\"author\":{\"name\":\"JP\",\"@id\":\"https:\/\/bahiaeconomica.com.br\/wp\/#\/schema\/person\/c86d3a3f8960425a0f9d0e5245991f4e\"},\"headline\":\"\u201cESTE \u00c9 UM PROJETO ARROJADO DE UM BAHIA GLOBAL\u201d, DIZ GERALDO J\u00daNIOR NO ATO QUE MARCA IN\u00cdCIO DO CITY FOOTBALL ACADEMY BAHIA\",\"datePublished\":\"2025-10-20T18:00:54+00:00\",\"dateModified\":\"2025-10-21T00:23:59+00:00\",\"mainEntityOfPage\":{\"@id\":\"https:\/\/bahiaeconomica.com.br\/wp\/2025\/10\/20\/este-e-um-projeto-arrojado-de-um-bahia-global-diz-geraldo-junior-no-ato-que-marca-inicio-do-city-football-academy-bahia\/\"},\"wordCount\":340,\"publisher\":{\"@id\":\"https:\/\/bahiaeconomica.com.br\/wp\/#organization\"},\"keywords\":[\"Governador\",\"vice\"],\"articleSection\":[\"MUNIC\u00cdPIOS\",\"Pol\u00edtica\"],\"inLanguage\":\"pt-BR\"},{\"@type\":\"WebPage\",\"@id\":\"https:\/\/bahiaeconomica.com.br\/wp\/2025\/10\/20\/este-e-um-projeto-arrojado-de-um-bahia-global-diz-geraldo-junior-no-ato-que-marca-inicio-do-city-football-academy-bahia\/\",\"url\":\"https:\/\/bahiaeconomica.com.br\/wp\/2025\/10\/20\/este-e-um-projeto-arrojado-de-um-bahia-global-diz-geraldo-junior-no-ato-que-marca-inicio-do-city-football-academy-bahia\/\",\"name\":\"\u201cESTE \u00c9 UM PROJETO ARROJADO DE UM BAHIA GLOBAL\u201d, DIZ GERALDO J\u00daNIOR NO ATO QUE MARCA IN\u00cdCIO DO CITY FOOTBALL ACADEMY BAHIA - Bahia Economica\",\"isPartOf\":{\"@id\":\"https:\/\/bahiaeconomica.com.br\/wp\/#website\"},\"datePublished\":\"2025-10-20T18:00:54+00:00\",\"dateModified\":\"2025-10-21T00:23:59+00:00\",\"description\":\"O maior portal de Economia da Bahia MUNIC\u00cdPIOS, Pol\u00edtica Bahia Economica O vice-governador Geraldo J\u00fanior participou, nesta segunda-feira (20)\",\"breadcrumb\":{\"@id\":\"https:\/\/bahiaeconomica.com.br\/wp\/2025\/10\/20\/este-e-um-projeto-arrojado-de-um-bahia-global-diz-geraldo-junior-no-ato-que-marca-inicio-do-city-football-academy-bahia\/#breadcrumb\"},\"inLanguage\":\"pt-BR\",\"potentialAction\":[{\"@type\":\"ReadAction\",\"target\":[\"https:\/\/bahiaeconomica.com.br\/wp\/2025\/10\/20\/este-e-um-projeto-arrojado-de-um-bahia-global-diz-geraldo-junior-no-ato-que-marca-inicio-do-city-football-academy-bahia\/\"]}]},{\"@type\":\"BreadcrumbList\",\"@id\":\"https:\/\/bahiaeconomica.com.br\/wp\/2025\/10\/20\/este-e-um-projeto-arrojado-de-um-bahia-global-diz-geraldo-junior-no-ato-que-marca-inicio-do-city-football-academy-bahia\/#breadcrumb\",\"itemListElement\":[{\"@type\":\"ListItem\",\"position\":1,\"name\":\"In\u00edcio\",\"item\":\"https:\/\/bahiaeconomica.com.br\/wp\/\"},{\"@type\":\"ListItem\",\"position\":2,\"name\":\"\u201cESTE \u00c9 UM PROJETO ARROJADO DE UM BAHIA GLOBAL\u201d, DIZ GERALDO J\u00daNIOR NO ATO QUE MARCA IN\u00cdCIO DO CITY FOOTBALL ACADEMY BAHIA\"}]},{\"@type\":\"WebSite\",\"@id\":\"https:\/\/bahiaeconomica.com.br\/wp\/#website\",\"url\":\"https:\/\/bahiaeconomica.com.br\/wp\/\",\"name\":\"Bahia Economica\",\"description\":\"O maior portal de Economia da Bahia\",\"publisher\":{\"@id\":\"https:\/\/bahiaeconomica.com.br\/wp\/#organization\"},\"potentialAction\":[{\"@type\":\"SearchAction\",\"target\":{\"@type\":\"EntryPoint\",\"urlTemplate\":\"https:\/\/bahiaeconomica.com.br\/wp\/?s={search_term_string}\"},\"query-input\":\"required name=search_term_string\"}],\"inLanguage\":\"pt-BR\"},{\"@type\":\"Organization\",\"@id\":\"https:\/\/bahiaeconomica.com.br\/wp\/#organization\",\"name\":\"Bahia Econ\u00f4mica\",\"url\":\"https:\/\/bahiaeconomica.com.br\/wp\/\",\"logo\":{\"@type\":\"ImageObject\",\"inLanguage\":\"pt-BR\",\"@id\":\"https:\/\/bahiaeconomica.com.br\/wp\/#\/schema\/logo\/image\/\",\"url\":\"https:\/\/bahiaeconomica.com.br\/wp\/wp-content\/uploads\/2020\/12\/cropped-BE.png\",\"contentUrl\":\"https:\/\/bahiaeconomica.com.br\/wp\/wp-content\/uploads\/2020\/12\/cropped-BE.png\",\"width\":512,\"height\":512,\"caption\":\"Bahia Econ\u00f4mica\"},\"image\":{\"@id\":\"https:\/\/bahiaeconomica.com.br\/wp\/#\/schema\/logo\/image\/\"},\"sameAs\":[\"https:\/\/www.facebook.com\/bahiaeconomica\"]},{\"@type\":\"Person\",\"@id\":\"https:\/\/bahiaeconomica.com.br\/wp\/#\/schema\/person\/c86d3a3f8960425a0f9d0e5245991f4e\",\"name\":\"JP\",\"sameAs\":[\"https:\/\/bahiaeconomica.com.br\/wp\/beta\/\"],\"url\":\"https:\/\/bahiaeconomica.com.br\/wp\/author\/jp\/\"}]}<\/script>\n<!-- \/ Yoast SEO plugin. -->","yoast_head_json":{"title":"\u201cESTE \u00c9 UM PROJETO ARROJADO DE UM BAHIA GLOBAL\u201d, DIZ GERALDO J\u00daNIOR NO ATO QUE MARCA IN\u00cdCIO DO CITY FOOTBALL ACADEMY BAHIA - Bahia Economica","description":"O maior portal de Economia da Bahia MUNIC\u00cdPIOS, Pol\u00edtica Bahia Economica O vice-governador Geraldo J\u00fanior participou, nesta segunda-feira (20)","robots":{"index":"index","follow":"follow","max-snippet":"max-snippet:-1","max-image-preview":"max-image-preview:large","max-video-preview":"max-video-preview:-1"},"canonical":"https:\/\/bahiaeconomica.com.br\/wp\/2025\/10\/20\/este-e-um-projeto-arrojado-de-um-bahia-global-diz-geraldo-junior-no-ato-que-marca-inicio-do-city-football-academy-bahia\/","og_locale":"pt_BR","og_type":"article","og_title":"\u201cESTE \u00c9 UM PROJETO ARROJADO DE UM BAHIA GLOBAL\u201d, DIZ GERALDO J\u00daNIOR NO ATO QUE MARCA IN\u00cdCIO DO CITY FOOTBALL ACADEMY BAHIA - Bahia Economica","og_description":"O maior portal de Economia da Bahia MUNIC\u00cdPIOS, Pol\u00edtica Bahia Economica O vice-governador Geraldo J\u00fanior participou, nesta segunda-feira (20)","og_url":"https:\/\/bahiaeconomica.com.br\/wp\/2025\/10\/20\/este-e-um-projeto-arrojado-de-um-bahia-global-diz-geraldo-junior-no-ato-que-marca-inicio-do-city-football-academy-bahia\/","og_site_name":"Bahia Economica","article_publisher":"https:\/\/www.facebook.com\/bahiaeconomica","article_published_time":"2025-10-20T18:00:54+00:00","article_modified_time":"2025-10-21T00:23:59+00:00","og_image":[{"width":1280,"height":914,"url":"https:\/\/bahiaeconomica.com.br\/wp\/wp-content\/uploads\/2025\/10\/WhatsApp-Image-2025-10-20-at-17.18.47.jpeg","type":"image\/jpeg"}],"author":"JP","twitter_card":"summary_large_image","twitter_misc":{"Escrito por":"JP","Est. tempo de leitura":"2 minutos"},"schema":{"@context":"https:\/\/schema.org","@graph":[{"@type":"Article","@id":"https:\/\/bahiaeconomica.com.br\/wp\/2025\/10\/20\/este-e-um-projeto-arrojado-de-um-bahia-global-diz-geraldo-junior-no-ato-que-marca-inicio-do-city-football-academy-bahia\/#article","isPartOf":{"@id":"https:\/\/bahiaeconomica.com.br\/wp\/2025\/10\/20\/este-e-um-projeto-arrojado-de-um-bahia-global-diz-geraldo-junior-no-ato-que-marca-inicio-do-city-football-academy-bahia\/"},"author":{"name":"JP","@id":"https:\/\/bahiaeconomica.com.br\/wp\/#\/schema\/person\/c86d3a3f8960425a0f9d0e5245991f4e"},"headline":"\u201cESTE \u00c9 UM PROJETO ARROJADO DE UM BAHIA GLOBAL\u201d, DIZ GERALDO J\u00daNIOR NO ATO QUE MARCA IN\u00cdCIO DO CITY FOOTBALL ACADEMY BAHIA","datePublished":"2025-10-20T18:00:54+00:00","dateModified":"2025-10-21T00:23:59+00:00","mainEntityOfPage":{"@id":"https:\/\/bahiaeconomica.com.br\/wp\/2025\/10\/20\/este-e-um-projeto-arrojado-de-um-bahia-global-diz-geraldo-junior-no-ato-que-marca-inicio-do-city-football-academy-bahia\/"},"wordCount":340,"publisher":{"@id":"https:\/\/bahiaeconomica.com.br\/wp\/#organization"},"keywords":["Governador","vice"],"articleSection":["MUNIC\u00cdPIOS","Pol\u00edtica"],"inLanguage":"pt-BR"},{"@type":"WebPage","@id":"https:\/\/bahiaeconomica.com.br\/wp\/2025\/10\/20\/este-e-um-projeto-arrojado-de-um-bahia-global-diz-geraldo-junior-no-ato-que-marca-inicio-do-city-football-academy-bahia\/","url":"https:\/\/bahiaeconomica.com.br\/wp\/2025\/10\/20\/este-e-um-projeto-arrojado-de-um-bahia-global-diz-geraldo-junior-no-ato-que-marca-inicio-do-city-football-academy-bahia\/","name":"\u201cESTE \u00c9 UM PROJETO ARROJADO DE UM BAHIA GLOBAL\u201d, DIZ GERALDO J\u00daNIOR NO ATO QUE MARCA IN\u00cdCIO DO CITY FOOTBALL ACADEMY BAHIA - Bahia Economica","isPartOf":{"@id":"https:\/\/bahiaeconomica.com.br\/wp\/#website"},"datePublished":"2025-10-20T18:00:54+00:00","dateModified":"2025-10-21T00:23:59+00:00","description":"O maior portal de Economia da Bahia MUNIC\u00cdPIOS, Pol\u00edtica Bahia Economica O vice-governador Geraldo J\u00fanior participou, nesta segunda-feira (20)","breadcrumb":{"@id":"https:\/\/bahiaeconomica.com.br\/wp\/2025\/10\/20\/este-e-um-projeto-arrojado-de-um-bahia-global-diz-geraldo-junior-no-ato-que-marca-inicio-do-city-football-academy-bahia\/#breadcrumb"},"inLanguage":"pt-BR","potentialAction":[{"@type":"ReadAction","target":["https:\/\/bahiaeconomica.com.br\/wp\/2025\/10\/20\/este-e-um-projeto-arrojado-de-um-bahia-global-diz-geraldo-junior-no-ato-que-marca-inicio-do-city-football-academy-bahia\/"]}]},{"@type":"BreadcrumbList","@id":"https:\/\/bahiaeconomica.com.br\/wp\/2025\/10\/20\/este-e-um-projeto-arrojado-de-um-bahia-global-diz-geraldo-junior-no-ato-que-marca-inicio-do-city-football-academy-bahia\/#breadcrumb","itemListElement":[{"@type":"ListItem","position":1,"name":"In\u00edcio","item":"https:\/\/bahiaeconomica.com.br\/wp\/"},{"@type":"ListItem","position":2,"name":"\u201cESTE \u00c9 UM PROJETO ARROJADO DE UM BAHIA GLOBAL\u201d, DIZ GERALDO J\u00daNIOR NO ATO QUE MARCA IN\u00cdCIO DO CITY FOOTBALL ACADEMY BAHIA"}]},{"@type":"WebSite","@id":"https:\/\/bahiaeconomica.com.br\/wp\/#website","url":"https:\/\/bahiaeconomica.com.br\/wp\/","name":"Bahia Economica","description":"O maior portal de Economia da Bahia","publisher":{"@id":"https:\/\/bahiaeconomica.com.br\/wp\/#organization"},"potentialAction":[{"@type":"SearchAction","target":{"@type":"EntryPoint","urlTemplate":"https:\/\/bahiaeconomica.com.br\/wp\/?s={search_term_string}"},"query-input":"required name=search_term_string"}],"inLanguage":"pt-BR"},{"@type":"Organization","@id":"https:\/\/bahiaeconomica.com.br\/wp\/#organization","name":"Bahia Econ\u00f4mica","url":"https:\/\/bahiaeconomica.com.br\/wp\/","logo":{"@type":"ImageObject","inLanguage":"pt-BR","@id":"https:\/\/bahiaeconomica.com.br\/wp\/#\/schema\/logo\/image\/","url":"https:\/\/bahiaeconomica.com.br\/wp\/wp-content\/uploads\/2020\/12\/cropped-BE.png","contentUrl":"https:\/\/bahiaeconomica.com.br\/wp\/wp-content\/uploads\/2020\/12\/cropped-BE.png","width":512,"height":512,"caption":"Bahia Econ\u00f4mica"},"image":{"@id":"https:\/\/bahiaeconomica.com.br\/wp\/#\/schema\/logo\/image\/"},"sameAs":["https:\/\/www.facebook.com\/bahiaeconomica"]},{"@type":"Person","@id":"https:\/\/bahiaeconomica.com.br\/wp\/#\/schema\/person\/c86d3a3f8960425a0f9d0e5245991f4e","name":"JP","sameAs":["https:\/\/bahiaeconomica.com.br\/wp\/beta\/"],"url":"https:\/\/bahiaeconomica.com.br\/wp\/author\/jp\/"}]}},"views":29,"_links":{"self":[{"href":"https:\/\/bahiaeconomica.com.br\/wp\/wp-json\/wp\/v2\/posts\/945213"}],"collection":[{"href":"https:\/\/bahiaeconomica.com.br\/wp\/wp-json\/wp\/v2\/posts"}],"about":[{"href":"https:\/\/bahiaeconomica.com.br\/wp\/wp-json\/wp\/v2\/types\/post"}],"author":[{"embeddable":true,"href":"https:\/\/bahiaeconomica.com.br\/wp\/wp-json\/wp\/v2\/users\/8"}],"replies":[{"embeddable":true,"href":"https:\/\/bahiaeconomica.com.br\/wp\/wp-json\/wp\/v2\/comments?post=945213"}],"version-history":[{"count":1,"href":"https:\/\/bahiaeconomica.com.br\/wp\/wp-json\/wp\/v2\/posts\/945213\/revisions"}],"predecessor-version":[{"id":945215,"href":"https:\/\/bahiaeconomica.com.br\/wp\/wp-json\/wp\/v2\/posts\/945213\/revisions\/945215"}],"wp:featuredmedia":[{"embeddable":true,"href":"https:\/\/bahiaeconomica.com.br\/wp\/wp-json\/wp\/v2\/media\/945214"}],"wp:attachment":[{"href":"https:\/\/bahiaeconomica.com.br\/wp\/wp-json\/wp\/v2\/media?parent=945213"}],"wp:term":[{"taxonomy":"category","embeddable":true,"href":"https:\/\/bahiaeconomica.com.br\/wp\/wp-json\/wp\/v2\/categories?post=945213"},{"taxonomy":"post_tag","embeddable":true,"href":"https:\/\/bahiaeconomica.com.br\/wp\/wp-json\/wp\/v2\/tags?post=945213"}],"curies":[{"name":"wp","href":"https:\/\/api.w.org\/{rel}","templated":true}]}}