{"id":945210,"date":"2025-10-20T15:00:52","date_gmt":"2025-10-20T18:00:52","guid":{"rendered":"https:\/\/bahiaeconomica.com.br\/wp\/?p=945210"},"modified":"2025-10-20T21:22:07","modified_gmt":"2025-10-21T00:22:07","slug":"vice-governador-geraldo-junior-ressalta-importancia-estrategica-das-parcerias-entre-entes-federativos-durante-encontro-na-upb","status":"publish","type":"post","link":"https:\/\/bahiaeconomica.com.br\/wp\/2025\/10\/20\/vice-governador-geraldo-junior-ressalta-importancia-estrategica-das-parcerias-entre-entes-federativos-durante-encontro-na-upb\/","title":{"rendered":"VICE-GOVERNADOR GERALDO J\u00daNIOR RESSALTA IMPORT\u00c2NCIA ESTRAT\u00c9GICA DAS PARCERIAS ENTRE ENTES FEDERATIVOS DURANTE ENCONTRO NA UPB"},"content":{"rendered":"<p>O vice-governador da Bahia, Geraldo J\u00fanior, participou, ao lado do governador Jer\u00f4nimo Rodrigues, do Encontro Estrat\u00e9gico: Parceria que Transforma, realizado nesta segunda-feira (20), na sede da Uni\u00e3o dos Munic\u00edpios da Bahia (UPB), em Salvador. O evento reuniu prefeitos e prefeitas de todas as regi\u00f5es do estado, al\u00e9m de representantes do governo federal, estadual, cons\u00f3rcios p\u00fablicos e do setor produtivo, para celebrar uma ampla alian\u00e7a em prol do fortalecimento dos munic\u00edpios baianos.<\/p>\n<p>\u201cEsse evento demonstra que a Bahia governa com di\u00e1logo, uni\u00e3o e parceria. Aqui est\u00e3o reunidos prefeitos de diversas vertentes pol\u00edticas e partidos, o Governo do Estado, o Governo Federal, o setor produtivo e os cons\u00f3rcios, todos olhando para o mesmo objetivo: fortalecer a gest\u00e3o p\u00fablica e transformar a vida da popula\u00e7\u00e3o. O governo Jer\u00f4nimo Rodrigues tem mostrado que, quando h\u00e1 planejamento e coopera\u00e7\u00e3o, as pol\u00edticas p\u00fablicas chegam com mais efici\u00eancia aos munic\u00edpios\u201d, afirmou Geraldo J\u00fanior.<\/p>\n<p>Promovido pela UPB, sob a lideran\u00e7a do presidente Wilson Cardoso, o encontro contou com a parceria da Federa\u00e7\u00e3o dos Cons\u00f3rcios P\u00fablicos da Bahia (FECBAHIA), da Federa\u00e7\u00e3o das Ind\u00fastrias do Estado da Bahia (FIEB) e do Governo do Estado da Bahia. A cerim\u00f4nia teve as presen\u00e7as dos senadores Jaques Wagner, Otto Alencar e \u00c2ngelo Coronel, entre outras autoridades.<\/p>\n<p>Durante o evento, o governador Jer\u00f4nimo Rodrigues anunciou uma s\u00e9rie de investimentos estruturantes dentro do Novo PAC Sele\u00e7\u00f5es 2025, incluindo a constru\u00e7\u00e3o de quatro novas Policl\u00ednicas Regionais \u2014 em Feira de Santana, Ipir\u00e1, Ibotirama e Seabra \u2014 e a implanta\u00e7\u00e3o de 114 Unidades B\u00e1sicas de Sa\u00fade (UBS) e 11 Centros de Aten\u00e7\u00e3o Psicossocial (CAPS), totalizando R$ 310,5 milh\u00f5es em recursos. Tamb\u00e9m foram entregues \u00f4nibus para os Cons\u00f3rcios de Sa\u00fade, que ir\u00e3o refor\u00e7ar o transporte de pacientes atendidos pelas policl\u00ednicas regionais.<\/p>\n<p>Foto: Carlos Alberto<\/p>\n","protected":false},"excerpt":{"rendered":"<p>O vice-governador da Bahia, Geraldo J\u00fanior, participou, ao lado do governador Jer\u00f4nimo Rodrigues, do Encontro Estrat\u00e9gico: Parceria que Transforma, realizado nesta segunda-feira (20), na sede da Uni\u00e3o dos Munic\u00edpios da Bahia (UPB), em Salvador. O evento reuniu prefeitos e prefeitas de todas as regi\u00f5es do estado, al\u00e9m de representantes do governo federal, estadual, cons\u00f3rcios p\u00fablicos [&hellip;]<\/p>\n","protected":false},"author":8,"featured_media":945211,"comment_status":"closed","ping_status":"closed","sticky":false,"template":"","format":"standard","meta":[],"categories":[14601],"tags":[85,52,530,1899],"acf":[],"yoast_head":"<!-- This site is optimized with the Yoast SEO plugin v20.8 - https:\/\/yoast.com\/wordpress\/plugins\/seo\/ -->\n<title>VICE-GOVERNADOR GERALDO J\u00daNIOR RESSALTA IMPORT\u00c2NCIA ESTRAT\u00c9GICA DAS PARCERIAS ENTRE ENTES FEDERATIVOS DURANTE ENCONTRO NA UPB - Bahia Economica<\/title>\n<meta name=\"description\" content=\"O maior portal de Economia da Bahia Pol\u00edtica Bahia Economica O vice-governador da Bahia, Geraldo J\u00fanior, participou, ao lado do governador\" \/>\n<meta name=\"robots\" content=\"index, follow, max-snippet:-1, max-image-preview:large, max-video-preview:-1\" \/>\n<link rel=\"canonical\" href=\"https:\/\/bahiaeconomica.com.br\/wp\/2025\/10\/20\/vice-governador-geraldo-junior-ressalta-importancia-estrategica-das-parcerias-entre-entes-federativos-durante-encontro-na-upb\/\" \/>\n<meta property=\"og:locale\" content=\"pt_BR\" \/>\n<meta property=\"og:type\" content=\"article\" \/>\n<meta property=\"og:title\" content=\"VICE-GOVERNADOR GERALDO J\u00daNIOR RESSALTA IMPORT\u00c2NCIA ESTRAT\u00c9GICA DAS PARCERIAS ENTRE ENTES FEDERATIVOS DURANTE ENCONTRO NA UPB - Bahia Economica\" \/>\n<meta property=\"og:description\" content=\"O maior portal de Economia da Bahia Pol\u00edtica Bahia Economica O vice-governador da Bahia, Geraldo J\u00fanior, participou, ao lado do governador\" \/>\n<meta property=\"og:url\" content=\"https:\/\/bahiaeconomica.com.br\/wp\/2025\/10\/20\/vice-governador-geraldo-junior-ressalta-importancia-estrategica-das-parcerias-entre-entes-federativos-durante-encontro-na-upb\/\" \/>\n<meta property=\"og:site_name\" content=\"Bahia Economica\" \/>\n<meta property=\"article:publisher\" content=\"https:\/\/www.facebook.com\/bahiaeconomica\" \/>\n<meta property=\"article:published_time\" content=\"2025-10-20T18:00:52+00:00\" \/>\n<meta property=\"article:modified_time\" content=\"2025-10-21T00:22:07+00:00\" \/>\n<meta property=\"og:image\" content=\"https:\/\/bahiaeconomica.com.br\/wp\/wp-content\/uploads\/2025\/10\/WhatsApp-Image-2025-10-20-at-15.29.52.jpeg\" \/>\n\t<meta property=\"og:image:width\" content=\"1280\" \/>\n\t<meta property=\"og:image:height\" content=\"848\" \/>\n\t<meta property=\"og:image:type\" content=\"image\/jpeg\" \/>\n<meta name=\"author\" content=\"JP\" \/>\n<meta name=\"twitter:card\" content=\"summary_large_image\" \/>\n<meta name=\"twitter:label1\" content=\"Escrito por\" \/>\n\t<meta name=\"twitter:data1\" content=\"JP\" \/>\n\t<meta name=\"twitter:label2\" content=\"Est. tempo de leitura\" \/>\n\t<meta name=\"twitter:data2\" content=\"2 minutos\" \/>\n<script type=\"application\/ld+json\" class=\"yoast-schema-graph\">{\"@context\":\"https:\/\/schema.org\",\"@graph\":[{\"@type\":\"Article\",\"@id\":\"https:\/\/bahiaeconomica.com.br\/wp\/2025\/10\/20\/vice-governador-geraldo-junior-ressalta-importancia-estrategica-das-parcerias-entre-entes-federativos-durante-encontro-na-upb\/#article\",\"isPartOf\":{\"@id\":\"https:\/\/bahiaeconomica.com.br\/wp\/2025\/10\/20\/vice-governador-geraldo-junior-ressalta-importancia-estrategica-das-parcerias-entre-entes-federativos-durante-encontro-na-upb\/\"},\"author\":{\"name\":\"JP\",\"@id\":\"https:\/\/bahiaeconomica.com.br\/wp\/#\/schema\/person\/c86d3a3f8960425a0f9d0e5245991f4e\"},\"headline\":\"VICE-GOVERNADOR GERALDO J\u00daNIOR RESSALTA IMPORT\u00c2NCIA ESTRAT\u00c9GICA DAS PARCERIAS ENTRE ENTES FEDERATIVOS DURANTE ENCONTRO NA UPB\",\"datePublished\":\"2025-10-20T18:00:52+00:00\",\"dateModified\":\"2025-10-21T00:22:07+00:00\",\"mainEntityOfPage\":{\"@id\":\"https:\/\/bahiaeconomica.com.br\/wp\/2025\/10\/20\/vice-governador-geraldo-junior-ressalta-importancia-estrategica-das-parcerias-entre-entes-federativos-durante-encontro-na-upb\/\"},\"wordCount\":347,\"publisher\":{\"@id\":\"https:\/\/bahiaeconomica.com.br\/wp\/#organization\"},\"keywords\":[\"Bahia\",\"Brasil\",\"Governador\",\"vice\"],\"articleSection\":[\"Pol\u00edtica\"],\"inLanguage\":\"pt-BR\"},{\"@type\":\"WebPage\",\"@id\":\"https:\/\/bahiaeconomica.com.br\/wp\/2025\/10\/20\/vice-governador-geraldo-junior-ressalta-importancia-estrategica-das-parcerias-entre-entes-federativos-durante-encontro-na-upb\/\",\"url\":\"https:\/\/bahiaeconomica.com.br\/wp\/2025\/10\/20\/vice-governador-geraldo-junior-ressalta-importancia-estrategica-das-parcerias-entre-entes-federativos-durante-encontro-na-upb\/\",\"name\":\"VICE-GOVERNADOR GERALDO J\u00daNIOR RESSALTA IMPORT\u00c2NCIA ESTRAT\u00c9GICA DAS PARCERIAS ENTRE ENTES FEDERATIVOS DURANTE ENCONTRO NA UPB - Bahia Economica\",\"isPartOf\":{\"@id\":\"https:\/\/bahiaeconomica.com.br\/wp\/#website\"},\"datePublished\":\"2025-10-20T18:00:52+00:00\",\"dateModified\":\"2025-10-21T00:22:07+00:00\",\"description\":\"O maior portal de Economia da Bahia Pol\u00edtica Bahia Economica O vice-governador da Bahia, Geraldo J\u00fanior, participou, ao lado do governador\",\"breadcrumb\":{\"@id\":\"https:\/\/bahiaeconomica.com.br\/wp\/2025\/10\/20\/vice-governador-geraldo-junior-ressalta-importancia-estrategica-das-parcerias-entre-entes-federativos-durante-encontro-na-upb\/#breadcrumb\"},\"inLanguage\":\"pt-BR\",\"potentialAction\":[{\"@type\":\"ReadAction\",\"target\":[\"https:\/\/bahiaeconomica.com.br\/wp\/2025\/10\/20\/vice-governador-geraldo-junior-ressalta-importancia-estrategica-das-parcerias-entre-entes-federativos-durante-encontro-na-upb\/\"]}]},{\"@type\":\"BreadcrumbList\",\"@id\":\"https:\/\/bahiaeconomica.com.br\/wp\/2025\/10\/20\/vice-governador-geraldo-junior-ressalta-importancia-estrategica-das-parcerias-entre-entes-federativos-durante-encontro-na-upb\/#breadcrumb\",\"itemListElement\":[{\"@type\":\"ListItem\",\"position\":1,\"name\":\"In\u00edcio\",\"item\":\"https:\/\/bahiaeconomica.com.br\/wp\/\"},{\"@type\":\"ListItem\",\"position\":2,\"name\":\"VICE-GOVERNADOR GERALDO J\u00daNIOR RESSALTA IMPORT\u00c2NCIA ESTRAT\u00c9GICA DAS PARCERIAS ENTRE ENTES FEDERATIVOS DURANTE ENCONTRO NA UPB\"}]},{\"@type\":\"WebSite\",\"@id\":\"https:\/\/bahiaeconomica.com.br\/wp\/#website\",\"url\":\"https:\/\/bahiaeconomica.com.br\/wp\/\",\"name\":\"Bahia Economica\",\"description\":\"O maior portal de Economia da Bahia\",\"publisher\":{\"@id\":\"https:\/\/bahiaeconomica.com.br\/wp\/#organization\"},\"potentialAction\":[{\"@type\":\"SearchAction\",\"target\":{\"@type\":\"EntryPoint\",\"urlTemplate\":\"https:\/\/bahiaeconomica.com.br\/wp\/?s={search_term_string}\"},\"query-input\":\"required name=search_term_string\"}],\"inLanguage\":\"pt-BR\"},{\"@type\":\"Organization\",\"@id\":\"https:\/\/bahiaeconomica.com.br\/wp\/#organization\",\"name\":\"Bahia Econ\u00f4mica\",\"url\":\"https:\/\/bahiaeconomica.com.br\/wp\/\",\"logo\":{\"@type\":\"ImageObject\",\"inLanguage\":\"pt-BR\",\"@id\":\"https:\/\/bahiaeconomica.com.br\/wp\/#\/schema\/logo\/image\/\",\"url\":\"https:\/\/bahiaeconomica.com.br\/wp\/wp-content\/uploads\/2020\/12\/cropped-BE.png\",\"contentUrl\":\"https:\/\/bahiaeconomica.com.br\/wp\/wp-content\/uploads\/2020\/12\/cropped-BE.png\",\"width\":512,\"height\":512,\"caption\":\"Bahia Econ\u00f4mica\"},\"image\":{\"@id\":\"https:\/\/bahiaeconomica.com.br\/wp\/#\/schema\/logo\/image\/\"},\"sameAs\":[\"https:\/\/www.facebook.com\/bahiaeconomica\"]},{\"@type\":\"Person\",\"@id\":\"https:\/\/bahiaeconomica.com.br\/wp\/#\/schema\/person\/c86d3a3f8960425a0f9d0e5245991f4e\",\"name\":\"JP\",\"sameAs\":[\"https:\/\/bahiaeconomica.com.br\/wp\/beta\/\"],\"url\":\"https:\/\/bahiaeconomica.com.br\/wp\/author\/jp\/\"}]}<\/script>\n<!-- \/ Yoast SEO plugin. -->","yoast_head_json":{"title":"VICE-GOVERNADOR GERALDO J\u00daNIOR RESSALTA IMPORT\u00c2NCIA ESTRAT\u00c9GICA DAS PARCERIAS ENTRE ENTES FEDERATIVOS DURANTE ENCONTRO NA UPB - Bahia Economica","description":"O maior portal de Economia da Bahia Pol\u00edtica Bahia Economica O vice-governador da Bahia, Geraldo J\u00fanior, participou, ao lado do governador","robots":{"index":"index","follow":"follow","max-snippet":"max-snippet:-1","max-image-preview":"max-image-preview:large","max-video-preview":"max-video-preview:-1"},"canonical":"https:\/\/bahiaeconomica.com.br\/wp\/2025\/10\/20\/vice-governador-geraldo-junior-ressalta-importancia-estrategica-das-parcerias-entre-entes-federativos-durante-encontro-na-upb\/","og_locale":"pt_BR","og_type":"article","og_title":"VICE-GOVERNADOR GERALDO J\u00daNIOR RESSALTA IMPORT\u00c2NCIA ESTRAT\u00c9GICA DAS PARCERIAS ENTRE ENTES FEDERATIVOS DURANTE ENCONTRO NA UPB - Bahia Economica","og_description":"O maior portal de Economia da Bahia Pol\u00edtica Bahia Economica O vice-governador da Bahia, Geraldo J\u00fanior, participou, ao lado do governador","og_url":"https:\/\/bahiaeconomica.com.br\/wp\/2025\/10\/20\/vice-governador-geraldo-junior-ressalta-importancia-estrategica-das-parcerias-entre-entes-federativos-durante-encontro-na-upb\/","og_site_name":"Bahia Economica","article_publisher":"https:\/\/www.facebook.com\/bahiaeconomica","article_published_time":"2025-10-20T18:00:52+00:00","article_modified_time":"2025-10-21T00:22:07+00:00","og_image":[{"width":1280,"height":848,"url":"https:\/\/bahiaeconomica.com.br\/wp\/wp-content\/uploads\/2025\/10\/WhatsApp-Image-2025-10-20-at-15.29.52.jpeg","type":"image\/jpeg"}],"author":"JP","twitter_card":"summary_large_image","twitter_misc":{"Escrito por":"JP","Est. tempo de leitura":"2 minutos"},"schema":{"@context":"https:\/\/schema.org","@graph":[{"@type":"Article","@id":"https:\/\/bahiaeconomica.com.br\/wp\/2025\/10\/20\/vice-governador-geraldo-junior-ressalta-importancia-estrategica-das-parcerias-entre-entes-federativos-durante-encontro-na-upb\/#article","isPartOf":{"@id":"https:\/\/bahiaeconomica.com.br\/wp\/2025\/10\/20\/vice-governador-geraldo-junior-ressalta-importancia-estrategica-das-parcerias-entre-entes-federativos-durante-encontro-na-upb\/"},"author":{"name":"JP","@id":"https:\/\/bahiaeconomica.com.br\/wp\/#\/schema\/person\/c86d3a3f8960425a0f9d0e5245991f4e"},"headline":"VICE-GOVERNADOR GERALDO J\u00daNIOR RESSALTA IMPORT\u00c2NCIA ESTRAT\u00c9GICA DAS PARCERIAS ENTRE ENTES FEDERATIVOS DURANTE ENCONTRO NA UPB","datePublished":"2025-10-20T18:00:52+00:00","dateModified":"2025-10-21T00:22:07+00:00","mainEntityOfPage":{"@id":"https:\/\/bahiaeconomica.com.br\/wp\/2025\/10\/20\/vice-governador-geraldo-junior-ressalta-importancia-estrategica-das-parcerias-entre-entes-federativos-durante-encontro-na-upb\/"},"wordCount":347,"publisher":{"@id":"https:\/\/bahiaeconomica.com.br\/wp\/#organization"},"keywords":["Bahia","Brasil","Governador","vice"],"articleSection":["Pol\u00edtica"],"inLanguage":"pt-BR"},{"@type":"WebPage","@id":"https:\/\/bahiaeconomica.com.br\/wp\/2025\/10\/20\/vice-governador-geraldo-junior-ressalta-importancia-estrategica-das-parcerias-entre-entes-federativos-durante-encontro-na-upb\/","url":"https:\/\/bahiaeconomica.com.br\/wp\/2025\/10\/20\/vice-governador-geraldo-junior-ressalta-importancia-estrategica-das-parcerias-entre-entes-federativos-durante-encontro-na-upb\/","name":"VICE-GOVERNADOR GERALDO J\u00daNIOR RESSALTA IMPORT\u00c2NCIA ESTRAT\u00c9GICA DAS PARCERIAS ENTRE ENTES FEDERATIVOS DURANTE ENCONTRO NA UPB - Bahia Economica","isPartOf":{"@id":"https:\/\/bahiaeconomica.com.br\/wp\/#website"},"datePublished":"2025-10-20T18:00:52+00:00","dateModified":"2025-10-21T00:22:07+00:00","description":"O maior portal de Economia da Bahia Pol\u00edtica Bahia Economica O vice-governador da Bahia, Geraldo J\u00fanior, participou, ao lado do governador","breadcrumb":{"@id":"https:\/\/bahiaeconomica.com.br\/wp\/2025\/10\/20\/vice-governador-geraldo-junior-ressalta-importancia-estrategica-das-parcerias-entre-entes-federativos-durante-encontro-na-upb\/#breadcrumb"},"inLanguage":"pt-BR","potentialAction":[{"@type":"ReadAction","target":["https:\/\/bahiaeconomica.com.br\/wp\/2025\/10\/20\/vice-governador-geraldo-junior-ressalta-importancia-estrategica-das-parcerias-entre-entes-federativos-durante-encontro-na-upb\/"]}]},{"@type":"BreadcrumbList","@id":"https:\/\/bahiaeconomica.com.br\/wp\/2025\/10\/20\/vice-governador-geraldo-junior-ressalta-importancia-estrategica-das-parcerias-entre-entes-federativos-durante-encontro-na-upb\/#breadcrumb","itemListElement":[{"@type":"ListItem","position":1,"name":"In\u00edcio","item":"https:\/\/bahiaeconomica.com.br\/wp\/"},{"@type":"ListItem","position":2,"name":"VICE-GOVERNADOR GERALDO J\u00daNIOR RESSALTA IMPORT\u00c2NCIA ESTRAT\u00c9GICA DAS PARCERIAS ENTRE ENTES FEDERATIVOS DURANTE ENCONTRO NA UPB"}]},{"@type":"WebSite","@id":"https:\/\/bahiaeconomica.com.br\/wp\/#website","url":"https:\/\/bahiaeconomica.com.br\/wp\/","name":"Bahia Economica","description":"O maior portal de Economia da Bahia","publisher":{"@id":"https:\/\/bahiaeconomica.com.br\/wp\/#organization"},"potentialAction":[{"@type":"SearchAction","target":{"@type":"EntryPoint","urlTemplate":"https:\/\/bahiaeconomica.com.br\/wp\/?s={search_term_string}"},"query-input":"required name=search_term_string"}],"inLanguage":"pt-BR"},{"@type":"Organization","@id":"https:\/\/bahiaeconomica.com.br\/wp\/#organization","name":"Bahia Econ\u00f4mica","url":"https:\/\/bahiaeconomica.com.br\/wp\/","logo":{"@type":"ImageObject","inLanguage":"pt-BR","@id":"https:\/\/bahiaeconomica.com.br\/wp\/#\/schema\/logo\/image\/","url":"https:\/\/bahiaeconomica.com.br\/wp\/wp-content\/uploads\/2020\/12\/cropped-BE.png","contentUrl":"https:\/\/bahiaeconomica.com.br\/wp\/wp-content\/uploads\/2020\/12\/cropped-BE.png","width":512,"height":512,"caption":"Bahia Econ\u00f4mica"},"image":{"@id":"https:\/\/bahiaeconomica.com.br\/wp\/#\/schema\/logo\/image\/"},"sameAs":["https:\/\/www.facebook.com\/bahiaeconomica"]},{"@type":"Person","@id":"https:\/\/bahiaeconomica.com.br\/wp\/#\/schema\/person\/c86d3a3f8960425a0f9d0e5245991f4e","name":"JP","sameAs":["https:\/\/bahiaeconomica.com.br\/wp\/beta\/"],"url":"https:\/\/bahiaeconomica.com.br\/wp\/author\/jp\/"}]}},"views":5,"_links":{"self":[{"href":"https:\/\/bahiaeconomica.com.br\/wp\/wp-json\/wp\/v2\/posts\/945210"}],"collection":[{"href":"https:\/\/bahiaeconomica.com.br\/wp\/wp-json\/wp\/v2\/posts"}],"about":[{"href":"https:\/\/bahiaeconomica.com.br\/wp\/wp-json\/wp\/v2\/types\/post"}],"author":[{"embeddable":true,"href":"https:\/\/bahiaeconomica.com.br\/wp\/wp-json\/wp\/v2\/users\/8"}],"replies":[{"embeddable":true,"href":"https:\/\/bahiaeconomica.com.br\/wp\/wp-json\/wp\/v2\/comments?post=945210"}],"version-history":[{"count":1,"href":"https:\/\/bahiaeconomica.com.br\/wp\/wp-json\/wp\/v2\/posts\/945210\/revisions"}],"predecessor-version":[{"id":945212,"href":"https:\/\/bahiaeconomica.com.br\/wp\/wp-json\/wp\/v2\/posts\/945210\/revisions\/945212"}],"wp:featuredmedia":[{"embeddable":true,"href":"https:\/\/bahiaeconomica.com.br\/wp\/wp-json\/wp\/v2\/media\/945211"}],"wp:attachment":[{"href":"https:\/\/bahiaeconomica.com.br\/wp\/wp-json\/wp\/v2\/media?parent=945210"}],"wp:term":[{"taxonomy":"category","embeddable":true,"href":"https:\/\/bahiaeconomica.com.br\/wp\/wp-json\/wp\/v2\/categories?post=945210"},{"taxonomy":"post_tag","embeddable":true,"href":"https:\/\/bahiaeconomica.com.br\/wp\/wp-json\/wp\/v2\/tags?post=945210"}],"curies":[{"name":"wp","href":"https:\/\/api.w.org\/{rel}","templated":true}]}}