{"id":944969,"date":"2025-10-20T14:59:43","date_gmt":"2025-10-20T17:59:43","guid":{"rendered":"https:\/\/bahiaeconomica.com.br\/wp\/?p=944969"},"modified":"2025-10-20T14:28:13","modified_gmt":"2025-10-20T17:28:13","slug":"auxilio-gas-comeca-a-ser-pago-nesta-segunda-feira-20","status":"publish","type":"post","link":"https:\/\/bahiaeconomica.com.br\/wp\/2025\/10\/20\/auxilio-gas-comeca-a-ser-pago-nesta-segunda-feira-20\/","title":{"rendered":"AUX\u00cdLIO G\u00c1S COME\u00c7A A SER PAGO NESTA SEGUNDA-FEIRA (20)"},"content":{"rendered":"<p>Mais de 5,01 milh\u00f5es de fam\u00edlias de todos os munic\u00edpios do pa\u00eds come\u00e7am a receber o Aux\u00edlio G\u00e1s, no valor de R$ 108, nesta segunda-feira (20.10). Em outubro, o investimento do Minist\u00e9rio do Desenvolvimento e Assist\u00eancia Social, Fam\u00edlia e Combate \u00e0 Fome (MDS) \u00e9 de R$ 542,14 milh\u00f5es.<\/p>\n<p>O Aux\u00edlio G\u00e1s \u00e9 pago bimestralmente e segue o calend\u00e1rio de pagamento do Bolsa Fam\u00edlia, come\u00e7ando pelos benefici\u00e1rios que t\u00eam o N\u00famero de Identifica\u00e7\u00e3o Social (NIS) com o d\u00edgito final 1. O cronograma segue at\u00e9 31 de outubro, data em que os benefici\u00e1rios com NIS final zero recebem o recurso.<\/p>\n<p>O benef\u00edcio foi criado para mitigar o impacto do pre\u00e7o do g\u00e1s de cozinha no or\u00e7amento dom\u00e9stico dos lares em situa\u00e7\u00e3o de vulnerabilidade. O valor pago aos benefici\u00e1rios corresponde a 100% do valor do botij\u00e3o de g\u00e1s de cozinha (GLP) de 13kg. O repasse \u00e9 resultado da m\u00e9dia nacional do produto, calculado pela Ag\u00eancia Nacional do Petr\u00f3leo, G\u00e1s Natural e Biocombust\u00edveis (ANP).<\/p>\n<p><strong>Regi\u00f5es<\/strong><\/p>\n<p>Com maior n\u00famero de fam\u00edlias atendidas, a regi\u00e3o Nordeste ser\u00e1 contemplada com mais de R$ 259,61 milh\u00f5es em recursos destinados a 2,4 milh\u00f5es de lares em 1.794 munic\u00edpios.<\/p>\n<p>Na regi\u00e3o Sudeste, o aux\u00edlio chega a 1.668 munic\u00edpios e atender\u00e1 mais de 1,6 milh\u00e3o de fam\u00edlias, com um investimento superior a R$ 172,85 milh\u00f5es.<\/p>\n<p>O Norte ser\u00e1 contemplado com mais de R$ 53,11 milh\u00f5es que ser\u00e3o distribu\u00eddos para 491,82 mil fam\u00edlias em 450 munic\u00edpios.<\/p>\n<p>No Sul do pa\u00eds, ser\u00e3o atendidos mais de 331,49 mil lares em 1.191 munic\u00edpios. O valor destinado para a regi\u00e3o \u00e9 de mais de R$ 37,45 milh\u00f5es.<\/p>\n<p>O recurso destinado ao Centro-Oeste passa de R$ 20,75 milh\u00f5es e contemplar\u00e1 467 munic\u00edpios. Mais de 192,21 mil fam\u00edlias ser\u00e3o beneficiadas na regi\u00e3o.<\/p>\n<p>Foto: Marcello Casal\/Ag\u00eancia Brasil<\/p>\n","protected":false},"excerpt":{"rendered":"<p>Mais de 5,01 milh\u00f5es de fam\u00edlias de todos os munic\u00edpios do pa\u00eds come\u00e7am a receber o Aux\u00edlio G\u00e1s, no valor de R$ 108, nesta segunda-feira (20.10). Em outubro, o investimento do Minist\u00e9rio do Desenvolvimento e Assist\u00eancia Social, Fam\u00edlia e Combate \u00e0 Fome (MDS) \u00e9 de R$ 542,14 milh\u00f5es. O Aux\u00edlio G\u00e1s \u00e9 pago bimestralmente e [&hellip;]<\/p>\n","protected":false},"author":20,"featured_media":944974,"comment_status":"closed","ping_status":"closed","sticky":false,"template":"","format":"standard","meta":[],"categories":[14,3,5],"tags":[4321,52,224],"acf":[],"yoast_head":"<!-- This site is optimized with the Yoast SEO plugin v20.8 - https:\/\/yoast.com\/wordpress\/plugins\/seo\/ -->\n<title>AUX\u00cdLIO G\u00c1S COME\u00c7A A SER PAGO NESTA SEGUNDA-FEIRA (20) - Bahia Economica<\/title>\n<meta name=\"description\" content=\"O maior portal de Economia da Bahia DESTAQUE DO DIA, ECONOMIA \/ POL\u00cdTICA, MUNIC\u00cdPIOS Bahia Economica Pagamento segue o calend\u00e1rio do Bolsa Fam\u00edlia\" \/>\n<meta name=\"robots\" content=\"index, follow, max-snippet:-1, max-image-preview:large, max-video-preview:-1\" \/>\n<link rel=\"canonical\" href=\"https:\/\/bahiaeconomica.com.br\/wp\/2025\/10\/20\/auxilio-gas-comeca-a-ser-pago-nesta-segunda-feira-20\/\" \/>\n<meta property=\"og:locale\" content=\"pt_BR\" \/>\n<meta property=\"og:type\" content=\"article\" \/>\n<meta property=\"og:title\" content=\"AUX\u00cdLIO G\u00c1S COME\u00c7A A SER PAGO NESTA SEGUNDA-FEIRA (20) - Bahia Economica\" \/>\n<meta property=\"og:description\" content=\"O maior portal de Economia da Bahia DESTAQUE DO DIA, ECONOMIA \/ POL\u00cdTICA, MUNIC\u00cdPIOS Bahia Economica Pagamento segue o calend\u00e1rio do Bolsa Fam\u00edlia\" \/>\n<meta property=\"og:url\" content=\"https:\/\/bahiaeconomica.com.br\/wp\/2025\/10\/20\/auxilio-gas-comeca-a-ser-pago-nesta-segunda-feira-20\/\" \/>\n<meta property=\"og:site_name\" content=\"Bahia Economica\" \/>\n<meta property=\"article:publisher\" content=\"https:\/\/www.facebook.com\/bahiaeconomica\" \/>\n<meta property=\"article:published_time\" content=\"2025-10-20T17:59:43+00:00\" \/>\n<meta property=\"article:modified_time\" content=\"2025-10-20T17:28:13+00:00\" \/>\n<meta property=\"og:image\" content=\"https:\/\/bahiaeconomica.com.br\/wp\/wp-content\/uploads\/2025\/10\/handler-2.png\" \/>\n\t<meta property=\"og:image:width\" content=\"768\" \/>\n\t<meta property=\"og:image:height\" content=\"512\" \/>\n\t<meta property=\"og:image:type\" content=\"image\/png\" \/>\n<meta name=\"author\" content=\"BRUNA CARVALHO\" \/>\n<meta name=\"twitter:card\" content=\"summary_large_image\" \/>\n<meta name=\"twitter:label1\" content=\"Escrito por\" \/>\n\t<meta name=\"twitter:data1\" content=\"BRUNA CARVALHO\" \/>\n\t<meta name=\"twitter:label2\" content=\"Est. tempo de leitura\" \/>\n\t<meta name=\"twitter:data2\" content=\"2 minutos\" \/>\n<script type=\"application\/ld+json\" class=\"yoast-schema-graph\">{\"@context\":\"https:\/\/schema.org\",\"@graph\":[{\"@type\":\"Article\",\"@id\":\"https:\/\/bahiaeconomica.com.br\/wp\/2025\/10\/20\/auxilio-gas-comeca-a-ser-pago-nesta-segunda-feira-20\/#article\",\"isPartOf\":{\"@id\":\"https:\/\/bahiaeconomica.com.br\/wp\/2025\/10\/20\/auxilio-gas-comeca-a-ser-pago-nesta-segunda-feira-20\/\"},\"author\":{\"name\":\"BRUNA CARVALHO\",\"@id\":\"https:\/\/bahiaeconomica.com.br\/wp\/#\/schema\/person\/9310b0e591f5979f6f99773eac5804e6\"},\"headline\":\"AUX\u00cdLIO G\u00c1S COME\u00c7A A SER PAGO NESTA SEGUNDA-FEIRA (20)\",\"datePublished\":\"2025-10-20T17:59:43+00:00\",\"dateModified\":\"2025-10-20T17:28:13+00:00\",\"mainEntityOfPage\":{\"@id\":\"https:\/\/bahiaeconomica.com.br\/wp\/2025\/10\/20\/auxilio-gas-comeca-a-ser-pago-nesta-segunda-feira-20\/\"},\"wordCount\":338,\"publisher\":{\"@id\":\"https:\/\/bahiaeconomica.com.br\/wp\/#organization\"},\"keywords\":[\"aux\u00edlio-g\u00e1s\",\"Brasil\",\"Pagamento\"],\"articleSection\":[\"DESTAQUE DO DIA\",\"ECONOMIA \/ POL\u00cdTICA\",\"MUNIC\u00cdPIOS\"],\"inLanguage\":\"pt-BR\"},{\"@type\":\"WebPage\",\"@id\":\"https:\/\/bahiaeconomica.com.br\/wp\/2025\/10\/20\/auxilio-gas-comeca-a-ser-pago-nesta-segunda-feira-20\/\",\"url\":\"https:\/\/bahiaeconomica.com.br\/wp\/2025\/10\/20\/auxilio-gas-comeca-a-ser-pago-nesta-segunda-feira-20\/\",\"name\":\"AUX\u00cdLIO G\u00c1S COME\u00c7A A SER PAGO NESTA SEGUNDA-FEIRA (20) - Bahia Economica\",\"isPartOf\":{\"@id\":\"https:\/\/bahiaeconomica.com.br\/wp\/#website\"},\"datePublished\":\"2025-10-20T17:59:43+00:00\",\"dateModified\":\"2025-10-20T17:28:13+00:00\",\"description\":\"O maior portal de Economia da Bahia DESTAQUE DO DIA, ECONOMIA \/ POL\u00cdTICA, MUNIC\u00cdPIOS Bahia Economica Pagamento segue o calend\u00e1rio do Bolsa Fam\u00edlia\",\"breadcrumb\":{\"@id\":\"https:\/\/bahiaeconomica.com.br\/wp\/2025\/10\/20\/auxilio-gas-comeca-a-ser-pago-nesta-segunda-feira-20\/#breadcrumb\"},\"inLanguage\":\"pt-BR\",\"potentialAction\":[{\"@type\":\"ReadAction\",\"target\":[\"https:\/\/bahiaeconomica.com.br\/wp\/2025\/10\/20\/auxilio-gas-comeca-a-ser-pago-nesta-segunda-feira-20\/\"]}]},{\"@type\":\"BreadcrumbList\",\"@id\":\"https:\/\/bahiaeconomica.com.br\/wp\/2025\/10\/20\/auxilio-gas-comeca-a-ser-pago-nesta-segunda-feira-20\/#breadcrumb\",\"itemListElement\":[{\"@type\":\"ListItem\",\"position\":1,\"name\":\"In\u00edcio\",\"item\":\"https:\/\/bahiaeconomica.com.br\/wp\/\"},{\"@type\":\"ListItem\",\"position\":2,\"name\":\"AUX\u00cdLIO G\u00c1S COME\u00c7A A SER PAGO NESTA SEGUNDA-FEIRA (20)\"}]},{\"@type\":\"WebSite\",\"@id\":\"https:\/\/bahiaeconomica.com.br\/wp\/#website\",\"url\":\"https:\/\/bahiaeconomica.com.br\/wp\/\",\"name\":\"Bahia Economica\",\"description\":\"O maior portal de Economia da Bahia\",\"publisher\":{\"@id\":\"https:\/\/bahiaeconomica.com.br\/wp\/#organization\"},\"potentialAction\":[{\"@type\":\"SearchAction\",\"target\":{\"@type\":\"EntryPoint\",\"urlTemplate\":\"https:\/\/bahiaeconomica.com.br\/wp\/?s={search_term_string}\"},\"query-input\":\"required name=search_term_string\"}],\"inLanguage\":\"pt-BR\"},{\"@type\":\"Organization\",\"@id\":\"https:\/\/bahiaeconomica.com.br\/wp\/#organization\",\"name\":\"Bahia Econ\u00f4mica\",\"url\":\"https:\/\/bahiaeconomica.com.br\/wp\/\",\"logo\":{\"@type\":\"ImageObject\",\"inLanguage\":\"pt-BR\",\"@id\":\"https:\/\/bahiaeconomica.com.br\/wp\/#\/schema\/logo\/image\/\",\"url\":\"https:\/\/bahiaeconomica.com.br\/wp\/wp-content\/uploads\/2020\/12\/cropped-BE.png\",\"contentUrl\":\"https:\/\/bahiaeconomica.com.br\/wp\/wp-content\/uploads\/2020\/12\/cropped-BE.png\",\"width\":512,\"height\":512,\"caption\":\"Bahia Econ\u00f4mica\"},\"image\":{\"@id\":\"https:\/\/bahiaeconomica.com.br\/wp\/#\/schema\/logo\/image\/\"},\"sameAs\":[\"https:\/\/www.facebook.com\/bahiaeconomica\"]},{\"@type\":\"Person\",\"@id\":\"https:\/\/bahiaeconomica.com.br\/wp\/#\/schema\/person\/9310b0e591f5979f6f99773eac5804e6\",\"name\":\"BRUNA CARVALHO\",\"sameAs\":[\"http:\/\/www.bahiaeconomica.com.br\"],\"url\":\"https:\/\/bahiaeconomica.com.br\/wp\/author\/bruna\/\"}]}<\/script>\n<!-- \/ Yoast SEO plugin. -->","yoast_head_json":{"title":"AUX\u00cdLIO G\u00c1S COME\u00c7A A SER PAGO NESTA SEGUNDA-FEIRA (20) - Bahia Economica","description":"O maior portal de Economia da Bahia DESTAQUE DO DIA, ECONOMIA \/ POL\u00cdTICA, MUNIC\u00cdPIOS Bahia Economica Pagamento segue o calend\u00e1rio do Bolsa Fam\u00edlia","robots":{"index":"index","follow":"follow","max-snippet":"max-snippet:-1","max-image-preview":"max-image-preview:large","max-video-preview":"max-video-preview:-1"},"canonical":"https:\/\/bahiaeconomica.com.br\/wp\/2025\/10\/20\/auxilio-gas-comeca-a-ser-pago-nesta-segunda-feira-20\/","og_locale":"pt_BR","og_type":"article","og_title":"AUX\u00cdLIO G\u00c1S COME\u00c7A A SER PAGO NESTA SEGUNDA-FEIRA (20) - Bahia Economica","og_description":"O maior portal de Economia da Bahia DESTAQUE DO DIA, ECONOMIA \/ POL\u00cdTICA, MUNIC\u00cdPIOS Bahia Economica Pagamento segue o calend\u00e1rio do Bolsa Fam\u00edlia","og_url":"https:\/\/bahiaeconomica.com.br\/wp\/2025\/10\/20\/auxilio-gas-comeca-a-ser-pago-nesta-segunda-feira-20\/","og_site_name":"Bahia Economica","article_publisher":"https:\/\/www.facebook.com\/bahiaeconomica","article_published_time":"2025-10-20T17:59:43+00:00","article_modified_time":"2025-10-20T17:28:13+00:00","og_image":[{"width":768,"height":512,"url":"https:\/\/bahiaeconomica.com.br\/wp\/wp-content\/uploads\/2025\/10\/handler-2.png","type":"image\/png"}],"author":"BRUNA CARVALHO","twitter_card":"summary_large_image","twitter_misc":{"Escrito por":"BRUNA CARVALHO","Est. tempo de leitura":"2 minutos"},"schema":{"@context":"https:\/\/schema.org","@graph":[{"@type":"Article","@id":"https:\/\/bahiaeconomica.com.br\/wp\/2025\/10\/20\/auxilio-gas-comeca-a-ser-pago-nesta-segunda-feira-20\/#article","isPartOf":{"@id":"https:\/\/bahiaeconomica.com.br\/wp\/2025\/10\/20\/auxilio-gas-comeca-a-ser-pago-nesta-segunda-feira-20\/"},"author":{"name":"BRUNA CARVALHO","@id":"https:\/\/bahiaeconomica.com.br\/wp\/#\/schema\/person\/9310b0e591f5979f6f99773eac5804e6"},"headline":"AUX\u00cdLIO G\u00c1S COME\u00c7A A SER PAGO NESTA SEGUNDA-FEIRA (20)","datePublished":"2025-10-20T17:59:43+00:00","dateModified":"2025-10-20T17:28:13+00:00","mainEntityOfPage":{"@id":"https:\/\/bahiaeconomica.com.br\/wp\/2025\/10\/20\/auxilio-gas-comeca-a-ser-pago-nesta-segunda-feira-20\/"},"wordCount":338,"publisher":{"@id":"https:\/\/bahiaeconomica.com.br\/wp\/#organization"},"keywords":["aux\u00edlio-g\u00e1s","Brasil","Pagamento"],"articleSection":["DESTAQUE DO DIA","ECONOMIA \/ POL\u00cdTICA","MUNIC\u00cdPIOS"],"inLanguage":"pt-BR"},{"@type":"WebPage","@id":"https:\/\/bahiaeconomica.com.br\/wp\/2025\/10\/20\/auxilio-gas-comeca-a-ser-pago-nesta-segunda-feira-20\/","url":"https:\/\/bahiaeconomica.com.br\/wp\/2025\/10\/20\/auxilio-gas-comeca-a-ser-pago-nesta-segunda-feira-20\/","name":"AUX\u00cdLIO G\u00c1S COME\u00c7A A SER PAGO NESTA SEGUNDA-FEIRA (20) - Bahia Economica","isPartOf":{"@id":"https:\/\/bahiaeconomica.com.br\/wp\/#website"},"datePublished":"2025-10-20T17:59:43+00:00","dateModified":"2025-10-20T17:28:13+00:00","description":"O maior portal de Economia da Bahia DESTAQUE DO DIA, ECONOMIA \/ POL\u00cdTICA, MUNIC\u00cdPIOS Bahia Economica Pagamento segue o calend\u00e1rio do Bolsa Fam\u00edlia","breadcrumb":{"@id":"https:\/\/bahiaeconomica.com.br\/wp\/2025\/10\/20\/auxilio-gas-comeca-a-ser-pago-nesta-segunda-feira-20\/#breadcrumb"},"inLanguage":"pt-BR","potentialAction":[{"@type":"ReadAction","target":["https:\/\/bahiaeconomica.com.br\/wp\/2025\/10\/20\/auxilio-gas-comeca-a-ser-pago-nesta-segunda-feira-20\/"]}]},{"@type":"BreadcrumbList","@id":"https:\/\/bahiaeconomica.com.br\/wp\/2025\/10\/20\/auxilio-gas-comeca-a-ser-pago-nesta-segunda-feira-20\/#breadcrumb","itemListElement":[{"@type":"ListItem","position":1,"name":"In\u00edcio","item":"https:\/\/bahiaeconomica.com.br\/wp\/"},{"@type":"ListItem","position":2,"name":"AUX\u00cdLIO G\u00c1S COME\u00c7A A SER PAGO NESTA SEGUNDA-FEIRA (20)"}]},{"@type":"WebSite","@id":"https:\/\/bahiaeconomica.com.br\/wp\/#website","url":"https:\/\/bahiaeconomica.com.br\/wp\/","name":"Bahia Economica","description":"O maior portal de Economia da Bahia","publisher":{"@id":"https:\/\/bahiaeconomica.com.br\/wp\/#organization"},"potentialAction":[{"@type":"SearchAction","target":{"@type":"EntryPoint","urlTemplate":"https:\/\/bahiaeconomica.com.br\/wp\/?s={search_term_string}"},"query-input":"required name=search_term_string"}],"inLanguage":"pt-BR"},{"@type":"Organization","@id":"https:\/\/bahiaeconomica.com.br\/wp\/#organization","name":"Bahia Econ\u00f4mica","url":"https:\/\/bahiaeconomica.com.br\/wp\/","logo":{"@type":"ImageObject","inLanguage":"pt-BR","@id":"https:\/\/bahiaeconomica.com.br\/wp\/#\/schema\/logo\/image\/","url":"https:\/\/bahiaeconomica.com.br\/wp\/wp-content\/uploads\/2020\/12\/cropped-BE.png","contentUrl":"https:\/\/bahiaeconomica.com.br\/wp\/wp-content\/uploads\/2020\/12\/cropped-BE.png","width":512,"height":512,"caption":"Bahia Econ\u00f4mica"},"image":{"@id":"https:\/\/bahiaeconomica.com.br\/wp\/#\/schema\/logo\/image\/"},"sameAs":["https:\/\/www.facebook.com\/bahiaeconomica"]},{"@type":"Person","@id":"https:\/\/bahiaeconomica.com.br\/wp\/#\/schema\/person\/9310b0e591f5979f6f99773eac5804e6","name":"BRUNA CARVALHO","sameAs":["http:\/\/www.bahiaeconomica.com.br"],"url":"https:\/\/bahiaeconomica.com.br\/wp\/author\/bruna\/"}]}},"views":9,"_links":{"self":[{"href":"https:\/\/bahiaeconomica.com.br\/wp\/wp-json\/wp\/v2\/posts\/944969"}],"collection":[{"href":"https:\/\/bahiaeconomica.com.br\/wp\/wp-json\/wp\/v2\/posts"}],"about":[{"href":"https:\/\/bahiaeconomica.com.br\/wp\/wp-json\/wp\/v2\/types\/post"}],"author":[{"embeddable":true,"href":"https:\/\/bahiaeconomica.com.br\/wp\/wp-json\/wp\/v2\/users\/20"}],"replies":[{"embeddable":true,"href":"https:\/\/bahiaeconomica.com.br\/wp\/wp-json\/wp\/v2\/comments?post=944969"}],"version-history":[{"count":1,"href":"https:\/\/bahiaeconomica.com.br\/wp\/wp-json\/wp\/v2\/posts\/944969\/revisions"}],"predecessor-version":[{"id":944979,"href":"https:\/\/bahiaeconomica.com.br\/wp\/wp-json\/wp\/v2\/posts\/944969\/revisions\/944979"}],"wp:featuredmedia":[{"embeddable":true,"href":"https:\/\/bahiaeconomica.com.br\/wp\/wp-json\/wp\/v2\/media\/944974"}],"wp:attachment":[{"href":"https:\/\/bahiaeconomica.com.br\/wp\/wp-json\/wp\/v2\/media?parent=944969"}],"wp:term":[{"taxonomy":"category","embeddable":true,"href":"https:\/\/bahiaeconomica.com.br\/wp\/wp-json\/wp\/v2\/categories?post=944969"},{"taxonomy":"post_tag","embeddable":true,"href":"https:\/\/bahiaeconomica.com.br\/wp\/wp-json\/wp\/v2\/tags?post=944969"}],"curies":[{"name":"wp","href":"https:\/\/api.w.org\/{rel}","templated":true}]}}