{"id":944405,"date":"2025-10-17T09:20:48","date_gmt":"2025-10-17T12:20:48","guid":{"rendered":"https:\/\/bahiaeconomica.com.br\/wp\/?p=944405"},"modified":"2025-10-17T09:34:27","modified_gmt":"2025-10-17T12:34:27","slug":"ultimos-dias-para-visitar-a-exposicao-imersiva-viagem-ao-espaco-no-shopping-barra","status":"publish","type":"post","link":"https:\/\/bahiaeconomica.com.br\/wp\/2025\/10\/17\/ultimos-dias-para-visitar-a-exposicao-imersiva-viagem-ao-espaco-no-shopping-barra\/","title":{"rendered":"\u00daLTIMOS DIAS PARA VISITAR A EXPOSI\u00c7\u00c3O IMERSIVA VIAGEM AO ESPA\u00c7O NO SHOPPING BARRA"},"content":{"rendered":"<p>Os soteropolitanos t\u00eam at\u00e9 o pr\u00f3ximo domingo, dia 19, para visitar a Exposi\u00e7\u00e3o Imersiva Viagem ao Espa\u00e7o, em cartaz no espa\u00e7o permanente de arte digital do Shopping Barra, localizado no piso do estacionamento G2 Oeste. S\u00e3o os \u00faltimos dias para realizar uma viagem imperd\u00edvel pelos mist\u00e9rios do universo, unindo ci\u00eancia, tecnologia e conhecimento. Sucesso na capital baiana, o espet\u00e1culo imersivo, realizado pelas produtoras Lightland e Irises, tem 30 minutos de dura\u00e7\u00e3o e \u00e9 dividido em dez cap\u00edtulos com proje\u00e7\u00f5es 360\u00b0 em paredes e ch\u00e3o, envolvendo o p\u00fablico do in\u00edcio ao fim.<\/p>\n<p>Do Big Bang \u00e0 forma\u00e7\u00e3o do sistema solar, passando por gal\u00e1xias, o Sol, a Terra e a imensid\u00e3o da Via L\u00e1ctea, a jornada espacial tem roteiro t\u00e9cnico assinado pelo jornalista e astr\u00f4nomo Paulo Melo e narra\u00e7\u00e3o de Edgar Piccoli. A exposi\u00e7\u00e3o imersiva Viagem ao Espa\u00e7o permite uma visita\u00e7\u00e3o inesquec\u00edvel e l\u00fadica para todas as idades. Os ingressos est\u00e3o \u00e0 venda no site oficial: viagemaoespaco.com.br.<\/p>\n<p>SERVI\u00c7O<\/p>\n<p>Exposi\u00e7\u00e3o imersiva Viagem ao Espa\u00e7o em Salvador<\/p>\n<p>Em exibi\u00e7\u00e3o \u2013 \u00daltimos dias!<\/p>\n<p>Local: Shopping Barra, piso G2 Oeste (Av. Centen\u00e1rio, 2992 &#8211; Chame-Chame, Salvador &#8211; BA)<\/p>\n<p>Hor\u00e1rios: Ter\u00e7a a s\u00e1bado: das 9h \u00e0s 22h (\u00faltima entrada \u00e0s 21h)<\/p>\n<p>Domingos e feriados: das 12h \u00e0s 22h (\u00faltima entrada \u00e0s 21h)<\/p>\n<p>Fechado \u00e0s segundas-feiras<\/p>\n<p>Ingressos: Promo\u00e7\u00e3o \u2013 \u201cTodo mundo paga meia-entrada\u201d.<\/p>\n<p>Ter\u00e7a a sexta: R$25 (meia-entrada)<\/p>\n<p>Finais de semana e feriados: R$35 (meia-entrada)<\/p>\n<p>Gratuito para crian\u00e7as at\u00e9 2 anos<\/p>\n<p>Pre\u00e7os especiais para grupos escolares (escolas@lightland.com.br)<\/p>\n<p>&nbsp;<\/p>\n<p>Imagem: Acervo Lightland.<\/p>\n","protected":false},"excerpt":{"rendered":"<p>Os soteropolitanos t\u00eam at\u00e9 o pr\u00f3ximo domingo, dia 19, para visitar a Exposi\u00e7\u00e3o Imersiva Viagem ao Espa\u00e7o, em cartaz no espa\u00e7o permanente de arte digital do Shopping Barra, localizado no piso do estacionamento G2 Oeste. S\u00e3o os \u00faltimos dias para realizar uma viagem imperd\u00edvel pelos mist\u00e9rios do universo, unindo ci\u00eancia, tecnologia e conhecimento. Sucesso na [&hellip;]<\/p>\n","protected":false},"author":8,"featured_media":944406,"comment_status":"closed","ping_status":"closed","sticky":false,"template":"","format":"standard","meta":[],"categories":[5],"tags":[746,33849,936],"acf":[],"yoast_head":"<!-- This site is optimized with the Yoast SEO plugin v20.8 - https:\/\/yoast.com\/wordpress\/plugins\/seo\/ -->\n<title>\u00daLTIMOS DIAS PARA VISITAR A EXPOSI\u00c7\u00c3O IMERSIVA VIAGEM AO ESPA\u00c7O NO SHOPPING BARRA - Bahia Economica<\/title>\n<meta name=\"description\" content=\"O maior portal de Economia da Bahia MUNIC\u00cdPIOS Bahia Economica Sucesso de p\u00fablico na capital baiana, o espet\u00e1culo reafirma o interesse dos baianos por atra\u00e7\u00f5es culturais inovadoras\" \/>\n<meta name=\"robots\" content=\"index, follow, max-snippet:-1, max-image-preview:large, max-video-preview:-1\" \/>\n<link rel=\"canonical\" href=\"https:\/\/bahiaeconomica.com.br\/wp\/2025\/10\/17\/ultimos-dias-para-visitar-a-exposicao-imersiva-viagem-ao-espaco-no-shopping-barra\/\" \/>\n<meta property=\"og:locale\" content=\"pt_BR\" \/>\n<meta property=\"og:type\" content=\"article\" \/>\n<meta property=\"og:title\" content=\"\u00daLTIMOS DIAS PARA VISITAR A EXPOSI\u00c7\u00c3O IMERSIVA VIAGEM AO ESPA\u00c7O NO SHOPPING BARRA - Bahia Economica\" \/>\n<meta property=\"og:description\" content=\"O maior portal de Economia da Bahia MUNIC\u00cdPIOS Bahia Economica Sucesso de p\u00fablico na capital baiana, o espet\u00e1culo reafirma o interesse dos baianos por atra\u00e7\u00f5es culturais inovadoras\" \/>\n<meta property=\"og:url\" content=\"https:\/\/bahiaeconomica.com.br\/wp\/2025\/10\/17\/ultimos-dias-para-visitar-a-exposicao-imersiva-viagem-ao-espaco-no-shopping-barra\/\" \/>\n<meta property=\"og:site_name\" content=\"Bahia Economica\" \/>\n<meta property=\"article:publisher\" content=\"https:\/\/www.facebook.com\/bahiaeconomica\" \/>\n<meta property=\"article:published_time\" content=\"2025-10-17T12:20:48+00:00\" \/>\n<meta property=\"article:modified_time\" content=\"2025-10-17T12:34:27+00:00\" \/>\n<meta property=\"og:image\" content=\"https:\/\/bahiaeconomica.com.br\/wp\/wp-content\/uploads\/2025\/10\/WhatsApp-Image-2025-10-17-at-09.12.00.jpeg\" \/>\n\t<meta property=\"og:image:width\" content=\"1240\" \/>\n\t<meta property=\"og:image:height\" content=\"827\" \/>\n\t<meta property=\"og:image:type\" content=\"image\/jpeg\" \/>\n<meta name=\"author\" content=\"JP\" \/>\n<meta name=\"twitter:card\" content=\"summary_large_image\" \/>\n<meta name=\"twitter:label1\" content=\"Escrito por\" \/>\n\t<meta name=\"twitter:data1\" content=\"JP\" \/>\n\t<meta name=\"twitter:label2\" content=\"Est. tempo de leitura\" \/>\n\t<meta name=\"twitter:data2\" content=\"2 minutos\" \/>\n<script type=\"application\/ld+json\" class=\"yoast-schema-graph\">{\"@context\":\"https:\/\/schema.org\",\"@graph\":[{\"@type\":\"Article\",\"@id\":\"https:\/\/bahiaeconomica.com.br\/wp\/2025\/10\/17\/ultimos-dias-para-visitar-a-exposicao-imersiva-viagem-ao-espaco-no-shopping-barra\/#article\",\"isPartOf\":{\"@id\":\"https:\/\/bahiaeconomica.com.br\/wp\/2025\/10\/17\/ultimos-dias-para-visitar-a-exposicao-imersiva-viagem-ao-espaco-no-shopping-barra\/\"},\"author\":{\"name\":\"JP\",\"@id\":\"https:\/\/bahiaeconomica.com.br\/wp\/#\/schema\/person\/c86d3a3f8960425a0f9d0e5245991f4e\"},\"headline\":\"\u00daLTIMOS DIAS PARA VISITAR A EXPOSI\u00c7\u00c3O IMERSIVA VIAGEM AO ESPA\u00c7O NO SHOPPING BARRA\",\"datePublished\":\"2025-10-17T12:20:48+00:00\",\"dateModified\":\"2025-10-17T12:34:27+00:00\",\"mainEntityOfPage\":{\"@id\":\"https:\/\/bahiaeconomica.com.br\/wp\/2025\/10\/17\/ultimos-dias-para-visitar-a-exposicao-imersiva-viagem-ao-espaco-no-shopping-barra\/\"},\"wordCount\":294,\"publisher\":{\"@id\":\"https:\/\/bahiaeconomica.com.br\/wp\/#organization\"},\"keywords\":[\"evento\",\"imersao\",\"shopping\"],\"articleSection\":[\"MUNIC\u00cdPIOS\"],\"inLanguage\":\"pt-BR\"},{\"@type\":\"WebPage\",\"@id\":\"https:\/\/bahiaeconomica.com.br\/wp\/2025\/10\/17\/ultimos-dias-para-visitar-a-exposicao-imersiva-viagem-ao-espaco-no-shopping-barra\/\",\"url\":\"https:\/\/bahiaeconomica.com.br\/wp\/2025\/10\/17\/ultimos-dias-para-visitar-a-exposicao-imersiva-viagem-ao-espaco-no-shopping-barra\/\",\"name\":\"\u00daLTIMOS DIAS PARA VISITAR A EXPOSI\u00c7\u00c3O IMERSIVA VIAGEM AO ESPA\u00c7O NO SHOPPING BARRA - Bahia Economica\",\"isPartOf\":{\"@id\":\"https:\/\/bahiaeconomica.com.br\/wp\/#website\"},\"datePublished\":\"2025-10-17T12:20:48+00:00\",\"dateModified\":\"2025-10-17T12:34:27+00:00\",\"description\":\"O maior portal de Economia da Bahia MUNIC\u00cdPIOS Bahia Economica Sucesso de p\u00fablico na capital baiana, o espet\u00e1culo reafirma o interesse dos baianos por atra\u00e7\u00f5es culturais inovadoras\",\"breadcrumb\":{\"@id\":\"https:\/\/bahiaeconomica.com.br\/wp\/2025\/10\/17\/ultimos-dias-para-visitar-a-exposicao-imersiva-viagem-ao-espaco-no-shopping-barra\/#breadcrumb\"},\"inLanguage\":\"pt-BR\",\"potentialAction\":[{\"@type\":\"ReadAction\",\"target\":[\"https:\/\/bahiaeconomica.com.br\/wp\/2025\/10\/17\/ultimos-dias-para-visitar-a-exposicao-imersiva-viagem-ao-espaco-no-shopping-barra\/\"]}]},{\"@type\":\"BreadcrumbList\",\"@id\":\"https:\/\/bahiaeconomica.com.br\/wp\/2025\/10\/17\/ultimos-dias-para-visitar-a-exposicao-imersiva-viagem-ao-espaco-no-shopping-barra\/#breadcrumb\",\"itemListElement\":[{\"@type\":\"ListItem\",\"position\":1,\"name\":\"In\u00edcio\",\"item\":\"https:\/\/bahiaeconomica.com.br\/wp\/\"},{\"@type\":\"ListItem\",\"position\":2,\"name\":\"\u00daLTIMOS DIAS PARA VISITAR A EXPOSI\u00c7\u00c3O IMERSIVA VIAGEM AO ESPA\u00c7O NO SHOPPING BARRA\"}]},{\"@type\":\"WebSite\",\"@id\":\"https:\/\/bahiaeconomica.com.br\/wp\/#website\",\"url\":\"https:\/\/bahiaeconomica.com.br\/wp\/\",\"name\":\"Bahia Economica\",\"description\":\"O maior portal de Economia da Bahia\",\"publisher\":{\"@id\":\"https:\/\/bahiaeconomica.com.br\/wp\/#organization\"},\"potentialAction\":[{\"@type\":\"SearchAction\",\"target\":{\"@type\":\"EntryPoint\",\"urlTemplate\":\"https:\/\/bahiaeconomica.com.br\/wp\/?s={search_term_string}\"},\"query-input\":\"required name=search_term_string\"}],\"inLanguage\":\"pt-BR\"},{\"@type\":\"Organization\",\"@id\":\"https:\/\/bahiaeconomica.com.br\/wp\/#organization\",\"name\":\"Bahia Econ\u00f4mica\",\"url\":\"https:\/\/bahiaeconomica.com.br\/wp\/\",\"logo\":{\"@type\":\"ImageObject\",\"inLanguage\":\"pt-BR\",\"@id\":\"https:\/\/bahiaeconomica.com.br\/wp\/#\/schema\/logo\/image\/\",\"url\":\"https:\/\/bahiaeconomica.com.br\/wp\/wp-content\/uploads\/2020\/12\/cropped-BE.png\",\"contentUrl\":\"https:\/\/bahiaeconomica.com.br\/wp\/wp-content\/uploads\/2020\/12\/cropped-BE.png\",\"width\":512,\"height\":512,\"caption\":\"Bahia Econ\u00f4mica\"},\"image\":{\"@id\":\"https:\/\/bahiaeconomica.com.br\/wp\/#\/schema\/logo\/image\/\"},\"sameAs\":[\"https:\/\/www.facebook.com\/bahiaeconomica\"]},{\"@type\":\"Person\",\"@id\":\"https:\/\/bahiaeconomica.com.br\/wp\/#\/schema\/person\/c86d3a3f8960425a0f9d0e5245991f4e\",\"name\":\"JP\",\"sameAs\":[\"https:\/\/bahiaeconomica.com.br\/wp\/beta\/\"],\"url\":\"https:\/\/bahiaeconomica.com.br\/wp\/author\/jp\/\"}]}<\/script>\n<!-- \/ Yoast SEO plugin. -->","yoast_head_json":{"title":"\u00daLTIMOS DIAS PARA VISITAR A EXPOSI\u00c7\u00c3O IMERSIVA VIAGEM AO ESPA\u00c7O NO SHOPPING BARRA - Bahia Economica","description":"O maior portal de Economia da Bahia MUNIC\u00cdPIOS Bahia Economica Sucesso de p\u00fablico na capital baiana, o espet\u00e1culo reafirma o interesse dos baianos por atra\u00e7\u00f5es culturais inovadoras","robots":{"index":"index","follow":"follow","max-snippet":"max-snippet:-1","max-image-preview":"max-image-preview:large","max-video-preview":"max-video-preview:-1"},"canonical":"https:\/\/bahiaeconomica.com.br\/wp\/2025\/10\/17\/ultimos-dias-para-visitar-a-exposicao-imersiva-viagem-ao-espaco-no-shopping-barra\/","og_locale":"pt_BR","og_type":"article","og_title":"\u00daLTIMOS DIAS PARA VISITAR A EXPOSI\u00c7\u00c3O IMERSIVA VIAGEM AO ESPA\u00c7O NO SHOPPING BARRA - Bahia Economica","og_description":"O maior portal de Economia da Bahia MUNIC\u00cdPIOS Bahia Economica Sucesso de p\u00fablico na capital baiana, o espet\u00e1culo reafirma o interesse dos baianos por atra\u00e7\u00f5es culturais inovadoras","og_url":"https:\/\/bahiaeconomica.com.br\/wp\/2025\/10\/17\/ultimos-dias-para-visitar-a-exposicao-imersiva-viagem-ao-espaco-no-shopping-barra\/","og_site_name":"Bahia Economica","article_publisher":"https:\/\/www.facebook.com\/bahiaeconomica","article_published_time":"2025-10-17T12:20:48+00:00","article_modified_time":"2025-10-17T12:34:27+00:00","og_image":[{"width":1240,"height":827,"url":"https:\/\/bahiaeconomica.com.br\/wp\/wp-content\/uploads\/2025\/10\/WhatsApp-Image-2025-10-17-at-09.12.00.jpeg","type":"image\/jpeg"}],"author":"JP","twitter_card":"summary_large_image","twitter_misc":{"Escrito por":"JP","Est. tempo de leitura":"2 minutos"},"schema":{"@context":"https:\/\/schema.org","@graph":[{"@type":"Article","@id":"https:\/\/bahiaeconomica.com.br\/wp\/2025\/10\/17\/ultimos-dias-para-visitar-a-exposicao-imersiva-viagem-ao-espaco-no-shopping-barra\/#article","isPartOf":{"@id":"https:\/\/bahiaeconomica.com.br\/wp\/2025\/10\/17\/ultimos-dias-para-visitar-a-exposicao-imersiva-viagem-ao-espaco-no-shopping-barra\/"},"author":{"name":"JP","@id":"https:\/\/bahiaeconomica.com.br\/wp\/#\/schema\/person\/c86d3a3f8960425a0f9d0e5245991f4e"},"headline":"\u00daLTIMOS DIAS PARA VISITAR A EXPOSI\u00c7\u00c3O IMERSIVA VIAGEM AO ESPA\u00c7O NO SHOPPING BARRA","datePublished":"2025-10-17T12:20:48+00:00","dateModified":"2025-10-17T12:34:27+00:00","mainEntityOfPage":{"@id":"https:\/\/bahiaeconomica.com.br\/wp\/2025\/10\/17\/ultimos-dias-para-visitar-a-exposicao-imersiva-viagem-ao-espaco-no-shopping-barra\/"},"wordCount":294,"publisher":{"@id":"https:\/\/bahiaeconomica.com.br\/wp\/#organization"},"keywords":["evento","imersao","shopping"],"articleSection":["MUNIC\u00cdPIOS"],"inLanguage":"pt-BR"},{"@type":"WebPage","@id":"https:\/\/bahiaeconomica.com.br\/wp\/2025\/10\/17\/ultimos-dias-para-visitar-a-exposicao-imersiva-viagem-ao-espaco-no-shopping-barra\/","url":"https:\/\/bahiaeconomica.com.br\/wp\/2025\/10\/17\/ultimos-dias-para-visitar-a-exposicao-imersiva-viagem-ao-espaco-no-shopping-barra\/","name":"\u00daLTIMOS DIAS PARA VISITAR A EXPOSI\u00c7\u00c3O IMERSIVA VIAGEM AO ESPA\u00c7O NO SHOPPING BARRA - Bahia Economica","isPartOf":{"@id":"https:\/\/bahiaeconomica.com.br\/wp\/#website"},"datePublished":"2025-10-17T12:20:48+00:00","dateModified":"2025-10-17T12:34:27+00:00","description":"O maior portal de Economia da Bahia MUNIC\u00cdPIOS Bahia Economica Sucesso de p\u00fablico na capital baiana, o espet\u00e1culo reafirma o interesse dos baianos por atra\u00e7\u00f5es culturais inovadoras","breadcrumb":{"@id":"https:\/\/bahiaeconomica.com.br\/wp\/2025\/10\/17\/ultimos-dias-para-visitar-a-exposicao-imersiva-viagem-ao-espaco-no-shopping-barra\/#breadcrumb"},"inLanguage":"pt-BR","potentialAction":[{"@type":"ReadAction","target":["https:\/\/bahiaeconomica.com.br\/wp\/2025\/10\/17\/ultimos-dias-para-visitar-a-exposicao-imersiva-viagem-ao-espaco-no-shopping-barra\/"]}]},{"@type":"BreadcrumbList","@id":"https:\/\/bahiaeconomica.com.br\/wp\/2025\/10\/17\/ultimos-dias-para-visitar-a-exposicao-imersiva-viagem-ao-espaco-no-shopping-barra\/#breadcrumb","itemListElement":[{"@type":"ListItem","position":1,"name":"In\u00edcio","item":"https:\/\/bahiaeconomica.com.br\/wp\/"},{"@type":"ListItem","position":2,"name":"\u00daLTIMOS DIAS PARA VISITAR A EXPOSI\u00c7\u00c3O IMERSIVA VIAGEM AO ESPA\u00c7O NO SHOPPING BARRA"}]},{"@type":"WebSite","@id":"https:\/\/bahiaeconomica.com.br\/wp\/#website","url":"https:\/\/bahiaeconomica.com.br\/wp\/","name":"Bahia Economica","description":"O maior portal de Economia da Bahia","publisher":{"@id":"https:\/\/bahiaeconomica.com.br\/wp\/#organization"},"potentialAction":[{"@type":"SearchAction","target":{"@type":"EntryPoint","urlTemplate":"https:\/\/bahiaeconomica.com.br\/wp\/?s={search_term_string}"},"query-input":"required name=search_term_string"}],"inLanguage":"pt-BR"},{"@type":"Organization","@id":"https:\/\/bahiaeconomica.com.br\/wp\/#organization","name":"Bahia Econ\u00f4mica","url":"https:\/\/bahiaeconomica.com.br\/wp\/","logo":{"@type":"ImageObject","inLanguage":"pt-BR","@id":"https:\/\/bahiaeconomica.com.br\/wp\/#\/schema\/logo\/image\/","url":"https:\/\/bahiaeconomica.com.br\/wp\/wp-content\/uploads\/2020\/12\/cropped-BE.png","contentUrl":"https:\/\/bahiaeconomica.com.br\/wp\/wp-content\/uploads\/2020\/12\/cropped-BE.png","width":512,"height":512,"caption":"Bahia Econ\u00f4mica"},"image":{"@id":"https:\/\/bahiaeconomica.com.br\/wp\/#\/schema\/logo\/image\/"},"sameAs":["https:\/\/www.facebook.com\/bahiaeconomica"]},{"@type":"Person","@id":"https:\/\/bahiaeconomica.com.br\/wp\/#\/schema\/person\/c86d3a3f8960425a0f9d0e5245991f4e","name":"JP","sameAs":["https:\/\/bahiaeconomica.com.br\/wp\/beta\/"],"url":"https:\/\/bahiaeconomica.com.br\/wp\/author\/jp\/"}]}},"views":19,"_links":{"self":[{"href":"https:\/\/bahiaeconomica.com.br\/wp\/wp-json\/wp\/v2\/posts\/944405"}],"collection":[{"href":"https:\/\/bahiaeconomica.com.br\/wp\/wp-json\/wp\/v2\/posts"}],"about":[{"href":"https:\/\/bahiaeconomica.com.br\/wp\/wp-json\/wp\/v2\/types\/post"}],"author":[{"embeddable":true,"href":"https:\/\/bahiaeconomica.com.br\/wp\/wp-json\/wp\/v2\/users\/8"}],"replies":[{"embeddable":true,"href":"https:\/\/bahiaeconomica.com.br\/wp\/wp-json\/wp\/v2\/comments?post=944405"}],"version-history":[{"count":1,"href":"https:\/\/bahiaeconomica.com.br\/wp\/wp-json\/wp\/v2\/posts\/944405\/revisions"}],"predecessor-version":[{"id":944407,"href":"https:\/\/bahiaeconomica.com.br\/wp\/wp-json\/wp\/v2\/posts\/944405\/revisions\/944407"}],"wp:featuredmedia":[{"embeddable":true,"href":"https:\/\/bahiaeconomica.com.br\/wp\/wp-json\/wp\/v2\/media\/944406"}],"wp:attachment":[{"href":"https:\/\/bahiaeconomica.com.br\/wp\/wp-json\/wp\/v2\/media?parent=944405"}],"wp:term":[{"taxonomy":"category","embeddable":true,"href":"https:\/\/bahiaeconomica.com.br\/wp\/wp-json\/wp\/v2\/categories?post=944405"},{"taxonomy":"post_tag","embeddable":true,"href":"https:\/\/bahiaeconomica.com.br\/wp\/wp-json\/wp\/v2\/tags?post=944405"}],"curies":[{"name":"wp","href":"https:\/\/api.w.org\/{rel}","templated":true}]}}