{"id":944061,"date":"2025-10-16T14:26:21","date_gmt":"2025-10-16T17:26:21","guid":{"rendered":"https:\/\/bahiaeconomica.com.br\/wp\/?p=944061"},"modified":"2025-10-16T14:26:21","modified_gmt":"2025-10-16T17:26:21","slug":"feriado-do-comerciario-mercados-estaduais-terao-fechamento-antecipado-e-a-ceasa-estara-fechada-na-segunda-feira-20","status":"publish","type":"post","link":"https:\/\/bahiaeconomica.com.br\/wp\/2025\/10\/16\/feriado-do-comerciario-mercados-estaduais-terao-fechamento-antecipado-e-a-ceasa-estara-fechada-na-segunda-feira-20\/","title":{"rendered":"FERIADO DO COMERCI\u00c1RIO: MERCADOS ESTADUAIS TER\u00c3O FECHAMENTO ANTECIPADO E A CEASA ESTAR\u00c1 FECHADA NA SEGUNDA-FEIRA (20)"},"content":{"rendered":"<p>Em virtude do feriado do dia do Comerci\u00e1rio, comemorado na segunda-feira (20), os equipamentos administrados pela Secretaria de Desenvolvimento Econ\u00f4mico (SDE) ter\u00e3o altera\u00e7\u00f5es no funcionamento. Os mercados estaduais atuaram com hor\u00e1rio de fechamento antecipado. O mercado do Rio Vermelho tamb\u00e9m segue o mesmo esquema, mas a abertura da pra\u00e7a de alimenta\u00e7\u00e3o e dos boxes do Mercado Vermelho ser\u00e1 facultativa. J\u00e1 a Central de Abastecimento da Bahia (Ceasa) estar\u00e1 fechada e retorna \u00e0s atividades normalmente na ter\u00e7a-feira (21). Confira abaixo os hor\u00e1rios:<\/p>\n<p>CEASA<br \/>\n20\/10 \u2013 FECHADO<\/p>\n<p>MERCADO OGUNJ\u00c1<br \/>\n20\/10 \u2013 FECHAMENTO ANTECIPADO<br \/>\nAbertura: 6h<br \/>\nFechamento: 13h<\/p>\n<p>MERCADO DE PARIPE<br \/>\n20\/10 \u2013 FECHAMENTO ANTECIPADO<br \/>\nAbertura: 6h<br \/>\nFechamento: 14h<\/p>\n<p>MERCADO DA SETE PORTAS<br \/>\n20\/10 \u2013 FECHAMENTO ANTECIPADO<br \/>\nAbertura: 6h<br \/>\nFechamento: 14h<\/p>\n<p>MERCADO DO RIO VERMELHO<br \/>\n20\/10 \u2013 FECHAMENTO ANTECIPADO<br \/>\nBoxes: 07h \u00e0s 14h (Facultativo)<br \/>\nPra\u00e7a de Alimenta\u00e7\u00e3o: 07h \u00e0s 16h (Facultativo)<\/p>\n<p>Ascom\/SDE<br \/>\n16\/10\/2025<br \/>\n71 3115-7816 \/ 71 99688-3579<\/p>\n<p>Foto:<span class=\"image-filename\">Alberto CoutinhoGOVBA<\/span><\/p>\n","protected":false},"excerpt":{"rendered":"<p>Em virtude do feriado do dia do Comerci\u00e1rio, comemorado na segunda-feira (20), os equipamentos administrados pela Secretaria de Desenvolvimento Econ\u00f4mico (SDE) ter\u00e3o altera\u00e7\u00f5es no funcionamento. Os mercados estaduais atuaram com hor\u00e1rio de fechamento antecipado. O mercado do Rio Vermelho tamb\u00e9m segue o mesmo esquema, mas a abertura da pra\u00e7a de alimenta\u00e7\u00e3o e dos boxes do [&hellip;]<\/p>\n","protected":false},"author":15,"featured_media":944062,"comment_status":"closed","ping_status":"closed","sticky":false,"template":"","format":"standard","meta":[],"categories":[5],"tags":[],"acf":[],"yoast_head":"<!-- This site is optimized with the Yoast SEO plugin v20.8 - https:\/\/yoast.com\/wordpress\/plugins\/seo\/ -->\n<title>FERIADO DO COMERCI\u00c1RIO: MERCADOS ESTADUAIS TER\u00c3O FECHAMENTO ANTECIPADO E A CEASA ESTAR\u00c1 FECHADA NA SEGUNDA-FEIRA (20) - Bahia Economica<\/title>\n<meta name=\"description\" content=\"O maior portal de Economia da Bahia MUNIC\u00cdPIOS Bahia Economica\" \/>\n<meta name=\"robots\" content=\"index, follow, max-snippet:-1, max-image-preview:large, max-video-preview:-1\" \/>\n<link rel=\"canonical\" href=\"https:\/\/bahiaeconomica.com.br\/wp\/2025\/10\/16\/feriado-do-comerciario-mercados-estaduais-terao-fechamento-antecipado-e-a-ceasa-estara-fechada-na-segunda-feira-20\/\" \/>\n<meta property=\"og:locale\" content=\"pt_BR\" \/>\n<meta property=\"og:type\" content=\"article\" \/>\n<meta property=\"og:title\" content=\"FERIADO DO COMERCI\u00c1RIO: MERCADOS ESTADUAIS TER\u00c3O FECHAMENTO ANTECIPADO E A CEASA ESTAR\u00c1 FECHADA NA SEGUNDA-FEIRA (20) - Bahia Economica\" \/>\n<meta property=\"og:description\" content=\"O maior portal de Economia da Bahia MUNIC\u00cdPIOS Bahia Economica\" \/>\n<meta property=\"og:url\" content=\"https:\/\/bahiaeconomica.com.br\/wp\/2025\/10\/16\/feriado-do-comerciario-mercados-estaduais-terao-fechamento-antecipado-e-a-ceasa-estara-fechada-na-segunda-feira-20\/\" \/>\n<meta property=\"og:site_name\" content=\"Bahia Economica\" \/>\n<meta property=\"article:publisher\" content=\"https:\/\/www.facebook.com\/bahiaeconomica\" \/>\n<meta property=\"article:published_time\" content=\"2025-10-16T17:26:21+00:00\" \/>\n<meta property=\"og:image\" content=\"https:\/\/bahiaeconomica.com.br\/wp\/wp-content\/uploads\/2025\/10\/Alberto-CoutinhoGOVBA.jpg\" \/>\n\t<meta property=\"og:image:width\" content=\"1280\" \/>\n\t<meta property=\"og:image:height\" content=\"853\" \/>\n\t<meta property=\"og:image:type\" content=\"image\/jpeg\" \/>\n<meta name=\"author\" content=\"VICTORIA ISABEL\" \/>\n<meta name=\"twitter:card\" content=\"summary_large_image\" \/>\n<meta name=\"twitter:label1\" content=\"Escrito por\" \/>\n\t<meta name=\"twitter:data1\" content=\"VICTORIA ISABEL\" \/>\n\t<meta name=\"twitter:label2\" content=\"Est. tempo de leitura\" \/>\n\t<meta name=\"twitter:data2\" content=\"1 minuto\" \/>\n<script type=\"application\/ld+json\" class=\"yoast-schema-graph\">{\"@context\":\"https:\/\/schema.org\",\"@graph\":[{\"@type\":\"Article\",\"@id\":\"https:\/\/bahiaeconomica.com.br\/wp\/2025\/10\/16\/feriado-do-comerciario-mercados-estaduais-terao-fechamento-antecipado-e-a-ceasa-estara-fechada-na-segunda-feira-20\/#article\",\"isPartOf\":{\"@id\":\"https:\/\/bahiaeconomica.com.br\/wp\/2025\/10\/16\/feriado-do-comerciario-mercados-estaduais-terao-fechamento-antecipado-e-a-ceasa-estara-fechada-na-segunda-feira-20\/\"},\"author\":{\"name\":\"VICTORIA ISABEL\",\"@id\":\"https:\/\/bahiaeconomica.com.br\/wp\/#\/schema\/person\/b719ce0fb1c09f3c7a00d9243ced4a6f\"},\"headline\":\"FERIADO DO COMERCI\u00c1RIO: MERCADOS ESTADUAIS TER\u00c3O FECHAMENTO ANTECIPADO E A CEASA ESTAR\u00c1 FECHADA NA SEGUNDA-FEIRA (20)\",\"datePublished\":\"2025-10-16T17:26:21+00:00\",\"dateModified\":\"2025-10-16T17:26:21+00:00\",\"mainEntityOfPage\":{\"@id\":\"https:\/\/bahiaeconomica.com.br\/wp\/2025\/10\/16\/feriado-do-comerciario-mercados-estaduais-terao-fechamento-antecipado-e-a-ceasa-estara-fechada-na-segunda-feira-20\/\"},\"wordCount\":162,\"publisher\":{\"@id\":\"https:\/\/bahiaeconomica.com.br\/wp\/#organization\"},\"articleSection\":[\"MUNIC\u00cdPIOS\"],\"inLanguage\":\"pt-BR\"},{\"@type\":\"WebPage\",\"@id\":\"https:\/\/bahiaeconomica.com.br\/wp\/2025\/10\/16\/feriado-do-comerciario-mercados-estaduais-terao-fechamento-antecipado-e-a-ceasa-estara-fechada-na-segunda-feira-20\/\",\"url\":\"https:\/\/bahiaeconomica.com.br\/wp\/2025\/10\/16\/feriado-do-comerciario-mercados-estaduais-terao-fechamento-antecipado-e-a-ceasa-estara-fechada-na-segunda-feira-20\/\",\"name\":\"FERIADO DO COMERCI\u00c1RIO: MERCADOS ESTADUAIS TER\u00c3O FECHAMENTO ANTECIPADO E A CEASA ESTAR\u00c1 FECHADA NA SEGUNDA-FEIRA (20) - Bahia Economica\",\"isPartOf\":{\"@id\":\"https:\/\/bahiaeconomica.com.br\/wp\/#website\"},\"datePublished\":\"2025-10-16T17:26:21+00:00\",\"dateModified\":\"2025-10-16T17:26:21+00:00\",\"description\":\"O maior portal de Economia da Bahia MUNIC\u00cdPIOS Bahia Economica\",\"breadcrumb\":{\"@id\":\"https:\/\/bahiaeconomica.com.br\/wp\/2025\/10\/16\/feriado-do-comerciario-mercados-estaduais-terao-fechamento-antecipado-e-a-ceasa-estara-fechada-na-segunda-feira-20\/#breadcrumb\"},\"inLanguage\":\"pt-BR\",\"potentialAction\":[{\"@type\":\"ReadAction\",\"target\":[\"https:\/\/bahiaeconomica.com.br\/wp\/2025\/10\/16\/feriado-do-comerciario-mercados-estaduais-terao-fechamento-antecipado-e-a-ceasa-estara-fechada-na-segunda-feira-20\/\"]}]},{\"@type\":\"BreadcrumbList\",\"@id\":\"https:\/\/bahiaeconomica.com.br\/wp\/2025\/10\/16\/feriado-do-comerciario-mercados-estaduais-terao-fechamento-antecipado-e-a-ceasa-estara-fechada-na-segunda-feira-20\/#breadcrumb\",\"itemListElement\":[{\"@type\":\"ListItem\",\"position\":1,\"name\":\"In\u00edcio\",\"item\":\"https:\/\/bahiaeconomica.com.br\/wp\/\"},{\"@type\":\"ListItem\",\"position\":2,\"name\":\"FERIADO DO COMERCI\u00c1RIO: MERCADOS ESTADUAIS TER\u00c3O FECHAMENTO ANTECIPADO E A CEASA ESTAR\u00c1 FECHADA NA SEGUNDA-FEIRA (20)\"}]},{\"@type\":\"WebSite\",\"@id\":\"https:\/\/bahiaeconomica.com.br\/wp\/#website\",\"url\":\"https:\/\/bahiaeconomica.com.br\/wp\/\",\"name\":\"Bahia Economica\",\"description\":\"O maior portal de Economia da Bahia\",\"publisher\":{\"@id\":\"https:\/\/bahiaeconomica.com.br\/wp\/#organization\"},\"potentialAction\":[{\"@type\":\"SearchAction\",\"target\":{\"@type\":\"EntryPoint\",\"urlTemplate\":\"https:\/\/bahiaeconomica.com.br\/wp\/?s={search_term_string}\"},\"query-input\":\"required name=search_term_string\"}],\"inLanguage\":\"pt-BR\"},{\"@type\":\"Organization\",\"@id\":\"https:\/\/bahiaeconomica.com.br\/wp\/#organization\",\"name\":\"Bahia Econ\u00f4mica\",\"url\":\"https:\/\/bahiaeconomica.com.br\/wp\/\",\"logo\":{\"@type\":\"ImageObject\",\"inLanguage\":\"pt-BR\",\"@id\":\"https:\/\/bahiaeconomica.com.br\/wp\/#\/schema\/logo\/image\/\",\"url\":\"https:\/\/bahiaeconomica.com.br\/wp\/wp-content\/uploads\/2020\/12\/cropped-BE.png\",\"contentUrl\":\"https:\/\/bahiaeconomica.com.br\/wp\/wp-content\/uploads\/2020\/12\/cropped-BE.png\",\"width\":512,\"height\":512,\"caption\":\"Bahia Econ\u00f4mica\"},\"image\":{\"@id\":\"https:\/\/bahiaeconomica.com.br\/wp\/#\/schema\/logo\/image\/\"},\"sameAs\":[\"https:\/\/www.facebook.com\/bahiaeconomica\"]},{\"@type\":\"Person\",\"@id\":\"https:\/\/bahiaeconomica.com.br\/wp\/#\/schema\/person\/b719ce0fb1c09f3c7a00d9243ced4a6f\",\"name\":\"VICTORIA ISABEL\",\"sameAs\":[\"http:\/\/www.bahiaeconomica.com.br\"],\"url\":\"https:\/\/bahiaeconomica.com.br\/wp\/author\/victoria-isabel\/\"}]}<\/script>\n<!-- \/ Yoast SEO plugin. -->","yoast_head_json":{"title":"FERIADO DO COMERCI\u00c1RIO: MERCADOS ESTADUAIS TER\u00c3O FECHAMENTO ANTECIPADO E A CEASA ESTAR\u00c1 FECHADA NA SEGUNDA-FEIRA (20) - Bahia Economica","description":"O maior portal de Economia da Bahia MUNIC\u00cdPIOS Bahia Economica","robots":{"index":"index","follow":"follow","max-snippet":"max-snippet:-1","max-image-preview":"max-image-preview:large","max-video-preview":"max-video-preview:-1"},"canonical":"https:\/\/bahiaeconomica.com.br\/wp\/2025\/10\/16\/feriado-do-comerciario-mercados-estaduais-terao-fechamento-antecipado-e-a-ceasa-estara-fechada-na-segunda-feira-20\/","og_locale":"pt_BR","og_type":"article","og_title":"FERIADO DO COMERCI\u00c1RIO: MERCADOS ESTADUAIS TER\u00c3O FECHAMENTO ANTECIPADO E A CEASA ESTAR\u00c1 FECHADA NA SEGUNDA-FEIRA (20) - Bahia Economica","og_description":"O maior portal de Economia da Bahia MUNIC\u00cdPIOS Bahia Economica","og_url":"https:\/\/bahiaeconomica.com.br\/wp\/2025\/10\/16\/feriado-do-comerciario-mercados-estaduais-terao-fechamento-antecipado-e-a-ceasa-estara-fechada-na-segunda-feira-20\/","og_site_name":"Bahia Economica","article_publisher":"https:\/\/www.facebook.com\/bahiaeconomica","article_published_time":"2025-10-16T17:26:21+00:00","og_image":[{"width":1280,"height":853,"url":"https:\/\/bahiaeconomica.com.br\/wp\/wp-content\/uploads\/2025\/10\/Alberto-CoutinhoGOVBA.jpg","type":"image\/jpeg"}],"author":"VICTORIA ISABEL","twitter_card":"summary_large_image","twitter_misc":{"Escrito por":"VICTORIA ISABEL","Est. tempo de leitura":"1 minuto"},"schema":{"@context":"https:\/\/schema.org","@graph":[{"@type":"Article","@id":"https:\/\/bahiaeconomica.com.br\/wp\/2025\/10\/16\/feriado-do-comerciario-mercados-estaduais-terao-fechamento-antecipado-e-a-ceasa-estara-fechada-na-segunda-feira-20\/#article","isPartOf":{"@id":"https:\/\/bahiaeconomica.com.br\/wp\/2025\/10\/16\/feriado-do-comerciario-mercados-estaduais-terao-fechamento-antecipado-e-a-ceasa-estara-fechada-na-segunda-feira-20\/"},"author":{"name":"VICTORIA ISABEL","@id":"https:\/\/bahiaeconomica.com.br\/wp\/#\/schema\/person\/b719ce0fb1c09f3c7a00d9243ced4a6f"},"headline":"FERIADO DO COMERCI\u00c1RIO: MERCADOS ESTADUAIS TER\u00c3O FECHAMENTO ANTECIPADO E A CEASA ESTAR\u00c1 FECHADA NA SEGUNDA-FEIRA (20)","datePublished":"2025-10-16T17:26:21+00:00","dateModified":"2025-10-16T17:26:21+00:00","mainEntityOfPage":{"@id":"https:\/\/bahiaeconomica.com.br\/wp\/2025\/10\/16\/feriado-do-comerciario-mercados-estaduais-terao-fechamento-antecipado-e-a-ceasa-estara-fechada-na-segunda-feira-20\/"},"wordCount":162,"publisher":{"@id":"https:\/\/bahiaeconomica.com.br\/wp\/#organization"},"articleSection":["MUNIC\u00cdPIOS"],"inLanguage":"pt-BR"},{"@type":"WebPage","@id":"https:\/\/bahiaeconomica.com.br\/wp\/2025\/10\/16\/feriado-do-comerciario-mercados-estaduais-terao-fechamento-antecipado-e-a-ceasa-estara-fechada-na-segunda-feira-20\/","url":"https:\/\/bahiaeconomica.com.br\/wp\/2025\/10\/16\/feriado-do-comerciario-mercados-estaduais-terao-fechamento-antecipado-e-a-ceasa-estara-fechada-na-segunda-feira-20\/","name":"FERIADO DO COMERCI\u00c1RIO: MERCADOS ESTADUAIS TER\u00c3O FECHAMENTO ANTECIPADO E A CEASA ESTAR\u00c1 FECHADA NA SEGUNDA-FEIRA (20) - Bahia Economica","isPartOf":{"@id":"https:\/\/bahiaeconomica.com.br\/wp\/#website"},"datePublished":"2025-10-16T17:26:21+00:00","dateModified":"2025-10-16T17:26:21+00:00","description":"O maior portal de Economia da Bahia MUNIC\u00cdPIOS Bahia Economica","breadcrumb":{"@id":"https:\/\/bahiaeconomica.com.br\/wp\/2025\/10\/16\/feriado-do-comerciario-mercados-estaduais-terao-fechamento-antecipado-e-a-ceasa-estara-fechada-na-segunda-feira-20\/#breadcrumb"},"inLanguage":"pt-BR","potentialAction":[{"@type":"ReadAction","target":["https:\/\/bahiaeconomica.com.br\/wp\/2025\/10\/16\/feriado-do-comerciario-mercados-estaduais-terao-fechamento-antecipado-e-a-ceasa-estara-fechada-na-segunda-feira-20\/"]}]},{"@type":"BreadcrumbList","@id":"https:\/\/bahiaeconomica.com.br\/wp\/2025\/10\/16\/feriado-do-comerciario-mercados-estaduais-terao-fechamento-antecipado-e-a-ceasa-estara-fechada-na-segunda-feira-20\/#breadcrumb","itemListElement":[{"@type":"ListItem","position":1,"name":"In\u00edcio","item":"https:\/\/bahiaeconomica.com.br\/wp\/"},{"@type":"ListItem","position":2,"name":"FERIADO DO COMERCI\u00c1RIO: MERCADOS ESTADUAIS TER\u00c3O FECHAMENTO ANTECIPADO E A CEASA ESTAR\u00c1 FECHADA NA SEGUNDA-FEIRA (20)"}]},{"@type":"WebSite","@id":"https:\/\/bahiaeconomica.com.br\/wp\/#website","url":"https:\/\/bahiaeconomica.com.br\/wp\/","name":"Bahia Economica","description":"O maior portal de Economia da Bahia","publisher":{"@id":"https:\/\/bahiaeconomica.com.br\/wp\/#organization"},"potentialAction":[{"@type":"SearchAction","target":{"@type":"EntryPoint","urlTemplate":"https:\/\/bahiaeconomica.com.br\/wp\/?s={search_term_string}"},"query-input":"required name=search_term_string"}],"inLanguage":"pt-BR"},{"@type":"Organization","@id":"https:\/\/bahiaeconomica.com.br\/wp\/#organization","name":"Bahia Econ\u00f4mica","url":"https:\/\/bahiaeconomica.com.br\/wp\/","logo":{"@type":"ImageObject","inLanguage":"pt-BR","@id":"https:\/\/bahiaeconomica.com.br\/wp\/#\/schema\/logo\/image\/","url":"https:\/\/bahiaeconomica.com.br\/wp\/wp-content\/uploads\/2020\/12\/cropped-BE.png","contentUrl":"https:\/\/bahiaeconomica.com.br\/wp\/wp-content\/uploads\/2020\/12\/cropped-BE.png","width":512,"height":512,"caption":"Bahia Econ\u00f4mica"},"image":{"@id":"https:\/\/bahiaeconomica.com.br\/wp\/#\/schema\/logo\/image\/"},"sameAs":["https:\/\/www.facebook.com\/bahiaeconomica"]},{"@type":"Person","@id":"https:\/\/bahiaeconomica.com.br\/wp\/#\/schema\/person\/b719ce0fb1c09f3c7a00d9243ced4a6f","name":"VICTORIA ISABEL","sameAs":["http:\/\/www.bahiaeconomica.com.br"],"url":"https:\/\/bahiaeconomica.com.br\/wp\/author\/victoria-isabel\/"}]}},"views":24,"_links":{"self":[{"href":"https:\/\/bahiaeconomica.com.br\/wp\/wp-json\/wp\/v2\/posts\/944061"}],"collection":[{"href":"https:\/\/bahiaeconomica.com.br\/wp\/wp-json\/wp\/v2\/posts"}],"about":[{"href":"https:\/\/bahiaeconomica.com.br\/wp\/wp-json\/wp\/v2\/types\/post"}],"author":[{"embeddable":true,"href":"https:\/\/bahiaeconomica.com.br\/wp\/wp-json\/wp\/v2\/users\/15"}],"replies":[{"embeddable":true,"href":"https:\/\/bahiaeconomica.com.br\/wp\/wp-json\/wp\/v2\/comments?post=944061"}],"version-history":[{"count":1,"href":"https:\/\/bahiaeconomica.com.br\/wp\/wp-json\/wp\/v2\/posts\/944061\/revisions"}],"predecessor-version":[{"id":944064,"href":"https:\/\/bahiaeconomica.com.br\/wp\/wp-json\/wp\/v2\/posts\/944061\/revisions\/944064"}],"wp:featuredmedia":[{"embeddable":true,"href":"https:\/\/bahiaeconomica.com.br\/wp\/wp-json\/wp\/v2\/media\/944062"}],"wp:attachment":[{"href":"https:\/\/bahiaeconomica.com.br\/wp\/wp-json\/wp\/v2\/media?parent=944061"}],"wp:term":[{"taxonomy":"category","embeddable":true,"href":"https:\/\/bahiaeconomica.com.br\/wp\/wp-json\/wp\/v2\/categories?post=944061"},{"taxonomy":"post_tag","embeddable":true,"href":"https:\/\/bahiaeconomica.com.br\/wp\/wp-json\/wp\/v2\/tags?post=944061"}],"curies":[{"name":"wp","href":"https:\/\/api.w.org\/{rel}","templated":true}]}}