{"id":943465,"date":"2025-10-14T19:51:00","date_gmt":"2025-10-14T22:51:00","guid":{"rendered":"https:\/\/bahiaeconomica.com.br\/wp\/?p=943465"},"modified":"2025-10-14T18:26:30","modified_gmt":"2025-10-14T21:26:30","slug":"ensino-tecnico-deve-incorporar-saberes-de-povos-indigenas-e-quilombolas-decide-ce","status":"publish","type":"post","link":"https:\/\/bahiaeconomica.com.br\/wp\/2025\/10\/14\/ensino-tecnico-deve-incorporar-saberes-de-povos-indigenas-e-quilombolas-decide-ce\/","title":{"rendered":"ENSINO T\u00c9CNICO DEVE INCORPORAR SABERES DE POVOS IND\u00cdGENAS E QUILOMBOLAS, DECIDE CE"},"content":{"rendered":"<p>A educa\u00e7\u00e3o profissional brasileira passar\u00e1 a reconhecer e integrar em suas pol\u00edticas e programas os saberes e modos de vida de povos ind\u00edgenas e comunidades quilombolas. A mudan\u00e7a est\u00e1 prevista no Projeto de Lei (PL) 3.600\/2024, aprovado pela Comiss\u00e3o de Educa\u00e7\u00e3o (CE) em decis\u00e3o final nesta ter\u00e7a-feira (14).<\/p>\n<p>O texto, de autoria do senador Mecias de Jesus (Republicanos\u2013RR) e relatado pelo senador Paulo Paim (PT\u2013RS), incorpora definitivamente o substitutivo (texto alternativo) aprovado na Comiss\u00e3o de Direitos Humanos (CDH), sem novas altera\u00e7\u00f5es. O projeto segue para an\u00e1lise da C\u00e2mara dos Deputados.<\/p>\n<p>A proposta altera a Lei de Diretrizes e Bases da Educa\u00e7\u00e3o Nacional e a Lei 14.645, de 2023, que trata da pol\u00edtica nacional de educa\u00e7\u00e3o profissional e tecnol\u00f3gica, para incluir expressamente as demandas e conhecimentos tradicionais dessas popula\u00e7\u00f5es.<\/p>\n<p>O objetivo \u00e9 tornar o ensino t\u00e9cnico mais inclusivo, plural e conectado \u00e0s realidades locais, reduzindo desigualdades e fortalecendo o papel da educa\u00e7\u00e3o como instrumento de cidadania e justi\u00e7a social.<\/p>\n<p>\u2014 O projeto reconhece que os conhecimentos ind\u00edgenas e quilombolas s\u00e3o sistemas estruturados e funcionais, que contribuem para o desenvolvimento sustent\u00e1vel e para a forma\u00e7\u00e3o profissional de qualidade \u2014 destacou Paulo Paim ao defender a aprova\u00e7\u00e3o do texto no \u00faltimo dia 7 de outubro.<\/p>\n<p>Diversidade e inclus\u00e3o no ensino t\u00e9cnico<br \/>\nA nova reda\u00e7\u00e3o aprovada pela CE prev\u00ea que a educa\u00e7\u00e3o profissional e tecnol\u00f3gica deve considerar o contexto social, os saberes e as necessidades das comunidades ind\u00edgenas e quilombolas.<\/p>\n<p>O reconhecimento desses conhecimentos \u2014 historicamente marginalizados \u2014 busca valorizar pr\u00e1ticas e experi\u00eancias em \u00e1reas como agricultura sustent\u00e1vel, manejo ambiental, medicina tradicional, artesanato e tecnologias sociais, fortalecendo identidades e oportunidades econ\u00f4micas, diz o texto.<\/p>\n<p>Para Paim, a iniciativa corrige uma lacuna hist\u00f3rica na legisla\u00e7\u00e3o educacional e garante visibilidade a grupos tradicionalmente exclu\u00eddos dos sistemas formais de ensino t\u00e9cnico.<\/p>\n<p>\u2014 A proposta amplia o alcance da pol\u00edtica de educa\u00e7\u00e3o profissional, aproximando-a das realidades regionais e culturais do Brasil e abrindo caminhos de ascens\u00e3o social para as popula\u00e7\u00f5es mais vulner\u00e1veis \u2014 afirmou o relator.<\/p>\n<p>Compromissos internacionais<br \/>\nO projeto est\u00e1 alinhado \u00e0 Conven\u00e7\u00e3o 169 da Organiza\u00e7\u00e3o Internacional do Trabalho (OIT), que assegura programas de forma\u00e7\u00e3o adaptados \u00e0s necessidades espec\u00edficas desses povos, e \u00e0 Agenda 2030 da Organiza\u00e7\u00e3o das Na\u00e7\u00f5es Unidas (ONU), que defende uma educa\u00e7\u00e3o inclusiva, equitativa e de qualidade.<\/p>\n<p>A norma n\u00e3o imp\u00f5e a cria\u00e7\u00e3o de cursos espec\u00edficos, mas orienta as institui\u00e7\u00f5es a considerar os saberes tradicionais sempre que pertinente, com respeito \u00e0 autonomia pedag\u00f3gica e incentivo ao di\u00e1logo intercultural na forma\u00e7\u00e3o t\u00e9cnica.<\/p>\n<p>Durante a tramita\u00e7\u00e3o, o substitutivo da CDH suprimiu a express\u00e3o \u201cpovos origin\u00e1rios\u201d, com a manuten\u00e7\u00e3o da refer\u00eancia direta a povos ind\u00edgenas e quilombolas, o que, segundo o relator, garante maior precis\u00e3o t\u00e9cnica sem alterar o alcance da proposta.<\/p>\n<p>Fonte: Ag\u00eancia Senado<br \/>\nFoto: MST-BA<\/p>\n","protected":false},"excerpt":{"rendered":"<p>A educa\u00e7\u00e3o profissional brasileira passar\u00e1 a reconhecer e integrar em suas pol\u00edticas e programas os saberes e modos de vida de povos ind\u00edgenas e comunidades quilombolas. A mudan\u00e7a est\u00e1 prevista no Projeto de Lei (PL) 3.600\/2024, aprovado pela Comiss\u00e3o de Educa\u00e7\u00e3o (CE) em decis\u00e3o final nesta ter\u00e7a-feira (14). O texto, de autoria do senador Mecias [&hellip;]<\/p>\n","protected":false},"author":16,"featured_media":943466,"comment_status":"closed","ping_status":"closed","sticky":false,"template":"","format":"standard","meta":[],"categories":[14601,21],"tags":[],"acf":[],"yoast_head":"<!-- This site is optimized with the Yoast SEO plugin v20.8 - https:\/\/yoast.com\/wordpress\/plugins\/seo\/ -->\n<title>ENSINO T\u00c9CNICO DEVE INCORPORAR SABERES DE POVOS IND\u00cdGENAS E QUILOMBOLAS, DECIDE CE - Bahia Economica<\/title>\n<meta name=\"description\" content=\"O maior portal de Economia da Bahia Pol\u00edtica, Sa\u00fade \/ Educa\u00e7\u00e3o Bahia Economica\" \/>\n<meta name=\"robots\" content=\"index, follow, max-snippet:-1, max-image-preview:large, max-video-preview:-1\" \/>\n<link rel=\"canonical\" href=\"https:\/\/bahiaeconomica.com.br\/wp\/2025\/10\/14\/ensino-tecnico-deve-incorporar-saberes-de-povos-indigenas-e-quilombolas-decide-ce\/\" \/>\n<meta property=\"og:locale\" content=\"pt_BR\" \/>\n<meta property=\"og:type\" content=\"article\" \/>\n<meta property=\"og:title\" content=\"ENSINO T\u00c9CNICO DEVE INCORPORAR SABERES DE POVOS IND\u00cdGENAS E QUILOMBOLAS, DECIDE CE - Bahia Economica\" \/>\n<meta property=\"og:description\" content=\"O maior portal de Economia da Bahia Pol\u00edtica, Sa\u00fade \/ Educa\u00e7\u00e3o Bahia Economica\" \/>\n<meta property=\"og:url\" content=\"https:\/\/bahiaeconomica.com.br\/wp\/2025\/10\/14\/ensino-tecnico-deve-incorporar-saberes-de-povos-indigenas-e-quilombolas-decide-ce\/\" \/>\n<meta property=\"og:site_name\" content=\"Bahia Economica\" \/>\n<meta property=\"article:publisher\" content=\"https:\/\/www.facebook.com\/bahiaeconomica\" \/>\n<meta property=\"article:published_time\" content=\"2025-10-14T22:51:00+00:00\" \/>\n<meta property=\"article:modified_time\" content=\"2025-10-14T21:26:30+00:00\" \/>\n<meta property=\"og:image\" content=\"https:\/\/bahiaeconomica.com.br\/wp\/wp-content\/uploads\/2025\/10\/imagem_materia-44.jpg\" \/>\n\t<meta property=\"og:image:width\" content=\"860\" \/>\n\t<meta property=\"og:image:height\" content=\"570\" \/>\n\t<meta property=\"og:image:type\" content=\"image\/jpeg\" \/>\n<meta name=\"author\" content=\"LUIZA NASCIMENTO\" \/>\n<meta name=\"twitter:card\" content=\"summary_large_image\" \/>\n<meta name=\"twitter:label1\" content=\"Escrito por\" \/>\n\t<meta name=\"twitter:data1\" content=\"LUIZA NASCIMENTO\" \/>\n\t<meta name=\"twitter:label2\" content=\"Est. tempo de leitura\" \/>\n\t<meta name=\"twitter:data2\" content=\"3 minutos\" \/>\n<script type=\"application\/ld+json\" class=\"yoast-schema-graph\">{\"@context\":\"https:\/\/schema.org\",\"@graph\":[{\"@type\":\"Article\",\"@id\":\"https:\/\/bahiaeconomica.com.br\/wp\/2025\/10\/14\/ensino-tecnico-deve-incorporar-saberes-de-povos-indigenas-e-quilombolas-decide-ce\/#article\",\"isPartOf\":{\"@id\":\"https:\/\/bahiaeconomica.com.br\/wp\/2025\/10\/14\/ensino-tecnico-deve-incorporar-saberes-de-povos-indigenas-e-quilombolas-decide-ce\/\"},\"author\":{\"name\":\"LUIZA NASCIMENTO\",\"@id\":\"https:\/\/bahiaeconomica.com.br\/wp\/#\/schema\/person\/18273ac0fe04bfd4e7b101bf17d40152\"},\"headline\":\"ENSINO T\u00c9CNICO DEVE INCORPORAR SABERES DE POVOS IND\u00cdGENAS E QUILOMBOLAS, DECIDE CE\",\"datePublished\":\"2025-10-14T22:51:00+00:00\",\"dateModified\":\"2025-10-14T21:26:30+00:00\",\"mainEntityOfPage\":{\"@id\":\"https:\/\/bahiaeconomica.com.br\/wp\/2025\/10\/14\/ensino-tecnico-deve-incorporar-saberes-de-povos-indigenas-e-quilombolas-decide-ce\/\"},\"wordCount\":518,\"publisher\":{\"@id\":\"https:\/\/bahiaeconomica.com.br\/wp\/#organization\"},\"articleSection\":[\"Pol\u00edtica\",\"Sa\u00fade \/ Educa\u00e7\u00e3o\"],\"inLanguage\":\"pt-BR\"},{\"@type\":\"WebPage\",\"@id\":\"https:\/\/bahiaeconomica.com.br\/wp\/2025\/10\/14\/ensino-tecnico-deve-incorporar-saberes-de-povos-indigenas-e-quilombolas-decide-ce\/\",\"url\":\"https:\/\/bahiaeconomica.com.br\/wp\/2025\/10\/14\/ensino-tecnico-deve-incorporar-saberes-de-povos-indigenas-e-quilombolas-decide-ce\/\",\"name\":\"ENSINO T\u00c9CNICO DEVE INCORPORAR SABERES DE POVOS IND\u00cdGENAS E QUILOMBOLAS, DECIDE CE - Bahia Economica\",\"isPartOf\":{\"@id\":\"https:\/\/bahiaeconomica.com.br\/wp\/#website\"},\"datePublished\":\"2025-10-14T22:51:00+00:00\",\"dateModified\":\"2025-10-14T21:26:30+00:00\",\"description\":\"O maior portal de Economia da Bahia Pol\u00edtica, Sa\u00fade \/ Educa\u00e7\u00e3o Bahia Economica\",\"breadcrumb\":{\"@id\":\"https:\/\/bahiaeconomica.com.br\/wp\/2025\/10\/14\/ensino-tecnico-deve-incorporar-saberes-de-povos-indigenas-e-quilombolas-decide-ce\/#breadcrumb\"},\"inLanguage\":\"pt-BR\",\"potentialAction\":[{\"@type\":\"ReadAction\",\"target\":[\"https:\/\/bahiaeconomica.com.br\/wp\/2025\/10\/14\/ensino-tecnico-deve-incorporar-saberes-de-povos-indigenas-e-quilombolas-decide-ce\/\"]}]},{\"@type\":\"BreadcrumbList\",\"@id\":\"https:\/\/bahiaeconomica.com.br\/wp\/2025\/10\/14\/ensino-tecnico-deve-incorporar-saberes-de-povos-indigenas-e-quilombolas-decide-ce\/#breadcrumb\",\"itemListElement\":[{\"@type\":\"ListItem\",\"position\":1,\"name\":\"In\u00edcio\",\"item\":\"https:\/\/bahiaeconomica.com.br\/wp\/\"},{\"@type\":\"ListItem\",\"position\":2,\"name\":\"ENSINO T\u00c9CNICO DEVE INCORPORAR SABERES DE POVOS IND\u00cdGENAS E QUILOMBOLAS, DECIDE CE\"}]},{\"@type\":\"WebSite\",\"@id\":\"https:\/\/bahiaeconomica.com.br\/wp\/#website\",\"url\":\"https:\/\/bahiaeconomica.com.br\/wp\/\",\"name\":\"Bahia Economica\",\"description\":\"O maior portal de Economia da Bahia\",\"publisher\":{\"@id\":\"https:\/\/bahiaeconomica.com.br\/wp\/#organization\"},\"potentialAction\":[{\"@type\":\"SearchAction\",\"target\":{\"@type\":\"EntryPoint\",\"urlTemplate\":\"https:\/\/bahiaeconomica.com.br\/wp\/?s={search_term_string}\"},\"query-input\":\"required name=search_term_string\"}],\"inLanguage\":\"pt-BR\"},{\"@type\":\"Organization\",\"@id\":\"https:\/\/bahiaeconomica.com.br\/wp\/#organization\",\"name\":\"Bahia Econ\u00f4mica\",\"url\":\"https:\/\/bahiaeconomica.com.br\/wp\/\",\"logo\":{\"@type\":\"ImageObject\",\"inLanguage\":\"pt-BR\",\"@id\":\"https:\/\/bahiaeconomica.com.br\/wp\/#\/schema\/logo\/image\/\",\"url\":\"https:\/\/bahiaeconomica.com.br\/wp\/wp-content\/uploads\/2020\/12\/cropped-BE.png\",\"contentUrl\":\"https:\/\/bahiaeconomica.com.br\/wp\/wp-content\/uploads\/2020\/12\/cropped-BE.png\",\"width\":512,\"height\":512,\"caption\":\"Bahia Econ\u00f4mica\"},\"image\":{\"@id\":\"https:\/\/bahiaeconomica.com.br\/wp\/#\/schema\/logo\/image\/\"},\"sameAs\":[\"https:\/\/www.facebook.com\/bahiaeconomica\"]},{\"@type\":\"Person\",\"@id\":\"https:\/\/bahiaeconomica.com.br\/wp\/#\/schema\/person\/18273ac0fe04bfd4e7b101bf17d40152\",\"name\":\"LUIZA NASCIMENTO\",\"sameAs\":[\"http:\/\/www.bahiaeconomica.com.br\"],\"url\":\"https:\/\/bahiaeconomica.com.br\/wp\/author\/luiza-nascimento\/\"}]}<\/script>\n<!-- \/ Yoast SEO plugin. -->","yoast_head_json":{"title":"ENSINO T\u00c9CNICO DEVE INCORPORAR SABERES DE POVOS IND\u00cdGENAS E QUILOMBOLAS, DECIDE CE - Bahia Economica","description":"O maior portal de Economia da Bahia Pol\u00edtica, Sa\u00fade \/ Educa\u00e7\u00e3o Bahia Economica","robots":{"index":"index","follow":"follow","max-snippet":"max-snippet:-1","max-image-preview":"max-image-preview:large","max-video-preview":"max-video-preview:-1"},"canonical":"https:\/\/bahiaeconomica.com.br\/wp\/2025\/10\/14\/ensino-tecnico-deve-incorporar-saberes-de-povos-indigenas-e-quilombolas-decide-ce\/","og_locale":"pt_BR","og_type":"article","og_title":"ENSINO T\u00c9CNICO DEVE INCORPORAR SABERES DE POVOS IND\u00cdGENAS E QUILOMBOLAS, DECIDE CE - Bahia Economica","og_description":"O maior portal de Economia da Bahia Pol\u00edtica, Sa\u00fade \/ Educa\u00e7\u00e3o Bahia Economica","og_url":"https:\/\/bahiaeconomica.com.br\/wp\/2025\/10\/14\/ensino-tecnico-deve-incorporar-saberes-de-povos-indigenas-e-quilombolas-decide-ce\/","og_site_name":"Bahia Economica","article_publisher":"https:\/\/www.facebook.com\/bahiaeconomica","article_published_time":"2025-10-14T22:51:00+00:00","article_modified_time":"2025-10-14T21:26:30+00:00","og_image":[{"width":860,"height":570,"url":"https:\/\/bahiaeconomica.com.br\/wp\/wp-content\/uploads\/2025\/10\/imagem_materia-44.jpg","type":"image\/jpeg"}],"author":"LUIZA NASCIMENTO","twitter_card":"summary_large_image","twitter_misc":{"Escrito por":"LUIZA NASCIMENTO","Est. tempo de leitura":"3 minutos"},"schema":{"@context":"https:\/\/schema.org","@graph":[{"@type":"Article","@id":"https:\/\/bahiaeconomica.com.br\/wp\/2025\/10\/14\/ensino-tecnico-deve-incorporar-saberes-de-povos-indigenas-e-quilombolas-decide-ce\/#article","isPartOf":{"@id":"https:\/\/bahiaeconomica.com.br\/wp\/2025\/10\/14\/ensino-tecnico-deve-incorporar-saberes-de-povos-indigenas-e-quilombolas-decide-ce\/"},"author":{"name":"LUIZA NASCIMENTO","@id":"https:\/\/bahiaeconomica.com.br\/wp\/#\/schema\/person\/18273ac0fe04bfd4e7b101bf17d40152"},"headline":"ENSINO T\u00c9CNICO DEVE INCORPORAR SABERES DE POVOS IND\u00cdGENAS E QUILOMBOLAS, DECIDE CE","datePublished":"2025-10-14T22:51:00+00:00","dateModified":"2025-10-14T21:26:30+00:00","mainEntityOfPage":{"@id":"https:\/\/bahiaeconomica.com.br\/wp\/2025\/10\/14\/ensino-tecnico-deve-incorporar-saberes-de-povos-indigenas-e-quilombolas-decide-ce\/"},"wordCount":518,"publisher":{"@id":"https:\/\/bahiaeconomica.com.br\/wp\/#organization"},"articleSection":["Pol\u00edtica","Sa\u00fade \/ Educa\u00e7\u00e3o"],"inLanguage":"pt-BR"},{"@type":"WebPage","@id":"https:\/\/bahiaeconomica.com.br\/wp\/2025\/10\/14\/ensino-tecnico-deve-incorporar-saberes-de-povos-indigenas-e-quilombolas-decide-ce\/","url":"https:\/\/bahiaeconomica.com.br\/wp\/2025\/10\/14\/ensino-tecnico-deve-incorporar-saberes-de-povos-indigenas-e-quilombolas-decide-ce\/","name":"ENSINO T\u00c9CNICO DEVE INCORPORAR SABERES DE POVOS IND\u00cdGENAS E QUILOMBOLAS, DECIDE CE - Bahia Economica","isPartOf":{"@id":"https:\/\/bahiaeconomica.com.br\/wp\/#website"},"datePublished":"2025-10-14T22:51:00+00:00","dateModified":"2025-10-14T21:26:30+00:00","description":"O maior portal de Economia da Bahia Pol\u00edtica, Sa\u00fade \/ Educa\u00e7\u00e3o Bahia Economica","breadcrumb":{"@id":"https:\/\/bahiaeconomica.com.br\/wp\/2025\/10\/14\/ensino-tecnico-deve-incorporar-saberes-de-povos-indigenas-e-quilombolas-decide-ce\/#breadcrumb"},"inLanguage":"pt-BR","potentialAction":[{"@type":"ReadAction","target":["https:\/\/bahiaeconomica.com.br\/wp\/2025\/10\/14\/ensino-tecnico-deve-incorporar-saberes-de-povos-indigenas-e-quilombolas-decide-ce\/"]}]},{"@type":"BreadcrumbList","@id":"https:\/\/bahiaeconomica.com.br\/wp\/2025\/10\/14\/ensino-tecnico-deve-incorporar-saberes-de-povos-indigenas-e-quilombolas-decide-ce\/#breadcrumb","itemListElement":[{"@type":"ListItem","position":1,"name":"In\u00edcio","item":"https:\/\/bahiaeconomica.com.br\/wp\/"},{"@type":"ListItem","position":2,"name":"ENSINO T\u00c9CNICO DEVE INCORPORAR SABERES DE POVOS IND\u00cdGENAS E QUILOMBOLAS, DECIDE CE"}]},{"@type":"WebSite","@id":"https:\/\/bahiaeconomica.com.br\/wp\/#website","url":"https:\/\/bahiaeconomica.com.br\/wp\/","name":"Bahia Economica","description":"O maior portal de Economia da Bahia","publisher":{"@id":"https:\/\/bahiaeconomica.com.br\/wp\/#organization"},"potentialAction":[{"@type":"SearchAction","target":{"@type":"EntryPoint","urlTemplate":"https:\/\/bahiaeconomica.com.br\/wp\/?s={search_term_string}"},"query-input":"required name=search_term_string"}],"inLanguage":"pt-BR"},{"@type":"Organization","@id":"https:\/\/bahiaeconomica.com.br\/wp\/#organization","name":"Bahia Econ\u00f4mica","url":"https:\/\/bahiaeconomica.com.br\/wp\/","logo":{"@type":"ImageObject","inLanguage":"pt-BR","@id":"https:\/\/bahiaeconomica.com.br\/wp\/#\/schema\/logo\/image\/","url":"https:\/\/bahiaeconomica.com.br\/wp\/wp-content\/uploads\/2020\/12\/cropped-BE.png","contentUrl":"https:\/\/bahiaeconomica.com.br\/wp\/wp-content\/uploads\/2020\/12\/cropped-BE.png","width":512,"height":512,"caption":"Bahia Econ\u00f4mica"},"image":{"@id":"https:\/\/bahiaeconomica.com.br\/wp\/#\/schema\/logo\/image\/"},"sameAs":["https:\/\/www.facebook.com\/bahiaeconomica"]},{"@type":"Person","@id":"https:\/\/bahiaeconomica.com.br\/wp\/#\/schema\/person\/18273ac0fe04bfd4e7b101bf17d40152","name":"LUIZA NASCIMENTO","sameAs":["http:\/\/www.bahiaeconomica.com.br"],"url":"https:\/\/bahiaeconomica.com.br\/wp\/author\/luiza-nascimento\/"}]}},"views":8,"_links":{"self":[{"href":"https:\/\/bahiaeconomica.com.br\/wp\/wp-json\/wp\/v2\/posts\/943465"}],"collection":[{"href":"https:\/\/bahiaeconomica.com.br\/wp\/wp-json\/wp\/v2\/posts"}],"about":[{"href":"https:\/\/bahiaeconomica.com.br\/wp\/wp-json\/wp\/v2\/types\/post"}],"author":[{"embeddable":true,"href":"https:\/\/bahiaeconomica.com.br\/wp\/wp-json\/wp\/v2\/users\/16"}],"replies":[{"embeddable":true,"href":"https:\/\/bahiaeconomica.com.br\/wp\/wp-json\/wp\/v2\/comments?post=943465"}],"version-history":[{"count":1,"href":"https:\/\/bahiaeconomica.com.br\/wp\/wp-json\/wp\/v2\/posts\/943465\/revisions"}],"predecessor-version":[{"id":943489,"href":"https:\/\/bahiaeconomica.com.br\/wp\/wp-json\/wp\/v2\/posts\/943465\/revisions\/943489"}],"wp:featuredmedia":[{"embeddable":true,"href":"https:\/\/bahiaeconomica.com.br\/wp\/wp-json\/wp\/v2\/media\/943466"}],"wp:attachment":[{"href":"https:\/\/bahiaeconomica.com.br\/wp\/wp-json\/wp\/v2\/media?parent=943465"}],"wp:term":[{"taxonomy":"category","embeddable":true,"href":"https:\/\/bahiaeconomica.com.br\/wp\/wp-json\/wp\/v2\/categories?post=943465"},{"taxonomy":"post_tag","embeddable":true,"href":"https:\/\/bahiaeconomica.com.br\/wp\/wp-json\/wp\/v2\/tags?post=943465"}],"curies":[{"name":"wp","href":"https:\/\/api.w.org\/{rel}","templated":true}]}}