{"id":943163,"date":"2025-10-14T09:20:40","date_gmt":"2025-10-14T12:20:40","guid":{"rendered":"https:\/\/bahiaeconomica.com.br\/wp\/?p=943163"},"modified":"2025-10-14T08:39:27","modified_gmt":"2025-10-14T11:39:27","slug":"praca-iluminada-marca-campanha-do-outubro-rosa-na-litoral-norte","status":"publish","type":"post","link":"https:\/\/bahiaeconomica.com.br\/wp\/2025\/10\/14\/praca-iluminada-marca-campanha-do-outubro-rosa-na-litoral-norte\/","title":{"rendered":"PRA\u00c7A ILUMINADA MARCA CAMPANHA DO OUTUBRO ROSA NA LITORAL NORTE"},"content":{"rendered":"<p>O c\u00e2ncer de mama \u00e9 o tipo que tem maior incid\u00eancia entre mulheres no Brasil. Segundo o Instituto Nacional de C\u00e2ncer (Inca), o pa\u00eds deve registrar 73.610 novos casos da doen\u00e7a em 2025. Na Bahia, a estimativa \u00e9 de 4.230 novas incid\u00eancias neste ano. Em 2024, foram registradas 1.349 mortes e 5.259 interna\u00e7\u00f5es por c\u00e2ncer de mama no estado, conforme a Secretaria de Sa\u00fade (Sesab). Para chamar aten\u00e7\u00e3o sobre a import\u00e2ncia da preven\u00e7\u00e3o, a concession\u00e1ria Litoral Norte iluminou sua pra\u00e7a de ped\u00e1gio da BA-099 em ades\u00e3o ao Outubro Rosa, campanha nacional de conscientiza\u00e7\u00e3o sobre o diagn\u00f3stico precoce da doen\u00e7a. A empresa tamb\u00e9m promove mobiliza\u00e7\u00e3o interna com os colaboradores para incentivar a realiza\u00e7\u00e3o do autoexame e o acompanhamento m\u00e9dico. Estudo publicado este m\u00eas pelo Minist\u00e9rio da Sa\u00fade refor\u00e7a que o diagn\u00f3stico precoce reduz a mortalidade, especialmente entre mulheres de 40 a 49 anos. A mamografia \u00e9 recomendada a partir dos 40 anos para rastreamento preventivo pelo SUS. Quando identificado em fase inicial, o c\u00e2ncer de mama tem 95% de chance de cura.<\/p>\n<p>Divulga\u00e7\u00e3o Monte Rodovias<\/p>\n","protected":false},"excerpt":{"rendered":"<p>O c\u00e2ncer de mama \u00e9 o tipo que tem maior incid\u00eancia entre mulheres no Brasil. Segundo o Instituto Nacional de C\u00e2ncer (Inca), o pa\u00eds deve registrar 73.610 novos casos da doen\u00e7a em 2025. Na Bahia, a estimativa \u00e9 de 4.230 novas incid\u00eancias neste ano. Em 2024, foram registradas 1.349 mortes e 5.259 interna\u00e7\u00f5es por c\u00e2ncer [&hellip;]<\/p>\n","protected":false},"author":8,"featured_media":943164,"comment_status":"closed","ping_status":"closed","sticky":false,"template":"","format":"standard","meta":[],"categories":[5],"tags":[100,2626],"acf":[],"yoast_head":"<!-- This site is optimized with the Yoast SEO plugin v20.8 - https:\/\/yoast.com\/wordpress\/plugins\/seo\/ -->\n<title>PRA\u00c7A ILUMINADA MARCA CAMPANHA DO OUTUBRO ROSA NA LITORAL NORTE - Bahia Economica<\/title>\n<meta name=\"description\" content=\"O maior portal de Economia da Bahia MUNIC\u00cdPIOS Bahia Economica\" \/>\n<meta name=\"robots\" content=\"index, follow, max-snippet:-1, max-image-preview:large, max-video-preview:-1\" \/>\n<link rel=\"canonical\" href=\"https:\/\/bahiaeconomica.com.br\/wp\/2025\/10\/14\/praca-iluminada-marca-campanha-do-outubro-rosa-na-litoral-norte\/\" \/>\n<meta property=\"og:locale\" content=\"pt_BR\" \/>\n<meta property=\"og:type\" content=\"article\" \/>\n<meta property=\"og:title\" content=\"PRA\u00c7A ILUMINADA MARCA CAMPANHA DO OUTUBRO ROSA NA LITORAL NORTE - Bahia Economica\" \/>\n<meta property=\"og:description\" content=\"O maior portal de Economia da Bahia MUNIC\u00cdPIOS Bahia Economica\" \/>\n<meta property=\"og:url\" content=\"https:\/\/bahiaeconomica.com.br\/wp\/2025\/10\/14\/praca-iluminada-marca-campanha-do-outubro-rosa-na-litoral-norte\/\" \/>\n<meta property=\"og:site_name\" content=\"Bahia Economica\" \/>\n<meta property=\"article:publisher\" content=\"https:\/\/www.facebook.com\/bahiaeconomica\" \/>\n<meta property=\"article:published_time\" content=\"2025-10-14T12:20:40+00:00\" \/>\n<meta property=\"article:modified_time\" content=\"2025-10-14T11:39:27+00:00\" \/>\n<meta property=\"og:image\" content=\"https:\/\/bahiaeconomica.com.br\/wp\/wp-content\/uploads\/2025\/10\/WhatsApp-Image-2025-10-13-at-16.08.35.jpeg\" \/>\n\t<meta property=\"og:image:width\" content=\"1280\" \/>\n\t<meta property=\"og:image:height\" content=\"959\" \/>\n\t<meta property=\"og:image:type\" content=\"image\/jpeg\" \/>\n<meta name=\"author\" content=\"JP\" \/>\n<meta name=\"twitter:card\" content=\"summary_large_image\" \/>\n<meta name=\"twitter:label1\" content=\"Escrito por\" \/>\n\t<meta name=\"twitter:data1\" content=\"JP\" \/>\n\t<meta name=\"twitter:label2\" content=\"Est. tempo de leitura\" \/>\n\t<meta name=\"twitter:data2\" content=\"1 minuto\" \/>\n<script type=\"application\/ld+json\" class=\"yoast-schema-graph\">{\"@context\":\"https:\/\/schema.org\",\"@graph\":[{\"@type\":\"Article\",\"@id\":\"https:\/\/bahiaeconomica.com.br\/wp\/2025\/10\/14\/praca-iluminada-marca-campanha-do-outubro-rosa-na-litoral-norte\/#article\",\"isPartOf\":{\"@id\":\"https:\/\/bahiaeconomica.com.br\/wp\/2025\/10\/14\/praca-iluminada-marca-campanha-do-outubro-rosa-na-litoral-norte\/\"},\"author\":{\"name\":\"JP\",\"@id\":\"https:\/\/bahiaeconomica.com.br\/wp\/#\/schema\/person\/c86d3a3f8960425a0f9d0e5245991f4e\"},\"headline\":\"PRA\u00c7A ILUMINADA MARCA CAMPANHA DO OUTUBRO ROSA NA LITORAL NORTE\",\"datePublished\":\"2025-10-14T12:20:40+00:00\",\"dateModified\":\"2025-10-14T11:39:27+00:00\",\"mainEntityOfPage\":{\"@id\":\"https:\/\/bahiaeconomica.com.br\/wp\/2025\/10\/14\/praca-iluminada-marca-campanha-do-outubro-rosa-na-litoral-norte\/\"},\"wordCount\":202,\"publisher\":{\"@id\":\"https:\/\/bahiaeconomica.com.br\/wp\/#organization\"},\"keywords\":[\"Pol\u00edtica\",\"rodovias\"],\"articleSection\":[\"MUNIC\u00cdPIOS\"],\"inLanguage\":\"pt-BR\"},{\"@type\":\"WebPage\",\"@id\":\"https:\/\/bahiaeconomica.com.br\/wp\/2025\/10\/14\/praca-iluminada-marca-campanha-do-outubro-rosa-na-litoral-norte\/\",\"url\":\"https:\/\/bahiaeconomica.com.br\/wp\/2025\/10\/14\/praca-iluminada-marca-campanha-do-outubro-rosa-na-litoral-norte\/\",\"name\":\"PRA\u00c7A ILUMINADA MARCA CAMPANHA DO OUTUBRO ROSA NA LITORAL NORTE - Bahia Economica\",\"isPartOf\":{\"@id\":\"https:\/\/bahiaeconomica.com.br\/wp\/#website\"},\"datePublished\":\"2025-10-14T12:20:40+00:00\",\"dateModified\":\"2025-10-14T11:39:27+00:00\",\"description\":\"O maior portal de Economia da Bahia MUNIC\u00cdPIOS Bahia Economica\",\"breadcrumb\":{\"@id\":\"https:\/\/bahiaeconomica.com.br\/wp\/2025\/10\/14\/praca-iluminada-marca-campanha-do-outubro-rosa-na-litoral-norte\/#breadcrumb\"},\"inLanguage\":\"pt-BR\",\"potentialAction\":[{\"@type\":\"ReadAction\",\"target\":[\"https:\/\/bahiaeconomica.com.br\/wp\/2025\/10\/14\/praca-iluminada-marca-campanha-do-outubro-rosa-na-litoral-norte\/\"]}]},{\"@type\":\"BreadcrumbList\",\"@id\":\"https:\/\/bahiaeconomica.com.br\/wp\/2025\/10\/14\/praca-iluminada-marca-campanha-do-outubro-rosa-na-litoral-norte\/#breadcrumb\",\"itemListElement\":[{\"@type\":\"ListItem\",\"position\":1,\"name\":\"In\u00edcio\",\"item\":\"https:\/\/bahiaeconomica.com.br\/wp\/\"},{\"@type\":\"ListItem\",\"position\":2,\"name\":\"PRA\u00c7A ILUMINADA MARCA CAMPANHA DO OUTUBRO ROSA NA LITORAL NORTE\"}]},{\"@type\":\"WebSite\",\"@id\":\"https:\/\/bahiaeconomica.com.br\/wp\/#website\",\"url\":\"https:\/\/bahiaeconomica.com.br\/wp\/\",\"name\":\"Bahia Economica\",\"description\":\"O maior portal de Economia da Bahia\",\"publisher\":{\"@id\":\"https:\/\/bahiaeconomica.com.br\/wp\/#organization\"},\"potentialAction\":[{\"@type\":\"SearchAction\",\"target\":{\"@type\":\"EntryPoint\",\"urlTemplate\":\"https:\/\/bahiaeconomica.com.br\/wp\/?s={search_term_string}\"},\"query-input\":\"required name=search_term_string\"}],\"inLanguage\":\"pt-BR\"},{\"@type\":\"Organization\",\"@id\":\"https:\/\/bahiaeconomica.com.br\/wp\/#organization\",\"name\":\"Bahia Econ\u00f4mica\",\"url\":\"https:\/\/bahiaeconomica.com.br\/wp\/\",\"logo\":{\"@type\":\"ImageObject\",\"inLanguage\":\"pt-BR\",\"@id\":\"https:\/\/bahiaeconomica.com.br\/wp\/#\/schema\/logo\/image\/\",\"url\":\"https:\/\/bahiaeconomica.com.br\/wp\/wp-content\/uploads\/2020\/12\/cropped-BE.png\",\"contentUrl\":\"https:\/\/bahiaeconomica.com.br\/wp\/wp-content\/uploads\/2020\/12\/cropped-BE.png\",\"width\":512,\"height\":512,\"caption\":\"Bahia Econ\u00f4mica\"},\"image\":{\"@id\":\"https:\/\/bahiaeconomica.com.br\/wp\/#\/schema\/logo\/image\/\"},\"sameAs\":[\"https:\/\/www.facebook.com\/bahiaeconomica\"]},{\"@type\":\"Person\",\"@id\":\"https:\/\/bahiaeconomica.com.br\/wp\/#\/schema\/person\/c86d3a3f8960425a0f9d0e5245991f4e\",\"name\":\"JP\",\"sameAs\":[\"https:\/\/bahiaeconomica.com.br\/wp\/beta\/\"],\"url\":\"https:\/\/bahiaeconomica.com.br\/wp\/author\/jp\/\"}]}<\/script>\n<!-- \/ Yoast SEO plugin. -->","yoast_head_json":{"title":"PRA\u00c7A ILUMINADA MARCA CAMPANHA DO OUTUBRO ROSA NA LITORAL NORTE - Bahia Economica","description":"O maior portal de Economia da Bahia MUNIC\u00cdPIOS Bahia Economica","robots":{"index":"index","follow":"follow","max-snippet":"max-snippet:-1","max-image-preview":"max-image-preview:large","max-video-preview":"max-video-preview:-1"},"canonical":"https:\/\/bahiaeconomica.com.br\/wp\/2025\/10\/14\/praca-iluminada-marca-campanha-do-outubro-rosa-na-litoral-norte\/","og_locale":"pt_BR","og_type":"article","og_title":"PRA\u00c7A ILUMINADA MARCA CAMPANHA DO OUTUBRO ROSA NA LITORAL NORTE - Bahia Economica","og_description":"O maior portal de Economia da Bahia MUNIC\u00cdPIOS Bahia Economica","og_url":"https:\/\/bahiaeconomica.com.br\/wp\/2025\/10\/14\/praca-iluminada-marca-campanha-do-outubro-rosa-na-litoral-norte\/","og_site_name":"Bahia Economica","article_publisher":"https:\/\/www.facebook.com\/bahiaeconomica","article_published_time":"2025-10-14T12:20:40+00:00","article_modified_time":"2025-10-14T11:39:27+00:00","og_image":[{"width":1280,"height":959,"url":"https:\/\/bahiaeconomica.com.br\/wp\/wp-content\/uploads\/2025\/10\/WhatsApp-Image-2025-10-13-at-16.08.35.jpeg","type":"image\/jpeg"}],"author":"JP","twitter_card":"summary_large_image","twitter_misc":{"Escrito por":"JP","Est. tempo de leitura":"1 minuto"},"schema":{"@context":"https:\/\/schema.org","@graph":[{"@type":"Article","@id":"https:\/\/bahiaeconomica.com.br\/wp\/2025\/10\/14\/praca-iluminada-marca-campanha-do-outubro-rosa-na-litoral-norte\/#article","isPartOf":{"@id":"https:\/\/bahiaeconomica.com.br\/wp\/2025\/10\/14\/praca-iluminada-marca-campanha-do-outubro-rosa-na-litoral-norte\/"},"author":{"name":"JP","@id":"https:\/\/bahiaeconomica.com.br\/wp\/#\/schema\/person\/c86d3a3f8960425a0f9d0e5245991f4e"},"headline":"PRA\u00c7A ILUMINADA MARCA CAMPANHA DO OUTUBRO ROSA NA LITORAL NORTE","datePublished":"2025-10-14T12:20:40+00:00","dateModified":"2025-10-14T11:39:27+00:00","mainEntityOfPage":{"@id":"https:\/\/bahiaeconomica.com.br\/wp\/2025\/10\/14\/praca-iluminada-marca-campanha-do-outubro-rosa-na-litoral-norte\/"},"wordCount":202,"publisher":{"@id":"https:\/\/bahiaeconomica.com.br\/wp\/#organization"},"keywords":["Pol\u00edtica","rodovias"],"articleSection":["MUNIC\u00cdPIOS"],"inLanguage":"pt-BR"},{"@type":"WebPage","@id":"https:\/\/bahiaeconomica.com.br\/wp\/2025\/10\/14\/praca-iluminada-marca-campanha-do-outubro-rosa-na-litoral-norte\/","url":"https:\/\/bahiaeconomica.com.br\/wp\/2025\/10\/14\/praca-iluminada-marca-campanha-do-outubro-rosa-na-litoral-norte\/","name":"PRA\u00c7A ILUMINADA MARCA CAMPANHA DO OUTUBRO ROSA NA LITORAL NORTE - Bahia Economica","isPartOf":{"@id":"https:\/\/bahiaeconomica.com.br\/wp\/#website"},"datePublished":"2025-10-14T12:20:40+00:00","dateModified":"2025-10-14T11:39:27+00:00","description":"O maior portal de Economia da Bahia MUNIC\u00cdPIOS Bahia Economica","breadcrumb":{"@id":"https:\/\/bahiaeconomica.com.br\/wp\/2025\/10\/14\/praca-iluminada-marca-campanha-do-outubro-rosa-na-litoral-norte\/#breadcrumb"},"inLanguage":"pt-BR","potentialAction":[{"@type":"ReadAction","target":["https:\/\/bahiaeconomica.com.br\/wp\/2025\/10\/14\/praca-iluminada-marca-campanha-do-outubro-rosa-na-litoral-norte\/"]}]},{"@type":"BreadcrumbList","@id":"https:\/\/bahiaeconomica.com.br\/wp\/2025\/10\/14\/praca-iluminada-marca-campanha-do-outubro-rosa-na-litoral-norte\/#breadcrumb","itemListElement":[{"@type":"ListItem","position":1,"name":"In\u00edcio","item":"https:\/\/bahiaeconomica.com.br\/wp\/"},{"@type":"ListItem","position":2,"name":"PRA\u00c7A ILUMINADA MARCA CAMPANHA DO OUTUBRO ROSA NA LITORAL NORTE"}]},{"@type":"WebSite","@id":"https:\/\/bahiaeconomica.com.br\/wp\/#website","url":"https:\/\/bahiaeconomica.com.br\/wp\/","name":"Bahia Economica","description":"O maior portal de Economia da Bahia","publisher":{"@id":"https:\/\/bahiaeconomica.com.br\/wp\/#organization"},"potentialAction":[{"@type":"SearchAction","target":{"@type":"EntryPoint","urlTemplate":"https:\/\/bahiaeconomica.com.br\/wp\/?s={search_term_string}"},"query-input":"required name=search_term_string"}],"inLanguage":"pt-BR"},{"@type":"Organization","@id":"https:\/\/bahiaeconomica.com.br\/wp\/#organization","name":"Bahia Econ\u00f4mica","url":"https:\/\/bahiaeconomica.com.br\/wp\/","logo":{"@type":"ImageObject","inLanguage":"pt-BR","@id":"https:\/\/bahiaeconomica.com.br\/wp\/#\/schema\/logo\/image\/","url":"https:\/\/bahiaeconomica.com.br\/wp\/wp-content\/uploads\/2020\/12\/cropped-BE.png","contentUrl":"https:\/\/bahiaeconomica.com.br\/wp\/wp-content\/uploads\/2020\/12\/cropped-BE.png","width":512,"height":512,"caption":"Bahia Econ\u00f4mica"},"image":{"@id":"https:\/\/bahiaeconomica.com.br\/wp\/#\/schema\/logo\/image\/"},"sameAs":["https:\/\/www.facebook.com\/bahiaeconomica"]},{"@type":"Person","@id":"https:\/\/bahiaeconomica.com.br\/wp\/#\/schema\/person\/c86d3a3f8960425a0f9d0e5245991f4e","name":"JP","sameAs":["https:\/\/bahiaeconomica.com.br\/wp\/beta\/"],"url":"https:\/\/bahiaeconomica.com.br\/wp\/author\/jp\/"}]}},"views":4,"_links":{"self":[{"href":"https:\/\/bahiaeconomica.com.br\/wp\/wp-json\/wp\/v2\/posts\/943163"}],"collection":[{"href":"https:\/\/bahiaeconomica.com.br\/wp\/wp-json\/wp\/v2\/posts"}],"about":[{"href":"https:\/\/bahiaeconomica.com.br\/wp\/wp-json\/wp\/v2\/types\/post"}],"author":[{"embeddable":true,"href":"https:\/\/bahiaeconomica.com.br\/wp\/wp-json\/wp\/v2\/users\/8"}],"replies":[{"embeddable":true,"href":"https:\/\/bahiaeconomica.com.br\/wp\/wp-json\/wp\/v2\/comments?post=943163"}],"version-history":[{"count":1,"href":"https:\/\/bahiaeconomica.com.br\/wp\/wp-json\/wp\/v2\/posts\/943163\/revisions"}],"predecessor-version":[{"id":943165,"href":"https:\/\/bahiaeconomica.com.br\/wp\/wp-json\/wp\/v2\/posts\/943163\/revisions\/943165"}],"wp:featuredmedia":[{"embeddable":true,"href":"https:\/\/bahiaeconomica.com.br\/wp\/wp-json\/wp\/v2\/media\/943164"}],"wp:attachment":[{"href":"https:\/\/bahiaeconomica.com.br\/wp\/wp-json\/wp\/v2\/media?parent=943163"}],"wp:term":[{"taxonomy":"category","embeddable":true,"href":"https:\/\/bahiaeconomica.com.br\/wp\/wp-json\/wp\/v2\/categories?post=943163"},{"taxonomy":"post_tag","embeddable":true,"href":"https:\/\/bahiaeconomica.com.br\/wp\/wp-json\/wp\/v2\/tags?post=943163"}],"curies":[{"name":"wp","href":"https:\/\/api.w.org\/{rel}","templated":true}]}}