{"id":942828,"date":"2025-10-13T09:08:19","date_gmt":"2025-10-13T12:08:19","guid":{"rendered":"https:\/\/bahiaeconomica.com.br\/wp\/?p=942828"},"modified":"2025-10-13T09:46:32","modified_gmt":"2025-10-13T12:46:32","slug":"tecnico-da-selecao-projeta-grupo-praticamente-fechado-para-a-copa-do-mundo-de-2026","status":"publish","type":"post","link":"https:\/\/bahiaeconomica.com.br\/wp\/2025\/10\/13\/tecnico-da-selecao-projeta-grupo-praticamente-fechado-para-a-copa-do-mundo-de-2026\/","title":{"rendered":"TECNICO DA SELE\u00c7\u00c3O  PROJETA GRUPO PRATICAMENTE FECHADO PARA A COPA DO MUNDO DE 2026"},"content":{"rendered":"<p>Desde que assumiu o comando da Sele\u00e7\u00e3o Brasileira, Carlo Ancelotti tem promovido uma transforma\u00e7\u00e3o significativa no estilo de jogo e na estrutura da equipe. Sob seu comando o Brasil tem quatro partidas com duas vit\u00f3rias um empate e uma derrota. Conhecido por sua abordagem equilibrada e sua habilidade em extrair o melhor de grandes talentos, o t\u00e9cnico italiano vem trabalhando para resgatar o esp\u00edrito ofensivo e criativo que sempre marcou o futebol brasileiro, mas com uma nova roupagem t\u00e1tica e disciplina europeia.<\/p>\n<p>Sob sua lideran\u00e7a, o chamado &#8220;jogo bonito&#8221; ganha contornos mais modernos: posse de bola com objetividade, press\u00e3o alta coordenada e movimenta\u00e7\u00e3o ofensiva inteligente. Ancelotti n\u00e3o abre m\u00e3o da t\u00e9cnica individual, marca registrada do Brasil, mas tem exigido maior comprometimento coletivo, tanto na marca\u00e7\u00e3o quanto na constru\u00e7\u00e3o de jogadas.<\/p>\n<p>A adapta\u00e7\u00e3o dos jogadores ao novo modelo tem sido r\u00e1pida. O entrosamento tem sido prioridade nos amistosos e nas Eliminat\u00f3rias, e os resultados em campo j\u00e1 come\u00e7am a refletir a nova filosofia<\/p>\n<p>Em entrevistas recentes, Ancelotti deixou claro que pretende ter o grupo praticamente fechado para a Copa do Mundo j\u00e1 em mar\u00e7o de 2026. A ideia \u00e9 aproveitar ao m\u00e1ximo as Datas FIFA at\u00e9 l\u00e1 para consolidar a equipe titular, definir alternativas t\u00e1ticas e criar um ambiente de confian\u00e7a entre os convocados.<\/p>\n<p data-start=\"1904\" data-end=\"2225\">Com a experi\u00eancia de quem j\u00e1 conquistou quatro t\u00edtulos da Liga dos Campe\u00f5es e treinou alguns dos maiores nomes do futebol mundial, Ancelotti busca agora deixar seu nome marcado tamb\u00e9m na hist\u00f3ria da Sele\u00e7\u00e3o Brasileira \u2014 n\u00e3o apenas pelos resultados, mas por devolver ao time uma identidade que mistura tradi\u00e7\u00e3o e inova\u00e7\u00e3o.<\/p>\n<p data-start=\"1904\" data-end=\"2225\">Foto:\u00a0<b>Rafael Ribeiro\/CBF<\/b><\/p>\n","protected":false},"excerpt":{"rendered":"<p>Desde que assumiu o comando da Sele\u00e7\u00e3o Brasileira, Carlo Ancelotti tem promovido uma transforma\u00e7\u00e3o significativa no estilo de jogo e na estrutura da equipe. Sob seu comando o Brasil tem quatro partidas com duas vit\u00f3rias um empate e uma derrota. Conhecido por sua abordagem equilibrada e sua habilidade em extrair o melhor de grandes talentos, [&hellip;]<\/p>\n","protected":false},"author":30,"featured_media":942845,"comment_status":"closed","ping_status":"closed","sticky":false,"template":"","format":"standard","meta":[],"categories":[4486],"tags":[24768,11115,52,843,41709,5409],"acf":[],"yoast_head":"<!-- This site is optimized with the Yoast SEO plugin v20.8 - https:\/\/yoast.com\/wordpress\/plugins\/seo\/ -->\n<title>TECNICO DA SELE\u00c7\u00c3O PROJETA GRUPO PRATICAMENTE FECHADO PARA A COPA DO MUNDO DE 2026 - Bahia Economica<\/title>\n<meta name=\"description\" content=\"O maior portal de Economia da Bahia Esporte Bahia Economica Desde que assumiu o comando da Sele\u00e7\u00e3o Brasileira, Carlo Ancelotti\" \/>\n<meta name=\"robots\" content=\"index, follow, max-snippet:-1, max-image-preview:large, max-video-preview:-1\" \/>\n<link rel=\"canonical\" href=\"https:\/\/bahiaeconomica.com.br\/wp\/2025\/10\/13\/tecnico-da-selecao-projeta-grupo-praticamente-fechado-para-a-copa-do-mundo-de-2026\/\" \/>\n<meta property=\"og:locale\" content=\"pt_BR\" \/>\n<meta property=\"og:type\" content=\"article\" \/>\n<meta property=\"og:title\" content=\"TECNICO DA SELE\u00c7\u00c3O PROJETA GRUPO PRATICAMENTE FECHADO PARA A COPA DO MUNDO DE 2026 - Bahia Economica\" \/>\n<meta property=\"og:description\" content=\"O maior portal de Economia da Bahia Esporte Bahia Economica Desde que assumiu o comando da Sele\u00e7\u00e3o Brasileira, Carlo Ancelotti\" \/>\n<meta property=\"og:url\" content=\"https:\/\/bahiaeconomica.com.br\/wp\/2025\/10\/13\/tecnico-da-selecao-projeta-grupo-praticamente-fechado-para-a-copa-do-mundo-de-2026\/\" \/>\n<meta property=\"og:site_name\" content=\"Bahia Economica\" \/>\n<meta property=\"article:publisher\" content=\"https:\/\/www.facebook.com\/bahiaeconomica\" \/>\n<meta property=\"article:published_time\" content=\"2025-10-13T12:08:19+00:00\" \/>\n<meta property=\"article:modified_time\" content=\"2025-10-13T12:46:32+00:00\" \/>\n<meta property=\"og:image\" content=\"https:\/\/bahiaeconomica.com.br\/wp\/wp-content\/uploads\/2025\/10\/170697carlo-ancelotti-lanca-biografia-e-relembra-atrito-com-rivaldo-no-milan-eu-era-o-chefe-e-tive-de-lembra-lo-disso-3.jpg\" \/>\n\t<meta property=\"og:image:width\" content=\"1600\" \/>\n\t<meta property=\"og:image:height\" content=\"752\" \/>\n\t<meta property=\"og:image:type\" content=\"image\/jpeg\" \/>\n<meta name=\"author\" content=\"Igor Lima\" \/>\n<meta name=\"twitter:card\" content=\"summary_large_image\" \/>\n<meta name=\"twitter:label1\" content=\"Escrito por\" \/>\n\t<meta name=\"twitter:data1\" content=\"Igor Lima\" \/>\n\t<meta name=\"twitter:label2\" content=\"Est. tempo de leitura\" \/>\n\t<meta name=\"twitter:data2\" content=\"2 minutos\" \/>\n<script type=\"application\/ld+json\" class=\"yoast-schema-graph\">{\"@context\":\"https:\/\/schema.org\",\"@graph\":[{\"@type\":\"Article\",\"@id\":\"https:\/\/bahiaeconomica.com.br\/wp\/2025\/10\/13\/tecnico-da-selecao-projeta-grupo-praticamente-fechado-para-a-copa-do-mundo-de-2026\/#article\",\"isPartOf\":{\"@id\":\"https:\/\/bahiaeconomica.com.br\/wp\/2025\/10\/13\/tecnico-da-selecao-projeta-grupo-praticamente-fechado-para-a-copa-do-mundo-de-2026\/\"},\"author\":{\"name\":\"Igor Lima\",\"@id\":\"https:\/\/bahiaeconomica.com.br\/wp\/#\/schema\/person\/23d69cf5269928c69c6577aa8c98e537\"},\"headline\":\"TECNICO DA SELE\u00c7\u00c3O PROJETA GRUPO PRATICAMENTE FECHADO PARA A COPA DO MUNDO DE 2026\",\"datePublished\":\"2025-10-13T12:08:19+00:00\",\"dateModified\":\"2025-10-13T12:46:32+00:00\",\"mainEntityOfPage\":{\"@id\":\"https:\/\/bahiaeconomica.com.br\/wp\/2025\/10\/13\/tecnico-da-selecao-projeta-grupo-praticamente-fechado-para-a-copa-do-mundo-de-2026\/\"},\"wordCount\":311,\"publisher\":{\"@id\":\"https:\/\/bahiaeconomica.com.br\/wp\/#organization\"},\"keywords\":[\"ancellotti\",\"bonito\",\"Brasil\",\"jogo\",\"tatica\",\"treinador\"],\"articleSection\":[\"Esporte\"],\"inLanguage\":\"pt-BR\"},{\"@type\":\"WebPage\",\"@id\":\"https:\/\/bahiaeconomica.com.br\/wp\/2025\/10\/13\/tecnico-da-selecao-projeta-grupo-praticamente-fechado-para-a-copa-do-mundo-de-2026\/\",\"url\":\"https:\/\/bahiaeconomica.com.br\/wp\/2025\/10\/13\/tecnico-da-selecao-projeta-grupo-praticamente-fechado-para-a-copa-do-mundo-de-2026\/\",\"name\":\"TECNICO DA SELE\u00c7\u00c3O PROJETA GRUPO PRATICAMENTE FECHADO PARA A COPA DO MUNDO DE 2026 - Bahia Economica\",\"isPartOf\":{\"@id\":\"https:\/\/bahiaeconomica.com.br\/wp\/#website\"},\"datePublished\":\"2025-10-13T12:08:19+00:00\",\"dateModified\":\"2025-10-13T12:46:32+00:00\",\"description\":\"O maior portal de Economia da Bahia Esporte Bahia Economica Desde que assumiu o comando da Sele\u00e7\u00e3o Brasileira, Carlo Ancelotti\",\"breadcrumb\":{\"@id\":\"https:\/\/bahiaeconomica.com.br\/wp\/2025\/10\/13\/tecnico-da-selecao-projeta-grupo-praticamente-fechado-para-a-copa-do-mundo-de-2026\/#breadcrumb\"},\"inLanguage\":\"pt-BR\",\"potentialAction\":[{\"@type\":\"ReadAction\",\"target\":[\"https:\/\/bahiaeconomica.com.br\/wp\/2025\/10\/13\/tecnico-da-selecao-projeta-grupo-praticamente-fechado-para-a-copa-do-mundo-de-2026\/\"]}]},{\"@type\":\"BreadcrumbList\",\"@id\":\"https:\/\/bahiaeconomica.com.br\/wp\/2025\/10\/13\/tecnico-da-selecao-projeta-grupo-praticamente-fechado-para-a-copa-do-mundo-de-2026\/#breadcrumb\",\"itemListElement\":[{\"@type\":\"ListItem\",\"position\":1,\"name\":\"In\u00edcio\",\"item\":\"https:\/\/bahiaeconomica.com.br\/wp\/\"},{\"@type\":\"ListItem\",\"position\":2,\"name\":\"TECNICO DA SELE\u00c7\u00c3O PROJETA GRUPO PRATICAMENTE FECHADO PARA A COPA DO MUNDO DE 2026\"}]},{\"@type\":\"WebSite\",\"@id\":\"https:\/\/bahiaeconomica.com.br\/wp\/#website\",\"url\":\"https:\/\/bahiaeconomica.com.br\/wp\/\",\"name\":\"Bahia Economica\",\"description\":\"O maior portal de Economia da Bahia\",\"publisher\":{\"@id\":\"https:\/\/bahiaeconomica.com.br\/wp\/#organization\"},\"potentialAction\":[{\"@type\":\"SearchAction\",\"target\":{\"@type\":\"EntryPoint\",\"urlTemplate\":\"https:\/\/bahiaeconomica.com.br\/wp\/?s={search_term_string}\"},\"query-input\":\"required name=search_term_string\"}],\"inLanguage\":\"pt-BR\"},{\"@type\":\"Organization\",\"@id\":\"https:\/\/bahiaeconomica.com.br\/wp\/#organization\",\"name\":\"Bahia Econ\u00f4mica\",\"url\":\"https:\/\/bahiaeconomica.com.br\/wp\/\",\"logo\":{\"@type\":\"ImageObject\",\"inLanguage\":\"pt-BR\",\"@id\":\"https:\/\/bahiaeconomica.com.br\/wp\/#\/schema\/logo\/image\/\",\"url\":\"https:\/\/bahiaeconomica.com.br\/wp\/wp-content\/uploads\/2020\/12\/cropped-BE.png\",\"contentUrl\":\"https:\/\/bahiaeconomica.com.br\/wp\/wp-content\/uploads\/2020\/12\/cropped-BE.png\",\"width\":512,\"height\":512,\"caption\":\"Bahia Econ\u00f4mica\"},\"image\":{\"@id\":\"https:\/\/bahiaeconomica.com.br\/wp\/#\/schema\/logo\/image\/\"},\"sameAs\":[\"https:\/\/www.facebook.com\/bahiaeconomica\"]},{\"@type\":\"Person\",\"@id\":\"https:\/\/bahiaeconomica.com.br\/wp\/#\/schema\/person\/23d69cf5269928c69c6577aa8c98e537\",\"name\":\"Igor Lima\",\"sameAs\":[\"http:\/\/www.bahiaeconomica.com.br\"],\"url\":\"https:\/\/bahiaeconomica.com.br\/wp\/author\/igor-lima\/\"}]}<\/script>\n<!-- \/ Yoast SEO plugin. -->","yoast_head_json":{"title":"TECNICO DA SELE\u00c7\u00c3O PROJETA GRUPO PRATICAMENTE FECHADO PARA A COPA DO MUNDO DE 2026 - Bahia Economica","description":"O maior portal de Economia da Bahia Esporte Bahia Economica Desde que assumiu o comando da Sele\u00e7\u00e3o Brasileira, Carlo Ancelotti","robots":{"index":"index","follow":"follow","max-snippet":"max-snippet:-1","max-image-preview":"max-image-preview:large","max-video-preview":"max-video-preview:-1"},"canonical":"https:\/\/bahiaeconomica.com.br\/wp\/2025\/10\/13\/tecnico-da-selecao-projeta-grupo-praticamente-fechado-para-a-copa-do-mundo-de-2026\/","og_locale":"pt_BR","og_type":"article","og_title":"TECNICO DA SELE\u00c7\u00c3O PROJETA GRUPO PRATICAMENTE FECHADO PARA A COPA DO MUNDO DE 2026 - Bahia Economica","og_description":"O maior portal de Economia da Bahia Esporte Bahia Economica Desde que assumiu o comando da Sele\u00e7\u00e3o Brasileira, Carlo Ancelotti","og_url":"https:\/\/bahiaeconomica.com.br\/wp\/2025\/10\/13\/tecnico-da-selecao-projeta-grupo-praticamente-fechado-para-a-copa-do-mundo-de-2026\/","og_site_name":"Bahia Economica","article_publisher":"https:\/\/www.facebook.com\/bahiaeconomica","article_published_time":"2025-10-13T12:08:19+00:00","article_modified_time":"2025-10-13T12:46:32+00:00","og_image":[{"width":1600,"height":752,"url":"https:\/\/bahiaeconomica.com.br\/wp\/wp-content\/uploads\/2025\/10\/170697carlo-ancelotti-lanca-biografia-e-relembra-atrito-com-rivaldo-no-milan-eu-era-o-chefe-e-tive-de-lembra-lo-disso-3.jpg","type":"image\/jpeg"}],"author":"Igor Lima","twitter_card":"summary_large_image","twitter_misc":{"Escrito por":"Igor Lima","Est. tempo de leitura":"2 minutos"},"schema":{"@context":"https:\/\/schema.org","@graph":[{"@type":"Article","@id":"https:\/\/bahiaeconomica.com.br\/wp\/2025\/10\/13\/tecnico-da-selecao-projeta-grupo-praticamente-fechado-para-a-copa-do-mundo-de-2026\/#article","isPartOf":{"@id":"https:\/\/bahiaeconomica.com.br\/wp\/2025\/10\/13\/tecnico-da-selecao-projeta-grupo-praticamente-fechado-para-a-copa-do-mundo-de-2026\/"},"author":{"name":"Igor Lima","@id":"https:\/\/bahiaeconomica.com.br\/wp\/#\/schema\/person\/23d69cf5269928c69c6577aa8c98e537"},"headline":"TECNICO DA SELE\u00c7\u00c3O PROJETA GRUPO PRATICAMENTE FECHADO PARA A COPA DO MUNDO DE 2026","datePublished":"2025-10-13T12:08:19+00:00","dateModified":"2025-10-13T12:46:32+00:00","mainEntityOfPage":{"@id":"https:\/\/bahiaeconomica.com.br\/wp\/2025\/10\/13\/tecnico-da-selecao-projeta-grupo-praticamente-fechado-para-a-copa-do-mundo-de-2026\/"},"wordCount":311,"publisher":{"@id":"https:\/\/bahiaeconomica.com.br\/wp\/#organization"},"keywords":["ancellotti","bonito","Brasil","jogo","tatica","treinador"],"articleSection":["Esporte"],"inLanguage":"pt-BR"},{"@type":"WebPage","@id":"https:\/\/bahiaeconomica.com.br\/wp\/2025\/10\/13\/tecnico-da-selecao-projeta-grupo-praticamente-fechado-para-a-copa-do-mundo-de-2026\/","url":"https:\/\/bahiaeconomica.com.br\/wp\/2025\/10\/13\/tecnico-da-selecao-projeta-grupo-praticamente-fechado-para-a-copa-do-mundo-de-2026\/","name":"TECNICO DA SELE\u00c7\u00c3O PROJETA GRUPO PRATICAMENTE FECHADO PARA A COPA DO MUNDO DE 2026 - Bahia Economica","isPartOf":{"@id":"https:\/\/bahiaeconomica.com.br\/wp\/#website"},"datePublished":"2025-10-13T12:08:19+00:00","dateModified":"2025-10-13T12:46:32+00:00","description":"O maior portal de Economia da Bahia Esporte Bahia Economica Desde que assumiu o comando da Sele\u00e7\u00e3o Brasileira, Carlo Ancelotti","breadcrumb":{"@id":"https:\/\/bahiaeconomica.com.br\/wp\/2025\/10\/13\/tecnico-da-selecao-projeta-grupo-praticamente-fechado-para-a-copa-do-mundo-de-2026\/#breadcrumb"},"inLanguage":"pt-BR","potentialAction":[{"@type":"ReadAction","target":["https:\/\/bahiaeconomica.com.br\/wp\/2025\/10\/13\/tecnico-da-selecao-projeta-grupo-praticamente-fechado-para-a-copa-do-mundo-de-2026\/"]}]},{"@type":"BreadcrumbList","@id":"https:\/\/bahiaeconomica.com.br\/wp\/2025\/10\/13\/tecnico-da-selecao-projeta-grupo-praticamente-fechado-para-a-copa-do-mundo-de-2026\/#breadcrumb","itemListElement":[{"@type":"ListItem","position":1,"name":"In\u00edcio","item":"https:\/\/bahiaeconomica.com.br\/wp\/"},{"@type":"ListItem","position":2,"name":"TECNICO DA SELE\u00c7\u00c3O PROJETA GRUPO PRATICAMENTE FECHADO PARA A COPA DO MUNDO DE 2026"}]},{"@type":"WebSite","@id":"https:\/\/bahiaeconomica.com.br\/wp\/#website","url":"https:\/\/bahiaeconomica.com.br\/wp\/","name":"Bahia Economica","description":"O maior portal de Economia da Bahia","publisher":{"@id":"https:\/\/bahiaeconomica.com.br\/wp\/#organization"},"potentialAction":[{"@type":"SearchAction","target":{"@type":"EntryPoint","urlTemplate":"https:\/\/bahiaeconomica.com.br\/wp\/?s={search_term_string}"},"query-input":"required name=search_term_string"}],"inLanguage":"pt-BR"},{"@type":"Organization","@id":"https:\/\/bahiaeconomica.com.br\/wp\/#organization","name":"Bahia Econ\u00f4mica","url":"https:\/\/bahiaeconomica.com.br\/wp\/","logo":{"@type":"ImageObject","inLanguage":"pt-BR","@id":"https:\/\/bahiaeconomica.com.br\/wp\/#\/schema\/logo\/image\/","url":"https:\/\/bahiaeconomica.com.br\/wp\/wp-content\/uploads\/2020\/12\/cropped-BE.png","contentUrl":"https:\/\/bahiaeconomica.com.br\/wp\/wp-content\/uploads\/2020\/12\/cropped-BE.png","width":512,"height":512,"caption":"Bahia Econ\u00f4mica"},"image":{"@id":"https:\/\/bahiaeconomica.com.br\/wp\/#\/schema\/logo\/image\/"},"sameAs":["https:\/\/www.facebook.com\/bahiaeconomica"]},{"@type":"Person","@id":"https:\/\/bahiaeconomica.com.br\/wp\/#\/schema\/person\/23d69cf5269928c69c6577aa8c98e537","name":"Igor Lima","sameAs":["http:\/\/www.bahiaeconomica.com.br"],"url":"https:\/\/bahiaeconomica.com.br\/wp\/author\/igor-lima\/"}]}},"views":29,"_links":{"self":[{"href":"https:\/\/bahiaeconomica.com.br\/wp\/wp-json\/wp\/v2\/posts\/942828"}],"collection":[{"href":"https:\/\/bahiaeconomica.com.br\/wp\/wp-json\/wp\/v2\/posts"}],"about":[{"href":"https:\/\/bahiaeconomica.com.br\/wp\/wp-json\/wp\/v2\/types\/post"}],"author":[{"embeddable":true,"href":"https:\/\/bahiaeconomica.com.br\/wp\/wp-json\/wp\/v2\/users\/30"}],"replies":[{"embeddable":true,"href":"https:\/\/bahiaeconomica.com.br\/wp\/wp-json\/wp\/v2\/comments?post=942828"}],"version-history":[{"count":4,"href":"https:\/\/bahiaeconomica.com.br\/wp\/wp-json\/wp\/v2\/posts\/942828\/revisions"}],"predecessor-version":[{"id":942863,"href":"https:\/\/bahiaeconomica.com.br\/wp\/wp-json\/wp\/v2\/posts\/942828\/revisions\/942863"}],"wp:featuredmedia":[{"embeddable":true,"href":"https:\/\/bahiaeconomica.com.br\/wp\/wp-json\/wp\/v2\/media\/942845"}],"wp:attachment":[{"href":"https:\/\/bahiaeconomica.com.br\/wp\/wp-json\/wp\/v2\/media?parent=942828"}],"wp:term":[{"taxonomy":"category","embeddable":true,"href":"https:\/\/bahiaeconomica.com.br\/wp\/wp-json\/wp\/v2\/categories?post=942828"},{"taxonomy":"post_tag","embeddable":true,"href":"https:\/\/bahiaeconomica.com.br\/wp\/wp-json\/wp\/v2\/tags?post=942828"}],"curies":[{"name":"wp","href":"https:\/\/api.w.org\/{rel}","templated":true}]}}