{"id":942307,"date":"2025-10-09T15:00:40","date_gmt":"2025-10-09T18:00:40","guid":{"rendered":"https:\/\/bahiaeconomica.com.br\/wp\/?p=942307"},"modified":"2025-10-09T21:02:54","modified_gmt":"2025-10-10T00:02:54","slug":"medico-do-trabalho-descubra-a-importancia-do-profissional-que-cuida-da-saude-de-quem-move-as-empresas","status":"publish","type":"post","link":"https:\/\/bahiaeconomica.com.br\/wp\/2025\/10\/09\/medico-do-trabalho-descubra-a-importancia-do-profissional-que-cuida-da-saude-de-quem-move-as-empresas\/","title":{"rendered":"M\u00c9DICO DO TRABALHO: DESCUBRA A IMPORT\u00c2NCIA DO PROFISSIONAL QUE CUIDA DA SA\u00daDE DE QUEM MOVE AS EMPRESAS"},"content":{"rendered":"<p>Na Bahia, onde atividades como constru\u00e7\u00e3o civil, ind\u00fastria petroqu\u00edmica e agroneg\u00f3cio t\u00eam forte presen\u00e7a, a atua\u00e7\u00e3o do m\u00e9dico do trabalho \u00e9 fundamental para evitar altos \u00edndices de acidentes e doen\u00e7as ocupacionais. Segundo dados da Delegacia Sindical dos Auditores-Fiscais do Trabalho da Bahia (SINAIT DS\/BA), at\u00e9 o dia 16 de maio deste ano, o n\u00famero de acidentes de trabalho e adoecimentos notificados no estado ultrapassou seis mil casos, al\u00e9m de 38 mortes registradas no ambiente laboral.<\/p>\n<p>Por isso, a import\u00e2ncia desse profissional, uma especialidade m\u00e9dica ainda pouco conhecida fora do ambiente corporativo, mas fundamental para garantir a sa\u00fade f\u00edsica, mental e social dos trabalhadores. \u201cMuita gente n\u00e3o sabe, mas o m\u00e9dico do trabalho pode atuar em diversas frentes: empresas privadas, \u00f3rg\u00e3os p\u00fablicos, consultorias, per\u00edcias judiciais, auditorias e at\u00e9 em programas de reabilita\u00e7\u00e3o. Sua forma\u00e7\u00e3o exige n\u00e3o apenas a gradua\u00e7\u00e3o em Medicina, mas tamb\u00e9m uma especializa\u00e7\u00e3o com foco em legisla\u00e7\u00e3o trabalhista e sa\u00fade ocupacional. \u00c9 uma profiss\u00e3o que requer sensibilidade, t\u00e9cnica e vis\u00e3o sist\u00eamica. No fim das contas, cuidar do trabalhador \u00e9 cuidar da base que sustenta qualquer neg\u00f3cio\u201d, afirma Ana Paula Teixeira, m\u00e9dica do trabalho, consultora e escritora.<\/p>\n<p>Especialista em Sa\u00fade e Bem-estar, Ana Paula garante que o m\u00e9dico do trabalho \u00e9 o elo entre a sa\u00fade do colaborador e a produtividade das empresas. Ela conta que, quando atua de forma estrat\u00e9gica, consegue prevenir doen\u00e7as, reduzir afastamentos e melhorar o clima organizacional. Muito al\u00e9m dos tradicionais exames admissionais e demissionais, esse profissional acompanha o dia a dia dos trabalhadores, identifica riscos no ambiente laboral e prop\u00f5e melhorias para garantir um ambiente mais seguro e saud\u00e1vel.<\/p>\n<p>\u201cA miss\u00e3o do m\u00e9dico do trabalho \u00e9 promover sa\u00fade no sentido mais amplo. Ele precisa entender de ergonomia, psicologia, legisla\u00e7\u00e3o e at\u00e9 comportamento humano para fazer seu trabalho de forma completa\u201d, explica Ana Paula Teixeira. Ela ressalta ainda que, na pr\u00e1tica, esse profissional tamb\u00e9m atua junto aos gestores e Recursos Humanos na constru\u00e7\u00e3o de pol\u00edticas internas de sa\u00fade e bem-estar, al\u00e9m de contribuir com treinamentos e campanhas educativas.<\/p>\n","protected":false},"excerpt":{"rendered":"<p>Na Bahia, onde atividades como constru\u00e7\u00e3o civil, ind\u00fastria petroqu\u00edmica e agroneg\u00f3cio t\u00eam forte presen\u00e7a, a atua\u00e7\u00e3o do m\u00e9dico do trabalho \u00e9 fundamental para evitar altos \u00edndices de acidentes e doen\u00e7as ocupacionais. Segundo dados da Delegacia Sindical dos Auditores-Fiscais do Trabalho da Bahia (SINAIT DS\/BA), at\u00e9 o dia 16 de maio deste ano, o n\u00famero de [&hellip;]<\/p>\n","protected":false},"author":8,"featured_media":942308,"comment_status":"closed","ping_status":"closed","sticky":false,"template":"","format":"standard","meta":[],"categories":[5,21],"tags":[],"acf":[],"yoast_head":"<!-- This site is optimized with the Yoast SEO plugin v20.8 - https:\/\/yoast.com\/wordpress\/plugins\/seo\/ -->\n<title>M\u00c9DICO DO TRABALHO: DESCUBRA A IMPORT\u00c2NCIA DO PROFISSIONAL QUE CUIDA DA SA\u00daDE DE QUEM MOVE AS EMPRESAS - Bahia Economica<\/title>\n<meta name=\"description\" content=\"O maior portal de Economia da Bahia MUNIC\u00cdPIOS, Sa\u00fade \/ Educa\u00e7\u00e3o Bahia Economica\" \/>\n<meta name=\"robots\" content=\"index, follow, max-snippet:-1, max-image-preview:large, max-video-preview:-1\" \/>\n<link rel=\"canonical\" href=\"https:\/\/bahiaeconomica.com.br\/wp\/2025\/10\/09\/medico-do-trabalho-descubra-a-importancia-do-profissional-que-cuida-da-saude-de-quem-move-as-empresas\/\" \/>\n<meta property=\"og:locale\" content=\"pt_BR\" \/>\n<meta property=\"og:type\" content=\"article\" \/>\n<meta property=\"og:title\" content=\"M\u00c9DICO DO TRABALHO: DESCUBRA A IMPORT\u00c2NCIA DO PROFISSIONAL QUE CUIDA DA SA\u00daDE DE QUEM MOVE AS EMPRESAS - Bahia Economica\" \/>\n<meta property=\"og:description\" content=\"O maior portal de Economia da Bahia MUNIC\u00cdPIOS, Sa\u00fade \/ Educa\u00e7\u00e3o Bahia Economica\" \/>\n<meta property=\"og:url\" content=\"https:\/\/bahiaeconomica.com.br\/wp\/2025\/10\/09\/medico-do-trabalho-descubra-a-importancia-do-profissional-que-cuida-da-saude-de-quem-move-as-empresas\/\" \/>\n<meta property=\"og:site_name\" content=\"Bahia Economica\" \/>\n<meta property=\"article:publisher\" content=\"https:\/\/www.facebook.com\/bahiaeconomica\" \/>\n<meta property=\"article:published_time\" content=\"2025-10-09T18:00:40+00:00\" \/>\n<meta property=\"article:modified_time\" content=\"2025-10-10T00:02:54+00:00\" \/>\n<meta property=\"og:image\" content=\"https:\/\/bahiaeconomica.com.br\/wp\/wp-content\/uploads\/2025\/10\/WhatsApp-Image-2025-10-09-at-16.20.28.jpeg\" \/>\n\t<meta property=\"og:image:width\" content=\"626\" \/>\n\t<meta property=\"og:image:height\" content=\"417\" \/>\n\t<meta property=\"og:image:type\" content=\"image\/jpeg\" \/>\n<meta name=\"author\" content=\"JP\" \/>\n<meta name=\"twitter:card\" content=\"summary_large_image\" \/>\n<meta name=\"twitter:label1\" content=\"Escrito por\" \/>\n\t<meta name=\"twitter:data1\" content=\"JP\" \/>\n\t<meta name=\"twitter:label2\" content=\"Est. tempo de leitura\" \/>\n\t<meta name=\"twitter:data2\" content=\"2 minutos\" \/>\n<script type=\"application\/ld+json\" class=\"yoast-schema-graph\">{\"@context\":\"https:\/\/schema.org\",\"@graph\":[{\"@type\":\"Article\",\"@id\":\"https:\/\/bahiaeconomica.com.br\/wp\/2025\/10\/09\/medico-do-trabalho-descubra-a-importancia-do-profissional-que-cuida-da-saude-de-quem-move-as-empresas\/#article\",\"isPartOf\":{\"@id\":\"https:\/\/bahiaeconomica.com.br\/wp\/2025\/10\/09\/medico-do-trabalho-descubra-a-importancia-do-profissional-que-cuida-da-saude-de-quem-move-as-empresas\/\"},\"author\":{\"name\":\"JP\",\"@id\":\"https:\/\/bahiaeconomica.com.br\/wp\/#\/schema\/person\/c86d3a3f8960425a0f9d0e5245991f4e\"},\"headline\":\"M\u00c9DICO DO TRABALHO: DESCUBRA A IMPORT\u00c2NCIA DO PROFISSIONAL QUE CUIDA DA SA\u00daDE DE QUEM MOVE AS EMPRESAS\",\"datePublished\":\"2025-10-09T18:00:40+00:00\",\"dateModified\":\"2025-10-10T00:02:54+00:00\",\"mainEntityOfPage\":{\"@id\":\"https:\/\/bahiaeconomica.com.br\/wp\/2025\/10\/09\/medico-do-trabalho-descubra-a-importancia-do-profissional-que-cuida-da-saude-de-quem-move-as-empresas\/\"},\"wordCount\":398,\"publisher\":{\"@id\":\"https:\/\/bahiaeconomica.com.br\/wp\/#organization\"},\"articleSection\":[\"MUNIC\u00cdPIOS\",\"Sa\u00fade \/ Educa\u00e7\u00e3o\"],\"inLanguage\":\"pt-BR\"},{\"@type\":\"WebPage\",\"@id\":\"https:\/\/bahiaeconomica.com.br\/wp\/2025\/10\/09\/medico-do-trabalho-descubra-a-importancia-do-profissional-que-cuida-da-saude-de-quem-move-as-empresas\/\",\"url\":\"https:\/\/bahiaeconomica.com.br\/wp\/2025\/10\/09\/medico-do-trabalho-descubra-a-importancia-do-profissional-que-cuida-da-saude-de-quem-move-as-empresas\/\",\"name\":\"M\u00c9DICO DO TRABALHO: DESCUBRA A IMPORT\u00c2NCIA DO PROFISSIONAL QUE CUIDA DA SA\u00daDE DE QUEM MOVE AS EMPRESAS - Bahia Economica\",\"isPartOf\":{\"@id\":\"https:\/\/bahiaeconomica.com.br\/wp\/#website\"},\"datePublished\":\"2025-10-09T18:00:40+00:00\",\"dateModified\":\"2025-10-10T00:02:54+00:00\",\"description\":\"O maior portal de Economia da Bahia MUNIC\u00cdPIOS, Sa\u00fade \/ Educa\u00e7\u00e3o Bahia Economica\",\"breadcrumb\":{\"@id\":\"https:\/\/bahiaeconomica.com.br\/wp\/2025\/10\/09\/medico-do-trabalho-descubra-a-importancia-do-profissional-que-cuida-da-saude-de-quem-move-as-empresas\/#breadcrumb\"},\"inLanguage\":\"pt-BR\",\"potentialAction\":[{\"@type\":\"ReadAction\",\"target\":[\"https:\/\/bahiaeconomica.com.br\/wp\/2025\/10\/09\/medico-do-trabalho-descubra-a-importancia-do-profissional-que-cuida-da-saude-de-quem-move-as-empresas\/\"]}]},{\"@type\":\"BreadcrumbList\",\"@id\":\"https:\/\/bahiaeconomica.com.br\/wp\/2025\/10\/09\/medico-do-trabalho-descubra-a-importancia-do-profissional-que-cuida-da-saude-de-quem-move-as-empresas\/#breadcrumb\",\"itemListElement\":[{\"@type\":\"ListItem\",\"position\":1,\"name\":\"In\u00edcio\",\"item\":\"https:\/\/bahiaeconomica.com.br\/wp\/\"},{\"@type\":\"ListItem\",\"position\":2,\"name\":\"M\u00c9DICO DO TRABALHO: DESCUBRA A IMPORT\u00c2NCIA DO PROFISSIONAL QUE CUIDA DA SA\u00daDE DE QUEM MOVE AS EMPRESAS\"}]},{\"@type\":\"WebSite\",\"@id\":\"https:\/\/bahiaeconomica.com.br\/wp\/#website\",\"url\":\"https:\/\/bahiaeconomica.com.br\/wp\/\",\"name\":\"Bahia Economica\",\"description\":\"O maior portal de Economia da Bahia\",\"publisher\":{\"@id\":\"https:\/\/bahiaeconomica.com.br\/wp\/#organization\"},\"potentialAction\":[{\"@type\":\"SearchAction\",\"target\":{\"@type\":\"EntryPoint\",\"urlTemplate\":\"https:\/\/bahiaeconomica.com.br\/wp\/?s={search_term_string}\"},\"query-input\":\"required name=search_term_string\"}],\"inLanguage\":\"pt-BR\"},{\"@type\":\"Organization\",\"@id\":\"https:\/\/bahiaeconomica.com.br\/wp\/#organization\",\"name\":\"Bahia Econ\u00f4mica\",\"url\":\"https:\/\/bahiaeconomica.com.br\/wp\/\",\"logo\":{\"@type\":\"ImageObject\",\"inLanguage\":\"pt-BR\",\"@id\":\"https:\/\/bahiaeconomica.com.br\/wp\/#\/schema\/logo\/image\/\",\"url\":\"https:\/\/bahiaeconomica.com.br\/wp\/wp-content\/uploads\/2020\/12\/cropped-BE.png\",\"contentUrl\":\"https:\/\/bahiaeconomica.com.br\/wp\/wp-content\/uploads\/2020\/12\/cropped-BE.png\",\"width\":512,\"height\":512,\"caption\":\"Bahia Econ\u00f4mica\"},\"image\":{\"@id\":\"https:\/\/bahiaeconomica.com.br\/wp\/#\/schema\/logo\/image\/\"},\"sameAs\":[\"https:\/\/www.facebook.com\/bahiaeconomica\"]},{\"@type\":\"Person\",\"@id\":\"https:\/\/bahiaeconomica.com.br\/wp\/#\/schema\/person\/c86d3a3f8960425a0f9d0e5245991f4e\",\"name\":\"JP\",\"sameAs\":[\"https:\/\/bahiaeconomica.com.br\/wp\/beta\/\"],\"url\":\"https:\/\/bahiaeconomica.com.br\/wp\/author\/jp\/\"}]}<\/script>\n<!-- \/ Yoast SEO plugin. -->","yoast_head_json":{"title":"M\u00c9DICO DO TRABALHO: DESCUBRA A IMPORT\u00c2NCIA DO PROFISSIONAL QUE CUIDA DA SA\u00daDE DE QUEM MOVE AS EMPRESAS - Bahia Economica","description":"O maior portal de Economia da Bahia MUNIC\u00cdPIOS, Sa\u00fade \/ Educa\u00e7\u00e3o Bahia Economica","robots":{"index":"index","follow":"follow","max-snippet":"max-snippet:-1","max-image-preview":"max-image-preview:large","max-video-preview":"max-video-preview:-1"},"canonical":"https:\/\/bahiaeconomica.com.br\/wp\/2025\/10\/09\/medico-do-trabalho-descubra-a-importancia-do-profissional-que-cuida-da-saude-de-quem-move-as-empresas\/","og_locale":"pt_BR","og_type":"article","og_title":"M\u00c9DICO DO TRABALHO: DESCUBRA A IMPORT\u00c2NCIA DO PROFISSIONAL QUE CUIDA DA SA\u00daDE DE QUEM MOVE AS EMPRESAS - Bahia Economica","og_description":"O maior portal de Economia da Bahia MUNIC\u00cdPIOS, Sa\u00fade \/ Educa\u00e7\u00e3o Bahia Economica","og_url":"https:\/\/bahiaeconomica.com.br\/wp\/2025\/10\/09\/medico-do-trabalho-descubra-a-importancia-do-profissional-que-cuida-da-saude-de-quem-move-as-empresas\/","og_site_name":"Bahia Economica","article_publisher":"https:\/\/www.facebook.com\/bahiaeconomica","article_published_time":"2025-10-09T18:00:40+00:00","article_modified_time":"2025-10-10T00:02:54+00:00","og_image":[{"width":626,"height":417,"url":"https:\/\/bahiaeconomica.com.br\/wp\/wp-content\/uploads\/2025\/10\/WhatsApp-Image-2025-10-09-at-16.20.28.jpeg","type":"image\/jpeg"}],"author":"JP","twitter_card":"summary_large_image","twitter_misc":{"Escrito por":"JP","Est. tempo de leitura":"2 minutos"},"schema":{"@context":"https:\/\/schema.org","@graph":[{"@type":"Article","@id":"https:\/\/bahiaeconomica.com.br\/wp\/2025\/10\/09\/medico-do-trabalho-descubra-a-importancia-do-profissional-que-cuida-da-saude-de-quem-move-as-empresas\/#article","isPartOf":{"@id":"https:\/\/bahiaeconomica.com.br\/wp\/2025\/10\/09\/medico-do-trabalho-descubra-a-importancia-do-profissional-que-cuida-da-saude-de-quem-move-as-empresas\/"},"author":{"name":"JP","@id":"https:\/\/bahiaeconomica.com.br\/wp\/#\/schema\/person\/c86d3a3f8960425a0f9d0e5245991f4e"},"headline":"M\u00c9DICO DO TRABALHO: DESCUBRA A IMPORT\u00c2NCIA DO PROFISSIONAL QUE CUIDA DA SA\u00daDE DE QUEM MOVE AS EMPRESAS","datePublished":"2025-10-09T18:00:40+00:00","dateModified":"2025-10-10T00:02:54+00:00","mainEntityOfPage":{"@id":"https:\/\/bahiaeconomica.com.br\/wp\/2025\/10\/09\/medico-do-trabalho-descubra-a-importancia-do-profissional-que-cuida-da-saude-de-quem-move-as-empresas\/"},"wordCount":398,"publisher":{"@id":"https:\/\/bahiaeconomica.com.br\/wp\/#organization"},"articleSection":["MUNIC\u00cdPIOS","Sa\u00fade \/ Educa\u00e7\u00e3o"],"inLanguage":"pt-BR"},{"@type":"WebPage","@id":"https:\/\/bahiaeconomica.com.br\/wp\/2025\/10\/09\/medico-do-trabalho-descubra-a-importancia-do-profissional-que-cuida-da-saude-de-quem-move-as-empresas\/","url":"https:\/\/bahiaeconomica.com.br\/wp\/2025\/10\/09\/medico-do-trabalho-descubra-a-importancia-do-profissional-que-cuida-da-saude-de-quem-move-as-empresas\/","name":"M\u00c9DICO DO TRABALHO: DESCUBRA A IMPORT\u00c2NCIA DO PROFISSIONAL QUE CUIDA DA SA\u00daDE DE QUEM MOVE AS EMPRESAS - Bahia Economica","isPartOf":{"@id":"https:\/\/bahiaeconomica.com.br\/wp\/#website"},"datePublished":"2025-10-09T18:00:40+00:00","dateModified":"2025-10-10T00:02:54+00:00","description":"O maior portal de Economia da Bahia MUNIC\u00cdPIOS, Sa\u00fade \/ Educa\u00e7\u00e3o Bahia Economica","breadcrumb":{"@id":"https:\/\/bahiaeconomica.com.br\/wp\/2025\/10\/09\/medico-do-trabalho-descubra-a-importancia-do-profissional-que-cuida-da-saude-de-quem-move-as-empresas\/#breadcrumb"},"inLanguage":"pt-BR","potentialAction":[{"@type":"ReadAction","target":["https:\/\/bahiaeconomica.com.br\/wp\/2025\/10\/09\/medico-do-trabalho-descubra-a-importancia-do-profissional-que-cuida-da-saude-de-quem-move-as-empresas\/"]}]},{"@type":"BreadcrumbList","@id":"https:\/\/bahiaeconomica.com.br\/wp\/2025\/10\/09\/medico-do-trabalho-descubra-a-importancia-do-profissional-que-cuida-da-saude-de-quem-move-as-empresas\/#breadcrumb","itemListElement":[{"@type":"ListItem","position":1,"name":"In\u00edcio","item":"https:\/\/bahiaeconomica.com.br\/wp\/"},{"@type":"ListItem","position":2,"name":"M\u00c9DICO DO TRABALHO: DESCUBRA A IMPORT\u00c2NCIA DO PROFISSIONAL QUE CUIDA DA SA\u00daDE DE QUEM MOVE AS EMPRESAS"}]},{"@type":"WebSite","@id":"https:\/\/bahiaeconomica.com.br\/wp\/#website","url":"https:\/\/bahiaeconomica.com.br\/wp\/","name":"Bahia Economica","description":"O maior portal de Economia da Bahia","publisher":{"@id":"https:\/\/bahiaeconomica.com.br\/wp\/#organization"},"potentialAction":[{"@type":"SearchAction","target":{"@type":"EntryPoint","urlTemplate":"https:\/\/bahiaeconomica.com.br\/wp\/?s={search_term_string}"},"query-input":"required name=search_term_string"}],"inLanguage":"pt-BR"},{"@type":"Organization","@id":"https:\/\/bahiaeconomica.com.br\/wp\/#organization","name":"Bahia Econ\u00f4mica","url":"https:\/\/bahiaeconomica.com.br\/wp\/","logo":{"@type":"ImageObject","inLanguage":"pt-BR","@id":"https:\/\/bahiaeconomica.com.br\/wp\/#\/schema\/logo\/image\/","url":"https:\/\/bahiaeconomica.com.br\/wp\/wp-content\/uploads\/2020\/12\/cropped-BE.png","contentUrl":"https:\/\/bahiaeconomica.com.br\/wp\/wp-content\/uploads\/2020\/12\/cropped-BE.png","width":512,"height":512,"caption":"Bahia Econ\u00f4mica"},"image":{"@id":"https:\/\/bahiaeconomica.com.br\/wp\/#\/schema\/logo\/image\/"},"sameAs":["https:\/\/www.facebook.com\/bahiaeconomica"]},{"@type":"Person","@id":"https:\/\/bahiaeconomica.com.br\/wp\/#\/schema\/person\/c86d3a3f8960425a0f9d0e5245991f4e","name":"JP","sameAs":["https:\/\/bahiaeconomica.com.br\/wp\/beta\/"],"url":"https:\/\/bahiaeconomica.com.br\/wp\/author\/jp\/"}]}},"views":10,"_links":{"self":[{"href":"https:\/\/bahiaeconomica.com.br\/wp\/wp-json\/wp\/v2\/posts\/942307"}],"collection":[{"href":"https:\/\/bahiaeconomica.com.br\/wp\/wp-json\/wp\/v2\/posts"}],"about":[{"href":"https:\/\/bahiaeconomica.com.br\/wp\/wp-json\/wp\/v2\/types\/post"}],"author":[{"embeddable":true,"href":"https:\/\/bahiaeconomica.com.br\/wp\/wp-json\/wp\/v2\/users\/8"}],"replies":[{"embeddable":true,"href":"https:\/\/bahiaeconomica.com.br\/wp\/wp-json\/wp\/v2\/comments?post=942307"}],"version-history":[{"count":1,"href":"https:\/\/bahiaeconomica.com.br\/wp\/wp-json\/wp\/v2\/posts\/942307\/revisions"}],"predecessor-version":[{"id":942309,"href":"https:\/\/bahiaeconomica.com.br\/wp\/wp-json\/wp\/v2\/posts\/942307\/revisions\/942309"}],"wp:featuredmedia":[{"embeddable":true,"href":"https:\/\/bahiaeconomica.com.br\/wp\/wp-json\/wp\/v2\/media\/942308"}],"wp:attachment":[{"href":"https:\/\/bahiaeconomica.com.br\/wp\/wp-json\/wp\/v2\/media?parent=942307"}],"wp:term":[{"taxonomy":"category","embeddable":true,"href":"https:\/\/bahiaeconomica.com.br\/wp\/wp-json\/wp\/v2\/categories?post=942307"},{"taxonomy":"post_tag","embeddable":true,"href":"https:\/\/bahiaeconomica.com.br\/wp\/wp-json\/wp\/v2\/tags?post=942307"}],"curies":[{"name":"wp","href":"https:\/\/api.w.org\/{rel}","templated":true}]}}