{"id":942155,"date":"2025-10-09T17:05:48","date_gmt":"2025-10-09T20:05:48","guid":{"rendered":"https:\/\/bahiaeconomica.com.br\/wp\/?p=942155"},"modified":"2025-10-09T17:19:13","modified_gmt":"2025-10-09T20:19:13","slug":"byd-e-inaugurada-oficialmente-e-vai-produzir-um-carro-por-minuto-meta-e-ficar-entre-as-tres-maiores-montadoras-do-pais","status":"publish","type":"post","link":"https:\/\/bahiaeconomica.com.br\/wp\/2025\/10\/09\/byd-e-inaugurada-oficialmente-e-vai-produzir-um-carro-por-minuto-meta-e-ficar-entre-as-tres-maiores-montadoras-do-pais\/","title":{"rendered":"BYD \u00c9 INAUGURADA OFICIALMENTE E VAI PRODUZIR UM CARRO POR MINUTO. META \u00c9 FICAR ENTRE AS TR\u00caS MAIORES MONTADORAS DO PA\u00cdS"},"content":{"rendered":"<p style=\"font-weight: 400;\">A BYD inaugurou oficialmente sua f\u00e1brica em Cama\u00e7ari \u00a0nesta quinta-feira (9), em evento que contou com a presen\u00e7a do presidente Luiz In\u00e1cio Lula da Silva (PT), do vice-presidente Geraldo Alckmin (PSB) e do fundador e CEO global da marca chinesa, Wang Chuanfu.<\/p>\n<p style=\"font-weight: 400;\">A f\u00e1brica \u00e9 um \u00a0investimento de R$ 5,5 bilh\u00f5es, com a meta inicial de produzir 300 mil ve\u00edculos, mas que agora foi ampliada para 600 mil ve\u00edculos, visando tamb\u00e9m as exporta\u00e7\u00f5es a outros pa\u00edses da Am\u00e9rica do Sul. A BYD pretende se posicionar entre as tr\u00eas maiores empresas do mercado brasileiro.<\/p>\n<p style=\"font-weight: 400;\">Em seu discurso, o fundador da BYD, Wang Chuanfu, afirmou que o Brasil \u00e9 l\u00edder da transforma\u00e7\u00e3o energ\u00e9tica por causa da sua condi\u00e7\u00e3o clim\u00e1tica e estrutura geol\u00f3gica e destacou o papel da BYD no mundo.<\/p>\n<p style=\"font-weight: 400;\">H\u00e1 16 anos, criei os &#8216;Tr\u00eas Sonhos Verdes&#8217; da BYD: gerar, armazenar e utilizar energia limpa. Ver esse ecossistema se tornando realidade aqui na Bahia \u00e9 a materializa\u00e7\u00e3o dessa miss\u00e3o, disse Wang Chuanfu, CEO da BYD<\/p>\n<p style=\"font-weight: 400;\">\u201cN\u00f3s estamos construindo o futuro atrav\u00e9s de uma ind\u00fastria verde promovendo mobilidade verde, atrav\u00e9s do desenvolvimento de motores sem utiliza\u00e7\u00e3o do carbono e seus derivados e isso tem sido destaque em v\u00e1rios pa\u00edses e mostra o for\u00e7a da BYD, l\u00edder em vendas mundial\u201d, comentou.<\/p>\n<p style=\"font-weight: 400;\">A f\u00e1brica em Cama\u00e7ari produzir\u00e1 unidades do Dolphin Mini, modelo el\u00e9trico e ve\u00edculo mais barato vendido pela montadora no Brasil. Tamb\u00e9m fazem parte da linha de montagem dois h\u00edbridos, o SUV Song Pro e o sed\u00e3 King.<\/p>\n<p style=\"font-weight: 400;\">A montadora chinesa tamb\u00e9m anunciou a fabrica\u00e7\u00e3o dos motores h\u00edbridos flex no Brasil. A empresa fornecer\u00e1 30 unidades do Song Pro com essa motoriza\u00e7\u00e3o para uso durante a COP 30, em Bel\u00e9m (PA). A base ser\u00e1 o atual motor 1.5 aspirado, mas com adapta\u00e7\u00f5es para aceitar o etanol. Ainda n\u00e3o h\u00e1 previs\u00e3o destes ve\u00edculos chegarem ao mercado.<\/p>\n<p style=\"font-weight: 400;\">A vice-presidente da BYD, Stella Li, afirmou que a f\u00e1brica de Cama\u00e7ari vai produzir um carro por minuto na Bahia.<\/p>\n<p style=\"font-weight: 400;\">\u201cToda nossa ind\u00fastria ser\u00e1 feita por baianos e para baianos. Vamos fabricar o BYD dolph mini aqui na Bahia e essa f\u00e1brica ser\u00e1 uma das mais tecnol\u00f3gicas e modernas do mundo. Com capacidade para produzir um carro por minuto na Bahia\u201d, disse ela. (<a href=\"https:\/\/bahiaeconomica.com.br\/wp\/2025\/10\/09\/vice-presidente-da-byd-stella-li-diz-que-empresa-vai-construir-um-carro-por-minuto-na-bahia\/\">Veja aqui<\/a>).<\/p>\n<p style=\"font-weight: 400;\">O secret\u00e1rio estadual do Trabalho, Emprego e Renda, Augusto Vasconcelos,disse que a f\u00e1brica pode vir a gerar 20 mil empregos diretos e indiretos. Nessa primeira fase de montagem, 1.500 trabalhadores \u00a0est\u00e3o atuando.<\/p>\n","protected":false},"excerpt":{"rendered":"<p>A BYD inaugurou oficialmente sua f\u00e1brica em Cama\u00e7ari \u00a0nesta quinta-feira (9), em evento que contou com a presen\u00e7a do presidente Luiz In\u00e1cio Lula da Silva (PT), do vice-presidente Geraldo Alckmin (PSB) e do fundador e CEO global da marca chinesa, Wang Chuanfu. A f\u00e1brica \u00e9 um \u00a0investimento de R$ 5,5 bilh\u00f5es, com a meta inicial [&hellip;]<\/p>\n","protected":false},"author":1,"featured_media":942025,"comment_status":"closed","ping_status":"closed","sticky":false,"template":"","format":"standard","meta":[],"categories":[7,14],"tags":[],"acf":[],"yoast_head":"<!-- This site is optimized with the Yoast SEO plugin v20.8 - https:\/\/yoast.com\/wordpress\/plugins\/seo\/ -->\n<title>BYD \u00c9 INAUGURADA OFICIALMENTE E VAI PRODUZIR UM CARRO POR MINUTO. META \u00c9 FICAR ENTRE AS TR\u00caS MAIORES MONTADORAS DO PA\u00cdS - Bahia Economica<\/title>\n<meta name=\"description\" content=\"O maior portal de Economia da Bahia BAHIA INVEST, DESTAQUE DO DIA Bahia Economica\" \/>\n<meta name=\"robots\" content=\"index, follow, max-snippet:-1, max-image-preview:large, max-video-preview:-1\" \/>\n<link rel=\"canonical\" href=\"https:\/\/bahiaeconomica.com.br\/wp\/2025\/10\/09\/byd-e-inaugurada-oficialmente-e-vai-produzir-um-carro-por-minuto-meta-e-ficar-entre-as-tres-maiores-montadoras-do-pais\/\" \/>\n<meta property=\"og:locale\" content=\"pt_BR\" \/>\n<meta property=\"og:type\" content=\"article\" \/>\n<meta property=\"og:title\" content=\"BYD \u00c9 INAUGURADA OFICIALMENTE E VAI PRODUZIR UM CARRO POR MINUTO. META \u00c9 FICAR ENTRE AS TR\u00caS MAIORES MONTADORAS DO PA\u00cdS - Bahia Economica\" \/>\n<meta property=\"og:description\" content=\"O maior portal de Economia da Bahia BAHIA INVEST, DESTAQUE DO DIA Bahia Economica\" \/>\n<meta property=\"og:url\" content=\"https:\/\/bahiaeconomica.com.br\/wp\/2025\/10\/09\/byd-e-inaugurada-oficialmente-e-vai-produzir-um-carro-por-minuto-meta-e-ficar-entre-as-tres-maiores-montadoras-do-pais\/\" \/>\n<meta property=\"og:site_name\" content=\"Bahia Economica\" \/>\n<meta property=\"article:publisher\" content=\"https:\/\/www.facebook.com\/bahiaeconomica\" \/>\n<meta property=\"article:published_time\" content=\"2025-10-09T20:05:48+00:00\" \/>\n<meta property=\"article:modified_time\" content=\"2025-10-09T20:19:13+00:00\" \/>\n<meta property=\"og:image\" content=\"https:\/\/bahiaeconomica.com.br\/wp\/wp-content\/uploads\/2025\/10\/WhatsApp-Image-2025-10-09-at-13.24.06.jpeg\" \/>\n\t<meta property=\"og:image:width\" content=\"1600\" \/>\n\t<meta property=\"og:image:height\" content=\"1204\" \/>\n\t<meta property=\"og:image:type\" content=\"image\/jpeg\" \/>\n<meta name=\"author\" content=\"admin\" \/>\n<meta name=\"twitter:card\" content=\"summary_large_image\" \/>\n<meta name=\"twitter:label1\" content=\"Escrito por\" \/>\n\t<meta name=\"twitter:data1\" content=\"admin\" \/>\n\t<meta name=\"twitter:label2\" content=\"Est. tempo de leitura\" \/>\n\t<meta name=\"twitter:data2\" content=\"3 minutos\" \/>\n<script type=\"application\/ld+json\" class=\"yoast-schema-graph\">{\"@context\":\"https:\/\/schema.org\",\"@graph\":[{\"@type\":\"Article\",\"@id\":\"https:\/\/bahiaeconomica.com.br\/wp\/2025\/10\/09\/byd-e-inaugurada-oficialmente-e-vai-produzir-um-carro-por-minuto-meta-e-ficar-entre-as-tres-maiores-montadoras-do-pais\/#article\",\"isPartOf\":{\"@id\":\"https:\/\/bahiaeconomica.com.br\/wp\/2025\/10\/09\/byd-e-inaugurada-oficialmente-e-vai-produzir-um-carro-por-minuto-meta-e-ficar-entre-as-tres-maiores-montadoras-do-pais\/\"},\"author\":{\"name\":\"admin\",\"@id\":\"https:\/\/bahiaeconomica.com.br\/wp\/#\/schema\/person\/cb1ab5ba96ad3d9390805381c76284ec\"},\"headline\":\"BYD \u00c9 INAUGURADA OFICIALMENTE E VAI PRODUZIR UM CARRO POR MINUTO. META \u00c9 FICAR ENTRE AS TR\u00caS MAIORES MONTADORAS DO PA\u00cdS\",\"datePublished\":\"2025-10-09T20:05:48+00:00\",\"dateModified\":\"2025-10-09T20:19:13+00:00\",\"mainEntityOfPage\":{\"@id\":\"https:\/\/bahiaeconomica.com.br\/wp\/2025\/10\/09\/byd-e-inaugurada-oficialmente-e-vai-produzir-um-carro-por-minuto-meta-e-ficar-entre-as-tres-maiores-montadoras-do-pais\/\"},\"wordCount\":462,\"publisher\":{\"@id\":\"https:\/\/bahiaeconomica.com.br\/wp\/#organization\"},\"articleSection\":[\"BAHIA INVEST\",\"DESTAQUE DO DIA\"],\"inLanguage\":\"pt-BR\"},{\"@type\":\"WebPage\",\"@id\":\"https:\/\/bahiaeconomica.com.br\/wp\/2025\/10\/09\/byd-e-inaugurada-oficialmente-e-vai-produzir-um-carro-por-minuto-meta-e-ficar-entre-as-tres-maiores-montadoras-do-pais\/\",\"url\":\"https:\/\/bahiaeconomica.com.br\/wp\/2025\/10\/09\/byd-e-inaugurada-oficialmente-e-vai-produzir-um-carro-por-minuto-meta-e-ficar-entre-as-tres-maiores-montadoras-do-pais\/\",\"name\":\"BYD \u00c9 INAUGURADA OFICIALMENTE E VAI PRODUZIR UM CARRO POR MINUTO. META \u00c9 FICAR ENTRE AS TR\u00caS MAIORES MONTADORAS DO PA\u00cdS - Bahia Economica\",\"isPartOf\":{\"@id\":\"https:\/\/bahiaeconomica.com.br\/wp\/#website\"},\"datePublished\":\"2025-10-09T20:05:48+00:00\",\"dateModified\":\"2025-10-09T20:19:13+00:00\",\"description\":\"O maior portal de Economia da Bahia BAHIA INVEST, DESTAQUE DO DIA Bahia Economica\",\"breadcrumb\":{\"@id\":\"https:\/\/bahiaeconomica.com.br\/wp\/2025\/10\/09\/byd-e-inaugurada-oficialmente-e-vai-produzir-um-carro-por-minuto-meta-e-ficar-entre-as-tres-maiores-montadoras-do-pais\/#breadcrumb\"},\"inLanguage\":\"pt-BR\",\"potentialAction\":[{\"@type\":\"ReadAction\",\"target\":[\"https:\/\/bahiaeconomica.com.br\/wp\/2025\/10\/09\/byd-e-inaugurada-oficialmente-e-vai-produzir-um-carro-por-minuto-meta-e-ficar-entre-as-tres-maiores-montadoras-do-pais\/\"]}]},{\"@type\":\"BreadcrumbList\",\"@id\":\"https:\/\/bahiaeconomica.com.br\/wp\/2025\/10\/09\/byd-e-inaugurada-oficialmente-e-vai-produzir-um-carro-por-minuto-meta-e-ficar-entre-as-tres-maiores-montadoras-do-pais\/#breadcrumb\",\"itemListElement\":[{\"@type\":\"ListItem\",\"position\":1,\"name\":\"In\u00edcio\",\"item\":\"https:\/\/bahiaeconomica.com.br\/wp\/\"},{\"@type\":\"ListItem\",\"position\":2,\"name\":\"BYD \u00c9 INAUGURADA OFICIALMENTE E VAI PRODUZIR UM CARRO POR MINUTO. META \u00c9 FICAR ENTRE AS TR\u00caS MAIORES MONTADORAS DO PA\u00cdS\"}]},{\"@type\":\"WebSite\",\"@id\":\"https:\/\/bahiaeconomica.com.br\/wp\/#website\",\"url\":\"https:\/\/bahiaeconomica.com.br\/wp\/\",\"name\":\"Bahia Economica\",\"description\":\"O maior portal de Economia da Bahia\",\"publisher\":{\"@id\":\"https:\/\/bahiaeconomica.com.br\/wp\/#organization\"},\"potentialAction\":[{\"@type\":\"SearchAction\",\"target\":{\"@type\":\"EntryPoint\",\"urlTemplate\":\"https:\/\/bahiaeconomica.com.br\/wp\/?s={search_term_string}\"},\"query-input\":\"required name=search_term_string\"}],\"inLanguage\":\"pt-BR\"},{\"@type\":\"Organization\",\"@id\":\"https:\/\/bahiaeconomica.com.br\/wp\/#organization\",\"name\":\"Bahia Econ\u00f4mica\",\"url\":\"https:\/\/bahiaeconomica.com.br\/wp\/\",\"logo\":{\"@type\":\"ImageObject\",\"inLanguage\":\"pt-BR\",\"@id\":\"https:\/\/bahiaeconomica.com.br\/wp\/#\/schema\/logo\/image\/\",\"url\":\"https:\/\/bahiaeconomica.com.br\/wp\/wp-content\/uploads\/2020\/12\/cropped-BE.png\",\"contentUrl\":\"https:\/\/bahiaeconomica.com.br\/wp\/wp-content\/uploads\/2020\/12\/cropped-BE.png\",\"width\":512,\"height\":512,\"caption\":\"Bahia Econ\u00f4mica\"},\"image\":{\"@id\":\"https:\/\/bahiaeconomica.com.br\/wp\/#\/schema\/logo\/image\/\"},\"sameAs\":[\"https:\/\/www.facebook.com\/bahiaeconomica\"]},{\"@type\":\"Person\",\"@id\":\"https:\/\/bahiaeconomica.com.br\/wp\/#\/schema\/person\/cb1ab5ba96ad3d9390805381c76284ec\",\"name\":\"admin\",\"url\":\"https:\/\/bahiaeconomica.com.br\/wp\/author\/admin\/\"}]}<\/script>\n<!-- \/ Yoast SEO plugin. -->","yoast_head_json":{"title":"BYD \u00c9 INAUGURADA OFICIALMENTE E VAI PRODUZIR UM CARRO POR MINUTO. META \u00c9 FICAR ENTRE AS TR\u00caS MAIORES MONTADORAS DO PA\u00cdS - Bahia Economica","description":"O maior portal de Economia da Bahia BAHIA INVEST, DESTAQUE DO DIA Bahia Economica","robots":{"index":"index","follow":"follow","max-snippet":"max-snippet:-1","max-image-preview":"max-image-preview:large","max-video-preview":"max-video-preview:-1"},"canonical":"https:\/\/bahiaeconomica.com.br\/wp\/2025\/10\/09\/byd-e-inaugurada-oficialmente-e-vai-produzir-um-carro-por-minuto-meta-e-ficar-entre-as-tres-maiores-montadoras-do-pais\/","og_locale":"pt_BR","og_type":"article","og_title":"BYD \u00c9 INAUGURADA OFICIALMENTE E VAI PRODUZIR UM CARRO POR MINUTO. META \u00c9 FICAR ENTRE AS TR\u00caS MAIORES MONTADORAS DO PA\u00cdS - Bahia Economica","og_description":"O maior portal de Economia da Bahia BAHIA INVEST, DESTAQUE DO DIA Bahia Economica","og_url":"https:\/\/bahiaeconomica.com.br\/wp\/2025\/10\/09\/byd-e-inaugurada-oficialmente-e-vai-produzir-um-carro-por-minuto-meta-e-ficar-entre-as-tres-maiores-montadoras-do-pais\/","og_site_name":"Bahia Economica","article_publisher":"https:\/\/www.facebook.com\/bahiaeconomica","article_published_time":"2025-10-09T20:05:48+00:00","article_modified_time":"2025-10-09T20:19:13+00:00","og_image":[{"width":1600,"height":1204,"url":"https:\/\/bahiaeconomica.com.br\/wp\/wp-content\/uploads\/2025\/10\/WhatsApp-Image-2025-10-09-at-13.24.06.jpeg","type":"image\/jpeg"}],"author":"admin","twitter_card":"summary_large_image","twitter_misc":{"Escrito por":"admin","Est. tempo de leitura":"3 minutos"},"schema":{"@context":"https:\/\/schema.org","@graph":[{"@type":"Article","@id":"https:\/\/bahiaeconomica.com.br\/wp\/2025\/10\/09\/byd-e-inaugurada-oficialmente-e-vai-produzir-um-carro-por-minuto-meta-e-ficar-entre-as-tres-maiores-montadoras-do-pais\/#article","isPartOf":{"@id":"https:\/\/bahiaeconomica.com.br\/wp\/2025\/10\/09\/byd-e-inaugurada-oficialmente-e-vai-produzir-um-carro-por-minuto-meta-e-ficar-entre-as-tres-maiores-montadoras-do-pais\/"},"author":{"name":"admin","@id":"https:\/\/bahiaeconomica.com.br\/wp\/#\/schema\/person\/cb1ab5ba96ad3d9390805381c76284ec"},"headline":"BYD \u00c9 INAUGURADA OFICIALMENTE E VAI PRODUZIR UM CARRO POR MINUTO. META \u00c9 FICAR ENTRE AS TR\u00caS MAIORES MONTADORAS DO PA\u00cdS","datePublished":"2025-10-09T20:05:48+00:00","dateModified":"2025-10-09T20:19:13+00:00","mainEntityOfPage":{"@id":"https:\/\/bahiaeconomica.com.br\/wp\/2025\/10\/09\/byd-e-inaugurada-oficialmente-e-vai-produzir-um-carro-por-minuto-meta-e-ficar-entre-as-tres-maiores-montadoras-do-pais\/"},"wordCount":462,"publisher":{"@id":"https:\/\/bahiaeconomica.com.br\/wp\/#organization"},"articleSection":["BAHIA INVEST","DESTAQUE DO DIA"],"inLanguage":"pt-BR"},{"@type":"WebPage","@id":"https:\/\/bahiaeconomica.com.br\/wp\/2025\/10\/09\/byd-e-inaugurada-oficialmente-e-vai-produzir-um-carro-por-minuto-meta-e-ficar-entre-as-tres-maiores-montadoras-do-pais\/","url":"https:\/\/bahiaeconomica.com.br\/wp\/2025\/10\/09\/byd-e-inaugurada-oficialmente-e-vai-produzir-um-carro-por-minuto-meta-e-ficar-entre-as-tres-maiores-montadoras-do-pais\/","name":"BYD \u00c9 INAUGURADA OFICIALMENTE E VAI PRODUZIR UM CARRO POR MINUTO. META \u00c9 FICAR ENTRE AS TR\u00caS MAIORES MONTADORAS DO PA\u00cdS - Bahia Economica","isPartOf":{"@id":"https:\/\/bahiaeconomica.com.br\/wp\/#website"},"datePublished":"2025-10-09T20:05:48+00:00","dateModified":"2025-10-09T20:19:13+00:00","description":"O maior portal de Economia da Bahia BAHIA INVEST, DESTAQUE DO DIA Bahia Economica","breadcrumb":{"@id":"https:\/\/bahiaeconomica.com.br\/wp\/2025\/10\/09\/byd-e-inaugurada-oficialmente-e-vai-produzir-um-carro-por-minuto-meta-e-ficar-entre-as-tres-maiores-montadoras-do-pais\/#breadcrumb"},"inLanguage":"pt-BR","potentialAction":[{"@type":"ReadAction","target":["https:\/\/bahiaeconomica.com.br\/wp\/2025\/10\/09\/byd-e-inaugurada-oficialmente-e-vai-produzir-um-carro-por-minuto-meta-e-ficar-entre-as-tres-maiores-montadoras-do-pais\/"]}]},{"@type":"BreadcrumbList","@id":"https:\/\/bahiaeconomica.com.br\/wp\/2025\/10\/09\/byd-e-inaugurada-oficialmente-e-vai-produzir-um-carro-por-minuto-meta-e-ficar-entre-as-tres-maiores-montadoras-do-pais\/#breadcrumb","itemListElement":[{"@type":"ListItem","position":1,"name":"In\u00edcio","item":"https:\/\/bahiaeconomica.com.br\/wp\/"},{"@type":"ListItem","position":2,"name":"BYD \u00c9 INAUGURADA OFICIALMENTE E VAI PRODUZIR UM CARRO POR MINUTO. META \u00c9 FICAR ENTRE AS TR\u00caS MAIORES MONTADORAS DO PA\u00cdS"}]},{"@type":"WebSite","@id":"https:\/\/bahiaeconomica.com.br\/wp\/#website","url":"https:\/\/bahiaeconomica.com.br\/wp\/","name":"Bahia Economica","description":"O maior portal de Economia da Bahia","publisher":{"@id":"https:\/\/bahiaeconomica.com.br\/wp\/#organization"},"potentialAction":[{"@type":"SearchAction","target":{"@type":"EntryPoint","urlTemplate":"https:\/\/bahiaeconomica.com.br\/wp\/?s={search_term_string}"},"query-input":"required name=search_term_string"}],"inLanguage":"pt-BR"},{"@type":"Organization","@id":"https:\/\/bahiaeconomica.com.br\/wp\/#organization","name":"Bahia Econ\u00f4mica","url":"https:\/\/bahiaeconomica.com.br\/wp\/","logo":{"@type":"ImageObject","inLanguage":"pt-BR","@id":"https:\/\/bahiaeconomica.com.br\/wp\/#\/schema\/logo\/image\/","url":"https:\/\/bahiaeconomica.com.br\/wp\/wp-content\/uploads\/2020\/12\/cropped-BE.png","contentUrl":"https:\/\/bahiaeconomica.com.br\/wp\/wp-content\/uploads\/2020\/12\/cropped-BE.png","width":512,"height":512,"caption":"Bahia Econ\u00f4mica"},"image":{"@id":"https:\/\/bahiaeconomica.com.br\/wp\/#\/schema\/logo\/image\/"},"sameAs":["https:\/\/www.facebook.com\/bahiaeconomica"]},{"@type":"Person","@id":"https:\/\/bahiaeconomica.com.br\/wp\/#\/schema\/person\/cb1ab5ba96ad3d9390805381c76284ec","name":"admin","url":"https:\/\/bahiaeconomica.com.br\/wp\/author\/admin\/"}]}},"views":853,"_links":{"self":[{"href":"https:\/\/bahiaeconomica.com.br\/wp\/wp-json\/wp\/v2\/posts\/942155"}],"collection":[{"href":"https:\/\/bahiaeconomica.com.br\/wp\/wp-json\/wp\/v2\/posts"}],"about":[{"href":"https:\/\/bahiaeconomica.com.br\/wp\/wp-json\/wp\/v2\/types\/post"}],"author":[{"embeddable":true,"href":"https:\/\/bahiaeconomica.com.br\/wp\/wp-json\/wp\/v2\/users\/1"}],"replies":[{"embeddable":true,"href":"https:\/\/bahiaeconomica.com.br\/wp\/wp-json\/wp\/v2\/comments?post=942155"}],"version-history":[{"count":3,"href":"https:\/\/bahiaeconomica.com.br\/wp\/wp-json\/wp\/v2\/posts\/942155\/revisions"}],"predecessor-version":[{"id":942163,"href":"https:\/\/bahiaeconomica.com.br\/wp\/wp-json\/wp\/v2\/posts\/942155\/revisions\/942163"}],"wp:featuredmedia":[{"embeddable":true,"href":"https:\/\/bahiaeconomica.com.br\/wp\/wp-json\/wp\/v2\/media\/942025"}],"wp:attachment":[{"href":"https:\/\/bahiaeconomica.com.br\/wp\/wp-json\/wp\/v2\/media?parent=942155"}],"wp:term":[{"taxonomy":"category","embeddable":true,"href":"https:\/\/bahiaeconomica.com.br\/wp\/wp-json\/wp\/v2\/categories?post=942155"},{"taxonomy":"post_tag","embeddable":true,"href":"https:\/\/bahiaeconomica.com.br\/wp\/wp-json\/wp\/v2\/tags?post=942155"}],"curies":[{"name":"wp","href":"https:\/\/api.w.org\/{rel}","templated":true}]}}