{"id":942073,"date":"2025-10-09T15:48:08","date_gmt":"2025-10-09T18:48:08","guid":{"rendered":"https:\/\/bahiaeconomica.com.br\/wp\/?p=942073"},"modified":"2025-10-09T15:29:00","modified_gmt":"2025-10-09T18:29:00","slug":"espacos-culturais-municipais-promovem-programacao-especial-para-o-dia-das-criancas-veja-agenda","status":"publish","type":"post","link":"https:\/\/bahiaeconomica.com.br\/wp\/2025\/10\/09\/espacos-culturais-municipais-promovem-programacao-especial-para-o-dia-das-criancas-veja-agenda\/","title":{"rendered":"ESPA\u00c7OS CULTURAIS MUNICIPAIS PROMOVEM PROGRAMA\u00c7\u00c3O ESPECIAL PARA O DIA DAS CRIAN\u00c7AS; VEJA AGENDA"},"content":{"rendered":"<p>O Dia das Crian\u00e7as, comemorado em 12 de outubro (domingo), ser\u00e1 celebrado com uma programa\u00e7\u00e3o especial nos equipamentos culturais geridos pela Prefeitura de Salvador, por meio da Secretaria Municipal de Cultura e Turismo (Secult).<\/p>\n<p>As atividades incluem bailinho tem\u00e1tico, ca\u00e7a ao tesouro musical, oficinas criativas, gincanas, visitas guiadas, conta\u00e7\u00e3o de hist\u00f3rias, viv\u00eancias art\u00edsticas e at\u00e9 um show de talentos infantis, transformando os espa\u00e7os culturais da cidade em ambientes de aprendizado, imagina\u00e7\u00e3o e divers\u00e3o para toda a fam\u00edlia. Al\u00e9m das a\u00e7\u00f5es especiais do feriado, os equipamentos prepararam uma agenda estendida para todo o m\u00eas de outubro, com atividades gratuitas e abertas ao p\u00fablico.<\/p>\n<p>Casa do Carnaval &#8211; No domingo (12), a Casa do Carnaval, localizada no Pelourinho, promove, \u00e0s 14h, um bailinho em homenagem \u00e0s inf\u00e2ncias e aos personagens do mundo das fantasias. A festa \u00e9 voltada a crian\u00e7as e adultos de todas as idades, que poder\u00e3o se divertir ao lado dos mediadores em um ambiente repleto de alegria, confetes e serpentina. O espa\u00e7o tamb\u00e9m realiza a Oficina Criativa \u201cCarnaval \u00e9 Massa\u201d, na qual as crian\u00e7as ser\u00e3o convidadas a criar suas pr\u00f3prias representa\u00e7\u00f5es art\u00edsticas com massinha de modelar.<\/p>\n<p>Casa do Rio Vermelho &#8211; Localizada no bairro do Rio Vermelho, a casa oferece, no dia 12, a partir das 10h, a visita guiada \u201cAmados Animais\u201d, que apresenta aos pequenos os bichos que marcaram a vida e a obra da fam\u00edlia Amado. Entre mem\u00f3rias e hist\u00f3rias, os visitantes poder\u00e3o descobrir como c\u00e3es, gatos, p\u00e1ssaros e outros companheiros insepar\u00e1veis foram tamb\u00e9m fonte de inspira\u00e7\u00e3o para os livros de Jorge Amado e Z\u00e9lia Gattai. \u00c0 tarde, a partir das 15h, acontece a \u201cAmada Gincana\u201d, uma atividade inspirada na vida e na obra do casal de escritores. Por meio de jogos, desafios e atividades l\u00fadicas, as crian\u00e7as exploram os ambientes da casa, conhecem hist\u00f3rias e personagens marcantes e vivenciam a atmosfera cultural que permeava o cotidiano dos autores. O espa\u00e7o funciona das 11h \u00e0s 15h30.<\/p>\n<p>Cidade da M\u00fasica da Bahia &#8211; Situada no Com\u00e9rcio, o equipamento promove tamb\u00e9m no dia 12, \u00e0s 11h, a \u201cCa\u00e7a ao Tesouro\u201d. Os participantes ser\u00e3o convidados a desvendar pistas, completar desafios e conhecer curiosidades sobre a hist\u00f3ria musical da Bahia, descobrindo cantos, ritmos e personalidades que marcaram a cultura local. \u00c0 tarde, 15h, ser\u00e1 realizado o projeto M\u00fasica Viva \u2013 Show de Talentos Ibeji. Nesta edi\u00e7\u00e3o especial do M\u00fasica Viva, ser\u00e1 celebrada a criatividade e o talento dos pequenos artistas. Em homenagem ao Dia das Crian\u00e7as, o Show de Talentos dos Ibejis convida os participantes a subirem ao palco para mostrar suas habilidades musicais, de dan\u00e7a e express\u00e3o art\u00edstica, transformando a Cidade da M\u00fasica da Bahia em um palco de divers\u00e3o e aprendizado para toda a fam\u00edlia.<\/p>\n<p>Casa das Hist\u00f3rias de Salvador &#8211; Ao longo de outubro, a Casa das Hist\u00f3rias de Salvador, localizada na Rua da B\u00e9lgica, n\u00ba 2, no Com\u00e9rcio, apresenta uma programa\u00e7\u00e3o educativa que articula mem\u00f3ria, cultura, artes e inf\u00e2ncia, fortalecendo o papel dos equipamentos como espa\u00e7os de aprendizagem, conviv\u00eancia e cria\u00e7\u00e3o coletiva. As atividades s\u00e3o gratuitas e abertas ao p\u00fablico, reunindo oficinas, cineclube, viv\u00eancias art\u00edsticas, cursos e conta\u00e7\u00f5es de hist\u00f3rias que celebram a diversidade cultural e incentivam pr\u00e1ticas educativas inclusivas. As inscri\u00e7\u00f5es podem ser feitas por meio do link dispon\u00edvel na bio do Instagram da Casa das Hist\u00f3rias.<\/p>\n<p>A programa\u00e7\u00e3o tem in\u00edcio nesta quarta-feira (8), \u00e0s 14h, no 3\u00ba andar da Casa das Hist\u00f3rias, com o Caf\u00e9 com Cultura, atividade em parceria com o Teatro Escola. O encontro traz a exibi\u00e7\u00e3o do curta Ninho \u2013 House Of Tremme, seguida de uma roda de conversa sobre o filme e suas interse\u00e7\u00f5es entre identidade, arte e resist\u00eancia no audiovisual LGBTQIAPN+. Tamb\u00e9m ser\u00e1 exibido o curta O Artista Suburbano, que retrata com humor o cotidiano da comunidade do Alto do Cabrito durante a pandemia.<\/p>\n<p>Na sexta-feira (10), \u00e0s 14h, ocorre o Contar e Brincar: Desvendando a Arte da Cultura Popular, na Sala Imersiva da Casa das Hist\u00f3rias, com a equipe da Garatuja Recrea\u00e7\u00e3o. A proposta aproxima as crian\u00e7as das narrativas da cultura afro-brasileira por meio da conta\u00e7\u00e3o de hist\u00f3rias e do brincar, fortalecendo v\u00ednculos familiares de forma l\u00fadica e educativa.<\/p>\n<p>No s\u00e1bado (11), \u00e0s 14h, o Audit\u00f3rio Makota Valdina recebe mais uma etapa do Curso de Teatro Infantojuvenil, ministrado pela professora, doutoranda e mestra em Artes C\u00eanicas (PPGAC\/UFBA) T\u00e2nia Soares, cofundadora da Cia Teatro Gri\u00f4. A atividade introduz as crian\u00e7as ao universo teatral de forma criativa e divertida, estimulando a cria\u00e7\u00e3o de personagens, narrativas e cenas.<\/p>\n<p>O destaque do m\u00eas \u00e9 a atividade \u201cBem-vindos \u00e0 Casa da Imagina\u00e7\u00e3o!\u201d, realizada no s\u00e1bado (11) e domingo (12), das 9h \u00e0s 16h, na Sala Imersiva da Casa das Hist\u00f3rias. A proposta convida as crian\u00e7as a embarcarem em uma jornada pelo mundo da imagina\u00e7\u00e3o, com proje\u00e7\u00f5es l\u00fadicas e interativas que remetem \u00e0 magia da inf\u00e2ncia.<\/p>\n<p>Memorial 2 de Julho &#8211; Localizado na Lapinha, o museu realiza, \u00e0s 15h, o projeto Mediador Mirim. Na atividade, uma crian\u00e7a tem a oportunidade de conduzir a visita pelo espa\u00e7o, compartilhando suas percep\u00e7\u00f5es, curiosidades e interpreta\u00e7\u00f5es sobre a hist\u00f3ria e o acervo do Memorial. A experi\u00eancia \u00e9 l\u00fadica e educativa, valorizando a express\u00e3o, a criatividade e o olhar singular dos pequenos, al\u00e9m de aproxim\u00e1-los da media\u00e7\u00e3o cultural de forma divertida.<\/p>\n<p>Espa\u00e7os Pierre Verger da Fotografia Baiana e Caryb\u00e9 das Artes &#8211; Nos Espa\u00e7os Pierre Verger da Fotografia Baiana, no Forte Santa Maria, e Caryb\u00e9 das Artes, no Forte S\u00e3o Diogo, ambos no Porto da Barra, ser\u00e1 realizada, \u00e0s 14h, a Gincana dos Artistas.<\/p>\n<p>Foto: Valter Pontes \/ Secom PMS<\/p>\n","protected":false},"excerpt":{"rendered":"<p>O Dia das Crian\u00e7as, comemorado em 12 de outubro (domingo), ser\u00e1 celebrado com uma programa\u00e7\u00e3o especial nos equipamentos culturais geridos pela Prefeitura de Salvador, por meio da Secretaria Municipal de Cultura e Turismo (Secult). As atividades incluem bailinho tem\u00e1tico, ca\u00e7a ao tesouro musical, oficinas criativas, gincanas, visitas guiadas, conta\u00e7\u00e3o de hist\u00f3rias, viv\u00eancias art\u00edsticas e at\u00e9 [&hellip;]<\/p>\n","protected":false},"author":16,"featured_media":942082,"comment_status":"closed","ping_status":"closed","sticky":false,"template":"","format":"standard","meta":[],"categories":[689],"tags":[],"acf":[],"yoast_head":"<!-- This site is optimized with the Yoast SEO plugin v20.8 - https:\/\/yoast.com\/wordpress\/plugins\/seo\/ -->\n<title>ESPA\u00c7OS CULTURAIS MUNICIPAIS PROMOVEM PROGRAMA\u00c7\u00c3O ESPECIAL PARA O DIA DAS CRIAN\u00c7AS; VEJA AGENDA - Bahia Economica<\/title>\n<meta name=\"description\" content=\"O maior portal de Economia da Bahia CULTURA E ARTE Bahia Economica\" \/>\n<meta name=\"robots\" content=\"index, follow, max-snippet:-1, max-image-preview:large, max-video-preview:-1\" \/>\n<link rel=\"canonical\" href=\"https:\/\/bahiaeconomica.com.br\/wp\/2025\/10\/09\/espacos-culturais-municipais-promovem-programacao-especial-para-o-dia-das-criancas-veja-agenda\/\" \/>\n<meta property=\"og:locale\" content=\"pt_BR\" \/>\n<meta property=\"og:type\" content=\"article\" \/>\n<meta property=\"og:title\" content=\"ESPA\u00c7OS CULTURAIS MUNICIPAIS PROMOVEM PROGRAMA\u00c7\u00c3O ESPECIAL PARA O DIA DAS CRIAN\u00c7AS; VEJA AGENDA - Bahia Economica\" \/>\n<meta property=\"og:description\" content=\"O maior portal de Economia da Bahia CULTURA E ARTE Bahia Economica\" \/>\n<meta property=\"og:url\" content=\"https:\/\/bahiaeconomica.com.br\/wp\/2025\/10\/09\/espacos-culturais-municipais-promovem-programacao-especial-para-o-dia-das-criancas-veja-agenda\/\" \/>\n<meta property=\"og:site_name\" content=\"Bahia Economica\" \/>\n<meta property=\"article:publisher\" content=\"https:\/\/www.facebook.com\/bahiaeconomica\" \/>\n<meta property=\"article:published_time\" content=\"2025-10-09T18:48:08+00:00\" \/>\n<meta property=\"article:modified_time\" content=\"2025-10-09T18:29:00+00:00\" \/>\n<meta property=\"og:image\" content=\"https:\/\/bahiaeconomica.com.br\/wp\/wp-content\/uploads\/2025\/10\/WhatsApp-Image-2025-10-09-at-11.15.41.jpeg\" \/>\n\t<meta property=\"og:image:width\" content=\"1280\" \/>\n\t<meta property=\"og:image:height\" content=\"808\" \/>\n\t<meta property=\"og:image:type\" content=\"image\/jpeg\" \/>\n<meta name=\"author\" content=\"LUIZA NASCIMENTO\" \/>\n<meta name=\"twitter:card\" content=\"summary_large_image\" \/>\n<meta name=\"twitter:label1\" content=\"Escrito por\" \/>\n\t<meta name=\"twitter:data1\" content=\"LUIZA NASCIMENTO\" \/>\n\t<meta name=\"twitter:label2\" content=\"Est. tempo de leitura\" \/>\n\t<meta name=\"twitter:data2\" content=\"5 minutos\" \/>\n<script type=\"application\/ld+json\" class=\"yoast-schema-graph\">{\"@context\":\"https:\/\/schema.org\",\"@graph\":[{\"@type\":\"Article\",\"@id\":\"https:\/\/bahiaeconomica.com.br\/wp\/2025\/10\/09\/espacos-culturais-municipais-promovem-programacao-especial-para-o-dia-das-criancas-veja-agenda\/#article\",\"isPartOf\":{\"@id\":\"https:\/\/bahiaeconomica.com.br\/wp\/2025\/10\/09\/espacos-culturais-municipais-promovem-programacao-especial-para-o-dia-das-criancas-veja-agenda\/\"},\"author\":{\"name\":\"LUIZA NASCIMENTO\",\"@id\":\"https:\/\/bahiaeconomica.com.br\/wp\/#\/schema\/person\/18273ac0fe04bfd4e7b101bf17d40152\"},\"headline\":\"ESPA\u00c7OS CULTURAIS MUNICIPAIS PROMOVEM PROGRAMA\u00c7\u00c3O ESPECIAL PARA O DIA DAS CRIAN\u00c7AS; VEJA AGENDA\",\"datePublished\":\"2025-10-09T18:48:08+00:00\",\"dateModified\":\"2025-10-09T18:29:00+00:00\",\"mainEntityOfPage\":{\"@id\":\"https:\/\/bahiaeconomica.com.br\/wp\/2025\/10\/09\/espacos-culturais-municipais-promovem-programacao-especial-para-o-dia-das-criancas-veja-agenda\/\"},\"wordCount\":1023,\"publisher\":{\"@id\":\"https:\/\/bahiaeconomica.com.br\/wp\/#organization\"},\"articleSection\":[\"CULTURA E ARTE\"],\"inLanguage\":\"pt-BR\"},{\"@type\":\"WebPage\",\"@id\":\"https:\/\/bahiaeconomica.com.br\/wp\/2025\/10\/09\/espacos-culturais-municipais-promovem-programacao-especial-para-o-dia-das-criancas-veja-agenda\/\",\"url\":\"https:\/\/bahiaeconomica.com.br\/wp\/2025\/10\/09\/espacos-culturais-municipais-promovem-programacao-especial-para-o-dia-das-criancas-veja-agenda\/\",\"name\":\"ESPA\u00c7OS CULTURAIS MUNICIPAIS PROMOVEM PROGRAMA\u00c7\u00c3O ESPECIAL PARA O DIA DAS CRIAN\u00c7AS; VEJA AGENDA - Bahia Economica\",\"isPartOf\":{\"@id\":\"https:\/\/bahiaeconomica.com.br\/wp\/#website\"},\"datePublished\":\"2025-10-09T18:48:08+00:00\",\"dateModified\":\"2025-10-09T18:29:00+00:00\",\"description\":\"O maior portal de Economia da Bahia CULTURA E ARTE Bahia Economica\",\"breadcrumb\":{\"@id\":\"https:\/\/bahiaeconomica.com.br\/wp\/2025\/10\/09\/espacos-culturais-municipais-promovem-programacao-especial-para-o-dia-das-criancas-veja-agenda\/#breadcrumb\"},\"inLanguage\":\"pt-BR\",\"potentialAction\":[{\"@type\":\"ReadAction\",\"target\":[\"https:\/\/bahiaeconomica.com.br\/wp\/2025\/10\/09\/espacos-culturais-municipais-promovem-programacao-especial-para-o-dia-das-criancas-veja-agenda\/\"]}]},{\"@type\":\"BreadcrumbList\",\"@id\":\"https:\/\/bahiaeconomica.com.br\/wp\/2025\/10\/09\/espacos-culturais-municipais-promovem-programacao-especial-para-o-dia-das-criancas-veja-agenda\/#breadcrumb\",\"itemListElement\":[{\"@type\":\"ListItem\",\"position\":1,\"name\":\"In\u00edcio\",\"item\":\"https:\/\/bahiaeconomica.com.br\/wp\/\"},{\"@type\":\"ListItem\",\"position\":2,\"name\":\"ESPA\u00c7OS CULTURAIS MUNICIPAIS PROMOVEM PROGRAMA\u00c7\u00c3O ESPECIAL PARA O DIA DAS CRIAN\u00c7AS; VEJA AGENDA\"}]},{\"@type\":\"WebSite\",\"@id\":\"https:\/\/bahiaeconomica.com.br\/wp\/#website\",\"url\":\"https:\/\/bahiaeconomica.com.br\/wp\/\",\"name\":\"Bahia Economica\",\"description\":\"O maior portal de Economia da Bahia\",\"publisher\":{\"@id\":\"https:\/\/bahiaeconomica.com.br\/wp\/#organization\"},\"potentialAction\":[{\"@type\":\"SearchAction\",\"target\":{\"@type\":\"EntryPoint\",\"urlTemplate\":\"https:\/\/bahiaeconomica.com.br\/wp\/?s={search_term_string}\"},\"query-input\":\"required name=search_term_string\"}],\"inLanguage\":\"pt-BR\"},{\"@type\":\"Organization\",\"@id\":\"https:\/\/bahiaeconomica.com.br\/wp\/#organization\",\"name\":\"Bahia Econ\u00f4mica\",\"url\":\"https:\/\/bahiaeconomica.com.br\/wp\/\",\"logo\":{\"@type\":\"ImageObject\",\"inLanguage\":\"pt-BR\",\"@id\":\"https:\/\/bahiaeconomica.com.br\/wp\/#\/schema\/logo\/image\/\",\"url\":\"https:\/\/bahiaeconomica.com.br\/wp\/wp-content\/uploads\/2020\/12\/cropped-BE.png\",\"contentUrl\":\"https:\/\/bahiaeconomica.com.br\/wp\/wp-content\/uploads\/2020\/12\/cropped-BE.png\",\"width\":512,\"height\":512,\"caption\":\"Bahia Econ\u00f4mica\"},\"image\":{\"@id\":\"https:\/\/bahiaeconomica.com.br\/wp\/#\/schema\/logo\/image\/\"},\"sameAs\":[\"https:\/\/www.facebook.com\/bahiaeconomica\"]},{\"@type\":\"Person\",\"@id\":\"https:\/\/bahiaeconomica.com.br\/wp\/#\/schema\/person\/18273ac0fe04bfd4e7b101bf17d40152\",\"name\":\"LUIZA NASCIMENTO\",\"sameAs\":[\"http:\/\/www.bahiaeconomica.com.br\"],\"url\":\"https:\/\/bahiaeconomica.com.br\/wp\/author\/luiza-nascimento\/\"}]}<\/script>\n<!-- \/ Yoast SEO plugin. -->","yoast_head_json":{"title":"ESPA\u00c7OS CULTURAIS MUNICIPAIS PROMOVEM PROGRAMA\u00c7\u00c3O ESPECIAL PARA O DIA DAS CRIAN\u00c7AS; VEJA AGENDA - Bahia Economica","description":"O maior portal de Economia da Bahia CULTURA E ARTE Bahia Economica","robots":{"index":"index","follow":"follow","max-snippet":"max-snippet:-1","max-image-preview":"max-image-preview:large","max-video-preview":"max-video-preview:-1"},"canonical":"https:\/\/bahiaeconomica.com.br\/wp\/2025\/10\/09\/espacos-culturais-municipais-promovem-programacao-especial-para-o-dia-das-criancas-veja-agenda\/","og_locale":"pt_BR","og_type":"article","og_title":"ESPA\u00c7OS CULTURAIS MUNICIPAIS PROMOVEM PROGRAMA\u00c7\u00c3O ESPECIAL PARA O DIA DAS CRIAN\u00c7AS; VEJA AGENDA - Bahia Economica","og_description":"O maior portal de Economia da Bahia CULTURA E ARTE Bahia Economica","og_url":"https:\/\/bahiaeconomica.com.br\/wp\/2025\/10\/09\/espacos-culturais-municipais-promovem-programacao-especial-para-o-dia-das-criancas-veja-agenda\/","og_site_name":"Bahia Economica","article_publisher":"https:\/\/www.facebook.com\/bahiaeconomica","article_published_time":"2025-10-09T18:48:08+00:00","article_modified_time":"2025-10-09T18:29:00+00:00","og_image":[{"width":1280,"height":808,"url":"https:\/\/bahiaeconomica.com.br\/wp\/wp-content\/uploads\/2025\/10\/WhatsApp-Image-2025-10-09-at-11.15.41.jpeg","type":"image\/jpeg"}],"author":"LUIZA NASCIMENTO","twitter_card":"summary_large_image","twitter_misc":{"Escrito por":"LUIZA NASCIMENTO","Est. tempo de leitura":"5 minutos"},"schema":{"@context":"https:\/\/schema.org","@graph":[{"@type":"Article","@id":"https:\/\/bahiaeconomica.com.br\/wp\/2025\/10\/09\/espacos-culturais-municipais-promovem-programacao-especial-para-o-dia-das-criancas-veja-agenda\/#article","isPartOf":{"@id":"https:\/\/bahiaeconomica.com.br\/wp\/2025\/10\/09\/espacos-culturais-municipais-promovem-programacao-especial-para-o-dia-das-criancas-veja-agenda\/"},"author":{"name":"LUIZA NASCIMENTO","@id":"https:\/\/bahiaeconomica.com.br\/wp\/#\/schema\/person\/18273ac0fe04bfd4e7b101bf17d40152"},"headline":"ESPA\u00c7OS CULTURAIS MUNICIPAIS PROMOVEM PROGRAMA\u00c7\u00c3O ESPECIAL PARA O DIA DAS CRIAN\u00c7AS; VEJA AGENDA","datePublished":"2025-10-09T18:48:08+00:00","dateModified":"2025-10-09T18:29:00+00:00","mainEntityOfPage":{"@id":"https:\/\/bahiaeconomica.com.br\/wp\/2025\/10\/09\/espacos-culturais-municipais-promovem-programacao-especial-para-o-dia-das-criancas-veja-agenda\/"},"wordCount":1023,"publisher":{"@id":"https:\/\/bahiaeconomica.com.br\/wp\/#organization"},"articleSection":["CULTURA E ARTE"],"inLanguage":"pt-BR"},{"@type":"WebPage","@id":"https:\/\/bahiaeconomica.com.br\/wp\/2025\/10\/09\/espacos-culturais-municipais-promovem-programacao-especial-para-o-dia-das-criancas-veja-agenda\/","url":"https:\/\/bahiaeconomica.com.br\/wp\/2025\/10\/09\/espacos-culturais-municipais-promovem-programacao-especial-para-o-dia-das-criancas-veja-agenda\/","name":"ESPA\u00c7OS CULTURAIS MUNICIPAIS PROMOVEM PROGRAMA\u00c7\u00c3O ESPECIAL PARA O DIA DAS CRIAN\u00c7AS; VEJA AGENDA - Bahia Economica","isPartOf":{"@id":"https:\/\/bahiaeconomica.com.br\/wp\/#website"},"datePublished":"2025-10-09T18:48:08+00:00","dateModified":"2025-10-09T18:29:00+00:00","description":"O maior portal de Economia da Bahia CULTURA E ARTE Bahia Economica","breadcrumb":{"@id":"https:\/\/bahiaeconomica.com.br\/wp\/2025\/10\/09\/espacos-culturais-municipais-promovem-programacao-especial-para-o-dia-das-criancas-veja-agenda\/#breadcrumb"},"inLanguage":"pt-BR","potentialAction":[{"@type":"ReadAction","target":["https:\/\/bahiaeconomica.com.br\/wp\/2025\/10\/09\/espacos-culturais-municipais-promovem-programacao-especial-para-o-dia-das-criancas-veja-agenda\/"]}]},{"@type":"BreadcrumbList","@id":"https:\/\/bahiaeconomica.com.br\/wp\/2025\/10\/09\/espacos-culturais-municipais-promovem-programacao-especial-para-o-dia-das-criancas-veja-agenda\/#breadcrumb","itemListElement":[{"@type":"ListItem","position":1,"name":"In\u00edcio","item":"https:\/\/bahiaeconomica.com.br\/wp\/"},{"@type":"ListItem","position":2,"name":"ESPA\u00c7OS CULTURAIS MUNICIPAIS PROMOVEM PROGRAMA\u00c7\u00c3O ESPECIAL PARA O DIA DAS CRIAN\u00c7AS; VEJA AGENDA"}]},{"@type":"WebSite","@id":"https:\/\/bahiaeconomica.com.br\/wp\/#website","url":"https:\/\/bahiaeconomica.com.br\/wp\/","name":"Bahia Economica","description":"O maior portal de Economia da Bahia","publisher":{"@id":"https:\/\/bahiaeconomica.com.br\/wp\/#organization"},"potentialAction":[{"@type":"SearchAction","target":{"@type":"EntryPoint","urlTemplate":"https:\/\/bahiaeconomica.com.br\/wp\/?s={search_term_string}"},"query-input":"required name=search_term_string"}],"inLanguage":"pt-BR"},{"@type":"Organization","@id":"https:\/\/bahiaeconomica.com.br\/wp\/#organization","name":"Bahia Econ\u00f4mica","url":"https:\/\/bahiaeconomica.com.br\/wp\/","logo":{"@type":"ImageObject","inLanguage":"pt-BR","@id":"https:\/\/bahiaeconomica.com.br\/wp\/#\/schema\/logo\/image\/","url":"https:\/\/bahiaeconomica.com.br\/wp\/wp-content\/uploads\/2020\/12\/cropped-BE.png","contentUrl":"https:\/\/bahiaeconomica.com.br\/wp\/wp-content\/uploads\/2020\/12\/cropped-BE.png","width":512,"height":512,"caption":"Bahia Econ\u00f4mica"},"image":{"@id":"https:\/\/bahiaeconomica.com.br\/wp\/#\/schema\/logo\/image\/"},"sameAs":["https:\/\/www.facebook.com\/bahiaeconomica"]},{"@type":"Person","@id":"https:\/\/bahiaeconomica.com.br\/wp\/#\/schema\/person\/18273ac0fe04bfd4e7b101bf17d40152","name":"LUIZA NASCIMENTO","sameAs":["http:\/\/www.bahiaeconomica.com.br"],"url":"https:\/\/bahiaeconomica.com.br\/wp\/author\/luiza-nascimento\/"}]}},"views":5,"_links":{"self":[{"href":"https:\/\/bahiaeconomica.com.br\/wp\/wp-json\/wp\/v2\/posts\/942073"}],"collection":[{"href":"https:\/\/bahiaeconomica.com.br\/wp\/wp-json\/wp\/v2\/posts"}],"about":[{"href":"https:\/\/bahiaeconomica.com.br\/wp\/wp-json\/wp\/v2\/types\/post"}],"author":[{"embeddable":true,"href":"https:\/\/bahiaeconomica.com.br\/wp\/wp-json\/wp\/v2\/users\/16"}],"replies":[{"embeddable":true,"href":"https:\/\/bahiaeconomica.com.br\/wp\/wp-json\/wp\/v2\/comments?post=942073"}],"version-history":[{"count":1,"href":"https:\/\/bahiaeconomica.com.br\/wp\/wp-json\/wp\/v2\/posts\/942073\/revisions"}],"predecessor-version":[{"id":942083,"href":"https:\/\/bahiaeconomica.com.br\/wp\/wp-json\/wp\/v2\/posts\/942073\/revisions\/942083"}],"wp:featuredmedia":[{"embeddable":true,"href":"https:\/\/bahiaeconomica.com.br\/wp\/wp-json\/wp\/v2\/media\/942082"}],"wp:attachment":[{"href":"https:\/\/bahiaeconomica.com.br\/wp\/wp-json\/wp\/v2\/media?parent=942073"}],"wp:term":[{"taxonomy":"category","embeddable":true,"href":"https:\/\/bahiaeconomica.com.br\/wp\/wp-json\/wp\/v2\/categories?post=942073"},{"taxonomy":"post_tag","embeddable":true,"href":"https:\/\/bahiaeconomica.com.br\/wp\/wp-json\/wp\/v2\/tags?post=942073"}],"curies":[{"name":"wp","href":"https:\/\/api.w.org\/{rel}","templated":true}]}}