{"id":941685,"date":"2025-10-08T14:23:56","date_gmt":"2025-10-08T17:23:56","guid":{"rendered":"https:\/\/bahiaeconomica.com.br\/wp\/?p=941685"},"modified":"2025-10-08T14:23:56","modified_gmt":"2025-10-08T17:23:56","slug":"pp-afasta-fufuca-apos-ministro-se-recusar-a-sair-do-governo-lula","status":"publish","type":"post","link":"https:\/\/bahiaeconomica.com.br\/wp\/2025\/10\/08\/pp-afasta-fufuca-apos-ministro-se-recusar-a-sair-do-governo-lula\/","title":{"rendered":"PP AFASTA FUFUCA AP\u00d3S MINISTRO SE RECUSAR A SAIR DO GOVERNO LULA"},"content":{"rendered":"<p>O PP afastou nesta quarta-feira, 8, o ministro do Esporte, Andr\u00e9 Fufuca, do partido. A decis\u00e3o foi tomada em raz\u00e3o da perman\u00eancia dele na pasta. A sigla ainda anunciou que ele deixa a vice-presid\u00eancia nacional e perder\u00e1 o comando do partido no Maranh\u00e3o.<\/p>\n<p>\u201cO Progressistas comunica que, diante da decis\u00e3o de desobedecer a orienta\u00e7\u00e3o da Executiva Nacional do partido e permanecer no Minist\u00e9rio do Esporte, o ministro Andr\u00e9 Fufuca fica, a partir de agora, afastado de todas as decis\u00f5es partid\u00e1rias, bem como da vice-presid\u00eancia do partido\u201d, diz a nota.<\/p>\n<p>O texto, escrito pelo presidente do PP, Ciro Nogueira, refor\u00e7a a oposi\u00e7\u00e3o do partido ao governo do presidente Luiz In\u00e1cio Lula da Silva. \u201cO partido reitera o posicionamento de que n\u00e3o faz e n\u00e3o far\u00e1 parte do atual governo, com o qual n\u00e3o nutre qualquer identifica\u00e7\u00e3o ideol\u00f3gica program\u00e1tica\u201d, diz.<\/p>\n<p>No come\u00e7o do m\u00eas de setembro, PP e Uni\u00e3o anunciaram um desembarque oficial do governo, dizendo que entregariam cargos que possuem na atual gest\u00e3o de Lula. O presidente do Uni\u00e3o, Antonio Rueda, deu o prazo de um m\u00eas para que correligion\u00e1rios entregassem o cargo.<\/p>\n<p>No \u00faltimo dia 1.\u00ba, Ciro Nogueira disse que Fufuca teria que escolher entre a perman\u00eancia com Lula ou se acataria a decis\u00e3o do partido de sair do governo.<\/p>\n<p>J\u00e1 no dia 6, em discurso durante agenda de Lula em Imperatriz (MA), Fufuca disse que cometeu um erro ao apoiar o ex-presidente Jair Bolsonaro (PL) nas elei\u00e7\u00f5es de 2022 e que vai endossar a campanha \u00e0 reelei\u00e7\u00e3o de Lula no ano que vem, mesmo que esteja com o \u201ccorpo amarrado\u201d.<\/p>\n<p>\u201cO importante n\u00e3o \u00e9 justificar o erro, o importante \u00e9 evitar que ele se repita. Em 2022, eu cometi um erro. Agora, em 2026, pode ser que o meu corpo esteja amarrado, mas a minha alma, o meu cora\u00e7\u00e3o e a minha for\u00e7a de vontade estar\u00e3o livres para brigar e ajudar Luiz In\u00e1cio Lula da Silva a ser presidente do Brasil\u201d, afirmou Fufuca.<\/p>\n<p>Fonte: Estad\u00e3o Conte\u00fado<\/p>\n<p>Foto: Reprodu\u00e7\u00e3o<\/p>\n","protected":false},"excerpt":{"rendered":"<p>O PP afastou nesta quarta-feira, 8, o ministro do Esporte, Andr\u00e9 Fufuca, do partido. A decis\u00e3o foi tomada em raz\u00e3o da perman\u00eancia dele na pasta. A sigla ainda anunciou que ele deixa a vice-presid\u00eancia nacional e perder\u00e1 o comando do partido no Maranh\u00e3o. \u201cO Progressistas comunica que, diante da decis\u00e3o de desobedecer a orienta\u00e7\u00e3o da [&hellip;]<\/p>\n","protected":false},"author":24,"featured_media":941686,"comment_status":"closed","ping_status":"closed","sticky":false,"template":"","format":"standard","meta":[],"categories":[14601],"tags":[41599,233,182,468],"acf":[],"yoast_head":"<!-- This site is optimized with the Yoast SEO plugin v20.8 - https:\/\/yoast.com\/wordpress\/plugins\/seo\/ -->\n<title>PP AFASTA FUFUCA AP\u00d3S MINISTRO SE RECUSAR A SAIR DO GOVERNO LULA - Bahia Economica O PP afastou nesta quarta-feira, 8, o ministro do Esporte, Andr\u00e9 Fufuca, do partido. A decis\u00e3o foi tomada em raz\u00e3o da perman\u00eancia dele na pasta.<\/title>\n<meta name=\"description\" content=\"O maior portal de Economia da Bahia Pol\u00edtica Bahia Economica O PP afastou nesta quarta-feira, 8, o ministro do Esporte, Andr\u00e9 Fufuca, do partido. A decis\u00e3o foi tomada em raz\u00e3o da perman\u00eancia dele na pasta.\" \/>\n<meta name=\"robots\" content=\"index, follow, max-snippet:-1, max-image-preview:large, max-video-preview:-1\" \/>\n<link rel=\"canonical\" href=\"https:\/\/bahiaeconomica.com.br\/wp\/2025\/10\/08\/pp-afasta-fufuca-apos-ministro-se-recusar-a-sair-do-governo-lula\/\" \/>\n<meta property=\"og:locale\" content=\"pt_BR\" \/>\n<meta property=\"og:type\" content=\"article\" \/>\n<meta property=\"og:title\" content=\"PP AFASTA FUFUCA AP\u00d3S MINISTRO SE RECUSAR A SAIR DO GOVERNO LULA - Bahia Economica O PP afastou nesta quarta-feira, 8, o ministro do Esporte, Andr\u00e9 Fufuca, do partido. A decis\u00e3o foi tomada em raz\u00e3o da perman\u00eancia dele na pasta.\" \/>\n<meta property=\"og:description\" content=\"O maior portal de Economia da Bahia Pol\u00edtica Bahia Economica O PP afastou nesta quarta-feira, 8, o ministro do Esporte, Andr\u00e9 Fufuca, do partido. A decis\u00e3o foi tomada em raz\u00e3o da perman\u00eancia dele na pasta.\" \/>\n<meta property=\"og:url\" content=\"https:\/\/bahiaeconomica.com.br\/wp\/2025\/10\/08\/pp-afasta-fufuca-apos-ministro-se-recusar-a-sair-do-governo-lula\/\" \/>\n<meta property=\"og:site_name\" content=\"Bahia Economica\" \/>\n<meta property=\"article:publisher\" content=\"https:\/\/www.facebook.com\/bahiaeconomica\" \/>\n<meta property=\"article:published_time\" content=\"2025-10-08T17:23:56+00:00\" \/>\n<meta property=\"og:image\" content=\"https:\/\/bahiaeconomica.com.br\/wp\/wp-content\/uploads\/2025\/10\/pp-afasta-fufuca-apos-ministro-se-recusar-a-sair-do-governo-lula.jpg\" \/>\n\t<meta property=\"og:image:width\" content=\"627\" \/>\n\t<meta property=\"og:image:height\" content=\"400\" \/>\n\t<meta property=\"og:image:type\" content=\"image\/jpeg\" \/>\n<meta name=\"author\" content=\"VICTOR OLIVEIRA\" \/>\n<meta name=\"twitter:card\" content=\"summary_large_image\" \/>\n<meta name=\"twitter:label1\" content=\"Escrito por\" \/>\n\t<meta name=\"twitter:data1\" content=\"VICTOR OLIVEIRA\" \/>\n\t<meta name=\"twitter:label2\" content=\"Est. tempo de leitura\" \/>\n\t<meta name=\"twitter:data2\" content=\"2 minutos\" \/>\n<script type=\"application\/ld+json\" class=\"yoast-schema-graph\">{\"@context\":\"https:\/\/schema.org\",\"@graph\":[{\"@type\":\"Article\",\"@id\":\"https:\/\/bahiaeconomica.com.br\/wp\/2025\/10\/08\/pp-afasta-fufuca-apos-ministro-se-recusar-a-sair-do-governo-lula\/#article\",\"isPartOf\":{\"@id\":\"https:\/\/bahiaeconomica.com.br\/wp\/2025\/10\/08\/pp-afasta-fufuca-apos-ministro-se-recusar-a-sair-do-governo-lula\/\"},\"author\":{\"name\":\"VICTOR OLIVEIRA\",\"@id\":\"https:\/\/bahiaeconomica.com.br\/wp\/#\/schema\/person\/a17956d0e1112b626f403fb06b8129a9\"},\"headline\":\"PP AFASTA FUFUCA AP\u00d3S MINISTRO SE RECUSAR A SAIR DO GOVERNO LULA\",\"datePublished\":\"2025-10-08T17:23:56+00:00\",\"dateModified\":\"2025-10-08T17:23:56+00:00\",\"mainEntityOfPage\":{\"@id\":\"https:\/\/bahiaeconomica.com.br\/wp\/2025\/10\/08\/pp-afasta-fufuca-apos-ministro-se-recusar-a-sair-do-governo-lula\/\"},\"wordCount\":372,\"publisher\":{\"@id\":\"https:\/\/bahiaeconomica.com.br\/wp\/#organization\"},\"keywords\":[\"fufuca\",\"Governo\",\"Lula\",\"PP\"],\"articleSection\":[\"Pol\u00edtica\"],\"inLanguage\":\"pt-BR\"},{\"@type\":\"WebPage\",\"@id\":\"https:\/\/bahiaeconomica.com.br\/wp\/2025\/10\/08\/pp-afasta-fufuca-apos-ministro-se-recusar-a-sair-do-governo-lula\/\",\"url\":\"https:\/\/bahiaeconomica.com.br\/wp\/2025\/10\/08\/pp-afasta-fufuca-apos-ministro-se-recusar-a-sair-do-governo-lula\/\",\"name\":\"PP AFASTA FUFUCA AP\u00d3S MINISTRO SE RECUSAR A SAIR DO GOVERNO LULA - Bahia Economica O PP afastou nesta quarta-feira, 8, o ministro do Esporte, Andr\u00e9 Fufuca, do partido. A decis\u00e3o foi tomada em raz\u00e3o da perman\u00eancia dele na pasta.\",\"isPartOf\":{\"@id\":\"https:\/\/bahiaeconomica.com.br\/wp\/#website\"},\"datePublished\":\"2025-10-08T17:23:56+00:00\",\"dateModified\":\"2025-10-08T17:23:56+00:00\",\"description\":\"O maior portal de Economia da Bahia Pol\u00edtica Bahia Economica O PP afastou nesta quarta-feira, 8, o ministro do Esporte, Andr\u00e9 Fufuca, do partido. A decis\u00e3o foi tomada em raz\u00e3o da perman\u00eancia dele na pasta.\",\"breadcrumb\":{\"@id\":\"https:\/\/bahiaeconomica.com.br\/wp\/2025\/10\/08\/pp-afasta-fufuca-apos-ministro-se-recusar-a-sair-do-governo-lula\/#breadcrumb\"},\"inLanguage\":\"pt-BR\",\"potentialAction\":[{\"@type\":\"ReadAction\",\"target\":[\"https:\/\/bahiaeconomica.com.br\/wp\/2025\/10\/08\/pp-afasta-fufuca-apos-ministro-se-recusar-a-sair-do-governo-lula\/\"]}]},{\"@type\":\"BreadcrumbList\",\"@id\":\"https:\/\/bahiaeconomica.com.br\/wp\/2025\/10\/08\/pp-afasta-fufuca-apos-ministro-se-recusar-a-sair-do-governo-lula\/#breadcrumb\",\"itemListElement\":[{\"@type\":\"ListItem\",\"position\":1,\"name\":\"In\u00edcio\",\"item\":\"https:\/\/bahiaeconomica.com.br\/wp\/\"},{\"@type\":\"ListItem\",\"position\":2,\"name\":\"PP AFASTA FUFUCA AP\u00d3S MINISTRO SE RECUSAR A SAIR DO GOVERNO LULA\"}]},{\"@type\":\"WebSite\",\"@id\":\"https:\/\/bahiaeconomica.com.br\/wp\/#website\",\"url\":\"https:\/\/bahiaeconomica.com.br\/wp\/\",\"name\":\"Bahia Economica\",\"description\":\"O maior portal de Economia da Bahia\",\"publisher\":{\"@id\":\"https:\/\/bahiaeconomica.com.br\/wp\/#organization\"},\"potentialAction\":[{\"@type\":\"SearchAction\",\"target\":{\"@type\":\"EntryPoint\",\"urlTemplate\":\"https:\/\/bahiaeconomica.com.br\/wp\/?s={search_term_string}\"},\"query-input\":\"required name=search_term_string\"}],\"inLanguage\":\"pt-BR\"},{\"@type\":\"Organization\",\"@id\":\"https:\/\/bahiaeconomica.com.br\/wp\/#organization\",\"name\":\"Bahia Econ\u00f4mica\",\"url\":\"https:\/\/bahiaeconomica.com.br\/wp\/\",\"logo\":{\"@type\":\"ImageObject\",\"inLanguage\":\"pt-BR\",\"@id\":\"https:\/\/bahiaeconomica.com.br\/wp\/#\/schema\/logo\/image\/\",\"url\":\"https:\/\/bahiaeconomica.com.br\/wp\/wp-content\/uploads\/2020\/12\/cropped-BE.png\",\"contentUrl\":\"https:\/\/bahiaeconomica.com.br\/wp\/wp-content\/uploads\/2020\/12\/cropped-BE.png\",\"width\":512,\"height\":512,\"caption\":\"Bahia Econ\u00f4mica\"},\"image\":{\"@id\":\"https:\/\/bahiaeconomica.com.br\/wp\/#\/schema\/logo\/image\/\"},\"sameAs\":[\"https:\/\/www.facebook.com\/bahiaeconomica\"]},{\"@type\":\"Person\",\"@id\":\"https:\/\/bahiaeconomica.com.br\/wp\/#\/schema\/person\/a17956d0e1112b626f403fb06b8129a9\",\"name\":\"VICTOR OLIVEIRA\",\"sameAs\":[\"http:\/\/www.bahiaeconomica.com.br\"],\"url\":\"https:\/\/bahiaeconomica.com.br\/wp\/author\/victor-oliveira\/\"}]}<\/script>\n<!-- \/ Yoast SEO plugin. -->","yoast_head_json":{"title":"PP AFASTA FUFUCA AP\u00d3S MINISTRO SE RECUSAR A SAIR DO GOVERNO LULA - Bahia Economica O PP afastou nesta quarta-feira, 8, o ministro do Esporte, Andr\u00e9 Fufuca, do partido. A decis\u00e3o foi tomada em raz\u00e3o da perman\u00eancia dele na pasta.","description":"O maior portal de Economia da Bahia Pol\u00edtica Bahia Economica O PP afastou nesta quarta-feira, 8, o ministro do Esporte, Andr\u00e9 Fufuca, do partido. A decis\u00e3o foi tomada em raz\u00e3o da perman\u00eancia dele na pasta.","robots":{"index":"index","follow":"follow","max-snippet":"max-snippet:-1","max-image-preview":"max-image-preview:large","max-video-preview":"max-video-preview:-1"},"canonical":"https:\/\/bahiaeconomica.com.br\/wp\/2025\/10\/08\/pp-afasta-fufuca-apos-ministro-se-recusar-a-sair-do-governo-lula\/","og_locale":"pt_BR","og_type":"article","og_title":"PP AFASTA FUFUCA AP\u00d3S MINISTRO SE RECUSAR A SAIR DO GOVERNO LULA - Bahia Economica O PP afastou nesta quarta-feira, 8, o ministro do Esporte, Andr\u00e9 Fufuca, do partido. A decis\u00e3o foi tomada em raz\u00e3o da perman\u00eancia dele na pasta.","og_description":"O maior portal de Economia da Bahia Pol\u00edtica Bahia Economica O PP afastou nesta quarta-feira, 8, o ministro do Esporte, Andr\u00e9 Fufuca, do partido. A decis\u00e3o foi tomada em raz\u00e3o da perman\u00eancia dele na pasta.","og_url":"https:\/\/bahiaeconomica.com.br\/wp\/2025\/10\/08\/pp-afasta-fufuca-apos-ministro-se-recusar-a-sair-do-governo-lula\/","og_site_name":"Bahia Economica","article_publisher":"https:\/\/www.facebook.com\/bahiaeconomica","article_published_time":"2025-10-08T17:23:56+00:00","og_image":[{"width":627,"height":400,"url":"https:\/\/bahiaeconomica.com.br\/wp\/wp-content\/uploads\/2025\/10\/pp-afasta-fufuca-apos-ministro-se-recusar-a-sair-do-governo-lula.jpg","type":"image\/jpeg"}],"author":"VICTOR OLIVEIRA","twitter_card":"summary_large_image","twitter_misc":{"Escrito por":"VICTOR OLIVEIRA","Est. tempo de leitura":"2 minutos"},"schema":{"@context":"https:\/\/schema.org","@graph":[{"@type":"Article","@id":"https:\/\/bahiaeconomica.com.br\/wp\/2025\/10\/08\/pp-afasta-fufuca-apos-ministro-se-recusar-a-sair-do-governo-lula\/#article","isPartOf":{"@id":"https:\/\/bahiaeconomica.com.br\/wp\/2025\/10\/08\/pp-afasta-fufuca-apos-ministro-se-recusar-a-sair-do-governo-lula\/"},"author":{"name":"VICTOR OLIVEIRA","@id":"https:\/\/bahiaeconomica.com.br\/wp\/#\/schema\/person\/a17956d0e1112b626f403fb06b8129a9"},"headline":"PP AFASTA FUFUCA AP\u00d3S MINISTRO SE RECUSAR A SAIR DO GOVERNO LULA","datePublished":"2025-10-08T17:23:56+00:00","dateModified":"2025-10-08T17:23:56+00:00","mainEntityOfPage":{"@id":"https:\/\/bahiaeconomica.com.br\/wp\/2025\/10\/08\/pp-afasta-fufuca-apos-ministro-se-recusar-a-sair-do-governo-lula\/"},"wordCount":372,"publisher":{"@id":"https:\/\/bahiaeconomica.com.br\/wp\/#organization"},"keywords":["fufuca","Governo","Lula","PP"],"articleSection":["Pol\u00edtica"],"inLanguage":"pt-BR"},{"@type":"WebPage","@id":"https:\/\/bahiaeconomica.com.br\/wp\/2025\/10\/08\/pp-afasta-fufuca-apos-ministro-se-recusar-a-sair-do-governo-lula\/","url":"https:\/\/bahiaeconomica.com.br\/wp\/2025\/10\/08\/pp-afasta-fufuca-apos-ministro-se-recusar-a-sair-do-governo-lula\/","name":"PP AFASTA FUFUCA AP\u00d3S MINISTRO SE RECUSAR A SAIR DO GOVERNO LULA - Bahia Economica O PP afastou nesta quarta-feira, 8, o ministro do Esporte, Andr\u00e9 Fufuca, do partido. A decis\u00e3o foi tomada em raz\u00e3o da perman\u00eancia dele na pasta.","isPartOf":{"@id":"https:\/\/bahiaeconomica.com.br\/wp\/#website"},"datePublished":"2025-10-08T17:23:56+00:00","dateModified":"2025-10-08T17:23:56+00:00","description":"O maior portal de Economia da Bahia Pol\u00edtica Bahia Economica O PP afastou nesta quarta-feira, 8, o ministro do Esporte, Andr\u00e9 Fufuca, do partido. A decis\u00e3o foi tomada em raz\u00e3o da perman\u00eancia dele na pasta.","breadcrumb":{"@id":"https:\/\/bahiaeconomica.com.br\/wp\/2025\/10\/08\/pp-afasta-fufuca-apos-ministro-se-recusar-a-sair-do-governo-lula\/#breadcrumb"},"inLanguage":"pt-BR","potentialAction":[{"@type":"ReadAction","target":["https:\/\/bahiaeconomica.com.br\/wp\/2025\/10\/08\/pp-afasta-fufuca-apos-ministro-se-recusar-a-sair-do-governo-lula\/"]}]},{"@type":"BreadcrumbList","@id":"https:\/\/bahiaeconomica.com.br\/wp\/2025\/10\/08\/pp-afasta-fufuca-apos-ministro-se-recusar-a-sair-do-governo-lula\/#breadcrumb","itemListElement":[{"@type":"ListItem","position":1,"name":"In\u00edcio","item":"https:\/\/bahiaeconomica.com.br\/wp\/"},{"@type":"ListItem","position":2,"name":"PP AFASTA FUFUCA AP\u00d3S MINISTRO SE RECUSAR A SAIR DO GOVERNO LULA"}]},{"@type":"WebSite","@id":"https:\/\/bahiaeconomica.com.br\/wp\/#website","url":"https:\/\/bahiaeconomica.com.br\/wp\/","name":"Bahia Economica","description":"O maior portal de Economia da Bahia","publisher":{"@id":"https:\/\/bahiaeconomica.com.br\/wp\/#organization"},"potentialAction":[{"@type":"SearchAction","target":{"@type":"EntryPoint","urlTemplate":"https:\/\/bahiaeconomica.com.br\/wp\/?s={search_term_string}"},"query-input":"required name=search_term_string"}],"inLanguage":"pt-BR"},{"@type":"Organization","@id":"https:\/\/bahiaeconomica.com.br\/wp\/#organization","name":"Bahia Econ\u00f4mica","url":"https:\/\/bahiaeconomica.com.br\/wp\/","logo":{"@type":"ImageObject","inLanguage":"pt-BR","@id":"https:\/\/bahiaeconomica.com.br\/wp\/#\/schema\/logo\/image\/","url":"https:\/\/bahiaeconomica.com.br\/wp\/wp-content\/uploads\/2020\/12\/cropped-BE.png","contentUrl":"https:\/\/bahiaeconomica.com.br\/wp\/wp-content\/uploads\/2020\/12\/cropped-BE.png","width":512,"height":512,"caption":"Bahia Econ\u00f4mica"},"image":{"@id":"https:\/\/bahiaeconomica.com.br\/wp\/#\/schema\/logo\/image\/"},"sameAs":["https:\/\/www.facebook.com\/bahiaeconomica"]},{"@type":"Person","@id":"https:\/\/bahiaeconomica.com.br\/wp\/#\/schema\/person\/a17956d0e1112b626f403fb06b8129a9","name":"VICTOR OLIVEIRA","sameAs":["http:\/\/www.bahiaeconomica.com.br"],"url":"https:\/\/bahiaeconomica.com.br\/wp\/author\/victor-oliveira\/"}]}},"views":1,"_links":{"self":[{"href":"https:\/\/bahiaeconomica.com.br\/wp\/wp-json\/wp\/v2\/posts\/941685"}],"collection":[{"href":"https:\/\/bahiaeconomica.com.br\/wp\/wp-json\/wp\/v2\/posts"}],"about":[{"href":"https:\/\/bahiaeconomica.com.br\/wp\/wp-json\/wp\/v2\/types\/post"}],"author":[{"embeddable":true,"href":"https:\/\/bahiaeconomica.com.br\/wp\/wp-json\/wp\/v2\/users\/24"}],"replies":[{"embeddable":true,"href":"https:\/\/bahiaeconomica.com.br\/wp\/wp-json\/wp\/v2\/comments?post=941685"}],"version-history":[{"count":1,"href":"https:\/\/bahiaeconomica.com.br\/wp\/wp-json\/wp\/v2\/posts\/941685\/revisions"}],"predecessor-version":[{"id":941687,"href":"https:\/\/bahiaeconomica.com.br\/wp\/wp-json\/wp\/v2\/posts\/941685\/revisions\/941687"}],"wp:featuredmedia":[{"embeddable":true,"href":"https:\/\/bahiaeconomica.com.br\/wp\/wp-json\/wp\/v2\/media\/941686"}],"wp:attachment":[{"href":"https:\/\/bahiaeconomica.com.br\/wp\/wp-json\/wp\/v2\/media?parent=941685"}],"wp:term":[{"taxonomy":"category","embeddable":true,"href":"https:\/\/bahiaeconomica.com.br\/wp\/wp-json\/wp\/v2\/categories?post=941685"},{"taxonomy":"post_tag","embeddable":true,"href":"https:\/\/bahiaeconomica.com.br\/wp\/wp-json\/wp\/v2\/tags?post=941685"}],"curies":[{"name":"wp","href":"https:\/\/api.w.org\/{rel}","templated":true}]}}