{"id":941608,"date":"2025-01-08T09:59:28","date_gmt":"2025-01-08T12:59:28","guid":{"rendered":"https:\/\/bahiaeconomica.com.br\/wp\/?p=941608"},"modified":"2025-10-08T10:00:34","modified_gmt":"2025-10-08T13:00:34","slug":"solidez-e-confiabilidade-sao-os-pilares-para-consolidar-a-agenda-esg-na-industria","status":"publish","type":"post","link":"https:\/\/bahiaeconomica.com.br\/wp\/2025\/01\/08\/solidez-e-confiabilidade-sao-os-pilares-para-consolidar-a-agenda-esg-na-industria\/","title":{"rendered":"SOLIDEZ E CONFIABILIDADE S\u00c3O OS PILARES PARA CONSOLIDAR A AGENDA ESG NA IND\u00daSTRIA"},"content":{"rendered":"<p>Por: Ciro Gouveia*<\/p>\n<p>A agenda ESG j\u00e1 se consolidou como um pilar estrat\u00e9gico para a ind\u00fastria nacional. Incorporar pr\u00e1ticas sustent\u00e1veis deixou de ser um diferencial e passou a ser um requisito para acessar mercados, atrair investimentos e garantir a longevidade dos neg\u00f3cios. Segundo dados da CNI (Confedera\u00e7\u00e3o Nacional da Ind\u00fastria), mais de 80% das empresas do ramo j\u00e1 adotam algum tipo de a\u00e7\u00e3o para reduzir a gera\u00e7\u00e3o de res\u00edduos e o consumo de energia e \u00e1gua em suas linhas de produ\u00e7\u00e3o.<\/p>\n<p>Esse movimento ganha ainda mais for\u00e7a com a proximidade da COP30 &#8211; Confer\u00eancia das Na\u00e7\u00f5es Unidas sobre Mudan\u00e7as Clim\u00e1ticas &#8211; que ser\u00e1 realizada no Brasil, em Bel\u00e9m, em novembro de 2025. O evento posiciona o pa\u00eds como protagonista nas discuss\u00f5es clim\u00e1ticas globais, ao mesmo tempo em que aumenta a responsabilidade de setores intensivos em recursos naturais, como o industrial. A gest\u00e3o eficiente da \u00e1gua, a circularidade de res\u00edduos, a redu\u00e7\u00e3o das emiss\u00f5es e at\u00e9 mesmo um atendimento eficaz a situa\u00e7\u00f5es emergenciais s\u00e3o respostas esperadas da ind\u00fastria nesse cen\u00e1rio. Ao mitigarem os impactos negativos ao meio ambiente e \u00e0 sociedade e ao transformar passivos ambientais em ativos circulares, essas iniciativas reduzem riscos e aumentam a resili\u00eancia dos neg\u00f3cios.<\/p>\n<p>Para atender a essas demandas, \u00e9 fundamental contar com parceiros ambientais que unam tecnologia, cobertura geogr\u00e1fica suficiente e, sobretudo, credibilidade. N\u00e3o basta infraestrutura: \u00e9 necess\u00e1rio dispor de governan\u00e7a s\u00f3lida, pol\u00edticas claras de integridade e um hist\u00f3rico que demonstre capacidade de entrega em ambientes regulat\u00f3rios e operacionais cada vez mais exigentes. Esses pontos garantem a perpetuidade da parceria para que as ind\u00fastrias atinjam seus objetivos de sustentabilidade.<\/p>\n<p>Nesse contexto, a solidez do operador ambiental &#8211; com atua\u00e7\u00e3o consistente e experi\u00eancia em setores cr\u00edticos &#8211; deixa de ser apenas uma vantagem competitiva: torna-se uma necessidade para que a ind\u00fastria brasileira cumpra seu papel na transi\u00e7\u00e3o para uma economia legitimamente sustent\u00e1vel.<\/p>\n<p>Por: Ciro Gouveia \u00e9 Diretor-Presidente da Cetrel, empresa baiana l\u00edder nacional em solu\u00e7\u00f5es ambientais<\/p>\n","protected":false},"excerpt":{"rendered":"<p>Por: Ciro Gouveia* A agenda ESG j\u00e1 se consolidou como um pilar estrat\u00e9gico para a ind\u00fastria nacional. Incorporar pr\u00e1ticas sustent\u00e1veis deixou de ser um diferencial e passou a ser um requisito para acessar mercados, atrair investimentos e garantir a longevidade dos neg\u00f3cios. Segundo dados da CNI (Confedera\u00e7\u00e3o Nacional da Ind\u00fastria), mais de 80% das empresas [&hellip;]<\/p>\n","protected":false},"author":8,"featured_media":941610,"comment_status":"closed","ping_status":"closed","sticky":false,"template":"","format":"standard","meta":[],"categories":[6],"tags":[52,1012,41647],"acf":[],"yoast_head":"<!-- This site is optimized with the Yoast SEO plugin v20.8 - https:\/\/yoast.com\/wordpress\/plugins\/seo\/ -->\n<title>SOLIDEZ E CONFIABILIDADE S\u00c3O OS PILARES PARA CONSOLIDAR A AGENDA ESG NA IND\u00daSTRIA - Bahia Economica<\/title>\n<meta name=\"description\" content=\"O maior portal de Economia da Bahia ARTIGOS Bahia Economica A agenda ESG j\u00e1 se consolidou como um pilar estrat\u00e9gico para a ind\u00fastria nacional.\" \/>\n<meta name=\"robots\" content=\"index, follow, max-snippet:-1, max-image-preview:large, max-video-preview:-1\" \/>\n<link rel=\"canonical\" href=\"https:\/\/bahiaeconomica.com.br\/wp\/2025\/01\/08\/solidez-e-confiabilidade-sao-os-pilares-para-consolidar-a-agenda-esg-na-industria\/\" \/>\n<meta property=\"og:locale\" content=\"pt_BR\" \/>\n<meta property=\"og:type\" content=\"article\" \/>\n<meta property=\"og:title\" content=\"SOLIDEZ E CONFIABILIDADE S\u00c3O OS PILARES PARA CONSOLIDAR A AGENDA ESG NA IND\u00daSTRIA - Bahia Economica\" \/>\n<meta property=\"og:description\" content=\"O maior portal de Economia da Bahia ARTIGOS Bahia Economica A agenda ESG j\u00e1 se consolidou como um pilar estrat\u00e9gico para a ind\u00fastria nacional.\" \/>\n<meta property=\"og:url\" content=\"https:\/\/bahiaeconomica.com.br\/wp\/2025\/01\/08\/solidez-e-confiabilidade-sao-os-pilares-para-consolidar-a-agenda-esg-na-industria\/\" \/>\n<meta property=\"og:site_name\" content=\"Bahia Economica\" \/>\n<meta property=\"article:publisher\" content=\"https:\/\/www.facebook.com\/bahiaeconomica\" \/>\n<meta property=\"article:published_time\" content=\"2025-01-08T12:59:28+00:00\" \/>\n<meta property=\"article:modified_time\" content=\"2025-10-08T13:00:34+00:00\" \/>\n<meta property=\"og:image\" content=\"https:\/\/bahiaeconomica.com.br\/wp\/wp-content\/uploads\/2025\/10\/WhatsApp-Image-2025-10-08-at-09.57.38-e1759928403593.jpeg\" \/>\n\t<meta property=\"og:image:width\" content=\"1068\" \/>\n\t<meta property=\"og:image:height\" content=\"892\" \/>\n\t<meta property=\"og:image:type\" content=\"image\/jpeg\" \/>\n<meta name=\"author\" content=\"JP\" \/>\n<meta name=\"twitter:card\" content=\"summary_large_image\" \/>\n<meta name=\"twitter:label1\" content=\"Escrito por\" \/>\n\t<meta name=\"twitter:data1\" content=\"JP\" \/>\n\t<meta name=\"twitter:label2\" content=\"Est. tempo de leitura\" \/>\n\t<meta name=\"twitter:data2\" content=\"2 minutos\" \/>\n<script type=\"application\/ld+json\" class=\"yoast-schema-graph\">{\"@context\":\"https:\/\/schema.org\",\"@graph\":[{\"@type\":\"Article\",\"@id\":\"https:\/\/bahiaeconomica.com.br\/wp\/2025\/01\/08\/solidez-e-confiabilidade-sao-os-pilares-para-consolidar-a-agenda-esg-na-industria\/#article\",\"isPartOf\":{\"@id\":\"https:\/\/bahiaeconomica.com.br\/wp\/2025\/01\/08\/solidez-e-confiabilidade-sao-os-pilares-para-consolidar-a-agenda-esg-na-industria\/\"},\"author\":{\"name\":\"JP\",\"@id\":\"https:\/\/bahiaeconomica.com.br\/wp\/#\/schema\/person\/c86d3a3f8960425a0f9d0e5245991f4e\"},\"headline\":\"SOLIDEZ E CONFIABILIDADE S\u00c3O OS PILARES PARA CONSOLIDAR A AGENDA ESG NA IND\u00daSTRIA\",\"datePublished\":\"2025-01-08T12:59:28+00:00\",\"dateModified\":\"2025-10-08T13:00:34+00:00\",\"mainEntityOfPage\":{\"@id\":\"https:\/\/bahiaeconomica.com.br\/wp\/2025\/01\/08\/solidez-e-confiabilidade-sao-os-pilares-para-consolidar-a-agenda-esg-na-industria\/\"},\"wordCount\":376,\"publisher\":{\"@id\":\"https:\/\/bahiaeconomica.com.br\/wp\/#organization\"},\"keywords\":[\"Brasil\",\"empregos\",\"solvi\"],\"articleSection\":[\"ARTIGOS\"],\"inLanguage\":\"pt-BR\"},{\"@type\":\"WebPage\",\"@id\":\"https:\/\/bahiaeconomica.com.br\/wp\/2025\/01\/08\/solidez-e-confiabilidade-sao-os-pilares-para-consolidar-a-agenda-esg-na-industria\/\",\"url\":\"https:\/\/bahiaeconomica.com.br\/wp\/2025\/01\/08\/solidez-e-confiabilidade-sao-os-pilares-para-consolidar-a-agenda-esg-na-industria\/\",\"name\":\"SOLIDEZ E CONFIABILIDADE S\u00c3O OS PILARES PARA CONSOLIDAR A AGENDA ESG NA IND\u00daSTRIA - Bahia Economica\",\"isPartOf\":{\"@id\":\"https:\/\/bahiaeconomica.com.br\/wp\/#website\"},\"datePublished\":\"2025-01-08T12:59:28+00:00\",\"dateModified\":\"2025-10-08T13:00:34+00:00\",\"description\":\"O maior portal de Economia da Bahia ARTIGOS Bahia Economica A agenda ESG j\u00e1 se consolidou como um pilar estrat\u00e9gico para a ind\u00fastria nacional.\",\"breadcrumb\":{\"@id\":\"https:\/\/bahiaeconomica.com.br\/wp\/2025\/01\/08\/solidez-e-confiabilidade-sao-os-pilares-para-consolidar-a-agenda-esg-na-industria\/#breadcrumb\"},\"inLanguage\":\"pt-BR\",\"potentialAction\":[{\"@type\":\"ReadAction\",\"target\":[\"https:\/\/bahiaeconomica.com.br\/wp\/2025\/01\/08\/solidez-e-confiabilidade-sao-os-pilares-para-consolidar-a-agenda-esg-na-industria\/\"]}]},{\"@type\":\"BreadcrumbList\",\"@id\":\"https:\/\/bahiaeconomica.com.br\/wp\/2025\/01\/08\/solidez-e-confiabilidade-sao-os-pilares-para-consolidar-a-agenda-esg-na-industria\/#breadcrumb\",\"itemListElement\":[{\"@type\":\"ListItem\",\"position\":1,\"name\":\"In\u00edcio\",\"item\":\"https:\/\/bahiaeconomica.com.br\/wp\/\"},{\"@type\":\"ListItem\",\"position\":2,\"name\":\"SOLIDEZ E CONFIABILIDADE S\u00c3O OS PILARES PARA CONSOLIDAR A AGENDA ESG NA IND\u00daSTRIA\"}]},{\"@type\":\"WebSite\",\"@id\":\"https:\/\/bahiaeconomica.com.br\/wp\/#website\",\"url\":\"https:\/\/bahiaeconomica.com.br\/wp\/\",\"name\":\"Bahia Economica\",\"description\":\"O maior portal de Economia da Bahia\",\"publisher\":{\"@id\":\"https:\/\/bahiaeconomica.com.br\/wp\/#organization\"},\"potentialAction\":[{\"@type\":\"SearchAction\",\"target\":{\"@type\":\"EntryPoint\",\"urlTemplate\":\"https:\/\/bahiaeconomica.com.br\/wp\/?s={search_term_string}\"},\"query-input\":\"required name=search_term_string\"}],\"inLanguage\":\"pt-BR\"},{\"@type\":\"Organization\",\"@id\":\"https:\/\/bahiaeconomica.com.br\/wp\/#organization\",\"name\":\"Bahia Econ\u00f4mica\",\"url\":\"https:\/\/bahiaeconomica.com.br\/wp\/\",\"logo\":{\"@type\":\"ImageObject\",\"inLanguage\":\"pt-BR\",\"@id\":\"https:\/\/bahiaeconomica.com.br\/wp\/#\/schema\/logo\/image\/\",\"url\":\"https:\/\/bahiaeconomica.com.br\/wp\/wp-content\/uploads\/2020\/12\/cropped-BE.png\",\"contentUrl\":\"https:\/\/bahiaeconomica.com.br\/wp\/wp-content\/uploads\/2020\/12\/cropped-BE.png\",\"width\":512,\"height\":512,\"caption\":\"Bahia Econ\u00f4mica\"},\"image\":{\"@id\":\"https:\/\/bahiaeconomica.com.br\/wp\/#\/schema\/logo\/image\/\"},\"sameAs\":[\"https:\/\/www.facebook.com\/bahiaeconomica\"]},{\"@type\":\"Person\",\"@id\":\"https:\/\/bahiaeconomica.com.br\/wp\/#\/schema\/person\/c86d3a3f8960425a0f9d0e5245991f4e\",\"name\":\"JP\",\"sameAs\":[\"https:\/\/bahiaeconomica.com.br\/wp\/beta\/\"],\"url\":\"https:\/\/bahiaeconomica.com.br\/wp\/author\/jp\/\"}]}<\/script>\n<!-- \/ Yoast SEO plugin. -->","yoast_head_json":{"title":"SOLIDEZ E CONFIABILIDADE S\u00c3O OS PILARES PARA CONSOLIDAR A AGENDA ESG NA IND\u00daSTRIA - Bahia Economica","description":"O maior portal de Economia da Bahia ARTIGOS Bahia Economica A agenda ESG j\u00e1 se consolidou como um pilar estrat\u00e9gico para a ind\u00fastria nacional.","robots":{"index":"index","follow":"follow","max-snippet":"max-snippet:-1","max-image-preview":"max-image-preview:large","max-video-preview":"max-video-preview:-1"},"canonical":"https:\/\/bahiaeconomica.com.br\/wp\/2025\/01\/08\/solidez-e-confiabilidade-sao-os-pilares-para-consolidar-a-agenda-esg-na-industria\/","og_locale":"pt_BR","og_type":"article","og_title":"SOLIDEZ E CONFIABILIDADE S\u00c3O OS PILARES PARA CONSOLIDAR A AGENDA ESG NA IND\u00daSTRIA - Bahia Economica","og_description":"O maior portal de Economia da Bahia ARTIGOS Bahia Economica A agenda ESG j\u00e1 se consolidou como um pilar estrat\u00e9gico para a ind\u00fastria nacional.","og_url":"https:\/\/bahiaeconomica.com.br\/wp\/2025\/01\/08\/solidez-e-confiabilidade-sao-os-pilares-para-consolidar-a-agenda-esg-na-industria\/","og_site_name":"Bahia Economica","article_publisher":"https:\/\/www.facebook.com\/bahiaeconomica","article_published_time":"2025-01-08T12:59:28+00:00","article_modified_time":"2025-10-08T13:00:34+00:00","og_image":[{"width":1068,"height":892,"url":"https:\/\/bahiaeconomica.com.br\/wp\/wp-content\/uploads\/2025\/10\/WhatsApp-Image-2025-10-08-at-09.57.38-e1759928403593.jpeg","type":"image\/jpeg"}],"author":"JP","twitter_card":"summary_large_image","twitter_misc":{"Escrito por":"JP","Est. tempo de leitura":"2 minutos"},"schema":{"@context":"https:\/\/schema.org","@graph":[{"@type":"Article","@id":"https:\/\/bahiaeconomica.com.br\/wp\/2025\/01\/08\/solidez-e-confiabilidade-sao-os-pilares-para-consolidar-a-agenda-esg-na-industria\/#article","isPartOf":{"@id":"https:\/\/bahiaeconomica.com.br\/wp\/2025\/01\/08\/solidez-e-confiabilidade-sao-os-pilares-para-consolidar-a-agenda-esg-na-industria\/"},"author":{"name":"JP","@id":"https:\/\/bahiaeconomica.com.br\/wp\/#\/schema\/person\/c86d3a3f8960425a0f9d0e5245991f4e"},"headline":"SOLIDEZ E CONFIABILIDADE S\u00c3O OS PILARES PARA CONSOLIDAR A AGENDA ESG NA IND\u00daSTRIA","datePublished":"2025-01-08T12:59:28+00:00","dateModified":"2025-10-08T13:00:34+00:00","mainEntityOfPage":{"@id":"https:\/\/bahiaeconomica.com.br\/wp\/2025\/01\/08\/solidez-e-confiabilidade-sao-os-pilares-para-consolidar-a-agenda-esg-na-industria\/"},"wordCount":376,"publisher":{"@id":"https:\/\/bahiaeconomica.com.br\/wp\/#organization"},"keywords":["Brasil","empregos","solvi"],"articleSection":["ARTIGOS"],"inLanguage":"pt-BR"},{"@type":"WebPage","@id":"https:\/\/bahiaeconomica.com.br\/wp\/2025\/01\/08\/solidez-e-confiabilidade-sao-os-pilares-para-consolidar-a-agenda-esg-na-industria\/","url":"https:\/\/bahiaeconomica.com.br\/wp\/2025\/01\/08\/solidez-e-confiabilidade-sao-os-pilares-para-consolidar-a-agenda-esg-na-industria\/","name":"SOLIDEZ E CONFIABILIDADE S\u00c3O OS PILARES PARA CONSOLIDAR A AGENDA ESG NA IND\u00daSTRIA - Bahia Economica","isPartOf":{"@id":"https:\/\/bahiaeconomica.com.br\/wp\/#website"},"datePublished":"2025-01-08T12:59:28+00:00","dateModified":"2025-10-08T13:00:34+00:00","description":"O maior portal de Economia da Bahia ARTIGOS Bahia Economica A agenda ESG j\u00e1 se consolidou como um pilar estrat\u00e9gico para a ind\u00fastria nacional.","breadcrumb":{"@id":"https:\/\/bahiaeconomica.com.br\/wp\/2025\/01\/08\/solidez-e-confiabilidade-sao-os-pilares-para-consolidar-a-agenda-esg-na-industria\/#breadcrumb"},"inLanguage":"pt-BR","potentialAction":[{"@type":"ReadAction","target":["https:\/\/bahiaeconomica.com.br\/wp\/2025\/01\/08\/solidez-e-confiabilidade-sao-os-pilares-para-consolidar-a-agenda-esg-na-industria\/"]}]},{"@type":"BreadcrumbList","@id":"https:\/\/bahiaeconomica.com.br\/wp\/2025\/01\/08\/solidez-e-confiabilidade-sao-os-pilares-para-consolidar-a-agenda-esg-na-industria\/#breadcrumb","itemListElement":[{"@type":"ListItem","position":1,"name":"In\u00edcio","item":"https:\/\/bahiaeconomica.com.br\/wp\/"},{"@type":"ListItem","position":2,"name":"SOLIDEZ E CONFIABILIDADE S\u00c3O OS PILARES PARA CONSOLIDAR A AGENDA ESG NA IND\u00daSTRIA"}]},{"@type":"WebSite","@id":"https:\/\/bahiaeconomica.com.br\/wp\/#website","url":"https:\/\/bahiaeconomica.com.br\/wp\/","name":"Bahia Economica","description":"O maior portal de Economia da Bahia","publisher":{"@id":"https:\/\/bahiaeconomica.com.br\/wp\/#organization"},"potentialAction":[{"@type":"SearchAction","target":{"@type":"EntryPoint","urlTemplate":"https:\/\/bahiaeconomica.com.br\/wp\/?s={search_term_string}"},"query-input":"required name=search_term_string"}],"inLanguage":"pt-BR"},{"@type":"Organization","@id":"https:\/\/bahiaeconomica.com.br\/wp\/#organization","name":"Bahia Econ\u00f4mica","url":"https:\/\/bahiaeconomica.com.br\/wp\/","logo":{"@type":"ImageObject","inLanguage":"pt-BR","@id":"https:\/\/bahiaeconomica.com.br\/wp\/#\/schema\/logo\/image\/","url":"https:\/\/bahiaeconomica.com.br\/wp\/wp-content\/uploads\/2020\/12\/cropped-BE.png","contentUrl":"https:\/\/bahiaeconomica.com.br\/wp\/wp-content\/uploads\/2020\/12\/cropped-BE.png","width":512,"height":512,"caption":"Bahia Econ\u00f4mica"},"image":{"@id":"https:\/\/bahiaeconomica.com.br\/wp\/#\/schema\/logo\/image\/"},"sameAs":["https:\/\/www.facebook.com\/bahiaeconomica"]},{"@type":"Person","@id":"https:\/\/bahiaeconomica.com.br\/wp\/#\/schema\/person\/c86d3a3f8960425a0f9d0e5245991f4e","name":"JP","sameAs":["https:\/\/bahiaeconomica.com.br\/wp\/beta\/"],"url":"https:\/\/bahiaeconomica.com.br\/wp\/author\/jp\/"}]}},"views":125,"_links":{"self":[{"href":"https:\/\/bahiaeconomica.com.br\/wp\/wp-json\/wp\/v2\/posts\/941608"}],"collection":[{"href":"https:\/\/bahiaeconomica.com.br\/wp\/wp-json\/wp\/v2\/posts"}],"about":[{"href":"https:\/\/bahiaeconomica.com.br\/wp\/wp-json\/wp\/v2\/types\/post"}],"author":[{"embeddable":true,"href":"https:\/\/bahiaeconomica.com.br\/wp\/wp-json\/wp\/v2\/users\/8"}],"replies":[{"embeddable":true,"href":"https:\/\/bahiaeconomica.com.br\/wp\/wp-json\/wp\/v2\/comments?post=941608"}],"version-history":[{"count":1,"href":"https:\/\/bahiaeconomica.com.br\/wp\/wp-json\/wp\/v2\/posts\/941608\/revisions"}],"predecessor-version":[{"id":941611,"href":"https:\/\/bahiaeconomica.com.br\/wp\/wp-json\/wp\/v2\/posts\/941608\/revisions\/941611"}],"wp:featuredmedia":[{"embeddable":true,"href":"https:\/\/bahiaeconomica.com.br\/wp\/wp-json\/wp\/v2\/media\/941610"}],"wp:attachment":[{"href":"https:\/\/bahiaeconomica.com.br\/wp\/wp-json\/wp\/v2\/media?parent=941608"}],"wp:term":[{"taxonomy":"category","embeddable":true,"href":"https:\/\/bahiaeconomica.com.br\/wp\/wp-json\/wp\/v2\/categories?post=941608"},{"taxonomy":"post_tag","embeddable":true,"href":"https:\/\/bahiaeconomica.com.br\/wp\/wp-json\/wp\/v2\/tags?post=941608"}],"curies":[{"name":"wp","href":"https:\/\/api.w.org\/{rel}","templated":true}]}}