{"id":941595,"date":"2025-10-08T11:11:52","date_gmt":"2025-10-08T14:11:52","guid":{"rendered":"https:\/\/bahiaeconomica.com.br\/wp\/?p=941595"},"modified":"2025-10-08T10:51:19","modified_gmt":"2025-10-08T13:51:19","slug":"muda-o-nome-muda-o-cargo-mas-a-maldade-e-a-mesma-diz-eden-sobre-tarcisio-e-bolsonaro","status":"publish","type":"post","link":"https:\/\/bahiaeconomica.com.br\/wp\/2025\/10\/08\/muda-o-nome-muda-o-cargo-mas-a-maldade-e-a-mesma-diz-eden-sobre-tarcisio-e-bolsonaro\/","title":{"rendered":"&#8216;MUDA O NOME, MUDA O CARGO, MAS A MALDADE \u00c9 A MESMA&#8217;, DIZ \u00c9DEN SOBRE TARC\u00cdSIO E BOLSONARO"},"content":{"rendered":"<p>O secret\u00e1rio Nacional de Comunica\u00e7\u00e3o do Partido dos Trabalhadores, \u00c9den Valadares, criticou, nesta quarta-feira (08), o desd\u00e9m do governador de S\u00e3o Paulo, estado mais afetado pelas intoxica\u00e7\u00f5es por metanol em bebidas alc\u00f3olicas, diante da crise de sa\u00fade p\u00fablica no Brasil. \u00c9den comparou o desprezo de Tarc\u00edsio pela vida dos brasileiros ao do ex-presidente Jair Bolsonaro durante a pandemia da Covid.<\/p>\n<p>&#8220;Tem coisas que a gente ouve e simplesmente n\u00e3o acredita que saiu da boca de um governante. E que quando sai, provoca incredulidade, mostrando exatamente o tipo de pessoa que est\u00e1 no poder. Lembram quando Bolsonaro dizia &#8220;E da\u00ed?&#8221; enquanto o Brasil chorava seus mortos na pandemia? Quando ele zombava das pessoas com falta de ar? Quando dizia que o Brasil era um &#8220;pa\u00eds de maricas?\u00a0Essas frases, que v\u00e3o permanecer pra sempre na nossa mem\u00f3ria, mostravam a crueldade e o desprezo que ele possu\u00eda pela vida dos brasileiros&#8221;, relembrou \u00c9den, sobre a postura do ex-presidente Jair Bolsonaro na pandemia da Covid.<\/p>\n<p>Ap\u00f3s as declara\u00e7\u00f5es desumanas de Bolsonaro diante das 700 mil mortes registradas na pandemia h\u00e1 cerca de quatro anos, Tarc\u00edsio de Freitas tamb\u00e9m demonstrou o mesmo tipo de crueldade do ex-presidente, alertou \u00c9den.\u00a0&#8220;Agora, seu amigo pessoal e pol\u00edtico, o governador de S\u00e3o Paulo Tarc\u00edsio de Freitas, mostra que aprendeu direitinho e est\u00e1 indo pelo mesmo caminho. Diante de uma s\u00e9rie de pessoas intoxicadas por metanol, ele responde: &#8216;Quando for coca cola, eu me preocupo'&#8221;.<\/p>\n<p>O secret\u00e1rio de Comunica\u00e7\u00e3o questionou se Tarc\u00edsio tem consci\u00eancia, humanidade, comprometimento e compet\u00eancia para atuar como governador diante de um problema t\u00e3o grave.\u00a0&#8220;Esse \u00e9 o governante que deveria cuidar da popula\u00e7\u00e3o? Gente adoecendo e morrendo e o governador fazendo piada. O mesmo padr\u00e3o de desumanidade, o mesmo riso diante da dor. Quando um l\u00edder trata a morte como brincadeira, ele deixa claro o que pensa sobre o povo: que a vida de quem sofre, de quem morre, n\u00e3o vale nada. Muda o nome, muda o cargo, mas a maldade \u00e9 a mesma&#8221;, concluiu.<\/p>\n<p>Foto: Vin\u00edcius Magalh\u00e3es<\/p>\n","protected":false},"excerpt":{"rendered":"<p>O secret\u00e1rio Nacional de Comunica\u00e7\u00e3o do Partido dos Trabalhadores, \u00c9den Valadares, criticou, nesta quarta-feira (08), o desd\u00e9m do governador de S\u00e3o Paulo, estado mais afetado pelas intoxica\u00e7\u00f5es por metanol em bebidas alc\u00f3olicas, diante da crise de sa\u00fade p\u00fablica no Brasil. \u00c9den comparou o desprezo de Tarc\u00edsio pela vida dos brasileiros ao do ex-presidente Jair Bolsonaro [&hellip;]<\/p>\n","protected":false},"author":20,"featured_media":941596,"comment_status":"closed","ping_status":"closed","sticky":false,"template":"","format":"standard","meta":[],"categories":[14601],"tags":[95,5611,9434],"acf":[],"yoast_head":"<!-- This site is optimized with the Yoast SEO plugin v20.8 - https:\/\/yoast.com\/wordpress\/plugins\/seo\/ -->\n<title>&#039;MUDA O NOME, MUDA O CARGO, MAS A MALDADE \u00c9 A MESMA&#039;, DIZ \u00c9DEN SOBRE TARC\u00cdSIO E BOLSONARO - Bahia Economica<\/title>\n<meta name=\"description\" content=\"O maior portal de Economia da Bahia Pol\u00edtica Bahia Economica secret\u00e1rio de Comunica\u00e7\u00e3o questionou se Tarc\u00edsio tem consci\u00eancia\" \/>\n<meta name=\"robots\" content=\"index, follow, max-snippet:-1, max-image-preview:large, max-video-preview:-1\" \/>\n<link rel=\"canonical\" href=\"https:\/\/bahiaeconomica.com.br\/wp\/2025\/10\/08\/muda-o-nome-muda-o-cargo-mas-a-maldade-e-a-mesma-diz-eden-sobre-tarcisio-e-bolsonaro\/\" \/>\n<meta property=\"og:locale\" content=\"pt_BR\" \/>\n<meta property=\"og:type\" content=\"article\" \/>\n<meta property=\"og:title\" content=\"&#039;MUDA O NOME, MUDA O CARGO, MAS A MALDADE \u00c9 A MESMA&#039;, DIZ \u00c9DEN SOBRE TARC\u00cdSIO E BOLSONARO - Bahia Economica\" \/>\n<meta property=\"og:description\" content=\"O maior portal de Economia da Bahia Pol\u00edtica Bahia Economica secret\u00e1rio de Comunica\u00e7\u00e3o questionou se Tarc\u00edsio tem consci\u00eancia\" \/>\n<meta property=\"og:url\" content=\"https:\/\/bahiaeconomica.com.br\/wp\/2025\/10\/08\/muda-o-nome-muda-o-cargo-mas-a-maldade-e-a-mesma-diz-eden-sobre-tarcisio-e-bolsonaro\/\" \/>\n<meta property=\"og:site_name\" content=\"Bahia Economica\" \/>\n<meta property=\"article:publisher\" content=\"https:\/\/www.facebook.com\/bahiaeconomica\" \/>\n<meta property=\"article:published_time\" content=\"2025-10-08T14:11:52+00:00\" \/>\n<meta property=\"article:modified_time\" content=\"2025-10-08T13:51:19+00:00\" \/>\n<meta property=\"og:image\" content=\"https:\/\/bahiaeconomica.com.br\/wp\/wp-content\/uploads\/2025\/10\/Secretario-Nacional-de-Comunicacao-Eden-Valadares.jpg\" \/>\n\t<meta property=\"og:image:width\" content=\"943\" \/>\n\t<meta property=\"og:image:height\" content=\"915\" \/>\n\t<meta property=\"og:image:type\" content=\"image\/jpeg\" \/>\n<meta name=\"author\" content=\"BRUNA CARVALHO\" \/>\n<meta name=\"twitter:card\" content=\"summary_large_image\" \/>\n<meta name=\"twitter:label1\" content=\"Escrito por\" \/>\n\t<meta name=\"twitter:data1\" content=\"BRUNA CARVALHO\" \/>\n\t<meta name=\"twitter:label2\" content=\"Est. tempo de leitura\" \/>\n\t<meta name=\"twitter:data2\" content=\"2 minutos\" \/>\n<script type=\"application\/ld+json\" class=\"yoast-schema-graph\">{\"@context\":\"https:\/\/schema.org\",\"@graph\":[{\"@type\":\"Article\",\"@id\":\"https:\/\/bahiaeconomica.com.br\/wp\/2025\/10\/08\/muda-o-nome-muda-o-cargo-mas-a-maldade-e-a-mesma-diz-eden-sobre-tarcisio-e-bolsonaro\/#article\",\"isPartOf\":{\"@id\":\"https:\/\/bahiaeconomica.com.br\/wp\/2025\/10\/08\/muda-o-nome-muda-o-cargo-mas-a-maldade-e-a-mesma-diz-eden-sobre-tarcisio-e-bolsonaro\/\"},\"author\":{\"name\":\"BRUNA CARVALHO\",\"@id\":\"https:\/\/bahiaeconomica.com.br\/wp\/#\/schema\/person\/9310b0e591f5979f6f99773eac5804e6\"},\"headline\":\"&#8216;MUDA O NOME, MUDA O CARGO, MAS A MALDADE \u00c9 A MESMA&#8217;, DIZ \u00c9DEN SOBRE TARC\u00cdSIO E BOLSONARO\",\"datePublished\":\"2025-10-08T14:11:52+00:00\",\"dateModified\":\"2025-10-08T13:51:19+00:00\",\"mainEntityOfPage\":{\"@id\":\"https:\/\/bahiaeconomica.com.br\/wp\/2025\/10\/08\/muda-o-nome-muda-o-cargo-mas-a-maldade-e-a-mesma-diz-eden-sobre-tarcisio-e-bolsonaro\/\"},\"wordCount\":382,\"publisher\":{\"@id\":\"https:\/\/bahiaeconomica.com.br\/wp\/#organization\"},\"keywords\":[\"Bolsonaro\",\"\u00c9den Valadares\",\"TARC\u00cdSIO\"],\"articleSection\":[\"Pol\u00edtica\"],\"inLanguage\":\"pt-BR\"},{\"@type\":\"WebPage\",\"@id\":\"https:\/\/bahiaeconomica.com.br\/wp\/2025\/10\/08\/muda-o-nome-muda-o-cargo-mas-a-maldade-e-a-mesma-diz-eden-sobre-tarcisio-e-bolsonaro\/\",\"url\":\"https:\/\/bahiaeconomica.com.br\/wp\/2025\/10\/08\/muda-o-nome-muda-o-cargo-mas-a-maldade-e-a-mesma-diz-eden-sobre-tarcisio-e-bolsonaro\/\",\"name\":\"'MUDA O NOME, MUDA O CARGO, MAS A MALDADE \u00c9 A MESMA', DIZ \u00c9DEN SOBRE TARC\u00cdSIO E BOLSONARO - Bahia Economica\",\"isPartOf\":{\"@id\":\"https:\/\/bahiaeconomica.com.br\/wp\/#website\"},\"datePublished\":\"2025-10-08T14:11:52+00:00\",\"dateModified\":\"2025-10-08T13:51:19+00:00\",\"description\":\"O maior portal de Economia da Bahia Pol\u00edtica Bahia Economica secret\u00e1rio de Comunica\u00e7\u00e3o questionou se Tarc\u00edsio tem consci\u00eancia\",\"breadcrumb\":{\"@id\":\"https:\/\/bahiaeconomica.com.br\/wp\/2025\/10\/08\/muda-o-nome-muda-o-cargo-mas-a-maldade-e-a-mesma-diz-eden-sobre-tarcisio-e-bolsonaro\/#breadcrumb\"},\"inLanguage\":\"pt-BR\",\"potentialAction\":[{\"@type\":\"ReadAction\",\"target\":[\"https:\/\/bahiaeconomica.com.br\/wp\/2025\/10\/08\/muda-o-nome-muda-o-cargo-mas-a-maldade-e-a-mesma-diz-eden-sobre-tarcisio-e-bolsonaro\/\"]}]},{\"@type\":\"BreadcrumbList\",\"@id\":\"https:\/\/bahiaeconomica.com.br\/wp\/2025\/10\/08\/muda-o-nome-muda-o-cargo-mas-a-maldade-e-a-mesma-diz-eden-sobre-tarcisio-e-bolsonaro\/#breadcrumb\",\"itemListElement\":[{\"@type\":\"ListItem\",\"position\":1,\"name\":\"In\u00edcio\",\"item\":\"https:\/\/bahiaeconomica.com.br\/wp\/\"},{\"@type\":\"ListItem\",\"position\":2,\"name\":\"&#8216;MUDA O NOME, MUDA O CARGO, MAS A MALDADE \u00c9 A MESMA&#8217;, DIZ \u00c9DEN SOBRE TARC\u00cdSIO E BOLSONARO\"}]},{\"@type\":\"WebSite\",\"@id\":\"https:\/\/bahiaeconomica.com.br\/wp\/#website\",\"url\":\"https:\/\/bahiaeconomica.com.br\/wp\/\",\"name\":\"Bahia Economica\",\"description\":\"O maior portal de Economia da Bahia\",\"publisher\":{\"@id\":\"https:\/\/bahiaeconomica.com.br\/wp\/#organization\"},\"potentialAction\":[{\"@type\":\"SearchAction\",\"target\":{\"@type\":\"EntryPoint\",\"urlTemplate\":\"https:\/\/bahiaeconomica.com.br\/wp\/?s={search_term_string}\"},\"query-input\":\"required name=search_term_string\"}],\"inLanguage\":\"pt-BR\"},{\"@type\":\"Organization\",\"@id\":\"https:\/\/bahiaeconomica.com.br\/wp\/#organization\",\"name\":\"Bahia Econ\u00f4mica\",\"url\":\"https:\/\/bahiaeconomica.com.br\/wp\/\",\"logo\":{\"@type\":\"ImageObject\",\"inLanguage\":\"pt-BR\",\"@id\":\"https:\/\/bahiaeconomica.com.br\/wp\/#\/schema\/logo\/image\/\",\"url\":\"https:\/\/bahiaeconomica.com.br\/wp\/wp-content\/uploads\/2020\/12\/cropped-BE.png\",\"contentUrl\":\"https:\/\/bahiaeconomica.com.br\/wp\/wp-content\/uploads\/2020\/12\/cropped-BE.png\",\"width\":512,\"height\":512,\"caption\":\"Bahia Econ\u00f4mica\"},\"image\":{\"@id\":\"https:\/\/bahiaeconomica.com.br\/wp\/#\/schema\/logo\/image\/\"},\"sameAs\":[\"https:\/\/www.facebook.com\/bahiaeconomica\"]},{\"@type\":\"Person\",\"@id\":\"https:\/\/bahiaeconomica.com.br\/wp\/#\/schema\/person\/9310b0e591f5979f6f99773eac5804e6\",\"name\":\"BRUNA CARVALHO\",\"sameAs\":[\"http:\/\/www.bahiaeconomica.com.br\"],\"url\":\"https:\/\/bahiaeconomica.com.br\/wp\/author\/bruna\/\"}]}<\/script>\n<!-- \/ Yoast SEO plugin. -->","yoast_head_json":{"title":"'MUDA O NOME, MUDA O CARGO, MAS A MALDADE \u00c9 A MESMA', DIZ \u00c9DEN SOBRE TARC\u00cdSIO E BOLSONARO - Bahia Economica","description":"O maior portal de Economia da Bahia Pol\u00edtica Bahia Economica secret\u00e1rio de Comunica\u00e7\u00e3o questionou se Tarc\u00edsio tem consci\u00eancia","robots":{"index":"index","follow":"follow","max-snippet":"max-snippet:-1","max-image-preview":"max-image-preview:large","max-video-preview":"max-video-preview:-1"},"canonical":"https:\/\/bahiaeconomica.com.br\/wp\/2025\/10\/08\/muda-o-nome-muda-o-cargo-mas-a-maldade-e-a-mesma-diz-eden-sobre-tarcisio-e-bolsonaro\/","og_locale":"pt_BR","og_type":"article","og_title":"'MUDA O NOME, MUDA O CARGO, MAS A MALDADE \u00c9 A MESMA', DIZ \u00c9DEN SOBRE TARC\u00cdSIO E BOLSONARO - Bahia Economica","og_description":"O maior portal de Economia da Bahia Pol\u00edtica Bahia Economica secret\u00e1rio de Comunica\u00e7\u00e3o questionou se Tarc\u00edsio tem consci\u00eancia","og_url":"https:\/\/bahiaeconomica.com.br\/wp\/2025\/10\/08\/muda-o-nome-muda-o-cargo-mas-a-maldade-e-a-mesma-diz-eden-sobre-tarcisio-e-bolsonaro\/","og_site_name":"Bahia Economica","article_publisher":"https:\/\/www.facebook.com\/bahiaeconomica","article_published_time":"2025-10-08T14:11:52+00:00","article_modified_time":"2025-10-08T13:51:19+00:00","og_image":[{"width":943,"height":915,"url":"https:\/\/bahiaeconomica.com.br\/wp\/wp-content\/uploads\/2025\/10\/Secretario-Nacional-de-Comunicacao-Eden-Valadares.jpg","type":"image\/jpeg"}],"author":"BRUNA CARVALHO","twitter_card":"summary_large_image","twitter_misc":{"Escrito por":"BRUNA CARVALHO","Est. tempo de leitura":"2 minutos"},"schema":{"@context":"https:\/\/schema.org","@graph":[{"@type":"Article","@id":"https:\/\/bahiaeconomica.com.br\/wp\/2025\/10\/08\/muda-o-nome-muda-o-cargo-mas-a-maldade-e-a-mesma-diz-eden-sobre-tarcisio-e-bolsonaro\/#article","isPartOf":{"@id":"https:\/\/bahiaeconomica.com.br\/wp\/2025\/10\/08\/muda-o-nome-muda-o-cargo-mas-a-maldade-e-a-mesma-diz-eden-sobre-tarcisio-e-bolsonaro\/"},"author":{"name":"BRUNA CARVALHO","@id":"https:\/\/bahiaeconomica.com.br\/wp\/#\/schema\/person\/9310b0e591f5979f6f99773eac5804e6"},"headline":"&#8216;MUDA O NOME, MUDA O CARGO, MAS A MALDADE \u00c9 A MESMA&#8217;, DIZ \u00c9DEN SOBRE TARC\u00cdSIO E BOLSONARO","datePublished":"2025-10-08T14:11:52+00:00","dateModified":"2025-10-08T13:51:19+00:00","mainEntityOfPage":{"@id":"https:\/\/bahiaeconomica.com.br\/wp\/2025\/10\/08\/muda-o-nome-muda-o-cargo-mas-a-maldade-e-a-mesma-diz-eden-sobre-tarcisio-e-bolsonaro\/"},"wordCount":382,"publisher":{"@id":"https:\/\/bahiaeconomica.com.br\/wp\/#organization"},"keywords":["Bolsonaro","\u00c9den Valadares","TARC\u00cdSIO"],"articleSection":["Pol\u00edtica"],"inLanguage":"pt-BR"},{"@type":"WebPage","@id":"https:\/\/bahiaeconomica.com.br\/wp\/2025\/10\/08\/muda-o-nome-muda-o-cargo-mas-a-maldade-e-a-mesma-diz-eden-sobre-tarcisio-e-bolsonaro\/","url":"https:\/\/bahiaeconomica.com.br\/wp\/2025\/10\/08\/muda-o-nome-muda-o-cargo-mas-a-maldade-e-a-mesma-diz-eden-sobre-tarcisio-e-bolsonaro\/","name":"'MUDA O NOME, MUDA O CARGO, MAS A MALDADE \u00c9 A MESMA', DIZ \u00c9DEN SOBRE TARC\u00cdSIO E BOLSONARO - Bahia Economica","isPartOf":{"@id":"https:\/\/bahiaeconomica.com.br\/wp\/#website"},"datePublished":"2025-10-08T14:11:52+00:00","dateModified":"2025-10-08T13:51:19+00:00","description":"O maior portal de Economia da Bahia Pol\u00edtica Bahia Economica secret\u00e1rio de Comunica\u00e7\u00e3o questionou se Tarc\u00edsio tem consci\u00eancia","breadcrumb":{"@id":"https:\/\/bahiaeconomica.com.br\/wp\/2025\/10\/08\/muda-o-nome-muda-o-cargo-mas-a-maldade-e-a-mesma-diz-eden-sobre-tarcisio-e-bolsonaro\/#breadcrumb"},"inLanguage":"pt-BR","potentialAction":[{"@type":"ReadAction","target":["https:\/\/bahiaeconomica.com.br\/wp\/2025\/10\/08\/muda-o-nome-muda-o-cargo-mas-a-maldade-e-a-mesma-diz-eden-sobre-tarcisio-e-bolsonaro\/"]}]},{"@type":"BreadcrumbList","@id":"https:\/\/bahiaeconomica.com.br\/wp\/2025\/10\/08\/muda-o-nome-muda-o-cargo-mas-a-maldade-e-a-mesma-diz-eden-sobre-tarcisio-e-bolsonaro\/#breadcrumb","itemListElement":[{"@type":"ListItem","position":1,"name":"In\u00edcio","item":"https:\/\/bahiaeconomica.com.br\/wp\/"},{"@type":"ListItem","position":2,"name":"&#8216;MUDA O NOME, MUDA O CARGO, MAS A MALDADE \u00c9 A MESMA&#8217;, DIZ \u00c9DEN SOBRE TARC\u00cdSIO E BOLSONARO"}]},{"@type":"WebSite","@id":"https:\/\/bahiaeconomica.com.br\/wp\/#website","url":"https:\/\/bahiaeconomica.com.br\/wp\/","name":"Bahia Economica","description":"O maior portal de Economia da Bahia","publisher":{"@id":"https:\/\/bahiaeconomica.com.br\/wp\/#organization"},"potentialAction":[{"@type":"SearchAction","target":{"@type":"EntryPoint","urlTemplate":"https:\/\/bahiaeconomica.com.br\/wp\/?s={search_term_string}"},"query-input":"required name=search_term_string"}],"inLanguage":"pt-BR"},{"@type":"Organization","@id":"https:\/\/bahiaeconomica.com.br\/wp\/#organization","name":"Bahia Econ\u00f4mica","url":"https:\/\/bahiaeconomica.com.br\/wp\/","logo":{"@type":"ImageObject","inLanguage":"pt-BR","@id":"https:\/\/bahiaeconomica.com.br\/wp\/#\/schema\/logo\/image\/","url":"https:\/\/bahiaeconomica.com.br\/wp\/wp-content\/uploads\/2020\/12\/cropped-BE.png","contentUrl":"https:\/\/bahiaeconomica.com.br\/wp\/wp-content\/uploads\/2020\/12\/cropped-BE.png","width":512,"height":512,"caption":"Bahia Econ\u00f4mica"},"image":{"@id":"https:\/\/bahiaeconomica.com.br\/wp\/#\/schema\/logo\/image\/"},"sameAs":["https:\/\/www.facebook.com\/bahiaeconomica"]},{"@type":"Person","@id":"https:\/\/bahiaeconomica.com.br\/wp\/#\/schema\/person\/9310b0e591f5979f6f99773eac5804e6","name":"BRUNA CARVALHO","sameAs":["http:\/\/www.bahiaeconomica.com.br"],"url":"https:\/\/bahiaeconomica.com.br\/wp\/author\/bruna\/"}]}},"views":20,"_links":{"self":[{"href":"https:\/\/bahiaeconomica.com.br\/wp\/wp-json\/wp\/v2\/posts\/941595"}],"collection":[{"href":"https:\/\/bahiaeconomica.com.br\/wp\/wp-json\/wp\/v2\/posts"}],"about":[{"href":"https:\/\/bahiaeconomica.com.br\/wp\/wp-json\/wp\/v2\/types\/post"}],"author":[{"embeddable":true,"href":"https:\/\/bahiaeconomica.com.br\/wp\/wp-json\/wp\/v2\/users\/20"}],"replies":[{"embeddable":true,"href":"https:\/\/bahiaeconomica.com.br\/wp\/wp-json\/wp\/v2\/comments?post=941595"}],"version-history":[{"count":1,"href":"https:\/\/bahiaeconomica.com.br\/wp\/wp-json\/wp\/v2\/posts\/941595\/revisions"}],"predecessor-version":[{"id":941660,"href":"https:\/\/bahiaeconomica.com.br\/wp\/wp-json\/wp\/v2\/posts\/941595\/revisions\/941660"}],"wp:featuredmedia":[{"embeddable":true,"href":"https:\/\/bahiaeconomica.com.br\/wp\/wp-json\/wp\/v2\/media\/941596"}],"wp:attachment":[{"href":"https:\/\/bahiaeconomica.com.br\/wp\/wp-json\/wp\/v2\/media?parent=941595"}],"wp:term":[{"taxonomy":"category","embeddable":true,"href":"https:\/\/bahiaeconomica.com.br\/wp\/wp-json\/wp\/v2\/categories?post=941595"},{"taxonomy":"post_tag","embeddable":true,"href":"https:\/\/bahiaeconomica.com.br\/wp\/wp-json\/wp\/v2\/tags?post=941595"}],"curies":[{"name":"wp","href":"https:\/\/api.w.org\/{rel}","templated":true}]}}