{"id":941209,"date":"2025-10-07T08:40:56","date_gmt":"2025-10-07T11:40:56","guid":{"rendered":"https:\/\/bahiaeconomica.com.br\/wp\/?p=941209"},"modified":"2025-10-07T10:08:30","modified_gmt":"2025-10-07T13:08:30","slug":"dupla-baiana-de-cirurgias-bucomaxilo-sao-convidadas-para-acompanhar-cirurgiao-referencia-em-cirurgias-esteticas-faciais-na-california","status":"publish","type":"post","link":"https:\/\/bahiaeconomica.com.br\/wp\/2025\/10\/07\/dupla-baiana-de-cirurgias-bucomaxilo-sao-convidadas-para-acompanhar-cirurgiao-referencia-em-cirurgias-esteticas-faciais-na-california\/","title":{"rendered":"DUPLA BAIANA DE CIRURGI\u00c3S BUCOMAXILO S\u00c3O CONVIDADAS\u00a0 PARA ACOMPANHAR CIRURGI\u00c3O REFER\u00caNCIA EM CIRURGIAS EST\u00c9TICAS FACIAIS NA CALIF\u00d3RNIA"},"content":{"rendered":"<p>Em busca de mais conhecimento em cirurgias est\u00e9ticas da face\u00a0 e reconstru\u00e7\u00e3o na \u00e1rea de Cirurgia Oral e Maxilofacial, as profissionais bucomaxilo Dr\u00aa Mariana Machado e Dr\u00aa F\u00e1tima Dultra est\u00e3o em Ventura, Calif\u00f3rnia (EUA), participando de um fellow exclusivo e intensivo ao lado do renomado Dr\u00ba Michael Morrissete, autoridade internacional em cirurgia bucomaxilo facial e est\u00e9tica da face.<\/p>\n<p>At\u00e9 o pr\u00f3ximo dia 17 de outubro, a dupla viver\u00e1 uma experi\u00eancia imersiva, marcada por mentorias, treinamentos, aulas, discuss\u00f5es de casos e acompanhamento cl\u00ednico direto no consult\u00f3rio do especialista. \u201c\u00c9 uma honra e um privil\u00e9gio poder aprender com um dos grandes nomes mundiais da \u00e1rea. Esse conhecimento adquirido ser\u00e1 transformado em resultados ainda mais precisos e personalizados para nossos\u00a0 pacientes na Bahia\u201d, destaca Mariana.<\/p>\n<p>Essa imers\u00e3o refor\u00e7a o compromisso das profissionais em trazer para o Brasil o que h\u00e1 de mais moderno, seguro e eficaz na cirurgia est\u00e9tica e funcional da face.<\/p>\n<p>Divulga\u00e7\u00e3o<\/p>\n","protected":false},"excerpt":{"rendered":"<p>Em busca de mais conhecimento em cirurgias est\u00e9ticas da face\u00a0 e reconstru\u00e7\u00e3o na \u00e1rea de Cirurgia Oral e Maxilofacial, as profissionais bucomaxilo Dr\u00aa Mariana Machado e Dr\u00aa F\u00e1tima Dultra est\u00e3o em Ventura, Calif\u00f3rnia (EUA), participando de um fellow exclusivo e intensivo ao lado do renomado Dr\u00ba Michael Morrissete, autoridade internacional em cirurgia bucomaxilo facial e [&hellip;]<\/p>\n","protected":false},"author":8,"featured_media":941211,"comment_status":"closed","ping_status":"closed","sticky":false,"template":"","format":"standard","meta":[],"categories":[21],"tags":[52,6398,58],"acf":[],"yoast_head":"<!-- This site is optimized with the Yoast SEO plugin v20.8 - https:\/\/yoast.com\/wordpress\/plugins\/seo\/ -->\n<title>DUPLA BAIANA DE CIRURGI\u00c3S BUCOMAXILO S\u00c3O CONVIDADAS\u00a0 PARA ACOMPANHAR CIRURGI\u00c3O REFER\u00caNCIA EM CIRURGIAS EST\u00c9TICAS FACIAIS NA CALIF\u00d3RNIA - Bahia Economica<\/title>\n<meta name=\"description\" content=\"O maior portal de Economia da Bahia Sa\u00fade \/ Educa\u00e7\u00e3o Bahia Economica Em busca de mais conhecimento em cirurgias est\u00e9ticas da face\u00a0 e reconstru\u00e7\u00e3o\" \/>\n<meta name=\"robots\" content=\"index, follow, max-snippet:-1, max-image-preview:large, max-video-preview:-1\" \/>\n<link rel=\"canonical\" href=\"https:\/\/bahiaeconomica.com.br\/wp\/2025\/10\/07\/dupla-baiana-de-cirurgias-bucomaxilo-sao-convidadas-para-acompanhar-cirurgiao-referencia-em-cirurgias-esteticas-faciais-na-california\/\" \/>\n<meta property=\"og:locale\" content=\"pt_BR\" \/>\n<meta property=\"og:type\" content=\"article\" \/>\n<meta property=\"og:title\" content=\"DUPLA BAIANA DE CIRURGI\u00c3S BUCOMAXILO S\u00c3O CONVIDADAS\u00a0 PARA ACOMPANHAR CIRURGI\u00c3O REFER\u00caNCIA EM CIRURGIAS EST\u00c9TICAS FACIAIS NA CALIF\u00d3RNIA - Bahia Economica\" \/>\n<meta property=\"og:description\" content=\"O maior portal de Economia da Bahia Sa\u00fade \/ Educa\u00e7\u00e3o Bahia Economica Em busca de mais conhecimento em cirurgias est\u00e9ticas da face\u00a0 e reconstru\u00e7\u00e3o\" \/>\n<meta property=\"og:url\" content=\"https:\/\/bahiaeconomica.com.br\/wp\/2025\/10\/07\/dupla-baiana-de-cirurgias-bucomaxilo-sao-convidadas-para-acompanhar-cirurgiao-referencia-em-cirurgias-esteticas-faciais-na-california\/\" \/>\n<meta property=\"og:site_name\" content=\"Bahia Economica\" \/>\n<meta property=\"article:publisher\" content=\"https:\/\/www.facebook.com\/bahiaeconomica\" \/>\n<meta property=\"article:published_time\" content=\"2025-10-07T11:40:56+00:00\" \/>\n<meta property=\"article:modified_time\" content=\"2025-10-07T13:08:30+00:00\" \/>\n<meta property=\"og:image\" content=\"https:\/\/bahiaeconomica.com.br\/wp\/wp-content\/uploads\/2025\/10\/WhatsApp-Image-2025-10-06-at-14.59.16.jpeg\" \/>\n\t<meta property=\"og:image:width\" content=\"1555\" \/>\n\t<meta property=\"og:image:height\" content=\"1324\" \/>\n\t<meta property=\"og:image:type\" content=\"image\/jpeg\" \/>\n<meta name=\"author\" content=\"JP\" \/>\n<meta name=\"twitter:card\" content=\"summary_large_image\" \/>\n<meta name=\"twitter:label1\" content=\"Escrito por\" \/>\n\t<meta name=\"twitter:data1\" content=\"JP\" \/>\n\t<meta name=\"twitter:label2\" content=\"Est. tempo de leitura\" \/>\n\t<meta name=\"twitter:data2\" content=\"1 minuto\" \/>\n<script type=\"application\/ld+json\" class=\"yoast-schema-graph\">{\"@context\":\"https:\/\/schema.org\",\"@graph\":[{\"@type\":\"Article\",\"@id\":\"https:\/\/bahiaeconomica.com.br\/wp\/2025\/10\/07\/dupla-baiana-de-cirurgias-bucomaxilo-sao-convidadas-para-acompanhar-cirurgiao-referencia-em-cirurgias-esteticas-faciais-na-california\/#article\",\"isPartOf\":{\"@id\":\"https:\/\/bahiaeconomica.com.br\/wp\/2025\/10\/07\/dupla-baiana-de-cirurgias-bucomaxilo-sao-convidadas-para-acompanhar-cirurgiao-referencia-em-cirurgias-esteticas-faciais-na-california\/\"},\"author\":{\"name\":\"JP\",\"@id\":\"https:\/\/bahiaeconomica.com.br\/wp\/#\/schema\/person\/c86d3a3f8960425a0f9d0e5245991f4e\"},\"headline\":\"DUPLA BAIANA DE CIRURGI\u00c3S BUCOMAXILO S\u00c3O CONVIDADAS\u00a0 PARA ACOMPANHAR CIRURGI\u00c3O REFER\u00caNCIA EM CIRURGIAS EST\u00c9TICAS FACIAIS NA CALIF\u00d3RNIA\",\"datePublished\":\"2025-10-07T11:40:56+00:00\",\"dateModified\":\"2025-10-07T13:08:30+00:00\",\"mainEntityOfPage\":{\"@id\":\"https:\/\/bahiaeconomica.com.br\/wp\/2025\/10\/07\/dupla-baiana-de-cirurgias-bucomaxilo-sao-convidadas-para-acompanhar-cirurgiao-referencia-em-cirurgias-esteticas-faciais-na-california\/\"},\"wordCount\":188,\"publisher\":{\"@id\":\"https:\/\/bahiaeconomica.com.br\/wp\/#organization\"},\"keywords\":[\"Brasil\",\"opercao\",\"sa\u00fade\"],\"articleSection\":[\"Sa\u00fade \/ Educa\u00e7\u00e3o\"],\"inLanguage\":\"pt-BR\"},{\"@type\":\"WebPage\",\"@id\":\"https:\/\/bahiaeconomica.com.br\/wp\/2025\/10\/07\/dupla-baiana-de-cirurgias-bucomaxilo-sao-convidadas-para-acompanhar-cirurgiao-referencia-em-cirurgias-esteticas-faciais-na-california\/\",\"url\":\"https:\/\/bahiaeconomica.com.br\/wp\/2025\/10\/07\/dupla-baiana-de-cirurgias-bucomaxilo-sao-convidadas-para-acompanhar-cirurgiao-referencia-em-cirurgias-esteticas-faciais-na-california\/\",\"name\":\"DUPLA BAIANA DE CIRURGI\u00c3S BUCOMAXILO S\u00c3O CONVIDADAS\u00a0 PARA ACOMPANHAR CIRURGI\u00c3O REFER\u00caNCIA EM CIRURGIAS EST\u00c9TICAS FACIAIS NA CALIF\u00d3RNIA - Bahia Economica\",\"isPartOf\":{\"@id\":\"https:\/\/bahiaeconomica.com.br\/wp\/#website\"},\"datePublished\":\"2025-10-07T11:40:56+00:00\",\"dateModified\":\"2025-10-07T13:08:30+00:00\",\"description\":\"O maior portal de Economia da Bahia Sa\u00fade \/ Educa\u00e7\u00e3o Bahia Economica Em busca de mais conhecimento em cirurgias est\u00e9ticas da face\u00a0 e reconstru\u00e7\u00e3o\",\"breadcrumb\":{\"@id\":\"https:\/\/bahiaeconomica.com.br\/wp\/2025\/10\/07\/dupla-baiana-de-cirurgias-bucomaxilo-sao-convidadas-para-acompanhar-cirurgiao-referencia-em-cirurgias-esteticas-faciais-na-california\/#breadcrumb\"},\"inLanguage\":\"pt-BR\",\"potentialAction\":[{\"@type\":\"ReadAction\",\"target\":[\"https:\/\/bahiaeconomica.com.br\/wp\/2025\/10\/07\/dupla-baiana-de-cirurgias-bucomaxilo-sao-convidadas-para-acompanhar-cirurgiao-referencia-em-cirurgias-esteticas-faciais-na-california\/\"]}]},{\"@type\":\"BreadcrumbList\",\"@id\":\"https:\/\/bahiaeconomica.com.br\/wp\/2025\/10\/07\/dupla-baiana-de-cirurgias-bucomaxilo-sao-convidadas-para-acompanhar-cirurgiao-referencia-em-cirurgias-esteticas-faciais-na-california\/#breadcrumb\",\"itemListElement\":[{\"@type\":\"ListItem\",\"position\":1,\"name\":\"In\u00edcio\",\"item\":\"https:\/\/bahiaeconomica.com.br\/wp\/\"},{\"@type\":\"ListItem\",\"position\":2,\"name\":\"DUPLA BAIANA DE CIRURGI\u00c3S BUCOMAXILO S\u00c3O CONVIDADAS\u00a0 PARA ACOMPANHAR CIRURGI\u00c3O REFER\u00caNCIA EM CIRURGIAS EST\u00c9TICAS FACIAIS NA CALIF\u00d3RNIA\"}]},{\"@type\":\"WebSite\",\"@id\":\"https:\/\/bahiaeconomica.com.br\/wp\/#website\",\"url\":\"https:\/\/bahiaeconomica.com.br\/wp\/\",\"name\":\"Bahia Economica\",\"description\":\"O maior portal de Economia da Bahia\",\"publisher\":{\"@id\":\"https:\/\/bahiaeconomica.com.br\/wp\/#organization\"},\"potentialAction\":[{\"@type\":\"SearchAction\",\"target\":{\"@type\":\"EntryPoint\",\"urlTemplate\":\"https:\/\/bahiaeconomica.com.br\/wp\/?s={search_term_string}\"},\"query-input\":\"required name=search_term_string\"}],\"inLanguage\":\"pt-BR\"},{\"@type\":\"Organization\",\"@id\":\"https:\/\/bahiaeconomica.com.br\/wp\/#organization\",\"name\":\"Bahia Econ\u00f4mica\",\"url\":\"https:\/\/bahiaeconomica.com.br\/wp\/\",\"logo\":{\"@type\":\"ImageObject\",\"inLanguage\":\"pt-BR\",\"@id\":\"https:\/\/bahiaeconomica.com.br\/wp\/#\/schema\/logo\/image\/\",\"url\":\"https:\/\/bahiaeconomica.com.br\/wp\/wp-content\/uploads\/2020\/12\/cropped-BE.png\",\"contentUrl\":\"https:\/\/bahiaeconomica.com.br\/wp\/wp-content\/uploads\/2020\/12\/cropped-BE.png\",\"width\":512,\"height\":512,\"caption\":\"Bahia Econ\u00f4mica\"},\"image\":{\"@id\":\"https:\/\/bahiaeconomica.com.br\/wp\/#\/schema\/logo\/image\/\"},\"sameAs\":[\"https:\/\/www.facebook.com\/bahiaeconomica\"]},{\"@type\":\"Person\",\"@id\":\"https:\/\/bahiaeconomica.com.br\/wp\/#\/schema\/person\/c86d3a3f8960425a0f9d0e5245991f4e\",\"name\":\"JP\",\"sameAs\":[\"https:\/\/bahiaeconomica.com.br\/wp\/beta\/\"],\"url\":\"https:\/\/bahiaeconomica.com.br\/wp\/author\/jp\/\"}]}<\/script>\n<!-- \/ Yoast SEO plugin. -->","yoast_head_json":{"title":"DUPLA BAIANA DE CIRURGI\u00c3S BUCOMAXILO S\u00c3O CONVIDADAS\u00a0 PARA ACOMPANHAR CIRURGI\u00c3O REFER\u00caNCIA EM CIRURGIAS EST\u00c9TICAS FACIAIS NA CALIF\u00d3RNIA - Bahia Economica","description":"O maior portal de Economia da Bahia Sa\u00fade \/ Educa\u00e7\u00e3o Bahia Economica Em busca de mais conhecimento em cirurgias est\u00e9ticas da face\u00a0 e reconstru\u00e7\u00e3o","robots":{"index":"index","follow":"follow","max-snippet":"max-snippet:-1","max-image-preview":"max-image-preview:large","max-video-preview":"max-video-preview:-1"},"canonical":"https:\/\/bahiaeconomica.com.br\/wp\/2025\/10\/07\/dupla-baiana-de-cirurgias-bucomaxilo-sao-convidadas-para-acompanhar-cirurgiao-referencia-em-cirurgias-esteticas-faciais-na-california\/","og_locale":"pt_BR","og_type":"article","og_title":"DUPLA BAIANA DE CIRURGI\u00c3S BUCOMAXILO S\u00c3O CONVIDADAS\u00a0 PARA ACOMPANHAR CIRURGI\u00c3O REFER\u00caNCIA EM CIRURGIAS EST\u00c9TICAS FACIAIS NA CALIF\u00d3RNIA - Bahia Economica","og_description":"O maior portal de Economia da Bahia Sa\u00fade \/ Educa\u00e7\u00e3o Bahia Economica Em busca de mais conhecimento em cirurgias est\u00e9ticas da face\u00a0 e reconstru\u00e7\u00e3o","og_url":"https:\/\/bahiaeconomica.com.br\/wp\/2025\/10\/07\/dupla-baiana-de-cirurgias-bucomaxilo-sao-convidadas-para-acompanhar-cirurgiao-referencia-em-cirurgias-esteticas-faciais-na-california\/","og_site_name":"Bahia Economica","article_publisher":"https:\/\/www.facebook.com\/bahiaeconomica","article_published_time":"2025-10-07T11:40:56+00:00","article_modified_time":"2025-10-07T13:08:30+00:00","og_image":[{"width":1555,"height":1324,"url":"https:\/\/bahiaeconomica.com.br\/wp\/wp-content\/uploads\/2025\/10\/WhatsApp-Image-2025-10-06-at-14.59.16.jpeg","type":"image\/jpeg"}],"author":"JP","twitter_card":"summary_large_image","twitter_misc":{"Escrito por":"JP","Est. tempo de leitura":"1 minuto"},"schema":{"@context":"https:\/\/schema.org","@graph":[{"@type":"Article","@id":"https:\/\/bahiaeconomica.com.br\/wp\/2025\/10\/07\/dupla-baiana-de-cirurgias-bucomaxilo-sao-convidadas-para-acompanhar-cirurgiao-referencia-em-cirurgias-esteticas-faciais-na-california\/#article","isPartOf":{"@id":"https:\/\/bahiaeconomica.com.br\/wp\/2025\/10\/07\/dupla-baiana-de-cirurgias-bucomaxilo-sao-convidadas-para-acompanhar-cirurgiao-referencia-em-cirurgias-esteticas-faciais-na-california\/"},"author":{"name":"JP","@id":"https:\/\/bahiaeconomica.com.br\/wp\/#\/schema\/person\/c86d3a3f8960425a0f9d0e5245991f4e"},"headline":"DUPLA BAIANA DE CIRURGI\u00c3S BUCOMAXILO S\u00c3O CONVIDADAS\u00a0 PARA ACOMPANHAR CIRURGI\u00c3O REFER\u00caNCIA EM CIRURGIAS EST\u00c9TICAS FACIAIS NA CALIF\u00d3RNIA","datePublished":"2025-10-07T11:40:56+00:00","dateModified":"2025-10-07T13:08:30+00:00","mainEntityOfPage":{"@id":"https:\/\/bahiaeconomica.com.br\/wp\/2025\/10\/07\/dupla-baiana-de-cirurgias-bucomaxilo-sao-convidadas-para-acompanhar-cirurgiao-referencia-em-cirurgias-esteticas-faciais-na-california\/"},"wordCount":188,"publisher":{"@id":"https:\/\/bahiaeconomica.com.br\/wp\/#organization"},"keywords":["Brasil","opercao","sa\u00fade"],"articleSection":["Sa\u00fade \/ Educa\u00e7\u00e3o"],"inLanguage":"pt-BR"},{"@type":"WebPage","@id":"https:\/\/bahiaeconomica.com.br\/wp\/2025\/10\/07\/dupla-baiana-de-cirurgias-bucomaxilo-sao-convidadas-para-acompanhar-cirurgiao-referencia-em-cirurgias-esteticas-faciais-na-california\/","url":"https:\/\/bahiaeconomica.com.br\/wp\/2025\/10\/07\/dupla-baiana-de-cirurgias-bucomaxilo-sao-convidadas-para-acompanhar-cirurgiao-referencia-em-cirurgias-esteticas-faciais-na-california\/","name":"DUPLA BAIANA DE CIRURGI\u00c3S BUCOMAXILO S\u00c3O CONVIDADAS\u00a0 PARA ACOMPANHAR CIRURGI\u00c3O REFER\u00caNCIA EM CIRURGIAS EST\u00c9TICAS FACIAIS NA CALIF\u00d3RNIA - Bahia Economica","isPartOf":{"@id":"https:\/\/bahiaeconomica.com.br\/wp\/#website"},"datePublished":"2025-10-07T11:40:56+00:00","dateModified":"2025-10-07T13:08:30+00:00","description":"O maior portal de Economia da Bahia Sa\u00fade \/ Educa\u00e7\u00e3o Bahia Economica Em busca de mais conhecimento em cirurgias est\u00e9ticas da face\u00a0 e reconstru\u00e7\u00e3o","breadcrumb":{"@id":"https:\/\/bahiaeconomica.com.br\/wp\/2025\/10\/07\/dupla-baiana-de-cirurgias-bucomaxilo-sao-convidadas-para-acompanhar-cirurgiao-referencia-em-cirurgias-esteticas-faciais-na-california\/#breadcrumb"},"inLanguage":"pt-BR","potentialAction":[{"@type":"ReadAction","target":["https:\/\/bahiaeconomica.com.br\/wp\/2025\/10\/07\/dupla-baiana-de-cirurgias-bucomaxilo-sao-convidadas-para-acompanhar-cirurgiao-referencia-em-cirurgias-esteticas-faciais-na-california\/"]}]},{"@type":"BreadcrumbList","@id":"https:\/\/bahiaeconomica.com.br\/wp\/2025\/10\/07\/dupla-baiana-de-cirurgias-bucomaxilo-sao-convidadas-para-acompanhar-cirurgiao-referencia-em-cirurgias-esteticas-faciais-na-california\/#breadcrumb","itemListElement":[{"@type":"ListItem","position":1,"name":"In\u00edcio","item":"https:\/\/bahiaeconomica.com.br\/wp\/"},{"@type":"ListItem","position":2,"name":"DUPLA BAIANA DE CIRURGI\u00c3S BUCOMAXILO S\u00c3O CONVIDADAS\u00a0 PARA ACOMPANHAR CIRURGI\u00c3O REFER\u00caNCIA EM CIRURGIAS EST\u00c9TICAS FACIAIS NA CALIF\u00d3RNIA"}]},{"@type":"WebSite","@id":"https:\/\/bahiaeconomica.com.br\/wp\/#website","url":"https:\/\/bahiaeconomica.com.br\/wp\/","name":"Bahia Economica","description":"O maior portal de Economia da Bahia","publisher":{"@id":"https:\/\/bahiaeconomica.com.br\/wp\/#organization"},"potentialAction":[{"@type":"SearchAction","target":{"@type":"EntryPoint","urlTemplate":"https:\/\/bahiaeconomica.com.br\/wp\/?s={search_term_string}"},"query-input":"required name=search_term_string"}],"inLanguage":"pt-BR"},{"@type":"Organization","@id":"https:\/\/bahiaeconomica.com.br\/wp\/#organization","name":"Bahia Econ\u00f4mica","url":"https:\/\/bahiaeconomica.com.br\/wp\/","logo":{"@type":"ImageObject","inLanguage":"pt-BR","@id":"https:\/\/bahiaeconomica.com.br\/wp\/#\/schema\/logo\/image\/","url":"https:\/\/bahiaeconomica.com.br\/wp\/wp-content\/uploads\/2020\/12\/cropped-BE.png","contentUrl":"https:\/\/bahiaeconomica.com.br\/wp\/wp-content\/uploads\/2020\/12\/cropped-BE.png","width":512,"height":512,"caption":"Bahia Econ\u00f4mica"},"image":{"@id":"https:\/\/bahiaeconomica.com.br\/wp\/#\/schema\/logo\/image\/"},"sameAs":["https:\/\/www.facebook.com\/bahiaeconomica"]},{"@type":"Person","@id":"https:\/\/bahiaeconomica.com.br\/wp\/#\/schema\/person\/c86d3a3f8960425a0f9d0e5245991f4e","name":"JP","sameAs":["https:\/\/bahiaeconomica.com.br\/wp\/beta\/"],"url":"https:\/\/bahiaeconomica.com.br\/wp\/author\/jp\/"}]}},"views":17,"_links":{"self":[{"href":"https:\/\/bahiaeconomica.com.br\/wp\/wp-json\/wp\/v2\/posts\/941209"}],"collection":[{"href":"https:\/\/bahiaeconomica.com.br\/wp\/wp-json\/wp\/v2\/posts"}],"about":[{"href":"https:\/\/bahiaeconomica.com.br\/wp\/wp-json\/wp\/v2\/types\/post"}],"author":[{"embeddable":true,"href":"https:\/\/bahiaeconomica.com.br\/wp\/wp-json\/wp\/v2\/users\/8"}],"replies":[{"embeddable":true,"href":"https:\/\/bahiaeconomica.com.br\/wp\/wp-json\/wp\/v2\/comments?post=941209"}],"version-history":[{"count":1,"href":"https:\/\/bahiaeconomica.com.br\/wp\/wp-json\/wp\/v2\/posts\/941209\/revisions"}],"predecessor-version":[{"id":941212,"href":"https:\/\/bahiaeconomica.com.br\/wp\/wp-json\/wp\/v2\/posts\/941209\/revisions\/941212"}],"wp:featuredmedia":[{"embeddable":true,"href":"https:\/\/bahiaeconomica.com.br\/wp\/wp-json\/wp\/v2\/media\/941211"}],"wp:attachment":[{"href":"https:\/\/bahiaeconomica.com.br\/wp\/wp-json\/wp\/v2\/media?parent=941209"}],"wp:term":[{"taxonomy":"category","embeddable":true,"href":"https:\/\/bahiaeconomica.com.br\/wp\/wp-json\/wp\/v2\/categories?post=941209"},{"taxonomy":"post_tag","embeddable":true,"href":"https:\/\/bahiaeconomica.com.br\/wp\/wp-json\/wp\/v2\/tags?post=941209"}],"curies":[{"name":"wp","href":"https:\/\/api.w.org\/{rel}","templated":true}]}}