{"id":940930,"date":"2025-10-06T12:59:17","date_gmt":"2025-10-06T15:59:17","guid":{"rendered":"https:\/\/bahiaeconomica.com.br\/wp\/?p=940930"},"modified":"2025-10-06T12:53:00","modified_gmt":"2025-10-06T15:53:00","slug":"morar-melhor-completa-10-anos-e-transforma-a-vida-de-mais-de-60-mil-familias-de-salvador","status":"publish","type":"post","link":"https:\/\/bahiaeconomica.com.br\/wp\/2025\/10\/06\/morar-melhor-completa-10-anos-e-transforma-a-vida-de-mais-de-60-mil-familias-de-salvador\/","title":{"rendered":"MORAR MELHOR COMPLETA 10 ANOS E TRANSFORMA A VIDA DE MAIS DE 60 MIL FAM\u00cdLIAS DE SALVADOR"},"content":{"rendered":"<p>Reformar a casa \u00e9 o sonho de muitos soteropolitanos, mas a falta de recurso impede as melhorias nos im\u00f3veis, afetando diretamente a autoestima e a sa\u00fade dos moradores. Por isso, o programa Morar Melhor se tornou um sucesso nos bairros. Em outubro, essa pol\u00edtica p\u00fablica criada pela Prefeitura de Salvador completa 10 anos, com a marca de 60 mil fam\u00edlias beneficiadas.<\/p>\n<p>Nessa d\u00e9cada em atua\u00e7\u00e3o, os servi\u00e7os mais realizados foram a troca de telhado, realiza\u00e7\u00e3o de reboco, coloca\u00e7\u00e3o de esquadrias, instala\u00e7\u00e3o de kit sanit\u00e1rio e pintura. Algumas outras a\u00e7\u00f5es foram a constru\u00e7\u00e3o de escadas, de rampas de acesso e coloca\u00e7\u00e3o de corrim\u00e3o. Os problemas mais recorrentes encontrados pelas equipes s\u00e3o im\u00f3veis em \u00e1reas de risco, casas com problemas estruturais, infiltra\u00e7\u00f5es, mofos e resid\u00eancias sem banheiro.<\/p>\n<p>O Morar Melhor \u00e9 desenvolvido em toda a cidade, e as \u00e1reas mais contempladas foram o Sub\u00farbio Ferrovi\u00e1rio, Cabula, Tancredo Neves, Cajazeiras, Liberdade e S\u00e3o Caetano. O prefeito Bruno Reis destacou a import\u00e2ncia dessa pol\u00edtica p\u00fablica.<\/p>\n<p>\u201cEstamos completando 10 anos de um programa fant\u00e1stico que ao longo desse per\u00edodo mudou de verdade para melhor a vida de 60 mil pessoas em nossa cidade. Elas tiveram suas casas reformadas, puderam morar com dignidade e ter melhor qualidade de vida em todas as \u00e1reas. \u00c9 uma pol\u00edtica p\u00fablica que permite melhores condi\u00e7\u00f5es na sa\u00fade, que tem impactos na \u00e1rea social e traz conforto e seguran\u00e7a para os moradores\u201d, afirmou.<\/p>\n<p>Impactos &#8211; O programa tem tr\u00eas objetivos definidos: resgatar a cidadania e a autoestima da popula\u00e7\u00e3o residente nas \u00e1reas contempladas; prestar assist\u00eancia t\u00e9cnica nas \u00e1reas de Arquitetura e Constru\u00e7\u00e3o Civil; e oferecer moradia mais digna para as pessoas. O secret\u00e1rio de Infraestrutura e Obras P\u00fablicas (Seinfra), Luiz Carlos de Souza, destacou os impactos do programa na sa\u00fade dos moradores.<\/p>\n<p>\u201cTem muitas pessoas que t\u00eam alergia ou problemas respirat\u00f3rios, e um lugar insalubre com mofo e infiltra\u00e7\u00f5es agrava essas doen\u00e7as. Muitas delas n\u00e3o t\u00eam recursos, s\u00e3o aposentados ou dependem de algum programa social, e n\u00e3o t\u00eam perspectiva de melhoria na renda. O Morar Melhor consegue mudar esse quadro e fazer o que o morador n\u00e3o consegue, transformando a vida das pessoas\u201d, afirmou.<\/p>\n<p>O secret\u00e1rio frisou que a falta de infraestrutura adequada nos im\u00f3veis impacta tamb\u00e9m na autoestima e nas rela\u00e7\u00f5es sociais. Envergonhados pelas condi\u00e7\u00f5es prec\u00e1rias em que est\u00e3o vivendo, muitos moradores deixam de receber visitas de amigos e parentes, o que provoca um distanciamento entre as fam\u00edlias.<\/p>\n<p>\u201cEsse anivers\u00e1rio de 10 anos \u00e9 motivo de alegria e de comemora\u00e7\u00e3o. Um projeto que come\u00e7ou sem que a gente tivesse tanta expectativa de que poderia se prolongar por tanto tempo e nem alcan\u00e7ar a quantidade que n\u00f3s alcan\u00e7amos. S\u00e3o 10 anos em que a gente vem transformando a vida das pessoas\u201d, concluiu Luiz Carlos.<\/p>\n<p>Crit\u00e9rios \u2013 A escolha das localidades que ser\u00e3o contempladas leva em considera\u00e7\u00e3o dados do IBGE sobre regi\u00f5es da cidade com maior predomin\u00e2ncia de domic\u00edlios com alvenaria sem revestimento, de pessoas abaixo da linha de pobreza e de mulheres chefes de fam\u00edlia. N\u00e3o podem ser contemplados im\u00f3veis em situa\u00e7\u00e3o de risco, casas de aluguel e fam\u00edlias com renda superior a tr\u00eas sal\u00e1rios-m\u00ednimos.<\/p>\n<p>Entre os contemplados pelo Morar Melhor est\u00e3o hist\u00f3rias como a de dona Zenilda Santos, de 84 anos, que mora h\u00e1 mais de 60 em S\u00e3o Gon\u00e7alo. Ela contou que, devido \u00e0s m\u00e1s condi\u00e7\u00f5es do im\u00f3vel, o telhado da resid\u00eancia havia desabado em cima da filha. \u201cA Prefeitura veio e ajeitou minha casa toda. Agora est\u00e1 muito linda. Estou muito feliz, porque nunca imaginei que um dia eu teria uma casa como esta. N\u00e3o \u00e9 conversa fiada, n\u00e3o, \u00e9 muita felicidade mesmo\u201d, contou a idosa, emocionada.<\/p>\n<p>Relato similar \u00e9 compartilhado pela manicure El\u00edsia de Jesus dos Santos, 31 anos, que mora em Brotas desde que nasceu. Ela \u00e9 m\u00e3e de cinco filhos e ficou emocionada porque a reforma acabou com as goteiras do im\u00f3vel. \u201cAntes, quando chovia, molhava dentro e fora de casa. Gra\u00e7as a Deus, mesmo com essa chuva toda que teve nos \u00faltimos dias, n\u00e3o molhou nada aqui dentro. A gente tamb\u00e9m n\u00e3o tinha porta em casa. Eu usava duas telhas para fechar a casa. A gente ganhou porta, quarto e tantas outras coisas\u201d, contou sem conter as l\u00e1grimas.<\/p>\n<p>O Morar Melhor \u00e9 realizado em etapas. Primeiro, as equipes fazem a vistoria da \u00e1rea, depois o cadastro das casas e, em seguida, come\u00e7am a execu\u00e7\u00e3o da obra. A \u00faltima fase \u00e9 a inaugura\u00e7\u00e3o. Durante a entrega de 100 casas reformadas, na Baixa de Quintas, a coordenadora do Morar Melhor, Cristiane Oliveira, destacou o car\u00e1ter social do programa. Ela tem contato direto com as fam\u00edlias.<\/p>\n<p>\u201cO alcance social do Morar Melhor \u00e9 muito grande, porque al\u00e9m de tratar a casa, a gente identifica as fam\u00edlias e suas vulnerabilidades, tanto sociais quanto econ\u00f4micas, e d\u00e1 o direcionamento que elas precisam para serem assistidas pelos benef\u00edcios sociais e outras pol\u00edticas p\u00fablicas. \u00c9 um trabalho socioassistencial e de sa\u00fade&#8221;, afirmou.<\/p>\n<p>S\u00e3o 17 servidores da Seinfra atuando no programa, al\u00e9m de quatro empresas executoras e equipes de cadastro. No total, s\u00e3o 430 trabalhadores. O Morar Melhor foi premiado, em 2017, com o Selo de M\u00e9rito Especial no F\u00f3rum Nacional de Habita\u00e7\u00e3o e Interesse Social, promovido pela Associa\u00e7\u00e3o Brasileira de Cohabs e Agentes P\u00fablicos e pelo F\u00f3rum Nacional de Secret\u00e1rios de Habita\u00e7\u00e3o e Desenvolvimento Urbano.<\/p>\n<p>O selo \u00e9 conferido a projetos que apresentam resultados de boas pr\u00e1ticas em habita\u00e7\u00e3o. A meta \u00e9 alcan\u00e7ar mais 15 mil casas at\u00e9 2028.<\/p>\n<p>Fotos: Valter Pontes \/ Secom PMS<\/p>\n","protected":false},"excerpt":{"rendered":"<p>Reformar a casa \u00e9 o sonho de muitos soteropolitanos, mas a falta de recurso impede as melhorias nos im\u00f3veis, afetando diretamente a autoestima e a sa\u00fade dos moradores. Por isso, o programa Morar Melhor se tornou um sucesso nos bairros. Em outubro, essa pol\u00edtica p\u00fablica criada pela Prefeitura de Salvador completa 10 anos, com a [&hellip;]<\/p>\n","protected":false},"author":8,"featured_media":940931,"comment_status":"closed","ping_status":"closed","sticky":false,"template":"","format":"standard","meta":[],"categories":[14,3],"tags":[52,213,100],"acf":[],"yoast_head":"<!-- This site is optimized with the Yoast SEO plugin v20.8 - https:\/\/yoast.com\/wordpress\/plugins\/seo\/ -->\n<title>MORAR MELHOR COMPLETA 10 ANOS E TRANSFORMA A VIDA DE MAIS DE 60 MIL FAM\u00cdLIAS DE SALVADOR - Bahia Economica<\/title>\n<meta name=\"description\" content=\"O maior portal de Economia da Bahia DESTAQUE DO DIA, ECONOMIA \/ POL\u00cdTICA Bahia Economica Reformar a casa \u00e9 o sonho de muitos soteropolitanos\" \/>\n<meta name=\"robots\" content=\"index, follow, max-snippet:-1, max-image-preview:large, max-video-preview:-1\" \/>\n<link rel=\"canonical\" href=\"https:\/\/bahiaeconomica.com.br\/wp\/2025\/10\/06\/morar-melhor-completa-10-anos-e-transforma-a-vida-de-mais-de-60-mil-familias-de-salvador\/\" \/>\n<meta property=\"og:locale\" content=\"pt_BR\" \/>\n<meta property=\"og:type\" content=\"article\" \/>\n<meta property=\"og:title\" content=\"MORAR MELHOR COMPLETA 10 ANOS E TRANSFORMA A VIDA DE MAIS DE 60 MIL FAM\u00cdLIAS DE SALVADOR - Bahia Economica\" \/>\n<meta property=\"og:description\" content=\"O maior portal de Economia da Bahia DESTAQUE DO DIA, ECONOMIA \/ POL\u00cdTICA Bahia Economica Reformar a casa \u00e9 o sonho de muitos soteropolitanos\" \/>\n<meta property=\"og:url\" content=\"https:\/\/bahiaeconomica.com.br\/wp\/2025\/10\/06\/morar-melhor-completa-10-anos-e-transforma-a-vida-de-mais-de-60-mil-familias-de-salvador\/\" \/>\n<meta property=\"og:site_name\" content=\"Bahia Economica\" \/>\n<meta property=\"article:publisher\" content=\"https:\/\/www.facebook.com\/bahiaeconomica\" \/>\n<meta property=\"article:published_time\" content=\"2025-10-06T15:59:17+00:00\" \/>\n<meta property=\"article:modified_time\" content=\"2025-10-06T15:53:00+00:00\" \/>\n<meta property=\"og:image\" content=\"https:\/\/bahiaeconomica.com.br\/wp\/wp-content\/uploads\/2025\/10\/WhatsApp-Image-2025-10-06-at-11.42.05.jpeg\" \/>\n\t<meta property=\"og:image:width\" content=\"1280\" \/>\n\t<meta property=\"og:image:height\" content=\"853\" \/>\n\t<meta property=\"og:image:type\" content=\"image\/jpeg\" \/>\n<meta name=\"author\" content=\"JP\" \/>\n<meta name=\"twitter:card\" content=\"summary_large_image\" \/>\n<meta name=\"twitter:label1\" content=\"Escrito por\" \/>\n\t<meta name=\"twitter:data1\" content=\"JP\" \/>\n\t<meta name=\"twitter:label2\" content=\"Est. tempo de leitura\" \/>\n\t<meta name=\"twitter:data2\" content=\"5 minutos\" \/>\n<script type=\"application\/ld+json\" class=\"yoast-schema-graph\">{\"@context\":\"https:\/\/schema.org\",\"@graph\":[{\"@type\":\"Article\",\"@id\":\"https:\/\/bahiaeconomica.com.br\/wp\/2025\/10\/06\/morar-melhor-completa-10-anos-e-transforma-a-vida-de-mais-de-60-mil-familias-de-salvador\/#article\",\"isPartOf\":{\"@id\":\"https:\/\/bahiaeconomica.com.br\/wp\/2025\/10\/06\/morar-melhor-completa-10-anos-e-transforma-a-vida-de-mais-de-60-mil-familias-de-salvador\/\"},\"author\":{\"name\":\"JP\",\"@id\":\"https:\/\/bahiaeconomica.com.br\/wp\/#\/schema\/person\/c86d3a3f8960425a0f9d0e5245991f4e\"},\"headline\":\"MORAR MELHOR COMPLETA 10 ANOS E TRANSFORMA A VIDA DE MAIS DE 60 MIL FAM\u00cdLIAS DE SALVADOR\",\"datePublished\":\"2025-10-06T15:59:17+00:00\",\"dateModified\":\"2025-10-06T15:53:00+00:00\",\"mainEntityOfPage\":{\"@id\":\"https:\/\/bahiaeconomica.com.br\/wp\/2025\/10\/06\/morar-melhor-completa-10-anos-e-transforma-a-vida-de-mais-de-60-mil-familias-de-salvador\/\"},\"wordCount\":1013,\"publisher\":{\"@id\":\"https:\/\/bahiaeconomica.com.br\/wp\/#organization\"},\"keywords\":[\"Brasil\",\"Economia\",\"Pol\u00edtica\"],\"articleSection\":[\"DESTAQUE DO DIA\",\"ECONOMIA \/ POL\u00cdTICA\"],\"inLanguage\":\"pt-BR\"},{\"@type\":\"WebPage\",\"@id\":\"https:\/\/bahiaeconomica.com.br\/wp\/2025\/10\/06\/morar-melhor-completa-10-anos-e-transforma-a-vida-de-mais-de-60-mil-familias-de-salvador\/\",\"url\":\"https:\/\/bahiaeconomica.com.br\/wp\/2025\/10\/06\/morar-melhor-completa-10-anos-e-transforma-a-vida-de-mais-de-60-mil-familias-de-salvador\/\",\"name\":\"MORAR MELHOR COMPLETA 10 ANOS E TRANSFORMA A VIDA DE MAIS DE 60 MIL FAM\u00cdLIAS DE SALVADOR - Bahia Economica\",\"isPartOf\":{\"@id\":\"https:\/\/bahiaeconomica.com.br\/wp\/#website\"},\"datePublished\":\"2025-10-06T15:59:17+00:00\",\"dateModified\":\"2025-10-06T15:53:00+00:00\",\"description\":\"O maior portal de Economia da Bahia DESTAQUE DO DIA, ECONOMIA \/ POL\u00cdTICA Bahia Economica Reformar a casa \u00e9 o sonho de muitos soteropolitanos\",\"breadcrumb\":{\"@id\":\"https:\/\/bahiaeconomica.com.br\/wp\/2025\/10\/06\/morar-melhor-completa-10-anos-e-transforma-a-vida-de-mais-de-60-mil-familias-de-salvador\/#breadcrumb\"},\"inLanguage\":\"pt-BR\",\"potentialAction\":[{\"@type\":\"ReadAction\",\"target\":[\"https:\/\/bahiaeconomica.com.br\/wp\/2025\/10\/06\/morar-melhor-completa-10-anos-e-transforma-a-vida-de-mais-de-60-mil-familias-de-salvador\/\"]}]},{\"@type\":\"BreadcrumbList\",\"@id\":\"https:\/\/bahiaeconomica.com.br\/wp\/2025\/10\/06\/morar-melhor-completa-10-anos-e-transforma-a-vida-de-mais-de-60-mil-familias-de-salvador\/#breadcrumb\",\"itemListElement\":[{\"@type\":\"ListItem\",\"position\":1,\"name\":\"In\u00edcio\",\"item\":\"https:\/\/bahiaeconomica.com.br\/wp\/\"},{\"@type\":\"ListItem\",\"position\":2,\"name\":\"MORAR MELHOR COMPLETA 10 ANOS E TRANSFORMA A VIDA DE MAIS DE 60 MIL FAM\u00cdLIAS DE SALVADOR\"}]},{\"@type\":\"WebSite\",\"@id\":\"https:\/\/bahiaeconomica.com.br\/wp\/#website\",\"url\":\"https:\/\/bahiaeconomica.com.br\/wp\/\",\"name\":\"Bahia Economica\",\"description\":\"O maior portal de Economia da Bahia\",\"publisher\":{\"@id\":\"https:\/\/bahiaeconomica.com.br\/wp\/#organization\"},\"potentialAction\":[{\"@type\":\"SearchAction\",\"target\":{\"@type\":\"EntryPoint\",\"urlTemplate\":\"https:\/\/bahiaeconomica.com.br\/wp\/?s={search_term_string}\"},\"query-input\":\"required name=search_term_string\"}],\"inLanguage\":\"pt-BR\"},{\"@type\":\"Organization\",\"@id\":\"https:\/\/bahiaeconomica.com.br\/wp\/#organization\",\"name\":\"Bahia Econ\u00f4mica\",\"url\":\"https:\/\/bahiaeconomica.com.br\/wp\/\",\"logo\":{\"@type\":\"ImageObject\",\"inLanguage\":\"pt-BR\",\"@id\":\"https:\/\/bahiaeconomica.com.br\/wp\/#\/schema\/logo\/image\/\",\"url\":\"https:\/\/bahiaeconomica.com.br\/wp\/wp-content\/uploads\/2020\/12\/cropped-BE.png\",\"contentUrl\":\"https:\/\/bahiaeconomica.com.br\/wp\/wp-content\/uploads\/2020\/12\/cropped-BE.png\",\"width\":512,\"height\":512,\"caption\":\"Bahia Econ\u00f4mica\"},\"image\":{\"@id\":\"https:\/\/bahiaeconomica.com.br\/wp\/#\/schema\/logo\/image\/\"},\"sameAs\":[\"https:\/\/www.facebook.com\/bahiaeconomica\"]},{\"@type\":\"Person\",\"@id\":\"https:\/\/bahiaeconomica.com.br\/wp\/#\/schema\/person\/c86d3a3f8960425a0f9d0e5245991f4e\",\"name\":\"JP\",\"sameAs\":[\"https:\/\/bahiaeconomica.com.br\/wp\/beta\/\"],\"url\":\"https:\/\/bahiaeconomica.com.br\/wp\/author\/jp\/\"}]}<\/script>\n<!-- \/ Yoast SEO plugin. -->","yoast_head_json":{"title":"MORAR MELHOR COMPLETA 10 ANOS E TRANSFORMA A VIDA DE MAIS DE 60 MIL FAM\u00cdLIAS DE SALVADOR - Bahia Economica","description":"O maior portal de Economia da Bahia DESTAQUE DO DIA, ECONOMIA \/ POL\u00cdTICA Bahia Economica Reformar a casa \u00e9 o sonho de muitos soteropolitanos","robots":{"index":"index","follow":"follow","max-snippet":"max-snippet:-1","max-image-preview":"max-image-preview:large","max-video-preview":"max-video-preview:-1"},"canonical":"https:\/\/bahiaeconomica.com.br\/wp\/2025\/10\/06\/morar-melhor-completa-10-anos-e-transforma-a-vida-de-mais-de-60-mil-familias-de-salvador\/","og_locale":"pt_BR","og_type":"article","og_title":"MORAR MELHOR COMPLETA 10 ANOS E TRANSFORMA A VIDA DE MAIS DE 60 MIL FAM\u00cdLIAS DE SALVADOR - Bahia Economica","og_description":"O maior portal de Economia da Bahia DESTAQUE DO DIA, ECONOMIA \/ POL\u00cdTICA Bahia Economica Reformar a casa \u00e9 o sonho de muitos soteropolitanos","og_url":"https:\/\/bahiaeconomica.com.br\/wp\/2025\/10\/06\/morar-melhor-completa-10-anos-e-transforma-a-vida-de-mais-de-60-mil-familias-de-salvador\/","og_site_name":"Bahia Economica","article_publisher":"https:\/\/www.facebook.com\/bahiaeconomica","article_published_time":"2025-10-06T15:59:17+00:00","article_modified_time":"2025-10-06T15:53:00+00:00","og_image":[{"width":1280,"height":853,"url":"https:\/\/bahiaeconomica.com.br\/wp\/wp-content\/uploads\/2025\/10\/WhatsApp-Image-2025-10-06-at-11.42.05.jpeg","type":"image\/jpeg"}],"author":"JP","twitter_card":"summary_large_image","twitter_misc":{"Escrito por":"JP","Est. tempo de leitura":"5 minutos"},"schema":{"@context":"https:\/\/schema.org","@graph":[{"@type":"Article","@id":"https:\/\/bahiaeconomica.com.br\/wp\/2025\/10\/06\/morar-melhor-completa-10-anos-e-transforma-a-vida-de-mais-de-60-mil-familias-de-salvador\/#article","isPartOf":{"@id":"https:\/\/bahiaeconomica.com.br\/wp\/2025\/10\/06\/morar-melhor-completa-10-anos-e-transforma-a-vida-de-mais-de-60-mil-familias-de-salvador\/"},"author":{"name":"JP","@id":"https:\/\/bahiaeconomica.com.br\/wp\/#\/schema\/person\/c86d3a3f8960425a0f9d0e5245991f4e"},"headline":"MORAR MELHOR COMPLETA 10 ANOS E TRANSFORMA A VIDA DE MAIS DE 60 MIL FAM\u00cdLIAS DE SALVADOR","datePublished":"2025-10-06T15:59:17+00:00","dateModified":"2025-10-06T15:53:00+00:00","mainEntityOfPage":{"@id":"https:\/\/bahiaeconomica.com.br\/wp\/2025\/10\/06\/morar-melhor-completa-10-anos-e-transforma-a-vida-de-mais-de-60-mil-familias-de-salvador\/"},"wordCount":1013,"publisher":{"@id":"https:\/\/bahiaeconomica.com.br\/wp\/#organization"},"keywords":["Brasil","Economia","Pol\u00edtica"],"articleSection":["DESTAQUE DO DIA","ECONOMIA \/ POL\u00cdTICA"],"inLanguage":"pt-BR"},{"@type":"WebPage","@id":"https:\/\/bahiaeconomica.com.br\/wp\/2025\/10\/06\/morar-melhor-completa-10-anos-e-transforma-a-vida-de-mais-de-60-mil-familias-de-salvador\/","url":"https:\/\/bahiaeconomica.com.br\/wp\/2025\/10\/06\/morar-melhor-completa-10-anos-e-transforma-a-vida-de-mais-de-60-mil-familias-de-salvador\/","name":"MORAR MELHOR COMPLETA 10 ANOS E TRANSFORMA A VIDA DE MAIS DE 60 MIL FAM\u00cdLIAS DE SALVADOR - Bahia Economica","isPartOf":{"@id":"https:\/\/bahiaeconomica.com.br\/wp\/#website"},"datePublished":"2025-10-06T15:59:17+00:00","dateModified":"2025-10-06T15:53:00+00:00","description":"O maior portal de Economia da Bahia DESTAQUE DO DIA, ECONOMIA \/ POL\u00cdTICA Bahia Economica Reformar a casa \u00e9 o sonho de muitos soteropolitanos","breadcrumb":{"@id":"https:\/\/bahiaeconomica.com.br\/wp\/2025\/10\/06\/morar-melhor-completa-10-anos-e-transforma-a-vida-de-mais-de-60-mil-familias-de-salvador\/#breadcrumb"},"inLanguage":"pt-BR","potentialAction":[{"@type":"ReadAction","target":["https:\/\/bahiaeconomica.com.br\/wp\/2025\/10\/06\/morar-melhor-completa-10-anos-e-transforma-a-vida-de-mais-de-60-mil-familias-de-salvador\/"]}]},{"@type":"BreadcrumbList","@id":"https:\/\/bahiaeconomica.com.br\/wp\/2025\/10\/06\/morar-melhor-completa-10-anos-e-transforma-a-vida-de-mais-de-60-mil-familias-de-salvador\/#breadcrumb","itemListElement":[{"@type":"ListItem","position":1,"name":"In\u00edcio","item":"https:\/\/bahiaeconomica.com.br\/wp\/"},{"@type":"ListItem","position":2,"name":"MORAR MELHOR COMPLETA 10 ANOS E TRANSFORMA A VIDA DE MAIS DE 60 MIL FAM\u00cdLIAS DE SALVADOR"}]},{"@type":"WebSite","@id":"https:\/\/bahiaeconomica.com.br\/wp\/#website","url":"https:\/\/bahiaeconomica.com.br\/wp\/","name":"Bahia Economica","description":"O maior portal de Economia da Bahia","publisher":{"@id":"https:\/\/bahiaeconomica.com.br\/wp\/#organization"},"potentialAction":[{"@type":"SearchAction","target":{"@type":"EntryPoint","urlTemplate":"https:\/\/bahiaeconomica.com.br\/wp\/?s={search_term_string}"},"query-input":"required name=search_term_string"}],"inLanguage":"pt-BR"},{"@type":"Organization","@id":"https:\/\/bahiaeconomica.com.br\/wp\/#organization","name":"Bahia Econ\u00f4mica","url":"https:\/\/bahiaeconomica.com.br\/wp\/","logo":{"@type":"ImageObject","inLanguage":"pt-BR","@id":"https:\/\/bahiaeconomica.com.br\/wp\/#\/schema\/logo\/image\/","url":"https:\/\/bahiaeconomica.com.br\/wp\/wp-content\/uploads\/2020\/12\/cropped-BE.png","contentUrl":"https:\/\/bahiaeconomica.com.br\/wp\/wp-content\/uploads\/2020\/12\/cropped-BE.png","width":512,"height":512,"caption":"Bahia Econ\u00f4mica"},"image":{"@id":"https:\/\/bahiaeconomica.com.br\/wp\/#\/schema\/logo\/image\/"},"sameAs":["https:\/\/www.facebook.com\/bahiaeconomica"]},{"@type":"Person","@id":"https:\/\/bahiaeconomica.com.br\/wp\/#\/schema\/person\/c86d3a3f8960425a0f9d0e5245991f4e","name":"JP","sameAs":["https:\/\/bahiaeconomica.com.br\/wp\/beta\/"],"url":"https:\/\/bahiaeconomica.com.br\/wp\/author\/jp\/"}]}},"views":20,"_links":{"self":[{"href":"https:\/\/bahiaeconomica.com.br\/wp\/wp-json\/wp\/v2\/posts\/940930"}],"collection":[{"href":"https:\/\/bahiaeconomica.com.br\/wp\/wp-json\/wp\/v2\/posts"}],"about":[{"href":"https:\/\/bahiaeconomica.com.br\/wp\/wp-json\/wp\/v2\/types\/post"}],"author":[{"embeddable":true,"href":"https:\/\/bahiaeconomica.com.br\/wp\/wp-json\/wp\/v2\/users\/8"}],"replies":[{"embeddable":true,"href":"https:\/\/bahiaeconomica.com.br\/wp\/wp-json\/wp\/v2\/comments?post=940930"}],"version-history":[{"count":1,"href":"https:\/\/bahiaeconomica.com.br\/wp\/wp-json\/wp\/v2\/posts\/940930\/revisions"}],"predecessor-version":[{"id":940933,"href":"https:\/\/bahiaeconomica.com.br\/wp\/wp-json\/wp\/v2\/posts\/940930\/revisions\/940933"}],"wp:featuredmedia":[{"embeddable":true,"href":"https:\/\/bahiaeconomica.com.br\/wp\/wp-json\/wp\/v2\/media\/940931"}],"wp:attachment":[{"href":"https:\/\/bahiaeconomica.com.br\/wp\/wp-json\/wp\/v2\/media?parent=940930"}],"wp:term":[{"taxonomy":"category","embeddable":true,"href":"https:\/\/bahiaeconomica.com.br\/wp\/wp-json\/wp\/v2\/categories?post=940930"},{"taxonomy":"post_tag","embeddable":true,"href":"https:\/\/bahiaeconomica.com.br\/wp\/wp-json\/wp\/v2\/tags?post=940930"}],"curies":[{"name":"wp","href":"https:\/\/api.w.org\/{rel}","templated":true}]}}