{"id":940554,"date":"2025-10-03T14:40:42","date_gmt":"2025-10-03T17:40:42","guid":{"rendered":"https:\/\/bahiaeconomica.com.br\/wp\/?p=940554"},"modified":"2025-10-03T14:40:42","modified_gmt":"2025-10-03T17:40:42","slug":"encontro-com-ryane-leao-acontece-neste-sabado-4-na-5a-festa-literaria-arte-e-identidade","status":"publish","type":"post","link":"https:\/\/bahiaeconomica.com.br\/wp\/2025\/10\/03\/encontro-com-ryane-leao-acontece-neste-sabado-4-na-5a-festa-literaria-arte-e-identidade\/","title":{"rendered":"ENCONTRO COM RYANE LE\u00c3O ACONTECE NESTE S\u00c1BADO (4) NA 5\u00aa FESTA LITER\u00c1RIA ARTE E IDENTIDADE"},"content":{"rendered":"<p>Autora de livros que se tornaram refer\u00eancia na poesia contempor\u00e2nea brasileira, como Tudo nela brilha e queima (2017) e Jamais pe\u00e7o desculpas por me derramar (2019), a poeta cuiabana Ryane Le\u00e3o \u00e9 um dos destaques da 5\u00aa Festa Liter\u00e1ria Arte e Identidade. Neste s\u00e1bado (4), \u00e0s 15h30, ela participa de um encontro especial com o p\u00fablico no Espa\u00e7o Juventudes, no Largo Quincas Berro D\u2019\u00c1gua, em Salvador. Reconhecida pela escrita que transita entre for\u00e7a e vulnerabilidade, a artista aborda temas como g\u00eanero, ra\u00e7a, identidade e afeto, sempre trazendo \u00e0 tona as experi\u00eancias e os silenciamentos que marcam a vida das mulheres negras.<\/p>\n<p>\u201cEstou muito feliz em poder participar da feira e conversar com o p\u00fablico. \u00c9 essencial o di\u00e1logo com os jovens para construir a autoestima, encorajar os grandes sonhos e elucidar como a arte pode propor novos futuros. Eu sempre digo que a palavra \u00e9 \u00e1gua que ajuda a beber possibilidades, e a identifica\u00e7\u00e3o com a poesia \u00e9 caminho aberto de movimento constante. N\u00e3o tive ningu\u00e9m para me espelhar quando eu era mais nova e agora posso transformar imagin\u00e1rios contando minha hist\u00f3ria e reconhecendo a import\u00e2ncia desses registros. Escrever \u00e9 um ato coletivo, sempre convido todas as pessoas a se contarem tamb\u00e9m\u201d, revela a escritora Ryane Le\u00e3o.<\/p>\n<p>Educadora, professora e dona de uma voz liter\u00e1ria que atravessa o Brasil desde 2010, Ryane tem se consolidado como uma das autoras mais potentes de sua gera\u00e7\u00e3o, inspirando novas vozes e leitores que se identificam com sua linguagem acess\u00edvel e visceral. Sua obra mais recente, Ningu\u00e9m pode parar uma mulher ventania (2025), re\u00fane poemas que falam de autoaceita\u00e7\u00e3o, religiosidade, falhas, tentativas e enfrentamentos, compondo um mosaico \u00edntimo e coletivo sobre a exist\u00eancia feminina.<\/p>\n<p>A apresenta\u00e7\u00e3o de Ryane Le\u00e3o \u00e9 um dos momentos mais esperados da programa\u00e7\u00e3o de encerramento da 5\u00aa Festa Liter\u00e1ria Arte e Identidade, que neste ano celebra o tema \u201cArte e Literatura Negra e Ind\u00edgena: Resistir \u00e9 Festejar\u201d. Com sua poesia, a autora reafirma o papel da literatura como ferramenta de resist\u00eancia, encontro e transforma\u00e7\u00e3o, em sintonia com o esp\u00edrito da Festa. Al\u00e9m da participa\u00e7\u00e3o de Ryane, o s\u00e1bado reserva uma s\u00e9rie de atra\u00e7\u00f5es que movimentam diferentes espa\u00e7os do Pelourinho.<\/p>\n<p>ESPA\u00c7O EMPODERAMENTO &#8211; No Espa\u00e7o Empoderamento (Casa Vale do Dend\u00ea), o dia come\u00e7a com o lan\u00e7amento coletivo \u201cA Diversidade da Escrita Negra Feminina\u201d, \u00e0s 10h, reunindo as autoras Meg Heloise, com Na Beira; Mariana Madelinn, com Ru\u00eddos de Comunic(a\u00e7\u00e3o); Amanda Julieta, com No rastro de Estela; e Tainah Cerqueira, com Toda e por inteiro, sob media\u00e7\u00e3o de Anajara Tavares.<\/p>\n<p>ESPA\u00c7O JUVENTUDES &#8211; No mesmo hor\u00e1rio, no Largo Quincas Berro D\u2019\u00c1gua, o p\u00fablico poder\u00e1 participar de uma aula de dan\u00e7a afro com Matheus Ambrozi e, \u00e0s 11h, de uma oficina de grafismo ind\u00edgena ministrada pelo artista e educador Thiago Tupinamb\u00e1. Na parte da tarde, ser\u00e1 realizado o lan\u00e7amento coletivo \u201cA Literatura Fant\u00e1stica na Bahia\u201d, \u00e0s 14h, seguido pela apresenta\u00e7\u00e3o de dan\u00e7as urbanas com Udi Oliveira. Na sequ\u00eancia, \u00e0s 15h30, acontece o aguardado encontro com Ryane Le\u00e3o.<\/p>\n<p>ESPA\u00c7O IDENTIDADE\u00a0 &#8211; Neste dia, a programa\u00e7\u00e3o do Museu Eug\u00eanio Teixeira Leal \u00e9 marcada pela roda de conversa \u201cInf\u00e2ncias Vis\u00edveis: o impacto da arte visual e da cultura negra e ind\u00edgena\u201d, com Junior Pakapym, Renata Tupinamb\u00e1 e Jafari Akin, \u00e0s 10h.<\/p>\n<p>ESPA\u00c7O INFANTIL BRILHO &#8211; J\u00e1 no Largo Tereza Batista, tamb\u00e9m \u00e0s 10h, a programa\u00e7\u00e3o infantil ganha brilho com o espet\u00e1culo teatral \u201cBonde da Calu\u201d, seguido da mesa liter\u00e1ria \u201cCrian\u00e7a tamb\u00e9m escreve\u201d, que traz jovens autores como Sofia Brand\u00e3o, Zion Passos e Yalle T\u00e1rique. \u00c0s 14h, a escritora Larissa Reis conduz a conta\u00e7\u00e3o de hist\u00f3rias do livro Day\u00f3, Itapu\u00e3 e os Contos, obra que mergulha na ancestralidade e convida as crian\u00e7as a se conectarem com suas ra\u00edzes por meio da oralidade.<\/p>\n<p>Ainda no mesmo espa\u00e7o, \u00e0s 15h, a escritora Ma\u00edra Azevedo, a Tia M\u00e1, conversa sobre autoestima da crian\u00e7a negra a partir de sua obra A Menina que N\u00e3o Sabia que Era Bonita, em atividade mediada por C\u00e1ssia Valle. Depois, \u00e0s 16h30, o Balaio Liter\u00e1rio marca o pr\u00e9-lan\u00e7amento da colet\u00e2nea Liga do Dend\u00ea, e a tarde se encerra em tom musical com voz e viol\u00e3o de Rebeca T\u00e1rique e Bia Barreto.<\/p>\n<p>ESPA\u00c7O LEITURA &#8211; No Espa\u00e7o Leitura, no Largo Terreiro de Jesus, a escritora Paula Anias comanda duas rodadas de conta\u00e7\u00e3o de hist\u00f3rias com o lan\u00e7amento do livro Inf\u00e2ncia Roubada, \u00e0s 9h30 e \u00e0s 15h, apresentando narrativas como A Guardi\u00e3, A Lenda do Dend\u00ea e O Que Pode as Crian\u00e7as G\u00eameas.<\/p>\n<p>O FIM DA FESTA &#8211; O encerramento da festa acontece de forma bem-humorada com a personagem Koanza, no espet\u00e1culo \u201cSimbora Negona\u201d, \u00e0s 17h, interpretada pelo ator, educador e humorista Suliv\u00e3 Bispo. Com atividades que atravessam dan\u00e7a, literatura, artes visuais e teatro, o s\u00e1bado da 5\u00aa Festa Liter\u00e1ria Arte e Identidade fecha a programa\u00e7\u00e3o reafirmando o Pelourinho como territ\u00f3rio vivo de mem\u00f3ria, arte e resist\u00eancia, al\u00e9m de fortalecer o protagonismo da arte e literatura afro-ind\u00edgena como pilares centrais do evento.<\/p>\n<p>A Festa Liter\u00e1ria Arte e Identidade \u00e9 uma realiza\u00e7\u00e3o da Associa\u00e7\u00e3o Cultural e Carnavalesca Quero Ver o Momo e tem apoio financeiro do Governo do Estado, atrav\u00e9s do Fundo de Cultura, Secretaria da Fazenda e Secretaria de Cultura da Bahia. Tamb\u00e9m foi contemplado pelo edital Greg\u00f3rios &#8211; Ano IV com recursos financeiros da Funda\u00e7\u00e3o Greg\u00f3rio de Mattos, Secretaria Municipal de Cultura e Turismo, Prefeitura de Salvador e da Pol\u00edtica Nacional Aldir Blanc de Fomento \u00e0 Cultura (PNAB), Minist\u00e9rio da Cultura e Governo Federal.<\/p>\n<p>SERVI\u00c7O<\/p>\n<p>Festa Liter\u00e1ria Arte e Identidade \u2013 Ano V<\/p>\n<p>Data: 2 a 4 de outubro (quinta-feira a s\u00e1bado)<\/p>\n<p>Local:\u00a0 Espa\u00e7os culturais do Pelourinho &#8211; Centro Hist\u00f3rico<\/p>\n<p>Programa\u00e7\u00e3o completa: https:\/\/www.arteeidentidade.com.br\/<\/p>\n<p>Instagram: @arteeidentidadeoficial<\/p>\n<p>Entrada Gratuita<\/p>\n<p>&nbsp;<\/p>\n<p>Encontro com a autora Ryane Le\u00e3o<\/p>\n<p>Media\u00e7\u00e3o: Karla Brito<\/p>\n<p>Data: 4 de outubro (s\u00e1bado)<\/p>\n<p>Hor\u00e1rio: 15h30<\/p>\n<p>Local:\u00a0 Espa\u00e7o Juventudes &#8211; Largo Quincas Berro D\u2019\u00c1gua<\/p>\n<p>&nbsp;<\/p>\n<p>ESPA\u00c7OS DO EVENTO<\/p>\n<p>ESPA\u00c7O INFANTIL BRILHO &#8211; Largo Tereza Batista<\/p>\n<p>ESPA\u00c7O JUVENTUDES &#8211; Largo Quincas Berro D`\u00c1gua<\/p>\n<p>ESPA\u00c7O EMPODERAMENTO &#8211; Casa Vale Do Dend\u00ea<\/p>\n<p>ESPA\u00c7O IDENTIDADE &#8211; Museu Eug\u00eanio Teixeira Leal<\/p>\n<p>ESPA\u00c7O LEITURA &#8211; Pra\u00e7a Terreiro De Jesus<\/p>\n<p>(Foto: P\u00e9tala Lopes) | Pintura ind\u00edgena Kariri-Xoc\u00f3, no Espa\u00e7o Juventudes (Foto: Enzo Angelo)<\/p>\n","protected":false},"excerpt":{"rendered":"<p>Autora de livros que se tornaram refer\u00eancia na poesia contempor\u00e2nea brasileira, como Tudo nela brilha e queima (2017) e Jamais pe\u00e7o desculpas por me derramar (2019), a poeta cuiabana Ryane Le\u00e3o \u00e9 um dos destaques da 5\u00aa Festa Liter\u00e1ria Arte e Identidade. Neste s\u00e1bado (4), \u00e0s 15h30, ela participa de um encontro especial com o [&hellip;]<\/p>\n","protected":false},"author":8,"featured_media":940555,"comment_status":"closed","ping_status":"closed","sticky":false,"template":"","format":"standard","meta":[],"categories":[5],"tags":[],"acf":[],"yoast_head":"<!-- This site is optimized with the Yoast SEO plugin v20.8 - https:\/\/yoast.com\/wordpress\/plugins\/seo\/ -->\n<title>ENCONTRO COM RYANE LE\u00c3O ACONTECE NESTE S\u00c1BADO (4) NA 5\u00aa FESTA LITER\u00c1RIA ARTE E IDENTIDADE - Bahia Economica<\/title>\n<meta name=\"description\" content=\"O maior portal de Economia da Bahia MUNIC\u00cdPIOS Bahia Economica \u00daltimo dia do evento tamb\u00e9m inclui lan\u00e7amentos coletivos, mesas liter\u00e1rias, conta\u00e7\u00f5es de hist\u00f3rias e espet\u00e1culos teatrais e musicais no Pelourinho\" \/>\n<meta name=\"robots\" content=\"index, follow, max-snippet:-1, max-image-preview:large, max-video-preview:-1\" \/>\n<link rel=\"canonical\" href=\"https:\/\/bahiaeconomica.com.br\/wp\/2025\/10\/03\/encontro-com-ryane-leao-acontece-neste-sabado-4-na-5a-festa-literaria-arte-e-identidade\/\" \/>\n<meta property=\"og:locale\" content=\"pt_BR\" \/>\n<meta property=\"og:type\" content=\"article\" \/>\n<meta property=\"og:title\" content=\"ENCONTRO COM RYANE LE\u00c3O ACONTECE NESTE S\u00c1BADO (4) NA 5\u00aa FESTA LITER\u00c1RIA ARTE E IDENTIDADE - Bahia Economica\" \/>\n<meta property=\"og:description\" content=\"O maior portal de Economia da Bahia MUNIC\u00cdPIOS Bahia Economica \u00daltimo dia do evento tamb\u00e9m inclui lan\u00e7amentos coletivos, mesas liter\u00e1rias, conta\u00e7\u00f5es de hist\u00f3rias e espet\u00e1culos teatrais e musicais no Pelourinho\" \/>\n<meta property=\"og:url\" content=\"https:\/\/bahiaeconomica.com.br\/wp\/2025\/10\/03\/encontro-com-ryane-leao-acontece-neste-sabado-4-na-5a-festa-literaria-arte-e-identidade\/\" \/>\n<meta property=\"og:site_name\" content=\"Bahia Economica\" \/>\n<meta property=\"article:publisher\" content=\"https:\/\/www.facebook.com\/bahiaeconomica\" \/>\n<meta property=\"article:published_time\" content=\"2025-10-03T17:40:42+00:00\" \/>\n<meta property=\"og:image\" content=\"https:\/\/bahiaeconomica.com.br\/wp\/wp-content\/uploads\/2025\/10\/WhatsApp-Image-2025-10-03-at-14.30.43.jpeg\" \/>\n\t<meta property=\"og:image:width\" content=\"1280\" \/>\n\t<meta property=\"og:image:height\" content=\"853\" \/>\n\t<meta property=\"og:image:type\" content=\"image\/jpeg\" \/>\n<meta name=\"author\" content=\"JP\" \/>\n<meta name=\"twitter:card\" content=\"summary_large_image\" \/>\n<meta name=\"twitter:label1\" content=\"Escrito por\" \/>\n\t<meta name=\"twitter:data1\" content=\"JP\" \/>\n\t<meta name=\"twitter:label2\" content=\"Est. tempo de leitura\" \/>\n\t<meta name=\"twitter:data2\" content=\"6 minutos\" \/>\n<script type=\"application\/ld+json\" class=\"yoast-schema-graph\">{\"@context\":\"https:\/\/schema.org\",\"@graph\":[{\"@type\":\"Article\",\"@id\":\"https:\/\/bahiaeconomica.com.br\/wp\/2025\/10\/03\/encontro-com-ryane-leao-acontece-neste-sabado-4-na-5a-festa-literaria-arte-e-identidade\/#article\",\"isPartOf\":{\"@id\":\"https:\/\/bahiaeconomica.com.br\/wp\/2025\/10\/03\/encontro-com-ryane-leao-acontece-neste-sabado-4-na-5a-festa-literaria-arte-e-identidade\/\"},\"author\":{\"name\":\"JP\",\"@id\":\"https:\/\/bahiaeconomica.com.br\/wp\/#\/schema\/person\/c86d3a3f8960425a0f9d0e5245991f4e\"},\"headline\":\"ENCONTRO COM RYANE LE\u00c3O ACONTECE NESTE S\u00c1BADO (4) NA 5\u00aa FESTA LITER\u00c1RIA ARTE E IDENTIDADE\",\"datePublished\":\"2025-10-03T17:40:42+00:00\",\"dateModified\":\"2025-10-03T17:40:42+00:00\",\"mainEntityOfPage\":{\"@id\":\"https:\/\/bahiaeconomica.com.br\/wp\/2025\/10\/03\/encontro-com-ryane-leao-acontece-neste-sabado-4-na-5a-festa-literaria-arte-e-identidade\/\"},\"wordCount\":1149,\"publisher\":{\"@id\":\"https:\/\/bahiaeconomica.com.br\/wp\/#organization\"},\"articleSection\":[\"MUNIC\u00cdPIOS\"],\"inLanguage\":\"pt-BR\"},{\"@type\":\"WebPage\",\"@id\":\"https:\/\/bahiaeconomica.com.br\/wp\/2025\/10\/03\/encontro-com-ryane-leao-acontece-neste-sabado-4-na-5a-festa-literaria-arte-e-identidade\/\",\"url\":\"https:\/\/bahiaeconomica.com.br\/wp\/2025\/10\/03\/encontro-com-ryane-leao-acontece-neste-sabado-4-na-5a-festa-literaria-arte-e-identidade\/\",\"name\":\"ENCONTRO COM RYANE LE\u00c3O ACONTECE NESTE S\u00c1BADO (4) NA 5\u00aa FESTA LITER\u00c1RIA ARTE E IDENTIDADE - Bahia Economica\",\"isPartOf\":{\"@id\":\"https:\/\/bahiaeconomica.com.br\/wp\/#website\"},\"datePublished\":\"2025-10-03T17:40:42+00:00\",\"dateModified\":\"2025-10-03T17:40:42+00:00\",\"description\":\"O maior portal de Economia da Bahia MUNIC\u00cdPIOS Bahia Economica \u00daltimo dia do evento tamb\u00e9m inclui lan\u00e7amentos coletivos, mesas liter\u00e1rias, conta\u00e7\u00f5es de hist\u00f3rias e espet\u00e1culos teatrais e musicais no Pelourinho\",\"breadcrumb\":{\"@id\":\"https:\/\/bahiaeconomica.com.br\/wp\/2025\/10\/03\/encontro-com-ryane-leao-acontece-neste-sabado-4-na-5a-festa-literaria-arte-e-identidade\/#breadcrumb\"},\"inLanguage\":\"pt-BR\",\"potentialAction\":[{\"@type\":\"ReadAction\",\"target\":[\"https:\/\/bahiaeconomica.com.br\/wp\/2025\/10\/03\/encontro-com-ryane-leao-acontece-neste-sabado-4-na-5a-festa-literaria-arte-e-identidade\/\"]}]},{\"@type\":\"BreadcrumbList\",\"@id\":\"https:\/\/bahiaeconomica.com.br\/wp\/2025\/10\/03\/encontro-com-ryane-leao-acontece-neste-sabado-4-na-5a-festa-literaria-arte-e-identidade\/#breadcrumb\",\"itemListElement\":[{\"@type\":\"ListItem\",\"position\":1,\"name\":\"In\u00edcio\",\"item\":\"https:\/\/bahiaeconomica.com.br\/wp\/\"},{\"@type\":\"ListItem\",\"position\":2,\"name\":\"ENCONTRO COM RYANE LE\u00c3O ACONTECE NESTE S\u00c1BADO (4) NA 5\u00aa FESTA LITER\u00c1RIA ARTE E IDENTIDADE\"}]},{\"@type\":\"WebSite\",\"@id\":\"https:\/\/bahiaeconomica.com.br\/wp\/#website\",\"url\":\"https:\/\/bahiaeconomica.com.br\/wp\/\",\"name\":\"Bahia Economica\",\"description\":\"O maior portal de Economia da Bahia\",\"publisher\":{\"@id\":\"https:\/\/bahiaeconomica.com.br\/wp\/#organization\"},\"potentialAction\":[{\"@type\":\"SearchAction\",\"target\":{\"@type\":\"EntryPoint\",\"urlTemplate\":\"https:\/\/bahiaeconomica.com.br\/wp\/?s={search_term_string}\"},\"query-input\":\"required name=search_term_string\"}],\"inLanguage\":\"pt-BR\"},{\"@type\":\"Organization\",\"@id\":\"https:\/\/bahiaeconomica.com.br\/wp\/#organization\",\"name\":\"Bahia Econ\u00f4mica\",\"url\":\"https:\/\/bahiaeconomica.com.br\/wp\/\",\"logo\":{\"@type\":\"ImageObject\",\"inLanguage\":\"pt-BR\",\"@id\":\"https:\/\/bahiaeconomica.com.br\/wp\/#\/schema\/logo\/image\/\",\"url\":\"https:\/\/bahiaeconomica.com.br\/wp\/wp-content\/uploads\/2020\/12\/cropped-BE.png\",\"contentUrl\":\"https:\/\/bahiaeconomica.com.br\/wp\/wp-content\/uploads\/2020\/12\/cropped-BE.png\",\"width\":512,\"height\":512,\"caption\":\"Bahia Econ\u00f4mica\"},\"image\":{\"@id\":\"https:\/\/bahiaeconomica.com.br\/wp\/#\/schema\/logo\/image\/\"},\"sameAs\":[\"https:\/\/www.facebook.com\/bahiaeconomica\"]},{\"@type\":\"Person\",\"@id\":\"https:\/\/bahiaeconomica.com.br\/wp\/#\/schema\/person\/c86d3a3f8960425a0f9d0e5245991f4e\",\"name\":\"JP\",\"sameAs\":[\"https:\/\/bahiaeconomica.com.br\/wp\/beta\/\"],\"url\":\"https:\/\/bahiaeconomica.com.br\/wp\/author\/jp\/\"}]}<\/script>\n<!-- \/ Yoast SEO plugin. -->","yoast_head_json":{"title":"ENCONTRO COM RYANE LE\u00c3O ACONTECE NESTE S\u00c1BADO (4) NA 5\u00aa FESTA LITER\u00c1RIA ARTE E IDENTIDADE - Bahia Economica","description":"O maior portal de Economia da Bahia MUNIC\u00cdPIOS Bahia Economica \u00daltimo dia do evento tamb\u00e9m inclui lan\u00e7amentos coletivos, mesas liter\u00e1rias, conta\u00e7\u00f5es de hist\u00f3rias e espet\u00e1culos teatrais e musicais no Pelourinho","robots":{"index":"index","follow":"follow","max-snippet":"max-snippet:-1","max-image-preview":"max-image-preview:large","max-video-preview":"max-video-preview:-1"},"canonical":"https:\/\/bahiaeconomica.com.br\/wp\/2025\/10\/03\/encontro-com-ryane-leao-acontece-neste-sabado-4-na-5a-festa-literaria-arte-e-identidade\/","og_locale":"pt_BR","og_type":"article","og_title":"ENCONTRO COM RYANE LE\u00c3O ACONTECE NESTE S\u00c1BADO (4) NA 5\u00aa FESTA LITER\u00c1RIA ARTE E IDENTIDADE - Bahia Economica","og_description":"O maior portal de Economia da Bahia MUNIC\u00cdPIOS Bahia Economica \u00daltimo dia do evento tamb\u00e9m inclui lan\u00e7amentos coletivos, mesas liter\u00e1rias, conta\u00e7\u00f5es de hist\u00f3rias e espet\u00e1culos teatrais e musicais no Pelourinho","og_url":"https:\/\/bahiaeconomica.com.br\/wp\/2025\/10\/03\/encontro-com-ryane-leao-acontece-neste-sabado-4-na-5a-festa-literaria-arte-e-identidade\/","og_site_name":"Bahia Economica","article_publisher":"https:\/\/www.facebook.com\/bahiaeconomica","article_published_time":"2025-10-03T17:40:42+00:00","og_image":[{"width":1280,"height":853,"url":"https:\/\/bahiaeconomica.com.br\/wp\/wp-content\/uploads\/2025\/10\/WhatsApp-Image-2025-10-03-at-14.30.43.jpeg","type":"image\/jpeg"}],"author":"JP","twitter_card":"summary_large_image","twitter_misc":{"Escrito por":"JP","Est. tempo de leitura":"6 minutos"},"schema":{"@context":"https:\/\/schema.org","@graph":[{"@type":"Article","@id":"https:\/\/bahiaeconomica.com.br\/wp\/2025\/10\/03\/encontro-com-ryane-leao-acontece-neste-sabado-4-na-5a-festa-literaria-arte-e-identidade\/#article","isPartOf":{"@id":"https:\/\/bahiaeconomica.com.br\/wp\/2025\/10\/03\/encontro-com-ryane-leao-acontece-neste-sabado-4-na-5a-festa-literaria-arte-e-identidade\/"},"author":{"name":"JP","@id":"https:\/\/bahiaeconomica.com.br\/wp\/#\/schema\/person\/c86d3a3f8960425a0f9d0e5245991f4e"},"headline":"ENCONTRO COM RYANE LE\u00c3O ACONTECE NESTE S\u00c1BADO (4) NA 5\u00aa FESTA LITER\u00c1RIA ARTE E IDENTIDADE","datePublished":"2025-10-03T17:40:42+00:00","dateModified":"2025-10-03T17:40:42+00:00","mainEntityOfPage":{"@id":"https:\/\/bahiaeconomica.com.br\/wp\/2025\/10\/03\/encontro-com-ryane-leao-acontece-neste-sabado-4-na-5a-festa-literaria-arte-e-identidade\/"},"wordCount":1149,"publisher":{"@id":"https:\/\/bahiaeconomica.com.br\/wp\/#organization"},"articleSection":["MUNIC\u00cdPIOS"],"inLanguage":"pt-BR"},{"@type":"WebPage","@id":"https:\/\/bahiaeconomica.com.br\/wp\/2025\/10\/03\/encontro-com-ryane-leao-acontece-neste-sabado-4-na-5a-festa-literaria-arte-e-identidade\/","url":"https:\/\/bahiaeconomica.com.br\/wp\/2025\/10\/03\/encontro-com-ryane-leao-acontece-neste-sabado-4-na-5a-festa-literaria-arte-e-identidade\/","name":"ENCONTRO COM RYANE LE\u00c3O ACONTECE NESTE S\u00c1BADO (4) NA 5\u00aa FESTA LITER\u00c1RIA ARTE E IDENTIDADE - Bahia Economica","isPartOf":{"@id":"https:\/\/bahiaeconomica.com.br\/wp\/#website"},"datePublished":"2025-10-03T17:40:42+00:00","dateModified":"2025-10-03T17:40:42+00:00","description":"O maior portal de Economia da Bahia MUNIC\u00cdPIOS Bahia Economica \u00daltimo dia do evento tamb\u00e9m inclui lan\u00e7amentos coletivos, mesas liter\u00e1rias, conta\u00e7\u00f5es de hist\u00f3rias e espet\u00e1culos teatrais e musicais no Pelourinho","breadcrumb":{"@id":"https:\/\/bahiaeconomica.com.br\/wp\/2025\/10\/03\/encontro-com-ryane-leao-acontece-neste-sabado-4-na-5a-festa-literaria-arte-e-identidade\/#breadcrumb"},"inLanguage":"pt-BR","potentialAction":[{"@type":"ReadAction","target":["https:\/\/bahiaeconomica.com.br\/wp\/2025\/10\/03\/encontro-com-ryane-leao-acontece-neste-sabado-4-na-5a-festa-literaria-arte-e-identidade\/"]}]},{"@type":"BreadcrumbList","@id":"https:\/\/bahiaeconomica.com.br\/wp\/2025\/10\/03\/encontro-com-ryane-leao-acontece-neste-sabado-4-na-5a-festa-literaria-arte-e-identidade\/#breadcrumb","itemListElement":[{"@type":"ListItem","position":1,"name":"In\u00edcio","item":"https:\/\/bahiaeconomica.com.br\/wp\/"},{"@type":"ListItem","position":2,"name":"ENCONTRO COM RYANE LE\u00c3O ACONTECE NESTE S\u00c1BADO (4) NA 5\u00aa FESTA LITER\u00c1RIA ARTE E IDENTIDADE"}]},{"@type":"WebSite","@id":"https:\/\/bahiaeconomica.com.br\/wp\/#website","url":"https:\/\/bahiaeconomica.com.br\/wp\/","name":"Bahia Economica","description":"O maior portal de Economia da Bahia","publisher":{"@id":"https:\/\/bahiaeconomica.com.br\/wp\/#organization"},"potentialAction":[{"@type":"SearchAction","target":{"@type":"EntryPoint","urlTemplate":"https:\/\/bahiaeconomica.com.br\/wp\/?s={search_term_string}"},"query-input":"required name=search_term_string"}],"inLanguage":"pt-BR"},{"@type":"Organization","@id":"https:\/\/bahiaeconomica.com.br\/wp\/#organization","name":"Bahia Econ\u00f4mica","url":"https:\/\/bahiaeconomica.com.br\/wp\/","logo":{"@type":"ImageObject","inLanguage":"pt-BR","@id":"https:\/\/bahiaeconomica.com.br\/wp\/#\/schema\/logo\/image\/","url":"https:\/\/bahiaeconomica.com.br\/wp\/wp-content\/uploads\/2020\/12\/cropped-BE.png","contentUrl":"https:\/\/bahiaeconomica.com.br\/wp\/wp-content\/uploads\/2020\/12\/cropped-BE.png","width":512,"height":512,"caption":"Bahia Econ\u00f4mica"},"image":{"@id":"https:\/\/bahiaeconomica.com.br\/wp\/#\/schema\/logo\/image\/"},"sameAs":["https:\/\/www.facebook.com\/bahiaeconomica"]},{"@type":"Person","@id":"https:\/\/bahiaeconomica.com.br\/wp\/#\/schema\/person\/c86d3a3f8960425a0f9d0e5245991f4e","name":"JP","sameAs":["https:\/\/bahiaeconomica.com.br\/wp\/beta\/"],"url":"https:\/\/bahiaeconomica.com.br\/wp\/author\/jp\/"}]}},"views":18,"_links":{"self":[{"href":"https:\/\/bahiaeconomica.com.br\/wp\/wp-json\/wp\/v2\/posts\/940554"}],"collection":[{"href":"https:\/\/bahiaeconomica.com.br\/wp\/wp-json\/wp\/v2\/posts"}],"about":[{"href":"https:\/\/bahiaeconomica.com.br\/wp\/wp-json\/wp\/v2\/types\/post"}],"author":[{"embeddable":true,"href":"https:\/\/bahiaeconomica.com.br\/wp\/wp-json\/wp\/v2\/users\/8"}],"replies":[{"embeddable":true,"href":"https:\/\/bahiaeconomica.com.br\/wp\/wp-json\/wp\/v2\/comments?post=940554"}],"version-history":[{"count":1,"href":"https:\/\/bahiaeconomica.com.br\/wp\/wp-json\/wp\/v2\/posts\/940554\/revisions"}],"predecessor-version":[{"id":940556,"href":"https:\/\/bahiaeconomica.com.br\/wp\/wp-json\/wp\/v2\/posts\/940554\/revisions\/940556"}],"wp:featuredmedia":[{"embeddable":true,"href":"https:\/\/bahiaeconomica.com.br\/wp\/wp-json\/wp\/v2\/media\/940555"}],"wp:attachment":[{"href":"https:\/\/bahiaeconomica.com.br\/wp\/wp-json\/wp\/v2\/media?parent=940554"}],"wp:term":[{"taxonomy":"category","embeddable":true,"href":"https:\/\/bahiaeconomica.com.br\/wp\/wp-json\/wp\/v2\/categories?post=940554"},{"taxonomy":"post_tag","embeddable":true,"href":"https:\/\/bahiaeconomica.com.br\/wp\/wp-json\/wp\/v2\/tags?post=940554"}],"curies":[{"name":"wp","href":"https:\/\/api.w.org\/{rel}","templated":true}]}}