{"id":940274,"date":"2025-10-02T17:19:52","date_gmt":"2025-10-02T20:19:52","guid":{"rendered":"https:\/\/bahiaeconomica.com.br\/wp\/?p=940274"},"modified":"2025-10-02T17:19:52","modified_gmt":"2025-10-02T20:19:52","slug":"festa-literaria-homenageia-arte-negra-e-indigena-no-pelourinho-neste-fim-de-semana-veja-programacao","status":"publish","type":"post","link":"https:\/\/bahiaeconomica.com.br\/wp\/2025\/10\/02\/festa-literaria-homenageia-arte-negra-e-indigena-no-pelourinho-neste-fim-de-semana-veja-programacao\/","title":{"rendered":"FESTA LITER\u00c1RIA HOMENAGEIA ARTE NEGRA E IND\u00cdGENA NO PELOURINHO NESTE FIM DE SEMANA; VEJA PROGRAMA\u00c7\u00c3O"},"content":{"rendered":"<div class=\"v1elementToProof\">Entre quinta-feira (2) e s\u00e1bado (4), o Pelourinho recebe a 5\u00aa edi\u00e7\u00e3o da Festa Liter\u00e1ria Arte e Identidade, com o tema &#8220;Arte e Literatura Negra e Ind\u00edgena: Resistir \u00e9 Festejar&#8221;. O evento oferece atividades voltadas a crian\u00e7as, jovens e educadores, nos largos Tereza Batista e Quincas Berro D&#8217;\u00c1gua.<\/div>\n<div><\/div>\n<div class=\"v1elementToProof\">Ao longo de tr\u00eas dias, a feira prop\u00f5e oficinas, conta\u00e7\u00e3o de hist\u00f3rias, rodas de conversa e apresenta\u00e7\u00f5es culturais, com o objetivo de valorizar autores e narrativas de matriz africana e ind\u00edgena. O evento busca promover a tradi\u00e7\u00e3o oral, estimular a criatividade e fortalecer o engajamento comunit\u00e1rio.<\/div>\n<div><\/div>\n<div class=\"v1elementToProof\">A programa\u00e7\u00e3o da semana segue com atividades de dan\u00e7a no Largo Tereza Batista: na segunda e quarta-feira (6 e 8), das 18h30 \u00e0s 20h30, ocorre o Aul\u00e3o de Dan\u00e7a de Sal\u00e3o com a professora Joc\u00e9lia Freire e o professor Alisson George. Na ter\u00e7a e quinta-feira (7 e 9), das 7h \u00e0s 8h, o espa\u00e7o recebe o Aul\u00e3o de Zumba \u2013 Projeto Movimentar, aulas gratuitas que passam a ocorrer regularmente.<\/div>\n<div><\/div>\n<div class=\"v1elementToProof\"><strong>PROGRAMA\u00c7\u00c3O CULTURAL DO PELOURINHO<\/strong><\/div>\n<div>\n<div class=\"v1elementToProof\"><i>02 A 09 DE OUTUBRO<\/i><\/div>\n<div><\/div>\n<\/div>\n<div class=\"v1elementToProof\"><strong>QUINTA-FEIRA (02)<\/strong><\/div>\n<div class=\"v1elementToProof\">&#8211; LARGO TEREZA BATISTA<br \/>\nAtra\u00e7\u00e3o: 5\u00aa Edi\u00e7\u00e3o Festa Liter\u00e1ria Arte e Identidade<br \/>\nAtividades de incentivo \u00e0 leitura, conta\u00e7\u00e3o de hist\u00f3rias, rodas de conversa e apresenta\u00e7\u00f5es culturais, voltadas a crian\u00e7as, jovens e educadores.<br \/>\n08h30 \u00e0s 18h<br \/>\nGratuito<\/div>\n<div><\/div>\n<div class=\"v1elementToProof\">&#8211; LARGO QUINCAS BERRO D&#8217;\u00c1GUA<br \/>\nAtra\u00e7\u00e3o: 5\u00aa Edi\u00e7\u00e3o Festa Liter\u00e1ria Arte e Identidade<br \/>\n09h \u00e0s 18h<br \/>\nGratuito<\/div>\n<div><\/div>\n<div class=\"v1elementToProof\"><strong>SEXTA-FEIRA (03)<\/strong><\/div>\n<div class=\"v1elementToProof\">&#8211; LARGO TEREZA BATISTA<br \/>\nAtra\u00e7\u00e3o: 5\u00aa Edi\u00e7\u00e3o Festa Liter\u00e1ria Arte e Identidade<br \/>\n08h \u00e0s 18h<br \/>\nGratuito<\/div>\n<div><\/div>\n<div class=\"v1elementToProof\">&#8211; LARGO QUINCAS BERRO D&#8217;\u00c1GUA<br \/>\nAtra\u00e7\u00e3o: 5\u00aa Edi\u00e7\u00e3o Festa Liter\u00e1ria Arte e Identidade<br \/>\n09h \u00e0s 18h<br \/>\nGratuito<\/div>\n<div><\/div>\n<div class=\"v1elementToProof\"><strong>S\u00c1BADO (04)<\/strong><\/div>\n<div class=\"v1elementToProof\">&#8211; LARGO TEREZA BATISTA<br \/>\nAtra\u00e7\u00e3o: 5\u00aa Edi\u00e7\u00e3o Festa Liter\u00e1ria Arte e Identidade<br \/>\n09h \u00e0s 18h<br \/>\nGratuito<\/div>\n<div><\/div>\n<div class=\"v1elementToProof\">&#8211; LARGO QUINCAS BERRO D&#8217;\u00c1GUA<br \/>\nAtra\u00e7\u00e3o: 5\u00aa Edi\u00e7\u00e3o Festa Liter\u00e1ria Arte e Identidade<br \/>\n09h \u00e0s 18h<br \/>\nGratuito<\/div>\n<div><\/div>\n<div class=\"v1elementToProof\"><strong>SEGUNDA-FEIRA (06)<\/strong><\/div>\n<div class=\"v1elementToProof\">&#8211; LARGO TEREZA BATISTA<br \/>\nAtra\u00e7\u00e3o: Aul\u00e3o de Dan\u00e7a de Sal\u00e3o<br \/>\nCom a professora Joc\u00e9lia Freire e o professor Alisson George.<br \/>\n18h30 \u00e0s 20h30<br \/>\nGratuito<\/div>\n<div><\/div>\n<div class=\"v1elementToProof\"><strong>TER\u00c7A-FEIRA (07)<\/strong><\/div>\n<div class=\"v1elementToProof\">&#8211; LARGO TEREZA BATISTA<br \/>\nAtra\u00e7\u00e3o: Aul\u00e3o de Zumba \u2013 Projeto Movimentar<br \/>\nAulas gratuitas de Zumba que passam a ocorrer sempre \u00e0s ter\u00e7as e quintas.<br \/>\n07h \u00e0s 08h<br \/>\nGratuito<\/div>\n<div><\/div>\n<div class=\"v1elementToProof\"><strong>QUARTA-FEIRA (08)<\/strong><\/div>\n<div class=\"v1elementToProof\">&#8211; LARGO TEREZA BATISTA<br \/>\nAtra\u00e7\u00e3o: Aul\u00e3o de Dan\u00e7a de Sal\u00e3o<br \/>\nCom a professora Joc\u00e9lia Freire e o professor Alisson George.<br \/>\n18h30 \u00e0s 20h30<br \/>\nGratuito<\/div>\n<div><\/div>\n<div class=\"v1elementToProof\"><strong>QUINTA-FEIRA (09)<\/strong><\/div>\n<div class=\"v1elementToProof\">&#8211; LARGO TEREZA BATISTA<br \/>\nAtra\u00e7\u00e3o: Aul\u00e3o de Zumba \u2013 Projeto Movimentar<br \/>\n07h \u00e0s 08h<br \/>\nGratuito<\/div>\n<div><\/div>\n<div>Foto: Lucas Malkut<\/div>\n","protected":false},"excerpt":{"rendered":"<p>Entre quinta-feira (2) e s\u00e1bado (4), o Pelourinho recebe a 5\u00aa edi\u00e7\u00e3o da Festa Liter\u00e1ria Arte e Identidade, com o tema &#8220;Arte e Literatura Negra e Ind\u00edgena: Resistir \u00e9 Festejar&#8221;. O evento oferece atividades voltadas a crian\u00e7as, jovens e educadores, nos largos Tereza Batista e Quincas Berro D&#8217;\u00c1gua. Ao longo de tr\u00eas dias, a feira [&hellip;]<\/p>\n","protected":false},"author":24,"featured_media":940278,"comment_status":"closed","ping_status":"closed","sticky":false,"template":"","format":"standard","meta":[],"categories":[689],"tags":[7113,41571],"acf":[],"yoast_head":"<!-- This site is optimized with the Yoast SEO plugin v20.8 - https:\/\/yoast.com\/wordpress\/plugins\/seo\/ -->\n<title>FESTA LITER\u00c1RIA HOMENAGEIA ARTE NEGRA E IND\u00cdGENA NO PELOURINHO NESTE FIM DE SEMANA; VEJA PROGRAMA\u00c7\u00c3O - Bahia Economica Entre quinta-feira (2) e s\u00e1bado (4), o Pelourinho recebe a 5\u00aa edi\u00e7\u00e3o da Festa Liter\u00e1ria Arte e Identidade, com o tema &quot;Arte e Literatura Negra e Ind\u00edgena: Resistir \u00e9 Festejar&quot;.<\/title>\n<meta name=\"description\" content=\"O maior portal de Economia da Bahia CULTURA E ARTE Bahia Economica Entre quinta-feira (2) e s\u00e1bado (4), o Pelourinho recebe a 5\u00aa edi\u00e7\u00e3o da Festa Liter\u00e1ria Arte e Identidade, com o tema &quot;Arte e Literatura Negra e Ind\u00edgena: Resistir \u00e9 Festejar&quot;.\" \/>\n<meta name=\"robots\" content=\"index, follow, max-snippet:-1, max-image-preview:large, max-video-preview:-1\" \/>\n<link rel=\"canonical\" href=\"https:\/\/bahiaeconomica.com.br\/wp\/2025\/10\/02\/festa-literaria-homenageia-arte-negra-e-indigena-no-pelourinho-neste-fim-de-semana-veja-programacao\/\" \/>\n<meta property=\"og:locale\" content=\"pt_BR\" \/>\n<meta property=\"og:type\" content=\"article\" \/>\n<meta property=\"og:title\" content=\"FESTA LITER\u00c1RIA HOMENAGEIA ARTE NEGRA E IND\u00cdGENA NO PELOURINHO NESTE FIM DE SEMANA; VEJA PROGRAMA\u00c7\u00c3O - Bahia Economica Entre quinta-feira (2) e s\u00e1bado (4), o Pelourinho recebe a 5\u00aa edi\u00e7\u00e3o da Festa Liter\u00e1ria Arte e Identidade, com o tema &quot;Arte e Literatura Negra e Ind\u00edgena: Resistir \u00e9 Festejar&quot;.\" \/>\n<meta property=\"og:description\" content=\"O maior portal de Economia da Bahia CULTURA E ARTE Bahia Economica Entre quinta-feira (2) e s\u00e1bado (4), o Pelourinho recebe a 5\u00aa edi\u00e7\u00e3o da Festa Liter\u00e1ria Arte e Identidade, com o tema &quot;Arte e Literatura Negra e Ind\u00edgena: Resistir \u00e9 Festejar&quot;.\" \/>\n<meta property=\"og:url\" content=\"https:\/\/bahiaeconomica.com.br\/wp\/2025\/10\/02\/festa-literaria-homenageia-arte-negra-e-indigena-no-pelourinho-neste-fim-de-semana-veja-programacao\/\" \/>\n<meta property=\"og:site_name\" content=\"Bahia Economica\" \/>\n<meta property=\"article:publisher\" content=\"https:\/\/www.facebook.com\/bahiaeconomica\" \/>\n<meta property=\"article:published_time\" content=\"2025-10-02T20:19:52+00:00\" \/>\n<meta property=\"og:image\" content=\"https:\/\/bahiaeconomica.com.br\/wp\/wp-content\/uploads\/2025\/10\/Programacao-Pelourinho_Creditos_-Lucas-Malkut.png\" \/>\n\t<meta property=\"og:image:width\" content=\"1439\" \/>\n\t<meta property=\"og:image:height\" content=\"959\" \/>\n\t<meta property=\"og:image:type\" content=\"image\/png\" \/>\n<meta name=\"author\" content=\"VICTOR OLIVEIRA\" \/>\n<meta name=\"twitter:card\" content=\"summary_large_image\" \/>\n<meta name=\"twitter:label1\" content=\"Escrito por\" \/>\n\t<meta name=\"twitter:data1\" content=\"VICTOR OLIVEIRA\" \/>\n\t<meta name=\"twitter:label2\" content=\"Est. tempo de leitura\" \/>\n\t<meta name=\"twitter:data2\" content=\"3 minutos\" \/>\n<script type=\"application\/ld+json\" class=\"yoast-schema-graph\">{\"@context\":\"https:\/\/schema.org\",\"@graph\":[{\"@type\":\"Article\",\"@id\":\"https:\/\/bahiaeconomica.com.br\/wp\/2025\/10\/02\/festa-literaria-homenageia-arte-negra-e-indigena-no-pelourinho-neste-fim-de-semana-veja-programacao\/#article\",\"isPartOf\":{\"@id\":\"https:\/\/bahiaeconomica.com.br\/wp\/2025\/10\/02\/festa-literaria-homenageia-arte-negra-e-indigena-no-pelourinho-neste-fim-de-semana-veja-programacao\/\"},\"author\":{\"name\":\"VICTOR OLIVEIRA\",\"@id\":\"https:\/\/bahiaeconomica.com.br\/wp\/#\/schema\/person\/a17956d0e1112b626f403fb06b8129a9\"},\"headline\":\"FESTA LITER\u00c1RIA HOMENAGEIA ARTE NEGRA E IND\u00cdGENA NO PELOURINHO NESTE FIM DE SEMANA; VEJA PROGRAMA\u00c7\u00c3O\",\"datePublished\":\"2025-10-02T20:19:52+00:00\",\"dateModified\":\"2025-10-02T20:19:52+00:00\",\"mainEntityOfPage\":{\"@id\":\"https:\/\/bahiaeconomica.com.br\/wp\/2025\/10\/02\/festa-literaria-homenageia-arte-negra-e-indigena-no-pelourinho-neste-fim-de-semana-veja-programacao\/\"},\"wordCount\":456,\"publisher\":{\"@id\":\"https:\/\/bahiaeconomica.com.br\/wp\/#organization\"},\"keywords\":[\"cultura e arte\",\"Festa Liter\u00e1ria Arte e Identidade\"],\"articleSection\":[\"CULTURA E ARTE\"],\"inLanguage\":\"pt-BR\"},{\"@type\":\"WebPage\",\"@id\":\"https:\/\/bahiaeconomica.com.br\/wp\/2025\/10\/02\/festa-literaria-homenageia-arte-negra-e-indigena-no-pelourinho-neste-fim-de-semana-veja-programacao\/\",\"url\":\"https:\/\/bahiaeconomica.com.br\/wp\/2025\/10\/02\/festa-literaria-homenageia-arte-negra-e-indigena-no-pelourinho-neste-fim-de-semana-veja-programacao\/\",\"name\":\"FESTA LITER\u00c1RIA HOMENAGEIA ARTE NEGRA E IND\u00cdGENA NO PELOURINHO NESTE FIM DE SEMANA; VEJA PROGRAMA\u00c7\u00c3O - Bahia Economica Entre quinta-feira (2) e s\u00e1bado (4), o Pelourinho recebe a 5\u00aa edi\u00e7\u00e3o da Festa Liter\u00e1ria Arte e Identidade, com o tema \\\"Arte e Literatura Negra e Ind\u00edgena: Resistir \u00e9 Festejar\\\".\",\"isPartOf\":{\"@id\":\"https:\/\/bahiaeconomica.com.br\/wp\/#website\"},\"datePublished\":\"2025-10-02T20:19:52+00:00\",\"dateModified\":\"2025-10-02T20:19:52+00:00\",\"description\":\"O maior portal de Economia da Bahia CULTURA E ARTE Bahia Economica Entre quinta-feira (2) e s\u00e1bado (4), o Pelourinho recebe a 5\u00aa edi\u00e7\u00e3o da Festa Liter\u00e1ria Arte e Identidade, com o tema \\\"Arte e Literatura Negra e Ind\u00edgena: Resistir \u00e9 Festejar\\\".\",\"breadcrumb\":{\"@id\":\"https:\/\/bahiaeconomica.com.br\/wp\/2025\/10\/02\/festa-literaria-homenageia-arte-negra-e-indigena-no-pelourinho-neste-fim-de-semana-veja-programacao\/#breadcrumb\"},\"inLanguage\":\"pt-BR\",\"potentialAction\":[{\"@type\":\"ReadAction\",\"target\":[\"https:\/\/bahiaeconomica.com.br\/wp\/2025\/10\/02\/festa-literaria-homenageia-arte-negra-e-indigena-no-pelourinho-neste-fim-de-semana-veja-programacao\/\"]}]},{\"@type\":\"BreadcrumbList\",\"@id\":\"https:\/\/bahiaeconomica.com.br\/wp\/2025\/10\/02\/festa-literaria-homenageia-arte-negra-e-indigena-no-pelourinho-neste-fim-de-semana-veja-programacao\/#breadcrumb\",\"itemListElement\":[{\"@type\":\"ListItem\",\"position\":1,\"name\":\"In\u00edcio\",\"item\":\"https:\/\/bahiaeconomica.com.br\/wp\/\"},{\"@type\":\"ListItem\",\"position\":2,\"name\":\"FESTA LITER\u00c1RIA HOMENAGEIA ARTE NEGRA E IND\u00cdGENA NO PELOURINHO NESTE FIM DE SEMANA; VEJA PROGRAMA\u00c7\u00c3O\"}]},{\"@type\":\"WebSite\",\"@id\":\"https:\/\/bahiaeconomica.com.br\/wp\/#website\",\"url\":\"https:\/\/bahiaeconomica.com.br\/wp\/\",\"name\":\"Bahia Economica\",\"description\":\"O maior portal de Economia da Bahia\",\"publisher\":{\"@id\":\"https:\/\/bahiaeconomica.com.br\/wp\/#organization\"},\"potentialAction\":[{\"@type\":\"SearchAction\",\"target\":{\"@type\":\"EntryPoint\",\"urlTemplate\":\"https:\/\/bahiaeconomica.com.br\/wp\/?s={search_term_string}\"},\"query-input\":\"required name=search_term_string\"}],\"inLanguage\":\"pt-BR\"},{\"@type\":\"Organization\",\"@id\":\"https:\/\/bahiaeconomica.com.br\/wp\/#organization\",\"name\":\"Bahia Econ\u00f4mica\",\"url\":\"https:\/\/bahiaeconomica.com.br\/wp\/\",\"logo\":{\"@type\":\"ImageObject\",\"inLanguage\":\"pt-BR\",\"@id\":\"https:\/\/bahiaeconomica.com.br\/wp\/#\/schema\/logo\/image\/\",\"url\":\"https:\/\/bahiaeconomica.com.br\/wp\/wp-content\/uploads\/2020\/12\/cropped-BE.png\",\"contentUrl\":\"https:\/\/bahiaeconomica.com.br\/wp\/wp-content\/uploads\/2020\/12\/cropped-BE.png\",\"width\":512,\"height\":512,\"caption\":\"Bahia Econ\u00f4mica\"},\"image\":{\"@id\":\"https:\/\/bahiaeconomica.com.br\/wp\/#\/schema\/logo\/image\/\"},\"sameAs\":[\"https:\/\/www.facebook.com\/bahiaeconomica\"]},{\"@type\":\"Person\",\"@id\":\"https:\/\/bahiaeconomica.com.br\/wp\/#\/schema\/person\/a17956d0e1112b626f403fb06b8129a9\",\"name\":\"VICTOR OLIVEIRA\",\"sameAs\":[\"http:\/\/www.bahiaeconomica.com.br\"],\"url\":\"https:\/\/bahiaeconomica.com.br\/wp\/author\/victor-oliveira\/\"}]}<\/script>\n<!-- \/ Yoast SEO plugin. -->","yoast_head_json":{"title":"FESTA LITER\u00c1RIA HOMENAGEIA ARTE NEGRA E IND\u00cdGENA NO PELOURINHO NESTE FIM DE SEMANA; VEJA PROGRAMA\u00c7\u00c3O - Bahia Economica Entre quinta-feira (2) e s\u00e1bado (4), o Pelourinho recebe a 5\u00aa edi\u00e7\u00e3o da Festa Liter\u00e1ria Arte e Identidade, com o tema \"Arte e Literatura Negra e Ind\u00edgena: Resistir \u00e9 Festejar\".","description":"O maior portal de Economia da Bahia CULTURA E ARTE Bahia Economica Entre quinta-feira (2) e s\u00e1bado (4), o Pelourinho recebe a 5\u00aa edi\u00e7\u00e3o da Festa Liter\u00e1ria Arte e Identidade, com o tema \"Arte e Literatura Negra e Ind\u00edgena: Resistir \u00e9 Festejar\".","robots":{"index":"index","follow":"follow","max-snippet":"max-snippet:-1","max-image-preview":"max-image-preview:large","max-video-preview":"max-video-preview:-1"},"canonical":"https:\/\/bahiaeconomica.com.br\/wp\/2025\/10\/02\/festa-literaria-homenageia-arte-negra-e-indigena-no-pelourinho-neste-fim-de-semana-veja-programacao\/","og_locale":"pt_BR","og_type":"article","og_title":"FESTA LITER\u00c1RIA HOMENAGEIA ARTE NEGRA E IND\u00cdGENA NO PELOURINHO NESTE FIM DE SEMANA; VEJA PROGRAMA\u00c7\u00c3O - Bahia Economica Entre quinta-feira (2) e s\u00e1bado (4), o Pelourinho recebe a 5\u00aa edi\u00e7\u00e3o da Festa Liter\u00e1ria Arte e Identidade, com o tema \"Arte e Literatura Negra e Ind\u00edgena: Resistir \u00e9 Festejar\".","og_description":"O maior portal de Economia da Bahia CULTURA E ARTE Bahia Economica Entre quinta-feira (2) e s\u00e1bado (4), o Pelourinho recebe a 5\u00aa edi\u00e7\u00e3o da Festa Liter\u00e1ria Arte e Identidade, com o tema \"Arte e Literatura Negra e Ind\u00edgena: Resistir \u00e9 Festejar\".","og_url":"https:\/\/bahiaeconomica.com.br\/wp\/2025\/10\/02\/festa-literaria-homenageia-arte-negra-e-indigena-no-pelourinho-neste-fim-de-semana-veja-programacao\/","og_site_name":"Bahia Economica","article_publisher":"https:\/\/www.facebook.com\/bahiaeconomica","article_published_time":"2025-10-02T20:19:52+00:00","og_image":[{"width":1439,"height":959,"url":"https:\/\/bahiaeconomica.com.br\/wp\/wp-content\/uploads\/2025\/10\/Programacao-Pelourinho_Creditos_-Lucas-Malkut.png","type":"image\/png"}],"author":"VICTOR OLIVEIRA","twitter_card":"summary_large_image","twitter_misc":{"Escrito por":"VICTOR OLIVEIRA","Est. tempo de leitura":"3 minutos"},"schema":{"@context":"https:\/\/schema.org","@graph":[{"@type":"Article","@id":"https:\/\/bahiaeconomica.com.br\/wp\/2025\/10\/02\/festa-literaria-homenageia-arte-negra-e-indigena-no-pelourinho-neste-fim-de-semana-veja-programacao\/#article","isPartOf":{"@id":"https:\/\/bahiaeconomica.com.br\/wp\/2025\/10\/02\/festa-literaria-homenageia-arte-negra-e-indigena-no-pelourinho-neste-fim-de-semana-veja-programacao\/"},"author":{"name":"VICTOR OLIVEIRA","@id":"https:\/\/bahiaeconomica.com.br\/wp\/#\/schema\/person\/a17956d0e1112b626f403fb06b8129a9"},"headline":"FESTA LITER\u00c1RIA HOMENAGEIA ARTE NEGRA E IND\u00cdGENA NO PELOURINHO NESTE FIM DE SEMANA; VEJA PROGRAMA\u00c7\u00c3O","datePublished":"2025-10-02T20:19:52+00:00","dateModified":"2025-10-02T20:19:52+00:00","mainEntityOfPage":{"@id":"https:\/\/bahiaeconomica.com.br\/wp\/2025\/10\/02\/festa-literaria-homenageia-arte-negra-e-indigena-no-pelourinho-neste-fim-de-semana-veja-programacao\/"},"wordCount":456,"publisher":{"@id":"https:\/\/bahiaeconomica.com.br\/wp\/#organization"},"keywords":["cultura e arte","Festa Liter\u00e1ria Arte e Identidade"],"articleSection":["CULTURA E ARTE"],"inLanguage":"pt-BR"},{"@type":"WebPage","@id":"https:\/\/bahiaeconomica.com.br\/wp\/2025\/10\/02\/festa-literaria-homenageia-arte-negra-e-indigena-no-pelourinho-neste-fim-de-semana-veja-programacao\/","url":"https:\/\/bahiaeconomica.com.br\/wp\/2025\/10\/02\/festa-literaria-homenageia-arte-negra-e-indigena-no-pelourinho-neste-fim-de-semana-veja-programacao\/","name":"FESTA LITER\u00c1RIA HOMENAGEIA ARTE NEGRA E IND\u00cdGENA NO PELOURINHO NESTE FIM DE SEMANA; VEJA PROGRAMA\u00c7\u00c3O - Bahia Economica Entre quinta-feira (2) e s\u00e1bado (4), o Pelourinho recebe a 5\u00aa edi\u00e7\u00e3o da Festa Liter\u00e1ria Arte e Identidade, com o tema \"Arte e Literatura Negra e Ind\u00edgena: Resistir \u00e9 Festejar\".","isPartOf":{"@id":"https:\/\/bahiaeconomica.com.br\/wp\/#website"},"datePublished":"2025-10-02T20:19:52+00:00","dateModified":"2025-10-02T20:19:52+00:00","description":"O maior portal de Economia da Bahia CULTURA E ARTE Bahia Economica Entre quinta-feira (2) e s\u00e1bado (4), o Pelourinho recebe a 5\u00aa edi\u00e7\u00e3o da Festa Liter\u00e1ria Arte e Identidade, com o tema \"Arte e Literatura Negra e Ind\u00edgena: Resistir \u00e9 Festejar\".","breadcrumb":{"@id":"https:\/\/bahiaeconomica.com.br\/wp\/2025\/10\/02\/festa-literaria-homenageia-arte-negra-e-indigena-no-pelourinho-neste-fim-de-semana-veja-programacao\/#breadcrumb"},"inLanguage":"pt-BR","potentialAction":[{"@type":"ReadAction","target":["https:\/\/bahiaeconomica.com.br\/wp\/2025\/10\/02\/festa-literaria-homenageia-arte-negra-e-indigena-no-pelourinho-neste-fim-de-semana-veja-programacao\/"]}]},{"@type":"BreadcrumbList","@id":"https:\/\/bahiaeconomica.com.br\/wp\/2025\/10\/02\/festa-literaria-homenageia-arte-negra-e-indigena-no-pelourinho-neste-fim-de-semana-veja-programacao\/#breadcrumb","itemListElement":[{"@type":"ListItem","position":1,"name":"In\u00edcio","item":"https:\/\/bahiaeconomica.com.br\/wp\/"},{"@type":"ListItem","position":2,"name":"FESTA LITER\u00c1RIA HOMENAGEIA ARTE NEGRA E IND\u00cdGENA NO PELOURINHO NESTE FIM DE SEMANA; VEJA PROGRAMA\u00c7\u00c3O"}]},{"@type":"WebSite","@id":"https:\/\/bahiaeconomica.com.br\/wp\/#website","url":"https:\/\/bahiaeconomica.com.br\/wp\/","name":"Bahia Economica","description":"O maior portal de Economia da Bahia","publisher":{"@id":"https:\/\/bahiaeconomica.com.br\/wp\/#organization"},"potentialAction":[{"@type":"SearchAction","target":{"@type":"EntryPoint","urlTemplate":"https:\/\/bahiaeconomica.com.br\/wp\/?s={search_term_string}"},"query-input":"required name=search_term_string"}],"inLanguage":"pt-BR"},{"@type":"Organization","@id":"https:\/\/bahiaeconomica.com.br\/wp\/#organization","name":"Bahia Econ\u00f4mica","url":"https:\/\/bahiaeconomica.com.br\/wp\/","logo":{"@type":"ImageObject","inLanguage":"pt-BR","@id":"https:\/\/bahiaeconomica.com.br\/wp\/#\/schema\/logo\/image\/","url":"https:\/\/bahiaeconomica.com.br\/wp\/wp-content\/uploads\/2020\/12\/cropped-BE.png","contentUrl":"https:\/\/bahiaeconomica.com.br\/wp\/wp-content\/uploads\/2020\/12\/cropped-BE.png","width":512,"height":512,"caption":"Bahia Econ\u00f4mica"},"image":{"@id":"https:\/\/bahiaeconomica.com.br\/wp\/#\/schema\/logo\/image\/"},"sameAs":["https:\/\/www.facebook.com\/bahiaeconomica"]},{"@type":"Person","@id":"https:\/\/bahiaeconomica.com.br\/wp\/#\/schema\/person\/a17956d0e1112b626f403fb06b8129a9","name":"VICTOR OLIVEIRA","sameAs":["http:\/\/www.bahiaeconomica.com.br"],"url":"https:\/\/bahiaeconomica.com.br\/wp\/author\/victor-oliveira\/"}]}},"views":6,"_links":{"self":[{"href":"https:\/\/bahiaeconomica.com.br\/wp\/wp-json\/wp\/v2\/posts\/940274"}],"collection":[{"href":"https:\/\/bahiaeconomica.com.br\/wp\/wp-json\/wp\/v2\/posts"}],"about":[{"href":"https:\/\/bahiaeconomica.com.br\/wp\/wp-json\/wp\/v2\/types\/post"}],"author":[{"embeddable":true,"href":"https:\/\/bahiaeconomica.com.br\/wp\/wp-json\/wp\/v2\/users\/24"}],"replies":[{"embeddable":true,"href":"https:\/\/bahiaeconomica.com.br\/wp\/wp-json\/wp\/v2\/comments?post=940274"}],"version-history":[{"count":1,"href":"https:\/\/bahiaeconomica.com.br\/wp\/wp-json\/wp\/v2\/posts\/940274\/revisions"}],"predecessor-version":[{"id":940279,"href":"https:\/\/bahiaeconomica.com.br\/wp\/wp-json\/wp\/v2\/posts\/940274\/revisions\/940279"}],"wp:featuredmedia":[{"embeddable":true,"href":"https:\/\/bahiaeconomica.com.br\/wp\/wp-json\/wp\/v2\/media\/940278"}],"wp:attachment":[{"href":"https:\/\/bahiaeconomica.com.br\/wp\/wp-json\/wp\/v2\/media?parent=940274"}],"wp:term":[{"taxonomy":"category","embeddable":true,"href":"https:\/\/bahiaeconomica.com.br\/wp\/wp-json\/wp\/v2\/categories?post=940274"},{"taxonomy":"post_tag","embeddable":true,"href":"https:\/\/bahiaeconomica.com.br\/wp\/wp-json\/wp\/v2\/tags?post=940274"}],"curies":[{"name":"wp","href":"https:\/\/api.w.org\/{rel}","templated":true}]}}