{"id":939427,"date":"2025-01-30T10:21:58","date_gmt":"2025-01-30T13:21:58","guid":{"rendered":"https:\/\/bahiaeconomica.com.br\/wp\/?p=939427"},"modified":"2025-09-30T10:22:52","modified_gmt":"2025-09-30T13:22:52","slug":"brilux-amplia-portfolio-com-novidades-em-amaciante-concentrado-e-tira-manchas","status":"publish","type":"post","link":"https:\/\/bahiaeconomica.com.br\/wp\/2025\/01\/30\/brilux-amplia-portfolio-com-novidades-em-amaciante-concentrado-e-tira-manchas\/","title":{"rendered":"BRILUX AMPLIA PORTF\u00d3LIO COM NOVIDADES EM AMACIANTE CONCENTRADO E TIRA-MANCHAS"},"content":{"rendered":"<p>A Brilux, marca l\u00edder na regi\u00e3o Norte-Nordeste no segmento de limpeza, ampliou seu portf\u00f3lio com novidades nas linhas de amaciante concentrado e tira-manchas, refor\u00e7ando seu compromisso em oferecer solu\u00e7\u00f5es pr\u00e1ticas para o cuidado com a casa e as roupas.<\/p>\n<p>O amaciante concentrado Brilux passou a contar com embalagens de 1,5L nas quatro fragr\u00e2ncias j\u00e1 conhecidas pelos consumidores, al\u00e9m do novo formato refil de 400ml dispon\u00edvel em tr\u00eas vers\u00f5es: Perfume de Outono, Frescor de Ver\u00e3o e Flores de Primavera.<\/p>\n<p>Na linha de tira-manchas Brilux, a marca lan\u00e7ou novas apresenta\u00e7\u00f5es em 1,5L, refil promocional e vers\u00e3o em p\u00f3 de 420g. Outra novidade \u00e9 a mudan\u00e7a visual: as embalagens para roupas coloridas deixaram a cor vermelha e passaram a ser rosa.<\/p>\n<p>De acordo com a gerente de marketing, trade e intelig\u00eancia de mercado da Brilux, Renata Carvalho, as inova\u00e7\u00f5es refor\u00e7am o compromisso da marca em estar pr\u00f3xima das tend\u00eancias e necessidades dos consumidores. \u201cA Brilux tem uma hist\u00f3ria de confian\u00e7a constru\u00edda com os consumidores e segue unindo tradi\u00e7\u00e3o e tecnologia para entregar produtos de alta performance e qualidade, que simplificam o dia a dia das fam\u00edlias\u201d, afirma.<\/p>\n<p>Sobre a Brilux<\/p>\n<p>Simplificar a vida dos consumidores. Esse \u00e9 o objetivo da Brilux, uma das principais marcas do Grupo Raymundo da Fonte. L\u00edder na regi\u00e3o Norte-Nordeste em produtos de limpeza, a marca rotula mais de 100 dos 400 itens produzidos pelo grupo pernambucano, entre \u00e1gua sanit\u00e1ria, lava-lou\u00e7as, desinfetante, limpador multiuso e lava-roupas. Com uma forte rela\u00e7\u00e3o com os seus consumidores constru\u00edda ao longo de d\u00e9cadas, a Brilux est\u00e1 presente no dia a dia de milhares de fam\u00edlias como sin\u00f4nimo de qualidade e tradi\u00e7\u00e3o no segmento de produtos de limpeza dom\u00e9stica.<\/p>\n","protected":false},"excerpt":{"rendered":"<p>A Brilux, marca l\u00edder na regi\u00e3o Norte-Nordeste no segmento de limpeza, ampliou seu portf\u00f3lio com novidades nas linhas de amaciante concentrado e tira-manchas, refor\u00e7ando seu compromisso em oferecer solu\u00e7\u00f5es pr\u00e1ticas para o cuidado com a casa e as roupas. O amaciante concentrado Brilux passou a contar com embalagens de 1,5L nas quatro fragr\u00e2ncias j\u00e1 conhecidas [&hellip;]<\/p>\n","protected":false},"author":8,"featured_media":939428,"comment_status":"closed","ping_status":"closed","sticky":false,"template":"","format":"standard","meta":[],"categories":[5],"tags":[],"acf":[],"yoast_head":"<!-- This site is optimized with the Yoast SEO plugin v20.8 - https:\/\/yoast.com\/wordpress\/plugins\/seo\/ -->\n<title>BRILUX AMPLIA PORTF\u00d3LIO COM NOVIDADES EM AMACIANTE CONCENTRADO E TIRA-MANCHAS - Bahia Economica<\/title>\n<meta name=\"description\" content=\"O maior portal de Economia da Bahia MUNIC\u00cdPIOS Bahia Economica Simplificar a vida dos consumidores. Esse \u00e9 o objetivo da Brilux,\" \/>\n<meta name=\"robots\" content=\"index, follow, max-snippet:-1, max-image-preview:large, max-video-preview:-1\" \/>\n<link rel=\"canonical\" href=\"https:\/\/bahiaeconomica.com.br\/wp\/2025\/01\/30\/brilux-amplia-portfolio-com-novidades-em-amaciante-concentrado-e-tira-manchas\/\" \/>\n<meta property=\"og:locale\" content=\"pt_BR\" \/>\n<meta property=\"og:type\" content=\"article\" \/>\n<meta property=\"og:title\" content=\"BRILUX AMPLIA PORTF\u00d3LIO COM NOVIDADES EM AMACIANTE CONCENTRADO E TIRA-MANCHAS - Bahia Economica\" \/>\n<meta property=\"og:description\" content=\"O maior portal de Economia da Bahia MUNIC\u00cdPIOS Bahia Economica Simplificar a vida dos consumidores. Esse \u00e9 o objetivo da Brilux,\" \/>\n<meta property=\"og:url\" content=\"https:\/\/bahiaeconomica.com.br\/wp\/2025\/01\/30\/brilux-amplia-portfolio-com-novidades-em-amaciante-concentrado-e-tira-manchas\/\" \/>\n<meta property=\"og:site_name\" content=\"Bahia Economica\" \/>\n<meta property=\"article:publisher\" content=\"https:\/\/www.facebook.com\/bahiaeconomica\" \/>\n<meta property=\"article:published_time\" content=\"2025-01-30T13:21:58+00:00\" \/>\n<meta property=\"article:modified_time\" content=\"2025-09-30T13:22:52+00:00\" \/>\n<meta property=\"og:image\" content=\"https:\/\/bahiaeconomica.com.br\/wp\/wp-content\/uploads\/2025\/09\/WhatsApp-Image-2025-09-30-at-10.19.17.jpeg\" \/>\n\t<meta property=\"og:image:width\" content=\"1161\" \/>\n\t<meta property=\"og:image:height\" content=\"663\" \/>\n\t<meta property=\"og:image:type\" content=\"image\/jpeg\" \/>\n<meta name=\"author\" content=\"JP\" \/>\n<meta name=\"twitter:card\" content=\"summary_large_image\" \/>\n<meta name=\"twitter:label1\" content=\"Escrito por\" \/>\n\t<meta name=\"twitter:data1\" content=\"JP\" \/>\n\t<meta name=\"twitter:label2\" content=\"Est. tempo de leitura\" \/>\n\t<meta name=\"twitter:data2\" content=\"2 minutos\" \/>\n<script type=\"application\/ld+json\" class=\"yoast-schema-graph\">{\"@context\":\"https:\/\/schema.org\",\"@graph\":[{\"@type\":\"Article\",\"@id\":\"https:\/\/bahiaeconomica.com.br\/wp\/2025\/01\/30\/brilux-amplia-portfolio-com-novidades-em-amaciante-concentrado-e-tira-manchas\/#article\",\"isPartOf\":{\"@id\":\"https:\/\/bahiaeconomica.com.br\/wp\/2025\/01\/30\/brilux-amplia-portfolio-com-novidades-em-amaciante-concentrado-e-tira-manchas\/\"},\"author\":{\"name\":\"JP\",\"@id\":\"https:\/\/bahiaeconomica.com.br\/wp\/#\/schema\/person\/c86d3a3f8960425a0f9d0e5245991f4e\"},\"headline\":\"BRILUX AMPLIA PORTF\u00d3LIO COM NOVIDADES EM AMACIANTE CONCENTRADO E TIRA-MANCHAS\",\"datePublished\":\"2025-01-30T13:21:58+00:00\",\"dateModified\":\"2025-09-30T13:22:52+00:00\",\"mainEntityOfPage\":{\"@id\":\"https:\/\/bahiaeconomica.com.br\/wp\/2025\/01\/30\/brilux-amplia-portfolio-com-novidades-em-amaciante-concentrado-e-tira-manchas\/\"},\"wordCount\":319,\"publisher\":{\"@id\":\"https:\/\/bahiaeconomica.com.br\/wp\/#organization\"},\"articleSection\":[\"MUNIC\u00cdPIOS\"],\"inLanguage\":\"pt-BR\"},{\"@type\":\"WebPage\",\"@id\":\"https:\/\/bahiaeconomica.com.br\/wp\/2025\/01\/30\/brilux-amplia-portfolio-com-novidades-em-amaciante-concentrado-e-tira-manchas\/\",\"url\":\"https:\/\/bahiaeconomica.com.br\/wp\/2025\/01\/30\/brilux-amplia-portfolio-com-novidades-em-amaciante-concentrado-e-tira-manchas\/\",\"name\":\"BRILUX AMPLIA PORTF\u00d3LIO COM NOVIDADES EM AMACIANTE CONCENTRADO E TIRA-MANCHAS - Bahia Economica\",\"isPartOf\":{\"@id\":\"https:\/\/bahiaeconomica.com.br\/wp\/#website\"},\"datePublished\":\"2025-01-30T13:21:58+00:00\",\"dateModified\":\"2025-09-30T13:22:52+00:00\",\"description\":\"O maior portal de Economia da Bahia MUNIC\u00cdPIOS Bahia Economica Simplificar a vida dos consumidores. Esse \u00e9 o objetivo da Brilux,\",\"breadcrumb\":{\"@id\":\"https:\/\/bahiaeconomica.com.br\/wp\/2025\/01\/30\/brilux-amplia-portfolio-com-novidades-em-amaciante-concentrado-e-tira-manchas\/#breadcrumb\"},\"inLanguage\":\"pt-BR\",\"potentialAction\":[{\"@type\":\"ReadAction\",\"target\":[\"https:\/\/bahiaeconomica.com.br\/wp\/2025\/01\/30\/brilux-amplia-portfolio-com-novidades-em-amaciante-concentrado-e-tira-manchas\/\"]}]},{\"@type\":\"BreadcrumbList\",\"@id\":\"https:\/\/bahiaeconomica.com.br\/wp\/2025\/01\/30\/brilux-amplia-portfolio-com-novidades-em-amaciante-concentrado-e-tira-manchas\/#breadcrumb\",\"itemListElement\":[{\"@type\":\"ListItem\",\"position\":1,\"name\":\"In\u00edcio\",\"item\":\"https:\/\/bahiaeconomica.com.br\/wp\/\"},{\"@type\":\"ListItem\",\"position\":2,\"name\":\"BRILUX AMPLIA PORTF\u00d3LIO COM NOVIDADES EM AMACIANTE CONCENTRADO E TIRA-MANCHAS\"}]},{\"@type\":\"WebSite\",\"@id\":\"https:\/\/bahiaeconomica.com.br\/wp\/#website\",\"url\":\"https:\/\/bahiaeconomica.com.br\/wp\/\",\"name\":\"Bahia Economica\",\"description\":\"O maior portal de Economia da Bahia\",\"publisher\":{\"@id\":\"https:\/\/bahiaeconomica.com.br\/wp\/#organization\"},\"potentialAction\":[{\"@type\":\"SearchAction\",\"target\":{\"@type\":\"EntryPoint\",\"urlTemplate\":\"https:\/\/bahiaeconomica.com.br\/wp\/?s={search_term_string}\"},\"query-input\":\"required name=search_term_string\"}],\"inLanguage\":\"pt-BR\"},{\"@type\":\"Organization\",\"@id\":\"https:\/\/bahiaeconomica.com.br\/wp\/#organization\",\"name\":\"Bahia Econ\u00f4mica\",\"url\":\"https:\/\/bahiaeconomica.com.br\/wp\/\",\"logo\":{\"@type\":\"ImageObject\",\"inLanguage\":\"pt-BR\",\"@id\":\"https:\/\/bahiaeconomica.com.br\/wp\/#\/schema\/logo\/image\/\",\"url\":\"https:\/\/bahiaeconomica.com.br\/wp\/wp-content\/uploads\/2020\/12\/cropped-BE.png\",\"contentUrl\":\"https:\/\/bahiaeconomica.com.br\/wp\/wp-content\/uploads\/2020\/12\/cropped-BE.png\",\"width\":512,\"height\":512,\"caption\":\"Bahia Econ\u00f4mica\"},\"image\":{\"@id\":\"https:\/\/bahiaeconomica.com.br\/wp\/#\/schema\/logo\/image\/\"},\"sameAs\":[\"https:\/\/www.facebook.com\/bahiaeconomica\"]},{\"@type\":\"Person\",\"@id\":\"https:\/\/bahiaeconomica.com.br\/wp\/#\/schema\/person\/c86d3a3f8960425a0f9d0e5245991f4e\",\"name\":\"JP\",\"sameAs\":[\"https:\/\/bahiaeconomica.com.br\/wp\/beta\/\"],\"url\":\"https:\/\/bahiaeconomica.com.br\/wp\/author\/jp\/\"}]}<\/script>\n<!-- \/ Yoast SEO plugin. -->","yoast_head_json":{"title":"BRILUX AMPLIA PORTF\u00d3LIO COM NOVIDADES EM AMACIANTE CONCENTRADO E TIRA-MANCHAS - Bahia Economica","description":"O maior portal de Economia da Bahia MUNIC\u00cdPIOS Bahia Economica Simplificar a vida dos consumidores. Esse \u00e9 o objetivo da Brilux,","robots":{"index":"index","follow":"follow","max-snippet":"max-snippet:-1","max-image-preview":"max-image-preview:large","max-video-preview":"max-video-preview:-1"},"canonical":"https:\/\/bahiaeconomica.com.br\/wp\/2025\/01\/30\/brilux-amplia-portfolio-com-novidades-em-amaciante-concentrado-e-tira-manchas\/","og_locale":"pt_BR","og_type":"article","og_title":"BRILUX AMPLIA PORTF\u00d3LIO COM NOVIDADES EM AMACIANTE CONCENTRADO E TIRA-MANCHAS - Bahia Economica","og_description":"O maior portal de Economia da Bahia MUNIC\u00cdPIOS Bahia Economica Simplificar a vida dos consumidores. Esse \u00e9 o objetivo da Brilux,","og_url":"https:\/\/bahiaeconomica.com.br\/wp\/2025\/01\/30\/brilux-amplia-portfolio-com-novidades-em-amaciante-concentrado-e-tira-manchas\/","og_site_name":"Bahia Economica","article_publisher":"https:\/\/www.facebook.com\/bahiaeconomica","article_published_time":"2025-01-30T13:21:58+00:00","article_modified_time":"2025-09-30T13:22:52+00:00","og_image":[{"width":1161,"height":663,"url":"https:\/\/bahiaeconomica.com.br\/wp\/wp-content\/uploads\/2025\/09\/WhatsApp-Image-2025-09-30-at-10.19.17.jpeg","type":"image\/jpeg"}],"author":"JP","twitter_card":"summary_large_image","twitter_misc":{"Escrito por":"JP","Est. tempo de leitura":"2 minutos"},"schema":{"@context":"https:\/\/schema.org","@graph":[{"@type":"Article","@id":"https:\/\/bahiaeconomica.com.br\/wp\/2025\/01\/30\/brilux-amplia-portfolio-com-novidades-em-amaciante-concentrado-e-tira-manchas\/#article","isPartOf":{"@id":"https:\/\/bahiaeconomica.com.br\/wp\/2025\/01\/30\/brilux-amplia-portfolio-com-novidades-em-amaciante-concentrado-e-tira-manchas\/"},"author":{"name":"JP","@id":"https:\/\/bahiaeconomica.com.br\/wp\/#\/schema\/person\/c86d3a3f8960425a0f9d0e5245991f4e"},"headline":"BRILUX AMPLIA PORTF\u00d3LIO COM NOVIDADES EM AMACIANTE CONCENTRADO E TIRA-MANCHAS","datePublished":"2025-01-30T13:21:58+00:00","dateModified":"2025-09-30T13:22:52+00:00","mainEntityOfPage":{"@id":"https:\/\/bahiaeconomica.com.br\/wp\/2025\/01\/30\/brilux-amplia-portfolio-com-novidades-em-amaciante-concentrado-e-tira-manchas\/"},"wordCount":319,"publisher":{"@id":"https:\/\/bahiaeconomica.com.br\/wp\/#organization"},"articleSection":["MUNIC\u00cdPIOS"],"inLanguage":"pt-BR"},{"@type":"WebPage","@id":"https:\/\/bahiaeconomica.com.br\/wp\/2025\/01\/30\/brilux-amplia-portfolio-com-novidades-em-amaciante-concentrado-e-tira-manchas\/","url":"https:\/\/bahiaeconomica.com.br\/wp\/2025\/01\/30\/brilux-amplia-portfolio-com-novidades-em-amaciante-concentrado-e-tira-manchas\/","name":"BRILUX AMPLIA PORTF\u00d3LIO COM NOVIDADES EM AMACIANTE CONCENTRADO E TIRA-MANCHAS - Bahia Economica","isPartOf":{"@id":"https:\/\/bahiaeconomica.com.br\/wp\/#website"},"datePublished":"2025-01-30T13:21:58+00:00","dateModified":"2025-09-30T13:22:52+00:00","description":"O maior portal de Economia da Bahia MUNIC\u00cdPIOS Bahia Economica Simplificar a vida dos consumidores. Esse \u00e9 o objetivo da Brilux,","breadcrumb":{"@id":"https:\/\/bahiaeconomica.com.br\/wp\/2025\/01\/30\/brilux-amplia-portfolio-com-novidades-em-amaciante-concentrado-e-tira-manchas\/#breadcrumb"},"inLanguage":"pt-BR","potentialAction":[{"@type":"ReadAction","target":["https:\/\/bahiaeconomica.com.br\/wp\/2025\/01\/30\/brilux-amplia-portfolio-com-novidades-em-amaciante-concentrado-e-tira-manchas\/"]}]},{"@type":"BreadcrumbList","@id":"https:\/\/bahiaeconomica.com.br\/wp\/2025\/01\/30\/brilux-amplia-portfolio-com-novidades-em-amaciante-concentrado-e-tira-manchas\/#breadcrumb","itemListElement":[{"@type":"ListItem","position":1,"name":"In\u00edcio","item":"https:\/\/bahiaeconomica.com.br\/wp\/"},{"@type":"ListItem","position":2,"name":"BRILUX AMPLIA PORTF\u00d3LIO COM NOVIDADES EM AMACIANTE CONCENTRADO E TIRA-MANCHAS"}]},{"@type":"WebSite","@id":"https:\/\/bahiaeconomica.com.br\/wp\/#website","url":"https:\/\/bahiaeconomica.com.br\/wp\/","name":"Bahia Economica","description":"O maior portal de Economia da Bahia","publisher":{"@id":"https:\/\/bahiaeconomica.com.br\/wp\/#organization"},"potentialAction":[{"@type":"SearchAction","target":{"@type":"EntryPoint","urlTemplate":"https:\/\/bahiaeconomica.com.br\/wp\/?s={search_term_string}"},"query-input":"required name=search_term_string"}],"inLanguage":"pt-BR"},{"@type":"Organization","@id":"https:\/\/bahiaeconomica.com.br\/wp\/#organization","name":"Bahia Econ\u00f4mica","url":"https:\/\/bahiaeconomica.com.br\/wp\/","logo":{"@type":"ImageObject","inLanguage":"pt-BR","@id":"https:\/\/bahiaeconomica.com.br\/wp\/#\/schema\/logo\/image\/","url":"https:\/\/bahiaeconomica.com.br\/wp\/wp-content\/uploads\/2020\/12\/cropped-BE.png","contentUrl":"https:\/\/bahiaeconomica.com.br\/wp\/wp-content\/uploads\/2020\/12\/cropped-BE.png","width":512,"height":512,"caption":"Bahia Econ\u00f4mica"},"image":{"@id":"https:\/\/bahiaeconomica.com.br\/wp\/#\/schema\/logo\/image\/"},"sameAs":["https:\/\/www.facebook.com\/bahiaeconomica"]},{"@type":"Person","@id":"https:\/\/bahiaeconomica.com.br\/wp\/#\/schema\/person\/c86d3a3f8960425a0f9d0e5245991f4e","name":"JP","sameAs":["https:\/\/bahiaeconomica.com.br\/wp\/beta\/"],"url":"https:\/\/bahiaeconomica.com.br\/wp\/author\/jp\/"}]}},"views":4,"_links":{"self":[{"href":"https:\/\/bahiaeconomica.com.br\/wp\/wp-json\/wp\/v2\/posts\/939427"}],"collection":[{"href":"https:\/\/bahiaeconomica.com.br\/wp\/wp-json\/wp\/v2\/posts"}],"about":[{"href":"https:\/\/bahiaeconomica.com.br\/wp\/wp-json\/wp\/v2\/types\/post"}],"author":[{"embeddable":true,"href":"https:\/\/bahiaeconomica.com.br\/wp\/wp-json\/wp\/v2\/users\/8"}],"replies":[{"embeddable":true,"href":"https:\/\/bahiaeconomica.com.br\/wp\/wp-json\/wp\/v2\/comments?post=939427"}],"version-history":[{"count":1,"href":"https:\/\/bahiaeconomica.com.br\/wp\/wp-json\/wp\/v2\/posts\/939427\/revisions"}],"predecessor-version":[{"id":939429,"href":"https:\/\/bahiaeconomica.com.br\/wp\/wp-json\/wp\/v2\/posts\/939427\/revisions\/939429"}],"wp:featuredmedia":[{"embeddable":true,"href":"https:\/\/bahiaeconomica.com.br\/wp\/wp-json\/wp\/v2\/media\/939428"}],"wp:attachment":[{"href":"https:\/\/bahiaeconomica.com.br\/wp\/wp-json\/wp\/v2\/media?parent=939427"}],"wp:term":[{"taxonomy":"category","embeddable":true,"href":"https:\/\/bahiaeconomica.com.br\/wp\/wp-json\/wp\/v2\/categories?post=939427"},{"taxonomy":"post_tag","embeddable":true,"href":"https:\/\/bahiaeconomica.com.br\/wp\/wp-json\/wp\/v2\/tags?post=939427"}],"curies":[{"name":"wp","href":"https:\/\/api.w.org\/{rel}","templated":true}]}}