{"id":939351,"date":"2025-09-30T11:00:02","date_gmt":"2025-09-30T14:00:02","guid":{"rendered":"https:\/\/bahiaeconomica.com.br\/wp\/?p=939351"},"modified":"2025-09-30T10:53:40","modified_gmt":"2025-09-30T13:53:40","slug":"prefeitura-de-salvador-abre-licitacoes-bilionarias-para-terceirizacao-de-servicos","status":"publish","type":"post","link":"https:\/\/bahiaeconomica.com.br\/wp\/2025\/09\/30\/prefeitura-de-salvador-abre-licitacoes-bilionarias-para-terceirizacao-de-servicos\/","title":{"rendered":"PREFEITURA DE SALVADOR ABRE LICITA\u00c7\u00d5ES BILION\u00c1RIAS PARA TERCEIRIZA\u00c7\u00c3O DE SERVI\u00c7OS"},"content":{"rendered":"<p>A Prefeitura de Salvador lan\u00e7ou tr\u00eas licita\u00e7\u00f5es que somam R$ 1,1 bilh\u00e3o ao ano para contrata\u00e7\u00e3o de m\u00e3o de obra terceirizada em diversos \u00f3rg\u00e3os municipais. Juntos, os editais preveem a contrata\u00e7\u00e3o de 12.136 profissionais para \u00e1reas como apoio operacional, manuten\u00e7\u00e3o, servi\u00e7os gerais, portaria, al\u00e9m de auxiliares de desenvolvimento infantil e apoio escolar.<\/p>\n<p>O primeiro edital, com sess\u00e3o marcada para 14 de outubro, prev\u00ea a contrata\u00e7\u00e3o de 4.190 trabalhadores de apoio operacional e manuten\u00e7\u00e3o. O custo estimado \u00e9 de R$ 403,5 milh\u00f5es por ano, ou R$ 33,6 milh\u00f5es por m\u00eas.<\/p>\n<p><strong>Confira a lista de \u00f3rg\u00e3os para contra\u00e7\u00e3o, de acordo com o edital 118\/2025:<\/strong><\/p>\n<ul>\n<li>Ag\u00eancia Reguladora e Fiscalizadora dos Servi\u00e7os P\u00fablicos de Salvador (ARSAL)<\/li>\n<li>Casa Civil<\/li>\n<li>Controladoria Geral do Munic\u00edpio do Salvador (CGM)<\/li>\n<li>Defesa Civil de Salvador (CODESAL)<\/li>\n<li>Funda\u00e7\u00e3o Cidade M\u00e3e (FCM)<\/li>\n<li>Funda\u00e7\u00e3o Greg\u00f3rio de Matos (FGM)<\/li>\n<li>Funda\u00e7\u00e3o M\u00e1rio Leal Ferreira (FMLF)<\/li>\n<li>Procuradoria Geral do Munic\u00edpio (PGMS)<\/li>\n<li>Secretaria Municipal de Comunica\u00e7\u00e3o (SECOM)<\/li>\n<li>Secretaria Municipal de Desenvolvimento e Urbanismo (SEDUR)<\/li>\n<li>Secretaria Municipal de Manuten\u00e7\u00e3o da Cidade (SEMAN)<\/li>\n<li>Secretaria Municipal de Desenvolvimento, Emprego e Renda (SEMDEC)<\/li>\n<li>Secretaria Municipal de Gest\u00e3o (SEMGE)<\/li>\n<li>Secretaria Municipal de Inova\u00e7\u00e3o e Tecnologia (SEMIT)<\/li>\n<li>Secretaria Municipal de Mobilidade (SEMOB)<\/li>\n<li>Superintend\u00eancia de Conserva\u00e7\u00e3o e Obras P\u00fablicas do Salvador (SUCOP)<\/li>\n<li>Secretaria Municipal de Ordem P\u00fablica (SEMOP)<\/li>\n<li>Fundo Municipal de Previd\u00eancia do Servidor (FUMPRES)<\/li>\n<li>Gabinete Vice-Prefeito (GABVP)<\/li>\n<li>Guarda Civil Municipal (GCM)<\/li>\n<li>Secretaria Municipal da Fazenda (SEFAZ)<\/li>\n<li>Secretaria de Sustentabilidade, Resili\u00eancia, Bem-estar e Prote\u00e7\u00e3o Animal (SECIS)<\/li>\n<li>Secretaria Municipal de Cultura e Turismo (SECULT)<\/li>\n<li>Secretaria Municipal de Infraestrutura e Obras P\u00fablicas (SEINFRA)<\/li>\n<li>Secretaria Municipal de Promo\u00e7\u00e3o Social e Combate \u00e0 Pobreza (SEMPRE)<\/li>\n<li>Secretaria Municipal da Repara\u00e7\u00e3o (SEMUR)<\/li>\n<li>Secretaria Municipal de Educa\u00e7\u00e3o (SMED)<\/li>\n<li>Secretaria Municipal de Sa\u00fade (SMS)<\/li>\n<li>Secretaria Municipal de Pol\u00edticas para Mulheres, Inf\u00e2ncia e Juventude (SPMJ)<\/li>\n<li>Superintend\u00eancia de Tr\u00e2nsito de Salvador (TRANSALVADOR)<\/li>\n<\/ul>\n<p>J\u00e1 o segundo edital, previsto para 15 de outubro, abrange at\u00e9 5.696 profissionais nas \u00e1reas de servi\u00e7os gerais e portaria. O valor anual da contrata\u00e7\u00e3o \u00e9 de R$ 523,3 milh\u00f5es, com gasto mensal estimado em R$ 43,6 milh\u00f5es.<\/p>\n<p>O terceiro edital tem como objetivo contratar 2.250 auxiliares de desenvolvimento infantil e apoio escolar, com custo previsto de R$ 177,4 milh\u00f5es ao ano \u2014 cerca de R$ 14,7 milh\u00f5es por m\u00eas.<\/p>\n<p>Na justificativa, a Secretaria Municipal de Gest\u00e3o (Semge) informou que os atuais contratos est\u00e3o em prorroga\u00e7\u00e3o excepcional e que a nova contrata\u00e7\u00e3o \u00e9 necess\u00e1ria para garantir a continuidade dos servi\u00e7os. \u201cTendo em vista a imprescindibilidade e essencialidade desses servi\u00e7os, com o intuito de evitar descontinuidade na presta\u00e7\u00e3o, esta contrata\u00e7\u00e3o, bem como a instaura\u00e7\u00e3o de novo procedimento licitat\u00f3rio, fazem-se necess\u00e1rias\u201d, aponta o documento.<\/p>\n<p>Foto: Divulga\u00e7\u00e3o\/Secom PMS<\/p>\n","protected":false},"excerpt":{"rendered":"<p>A Prefeitura de Salvador lan\u00e7ou tr\u00eas licita\u00e7\u00f5es que somam R$ 1,1 bilh\u00e3o ao ano para contrata\u00e7\u00e3o de m\u00e3o de obra terceirizada em diversos \u00f3rg\u00e3os municipais. Juntos, os editais preveem a contrata\u00e7\u00e3o de 12.136 profissionais para \u00e1reas como apoio operacional, manuten\u00e7\u00e3o, servi\u00e7os gerais, portaria, al\u00e9m de auxiliares de desenvolvimento infantil e apoio escolar. O primeiro edital, [&hellip;]<\/p>\n","protected":false},"author":20,"featured_media":939356,"comment_status":"closed","ping_status":"closed","sticky":false,"template":"","format":"standard","meta":[],"categories":[14,3,5],"tags":[3083,1103,15315,73,1322,41524],"acf":[],"yoast_head":"<!-- This site is optimized with the Yoast SEO plugin v20.8 - https:\/\/yoast.com\/wordpress\/plugins\/seo\/ -->\n<title>PREFEITURA DE SALVADOR ABRE LICITA\u00c7\u00d5ES BILION\u00c1RIAS PARA TERCEIRIZA\u00c7\u00c3O DE SERVI\u00c7OS - Bahia Economica<\/title>\n<meta name=\"description\" content=\"DESTAQUE DO DIA, ECONOMIA \/ POL\u00cdTICA, MUNIC\u00cdPIOS Bahia Economica Juntos, os editais preveem a contrata\u00e7\u00e3o de 12.136 profissionais\" \/>\n<meta name=\"robots\" content=\"index, follow, max-snippet:-1, max-image-preview:large, max-video-preview:-1\" \/>\n<link rel=\"canonical\" href=\"https:\/\/bahiaeconomica.com.br\/wp\/2025\/09\/30\/prefeitura-de-salvador-abre-licitacoes-bilionarias-para-terceirizacao-de-servicos\/\" \/>\n<meta property=\"og:locale\" content=\"pt_BR\" \/>\n<meta property=\"og:type\" content=\"article\" \/>\n<meta property=\"og:title\" content=\"PREFEITURA DE SALVADOR ABRE LICITA\u00c7\u00d5ES BILION\u00c1RIAS PARA TERCEIRIZA\u00c7\u00c3O DE SERVI\u00c7OS - Bahia Economica\" \/>\n<meta property=\"og:description\" content=\"DESTAQUE DO DIA, ECONOMIA \/ POL\u00cdTICA, MUNIC\u00cdPIOS Bahia Economica Juntos, os editais preveem a contrata\u00e7\u00e3o de 12.136 profissionais\" \/>\n<meta property=\"og:url\" content=\"https:\/\/bahiaeconomica.com.br\/wp\/2025\/09\/30\/prefeitura-de-salvador-abre-licitacoes-bilionarias-para-terceirizacao-de-servicos\/\" \/>\n<meta property=\"og:site_name\" content=\"Bahia Economica\" \/>\n<meta property=\"article:publisher\" content=\"https:\/\/www.facebook.com\/bahiaeconomica\" \/>\n<meta property=\"article:published_time\" content=\"2025-09-30T14:00:02+00:00\" \/>\n<meta property=\"article:modified_time\" content=\"2025-09-30T13:53:40+00:00\" \/>\n<meta property=\"og:image\" content=\"https:\/\/bahiaeconomica.com.br\/wp\/wp-content\/uploads\/2025\/09\/WhatsApp-Image-2024-12-26-at-09.40.25.jpeg\" \/>\n\t<meta property=\"og:image:width\" content=\"984\" \/>\n\t<meta property=\"og:image:height\" content=\"616\" \/>\n\t<meta property=\"og:image:type\" content=\"image\/jpeg\" \/>\n<meta name=\"author\" content=\"BRUNA CARVALHO\" \/>\n<meta name=\"twitter:card\" content=\"summary_large_image\" \/>\n<meta name=\"twitter:label1\" content=\"Escrito por\" \/>\n\t<meta name=\"twitter:data1\" content=\"BRUNA CARVALHO\" \/>\n\t<meta name=\"twitter:label2\" content=\"Est. tempo de leitura\" \/>\n\t<meta name=\"twitter:data2\" content=\"3 minutos\" \/>\n<script type=\"application\/ld+json\" class=\"yoast-schema-graph\">{\"@context\":\"https:\/\/schema.org\",\"@graph\":[{\"@type\":\"Article\",\"@id\":\"https:\/\/bahiaeconomica.com.br\/wp\/2025\/09\/30\/prefeitura-de-salvador-abre-licitacoes-bilionarias-para-terceirizacao-de-servicos\/#article\",\"isPartOf\":{\"@id\":\"https:\/\/bahiaeconomica.com.br\/wp\/2025\/09\/30\/prefeitura-de-salvador-abre-licitacoes-bilionarias-para-terceirizacao-de-servicos\/\"},\"author\":{\"name\":\"BRUNA CARVALHO\",\"@id\":\"https:\/\/bahiaeconomica.com.br\/wp\/#\/schema\/person\/9310b0e591f5979f6f99773eac5804e6\"},\"headline\":\"PREFEITURA DE SALVADOR ABRE LICITA\u00c7\u00d5ES BILION\u00c1RIAS PARA TERCEIRIZA\u00c7\u00c3O DE SERVI\u00c7OS\",\"datePublished\":\"2025-09-30T14:00:02+00:00\",\"dateModified\":\"2025-09-30T13:53:40+00:00\",\"mainEntityOfPage\":{\"@id\":\"https:\/\/bahiaeconomica.com.br\/wp\/2025\/09\/30\/prefeitura-de-salvador-abre-licitacoes-bilionarias-para-terceirizacao-de-servicos\/\"},\"wordCount\":489,\"publisher\":{\"@id\":\"https:\/\/bahiaeconomica.com.br\/wp\/#organization\"},\"keywords\":[\"bilion\u00e1rio\",\"licitacoes\",\"prefeitua\",\"Salvador\",\"servi\u00e7os\",\"terceirizacao\"],\"articleSection\":[\"DESTAQUE DO DIA\",\"ECONOMIA \/ POL\u00cdTICA\",\"MUNIC\u00cdPIOS\"],\"inLanguage\":\"pt-BR\"},{\"@type\":\"WebPage\",\"@id\":\"https:\/\/bahiaeconomica.com.br\/wp\/2025\/09\/30\/prefeitura-de-salvador-abre-licitacoes-bilionarias-para-terceirizacao-de-servicos\/\",\"url\":\"https:\/\/bahiaeconomica.com.br\/wp\/2025\/09\/30\/prefeitura-de-salvador-abre-licitacoes-bilionarias-para-terceirizacao-de-servicos\/\",\"name\":\"PREFEITURA DE SALVADOR ABRE LICITA\u00c7\u00d5ES BILION\u00c1RIAS PARA TERCEIRIZA\u00c7\u00c3O DE SERVI\u00c7OS - Bahia Economica\",\"isPartOf\":{\"@id\":\"https:\/\/bahiaeconomica.com.br\/wp\/#website\"},\"datePublished\":\"2025-09-30T14:00:02+00:00\",\"dateModified\":\"2025-09-30T13:53:40+00:00\",\"description\":\"DESTAQUE DO DIA, ECONOMIA \/ POL\u00cdTICA, MUNIC\u00cdPIOS Bahia Economica Juntos, os editais preveem a contrata\u00e7\u00e3o de 12.136 profissionais\",\"breadcrumb\":{\"@id\":\"https:\/\/bahiaeconomica.com.br\/wp\/2025\/09\/30\/prefeitura-de-salvador-abre-licitacoes-bilionarias-para-terceirizacao-de-servicos\/#breadcrumb\"},\"inLanguage\":\"pt-BR\",\"potentialAction\":[{\"@type\":\"ReadAction\",\"target\":[\"https:\/\/bahiaeconomica.com.br\/wp\/2025\/09\/30\/prefeitura-de-salvador-abre-licitacoes-bilionarias-para-terceirizacao-de-servicos\/\"]}]},{\"@type\":\"BreadcrumbList\",\"@id\":\"https:\/\/bahiaeconomica.com.br\/wp\/2025\/09\/30\/prefeitura-de-salvador-abre-licitacoes-bilionarias-para-terceirizacao-de-servicos\/#breadcrumb\",\"itemListElement\":[{\"@type\":\"ListItem\",\"position\":1,\"name\":\"In\u00edcio\",\"item\":\"https:\/\/bahiaeconomica.com.br\/wp\/\"},{\"@type\":\"ListItem\",\"position\":2,\"name\":\"PREFEITURA DE SALVADOR ABRE LICITA\u00c7\u00d5ES BILION\u00c1RIAS PARA TERCEIRIZA\u00c7\u00c3O DE SERVI\u00c7OS\"}]},{\"@type\":\"WebSite\",\"@id\":\"https:\/\/bahiaeconomica.com.br\/wp\/#website\",\"url\":\"https:\/\/bahiaeconomica.com.br\/wp\/\",\"name\":\"Bahia Economica\",\"description\":\"O maior portal de Economia da Bahia\",\"publisher\":{\"@id\":\"https:\/\/bahiaeconomica.com.br\/wp\/#organization\"},\"potentialAction\":[{\"@type\":\"SearchAction\",\"target\":{\"@type\":\"EntryPoint\",\"urlTemplate\":\"https:\/\/bahiaeconomica.com.br\/wp\/?s={search_term_string}\"},\"query-input\":\"required name=search_term_string\"}],\"inLanguage\":\"pt-BR\"},{\"@type\":\"Organization\",\"@id\":\"https:\/\/bahiaeconomica.com.br\/wp\/#organization\",\"name\":\"Bahia Econ\u00f4mica\",\"url\":\"https:\/\/bahiaeconomica.com.br\/wp\/\",\"logo\":{\"@type\":\"ImageObject\",\"inLanguage\":\"pt-BR\",\"@id\":\"https:\/\/bahiaeconomica.com.br\/wp\/#\/schema\/logo\/image\/\",\"url\":\"https:\/\/bahiaeconomica.com.br\/wp\/wp-content\/uploads\/2020\/12\/cropped-BE.png\",\"contentUrl\":\"https:\/\/bahiaeconomica.com.br\/wp\/wp-content\/uploads\/2020\/12\/cropped-BE.png\",\"width\":512,\"height\":512,\"caption\":\"Bahia Econ\u00f4mica\"},\"image\":{\"@id\":\"https:\/\/bahiaeconomica.com.br\/wp\/#\/schema\/logo\/image\/\"},\"sameAs\":[\"https:\/\/www.facebook.com\/bahiaeconomica\"]},{\"@type\":\"Person\",\"@id\":\"https:\/\/bahiaeconomica.com.br\/wp\/#\/schema\/person\/9310b0e591f5979f6f99773eac5804e6\",\"name\":\"BRUNA CARVALHO\",\"sameAs\":[\"http:\/\/www.bahiaeconomica.com.br\"],\"url\":\"https:\/\/bahiaeconomica.com.br\/wp\/author\/bruna\/\"}]}<\/script>\n<!-- \/ Yoast SEO plugin. -->","yoast_head_json":{"title":"PREFEITURA DE SALVADOR ABRE LICITA\u00c7\u00d5ES BILION\u00c1RIAS PARA TERCEIRIZA\u00c7\u00c3O DE SERVI\u00c7OS - Bahia Economica","description":"DESTAQUE DO DIA, ECONOMIA \/ POL\u00cdTICA, MUNIC\u00cdPIOS Bahia Economica Juntos, os editais preveem a contrata\u00e7\u00e3o de 12.136 profissionais","robots":{"index":"index","follow":"follow","max-snippet":"max-snippet:-1","max-image-preview":"max-image-preview:large","max-video-preview":"max-video-preview:-1"},"canonical":"https:\/\/bahiaeconomica.com.br\/wp\/2025\/09\/30\/prefeitura-de-salvador-abre-licitacoes-bilionarias-para-terceirizacao-de-servicos\/","og_locale":"pt_BR","og_type":"article","og_title":"PREFEITURA DE SALVADOR ABRE LICITA\u00c7\u00d5ES BILION\u00c1RIAS PARA TERCEIRIZA\u00c7\u00c3O DE SERVI\u00c7OS - Bahia Economica","og_description":"DESTAQUE DO DIA, ECONOMIA \/ POL\u00cdTICA, MUNIC\u00cdPIOS Bahia Economica Juntos, os editais preveem a contrata\u00e7\u00e3o de 12.136 profissionais","og_url":"https:\/\/bahiaeconomica.com.br\/wp\/2025\/09\/30\/prefeitura-de-salvador-abre-licitacoes-bilionarias-para-terceirizacao-de-servicos\/","og_site_name":"Bahia Economica","article_publisher":"https:\/\/www.facebook.com\/bahiaeconomica","article_published_time":"2025-09-30T14:00:02+00:00","article_modified_time":"2025-09-30T13:53:40+00:00","og_image":[{"width":984,"height":616,"url":"https:\/\/bahiaeconomica.com.br\/wp\/wp-content\/uploads\/2025\/09\/WhatsApp-Image-2024-12-26-at-09.40.25.jpeg","type":"image\/jpeg"}],"author":"BRUNA CARVALHO","twitter_card":"summary_large_image","twitter_misc":{"Escrito por":"BRUNA CARVALHO","Est. tempo de leitura":"3 minutos"},"schema":{"@context":"https:\/\/schema.org","@graph":[{"@type":"Article","@id":"https:\/\/bahiaeconomica.com.br\/wp\/2025\/09\/30\/prefeitura-de-salvador-abre-licitacoes-bilionarias-para-terceirizacao-de-servicos\/#article","isPartOf":{"@id":"https:\/\/bahiaeconomica.com.br\/wp\/2025\/09\/30\/prefeitura-de-salvador-abre-licitacoes-bilionarias-para-terceirizacao-de-servicos\/"},"author":{"name":"BRUNA CARVALHO","@id":"https:\/\/bahiaeconomica.com.br\/wp\/#\/schema\/person\/9310b0e591f5979f6f99773eac5804e6"},"headline":"PREFEITURA DE SALVADOR ABRE LICITA\u00c7\u00d5ES BILION\u00c1RIAS PARA TERCEIRIZA\u00c7\u00c3O DE SERVI\u00c7OS","datePublished":"2025-09-30T14:00:02+00:00","dateModified":"2025-09-30T13:53:40+00:00","mainEntityOfPage":{"@id":"https:\/\/bahiaeconomica.com.br\/wp\/2025\/09\/30\/prefeitura-de-salvador-abre-licitacoes-bilionarias-para-terceirizacao-de-servicos\/"},"wordCount":489,"publisher":{"@id":"https:\/\/bahiaeconomica.com.br\/wp\/#organization"},"keywords":["bilion\u00e1rio","licitacoes","prefeitua","Salvador","servi\u00e7os","terceirizacao"],"articleSection":["DESTAQUE DO DIA","ECONOMIA \/ POL\u00cdTICA","MUNIC\u00cdPIOS"],"inLanguage":"pt-BR"},{"@type":"WebPage","@id":"https:\/\/bahiaeconomica.com.br\/wp\/2025\/09\/30\/prefeitura-de-salvador-abre-licitacoes-bilionarias-para-terceirizacao-de-servicos\/","url":"https:\/\/bahiaeconomica.com.br\/wp\/2025\/09\/30\/prefeitura-de-salvador-abre-licitacoes-bilionarias-para-terceirizacao-de-servicos\/","name":"PREFEITURA DE SALVADOR ABRE LICITA\u00c7\u00d5ES BILION\u00c1RIAS PARA TERCEIRIZA\u00c7\u00c3O DE SERVI\u00c7OS - Bahia Economica","isPartOf":{"@id":"https:\/\/bahiaeconomica.com.br\/wp\/#website"},"datePublished":"2025-09-30T14:00:02+00:00","dateModified":"2025-09-30T13:53:40+00:00","description":"DESTAQUE DO DIA, ECONOMIA \/ POL\u00cdTICA, MUNIC\u00cdPIOS Bahia Economica Juntos, os editais preveem a contrata\u00e7\u00e3o de 12.136 profissionais","breadcrumb":{"@id":"https:\/\/bahiaeconomica.com.br\/wp\/2025\/09\/30\/prefeitura-de-salvador-abre-licitacoes-bilionarias-para-terceirizacao-de-servicos\/#breadcrumb"},"inLanguage":"pt-BR","potentialAction":[{"@type":"ReadAction","target":["https:\/\/bahiaeconomica.com.br\/wp\/2025\/09\/30\/prefeitura-de-salvador-abre-licitacoes-bilionarias-para-terceirizacao-de-servicos\/"]}]},{"@type":"BreadcrumbList","@id":"https:\/\/bahiaeconomica.com.br\/wp\/2025\/09\/30\/prefeitura-de-salvador-abre-licitacoes-bilionarias-para-terceirizacao-de-servicos\/#breadcrumb","itemListElement":[{"@type":"ListItem","position":1,"name":"In\u00edcio","item":"https:\/\/bahiaeconomica.com.br\/wp\/"},{"@type":"ListItem","position":2,"name":"PREFEITURA DE SALVADOR ABRE LICITA\u00c7\u00d5ES BILION\u00c1RIAS PARA TERCEIRIZA\u00c7\u00c3O DE SERVI\u00c7OS"}]},{"@type":"WebSite","@id":"https:\/\/bahiaeconomica.com.br\/wp\/#website","url":"https:\/\/bahiaeconomica.com.br\/wp\/","name":"Bahia Economica","description":"O maior portal de Economia da Bahia","publisher":{"@id":"https:\/\/bahiaeconomica.com.br\/wp\/#organization"},"potentialAction":[{"@type":"SearchAction","target":{"@type":"EntryPoint","urlTemplate":"https:\/\/bahiaeconomica.com.br\/wp\/?s={search_term_string}"},"query-input":"required name=search_term_string"}],"inLanguage":"pt-BR"},{"@type":"Organization","@id":"https:\/\/bahiaeconomica.com.br\/wp\/#organization","name":"Bahia Econ\u00f4mica","url":"https:\/\/bahiaeconomica.com.br\/wp\/","logo":{"@type":"ImageObject","inLanguage":"pt-BR","@id":"https:\/\/bahiaeconomica.com.br\/wp\/#\/schema\/logo\/image\/","url":"https:\/\/bahiaeconomica.com.br\/wp\/wp-content\/uploads\/2020\/12\/cropped-BE.png","contentUrl":"https:\/\/bahiaeconomica.com.br\/wp\/wp-content\/uploads\/2020\/12\/cropped-BE.png","width":512,"height":512,"caption":"Bahia Econ\u00f4mica"},"image":{"@id":"https:\/\/bahiaeconomica.com.br\/wp\/#\/schema\/logo\/image\/"},"sameAs":["https:\/\/www.facebook.com\/bahiaeconomica"]},{"@type":"Person","@id":"https:\/\/bahiaeconomica.com.br\/wp\/#\/schema\/person\/9310b0e591f5979f6f99773eac5804e6","name":"BRUNA CARVALHO","sameAs":["http:\/\/www.bahiaeconomica.com.br"],"url":"https:\/\/bahiaeconomica.com.br\/wp\/author\/bruna\/"}]}},"views":550,"_links":{"self":[{"href":"https:\/\/bahiaeconomica.com.br\/wp\/wp-json\/wp\/v2\/posts\/939351"}],"collection":[{"href":"https:\/\/bahiaeconomica.com.br\/wp\/wp-json\/wp\/v2\/posts"}],"about":[{"href":"https:\/\/bahiaeconomica.com.br\/wp\/wp-json\/wp\/v2\/types\/post"}],"author":[{"embeddable":true,"href":"https:\/\/bahiaeconomica.com.br\/wp\/wp-json\/wp\/v2\/users\/20"}],"replies":[{"embeddable":true,"href":"https:\/\/bahiaeconomica.com.br\/wp\/wp-json\/wp\/v2\/comments?post=939351"}],"version-history":[{"count":1,"href":"https:\/\/bahiaeconomica.com.br\/wp\/wp-json\/wp\/v2\/posts\/939351\/revisions"}],"predecessor-version":[{"id":939450,"href":"https:\/\/bahiaeconomica.com.br\/wp\/wp-json\/wp\/v2\/posts\/939351\/revisions\/939450"}],"wp:featuredmedia":[{"embeddable":true,"href":"https:\/\/bahiaeconomica.com.br\/wp\/wp-json\/wp\/v2\/media\/939356"}],"wp:attachment":[{"href":"https:\/\/bahiaeconomica.com.br\/wp\/wp-json\/wp\/v2\/media?parent=939351"}],"wp:term":[{"taxonomy":"category","embeddable":true,"href":"https:\/\/bahiaeconomica.com.br\/wp\/wp-json\/wp\/v2\/categories?post=939351"},{"taxonomy":"post_tag","embeddable":true,"href":"https:\/\/bahiaeconomica.com.br\/wp\/wp-json\/wp\/v2\/tags?post=939351"}],"curies":[{"name":"wp","href":"https:\/\/api.w.org\/{rel}","templated":true}]}}